{"id":87799,"date":"2015-01-16T05:37:14","date_gmt":"2015-01-16T04:37:14","guid":{"rendered":"http:\/\/www.visit-ulcinj.com\/blog\/?p=87799"},"modified":"2015-01-16T05:37:14","modified_gmt":"2015-01-16T04:37:14","slug":"charlie-karikature-kleriket-shqiptare-video","status":"publish","type":"post","link":"https:\/\/www.visit-ulcinj.com\/blog\/2015\/01\/16\/charlie-karikature-kleriket-shqiptare-video\/","title":{"rendered":"Charlie, karikatur\u00eb me klerik\u00ebt shqiptar\u00eb &#8211; Video"},"content":{"rendered":"<p><a href=\"http:\/\/www.visit-ulcinj.com\/blog\/wp-content\/uploads\/2015\/01\/Charlie-karikatur\u00eb-me-klerik\u00ebt-shqiptar\u00eb.png\"><img loading=\"lazy\" class=\"alignleft wp-image-87800\" src=\"http:\/\/www.visit-ulcinj.com\/blog\/wp-content\/uploads\/2015\/01\/Charlie-karikatur\u00eb-me-klerik\u00ebt-shqiptar\u00eb.png\" alt=\"Charlie, karikatur\u00eb me klerik\u00ebt shqiptar\u00eb\" width=\"508\" height=\"630\" \/><\/a>Parakalimi krah p\u00ebr krah i 4 klerik\u00ebve shqiptar\u00eb n\u00eb marshin e paqes n\u00eb Paris ka z\u00ebn\u00eb vend n\u00eb brend\u00ebsi t\u00eb numrit t\u00eb k\u00ebsaj jave t\u00eb revist\u00ebs satirike franceze Charlie Hebdo.<\/p>\n<p>K\u00ebtij parakalimi i kushtohet kjo karikatur\u00eb. 4 klerik\u00ebt shqiptar\u00eb mbajn\u00eb mbishkrimin e solidarizimit me viktimat e sulmeit t\u00eb 7 janarit ndaj redaksis\u00eb s\u00eb k\u00ebsaj reviste \u201cJe suis Charlie \u2013 Un\u00eb jam Charlie\u201d. Kjo karikatur\u00eb e k\u00ebndshme shoq\u00ebrohet edhe me di\u00e7itur\u00ebn \u201cMiqt\u00eb e rinj\u201d.<\/p>\n<p>Parakalimi i 4 klerik\u00ebve, pjes\u00eb e delegacionit shqiptar n\u00eb marshin e paqes s\u00eb Parisit, ku mor\u00ebn pjes\u00eb 1.5 milion njer\u00ebz dhe 50 lider\u00eb bot\u00ebror\u00eb u duartrokit nga t\u00eb pranishmit.<\/p>\n<p>Karikatura \u00ebsht\u00eb b\u00ebr\u00eb pjes\u00eb e t\u00eb njejtit fashikull t\u00eb revist\u00ebs satirike, ku n\u00eb faqe t\u00eb par\u00eb \u00ebsht\u00eb vendosur s\u00ebrish nj\u00eb karikatur\u00eb e profetit Muhamed.<\/p>\n<p>P\u00ebr karikaturat ndaj profetit Muhamed reagoi edhe Papa Fran\u00e7esku. K\u00ebt\u00eb e b\u00ebri n\u00eb nj\u00eb konferenc\u00eb p\u00ebr shtyp n\u00eb avion p\u00ebrpara gazetar\u00ebve, teksa po fluturonte drejt Filipineve.<\/p>\n<p><strong>Papa Fran\u00e7esku:<\/strong><strong>\u00a0<\/strong><em>\u201cFeja nuk mund t\u00eb vras\u00eb kurr\u00eb, kjo nuk mund t\u00eb b\u00ebhet n\u00eb em\u00ebr t\u00eb Zotit. Por gjithashtu nuk mund t\u00eb provokohet dhe nuk mund t\u00eb tallet feja e dikujt tjet\u00ebr. Nuk \u00ebsht\u00eb mir\u00eb\u201d.<\/em><\/p>\n<p>Kreu i Vatikanit ndodhet n\u00eb nj\u00eb tur n\u00eb Azi. N\u00eb kryeqytetin filipinas Manila, ai mb\u00ebrriti pas nj\u00eb vizite n\u00eb Sri Lanka.<\/p>\n<p>Tv Klan<\/p>\n<!--YouTube Error: bad URL entered-->\n","protected":false},"excerpt":{"rendered":"<p>Parakalimi krah p\u00ebr krah i 4 klerik\u00ebve shqiptar\u00eb n\u00eb marshin e paqes n\u00eb Paris ka z\u00ebn\u00eb vend n\u00eb brend\u00ebsi t\u00eb numrit t\u00eb k\u00ebsaj jave t\u00eb revist\u00ebs satirike franceze Charlie Hebdo. K\u00ebtij parakalimi i kushtohet kjo karikatur\u00eb. 4 klerik\u00ebt shqiptar\u00eb mbajn\u00eb mbishkrimin e solidarizimit me viktimat e sulmeit t\u00eb 7 janarit ndaj redaksis\u00eb s\u00eb k\u00ebsaj reviste [&hellip;]<\/p>\n","protected":false},"author":1,"featured_media":0,"comment_status":"closed","ping_status":"closed","sticky":false,"template":"","format":"standard","meta":{"spay_email":"","jetpack_publicize_message":"","jetpack_is_tweetstorm":false,"jetpack_publicize_feature_enabled":true},"categories":[6950],"tags":[],"jetpack_publicize_connections":[],"yoast_head":"<!-- This site is optimized with the Yoast SEO plugin v19.1 - https:\/\/yoast.com\/wordpress\/plugins\/seo\/ -->\n<title>Charlie, karikatur\u00eb me klerik\u00ebt shqiptar\u00eb - Video - Lajme nga Ulqini<\/title>\n<meta name=\"description\" content=\"Parakalimi krah p\u00ebr krah i 4 klerik\u00ebve shqiptar\u00eb n\u00eb marshin e paqes n\u00eb Paris ka z\u00ebn\u00eb vend n\u00eb brend\u00ebsi t\u00eb numrit t\u00eb k\u00ebsaj jave t\u00eb revist\u00ebs satirike\" \/>\n<meta name=\"robots\" content=\"index, follow, max-snippet:-1, max-image-preview:large, max-video-preview:-1\" \/>\n<link rel=\"canonical\" href=\"https:\/\/www.visit-ulcinj.com\/blog\/2015\/01\/16\/charlie-karikature-kleriket-shqiptare-video\/\" \/>\n<meta property=\"og:locale\" content=\"en_US\" \/>\n<meta property=\"og:type\" content=\"article\" \/>\n<meta property=\"og:title\" content=\"Charlie, karikatur\u00eb me klerik\u00ebt shqiptar\u00eb - Video - Lajme nga Ulqini\" \/>\n<meta property=\"og:description\" content=\"Parakalimi krah p\u00ebr krah i 4 klerik\u00ebve shqiptar\u00eb n\u00eb marshin e paqes n\u00eb Paris ka z\u00ebn\u00eb vend n\u00eb brend\u00ebsi t\u00eb numrit t\u00eb k\u00ebsaj jave t\u00eb revist\u00ebs satirike\" \/>\n<meta property=\"og:url\" content=\"https:\/\/www.visit-ulcinj.com\/blog\/2015\/01\/16\/charlie-karikature-kleriket-shqiptare-video\/\" \/>\n<meta property=\"og:site_name\" content=\"Lajme nga Ulqini\" \/>\n<meta property=\"article:published_time\" content=\"2015-01-16T04:37:14+00:00\" \/>\n<meta name=\"twitter:label1\" content=\"Written by\" \/>\n\t<meta name=\"twitter:data1\" content=\"ulqini\" \/>\n\t<meta name=\"twitter:label2\" content=\"Est. reading time\" \/>\n\t<meta name=\"twitter:data2\" content=\"1 minute\" \/>\n<script type=\"application\/ld+json\" class=\"yoast-schema-graph\">{\"@context\":\"https:\/\/schema.org\",\"@graph\":[{\"@type\":\"WebSite\",\"@id\":\"https:\/\/www.visit-ulcinj.com\/blog\/#website\",\"url\":\"https:\/\/www.visit-ulcinj.com\/blog\/\",\"name\":\"Lajme nga Ulqini\",\"description\":\"Lajme,Vijesti,Ulqini,Ulqin,Crna Gora,Mali i Zi\",\"potentialAction\":[{\"@type\":\"SearchAction\",\"target\":{\"@type\":\"EntryPoint\",\"urlTemplate\":\"https:\/\/www.visit-ulcinj.com\/blog\/?s={search_term_string}\"},\"query-input\":\"required name=search_term_string\"}],\"inLanguage\":\"en-US\"},{\"@type\":\"WebPage\",\"@id\":\"https:\/\/www.visit-ulcinj.com\/blog\/2015\/01\/16\/charlie-karikature-kleriket-shqiptare-video\/#webpage\",\"url\":\"https:\/\/www.visit-ulcinj.com\/blog\/2015\/01\/16\/charlie-karikature-kleriket-shqiptare-video\/\",\"name\":\"Charlie, karikatur\u00eb me klerik\u00ebt shqiptar\u00eb - Video - Lajme nga Ulqini\",\"isPartOf\":{\"@id\":\"https:\/\/www.visit-ulcinj.com\/blog\/#website\"},\"datePublished\":\"2015-01-16T04:37:14+00:00\",\"dateModified\":\"2015-01-16T04:37:14+00:00\",\"author\":{\"@id\":\"https:\/\/www.visit-ulcinj.com\/blog\/#\/schema\/person\/dcab619c614d3038751c63bc2aadc06d\"},\"description\":\"Parakalimi krah p\u00ebr krah i 4 klerik\u00ebve shqiptar\u00eb n\u00eb marshin e paqes n\u00eb Paris ka z\u00ebn\u00eb vend n\u00eb brend\u00ebsi t\u00eb numrit t\u00eb k\u00ebsaj jave t\u00eb revist\u00ebs satirike\",\"breadcrumb\":{\"@id\":\"https:\/\/www.visit-ulcinj.com\/blog\/2015\/01\/16\/charlie-karikature-kleriket-shqiptare-video\/#breadcrumb\"},\"inLanguage\":\"en-US\",\"potentialAction\":[{\"@type\":\"ReadAction\",\"target\":[\"https:\/\/www.visit-ulcinj.com\/blog\/2015\/01\/16\/charlie-karikature-kleriket-shqiptare-video\/\"]}]},{\"@type\":\"BreadcrumbList\",\"@id\":\"https:\/\/www.visit-ulcinj.com\/blog\/2015\/01\/16\/charlie-karikature-kleriket-shqiptare-video\/#breadcrumb\",\"itemListElement\":[{\"@type\":\"ListItem\",\"position\":1,\"name\":\"Charlie, karikatur\u00eb me klerik\u00ebt shqiptar\u00eb &#8211; Video\"}]},{\"@type\":\"Person\",\"@id\":\"https:\/\/www.visit-ulcinj.com\/blog\/#\/schema\/person\/dcab619c614d3038751c63bc2aadc06d\",\"name\":\"ulqini\",\"sameAs\":[\"http:\/\/www.visit-ulcinj.com\"],\"url\":\"https:\/\/www.visit-ulcinj.com\/blog\/author\/admin\/\"}]}<\/script>\n<!-- \/ Yoast SEO plugin. -->","yoast_head_json":{"title":"Charlie, karikatur\u00eb me klerik\u00ebt shqiptar\u00eb - Video - Lajme nga Ulqini","description":"Parakalimi krah p\u00ebr krah i 4 klerik\u00ebve shqiptar\u00eb n\u00eb marshin e paqes n\u00eb Paris ka z\u00ebn\u00eb vend n\u00eb brend\u00ebsi t\u00eb numrit t\u00eb k\u00ebsaj jave t\u00eb revist\u00ebs satirike","robots":{"index":"index","follow":"follow","max-snippet":"max-snippet:-1","max-image-preview":"max-image-preview:large","max-video-preview":"max-video-preview:-1"},"canonical":"https:\/\/www.visit-ulcinj.com\/blog\/2015\/01\/16\/charlie-karikature-kleriket-shqiptare-video\/","og_locale":"en_US","og_type":"article","og_title":"Charlie, karikatur\u00eb me klerik\u00ebt shqiptar\u00eb - Video - Lajme nga Ulqini","og_description":"Parakalimi krah p\u00ebr krah i 4 klerik\u00ebve shqiptar\u00eb n\u00eb marshin e paqes n\u00eb Paris ka z\u00ebn\u00eb vend n\u00eb brend\u00ebsi t\u00eb numrit t\u00eb k\u00ebsaj jave t\u00eb revist\u00ebs satirike","og_url":"https:\/\/www.visit-ulcinj.com\/blog\/2015\/01\/16\/charlie-karikature-kleriket-shqiptare-video\/","og_site_name":"Lajme nga Ulqini","article_published_time":"2015-01-16T04:37:14+00:00","twitter_misc":{"Written by":"ulqini","Est. reading time":"1 minute"},"schema":{"@context":"https:\/\/schema.org","@graph":[{"@type":"WebSite","@id":"https:\/\/www.visit-ulcinj.com\/blog\/#website","url":"https:\/\/www.visit-ulcinj.com\/blog\/","name":"Lajme nga Ulqini","description":"Lajme,Vijesti,Ulqini,Ulqin,Crna Gora,Mali i Zi","potentialAction":[{"@type":"SearchAction","target":{"@type":"EntryPoint","urlTemplate":"https:\/\/www.visit-ulcinj.com\/blog\/?s={search_term_string}"},"query-input":"required name=search_term_string"}],"inLanguage":"en-US"},{"@type":"WebPage","@id":"https:\/\/www.visit-ulcinj.com\/blog\/2015\/01\/16\/charlie-karikature-kleriket-shqiptare-video\/#webpage","url":"https:\/\/www.visit-ulcinj.com\/blog\/2015\/01\/16\/charlie-karikature-kleriket-shqiptare-video\/","name":"Charlie, karikatur\u00eb me klerik\u00ebt shqiptar\u00eb - Video - Lajme nga Ulqini","isPartOf":{"@id":"https:\/\/www.visit-ulcinj.com\/blog\/#website"},"datePublished":"2015-01-16T04:37:14+00:00","dateModified":"2015-01-16T04:37:14+00:00","author":{"@id":"https:\/\/www.visit-ulcinj.com\/blog\/#\/schema\/person\/dcab619c614d3038751c63bc2aadc06d"},"description":"Parakalimi krah p\u00ebr krah i 4 klerik\u00ebve shqiptar\u00eb n\u00eb marshin e paqes n\u00eb Paris ka z\u00ebn\u00eb vend n\u00eb brend\u00ebsi t\u00eb numrit t\u00eb k\u00ebsaj jave t\u00eb revist\u00ebs satirike","breadcrumb":{"@id":"https:\/\/www.visit-ulcinj.com\/blog\/2015\/01\/16\/charlie-karikature-kleriket-shqiptare-video\/#breadcrumb"},"inLanguage":"en-US","potentialAction":[{"@type":"ReadAction","target":["https:\/\/www.visit-ulcinj.com\/blog\/2015\/01\/16\/charlie-karikature-kleriket-shqiptare-video\/"]}]},{"@type":"BreadcrumbList","@id":"https:\/\/www.visit-ulcinj.com\/blog\/2015\/01\/16\/charlie-karikature-kleriket-shqiptare-video\/#breadcrumb","itemListElement":[{"@type":"ListItem","position":1,"name":"Charlie, karikatur\u00eb me klerik\u00ebt shqiptar\u00eb &#8211; Video"}]},{"@type":"Person","@id":"https:\/\/www.visit-ulcinj.com\/blog\/#\/schema\/person\/dcab619c614d3038751c63bc2aadc06d","name":"ulqini","sameAs":["http:\/\/www.visit-ulcinj.com"],"url":"https:\/\/www.visit-ulcinj.com\/blog\/author\/admin\/"}]}},"jetpack_featured_media_url":"","jetpack_sharing_enabled":true,"jetpack_shortlink":"https:\/\/wp.me\/pe6lTn-mQ7","_links":{"self":[{"href":"https:\/\/www.visit-ulcinj.com\/blog\/wp-json\/wp\/v2\/posts\/87799"}],"collection":[{"href":"https:\/\/www.visit-ulcinj.com\/blog\/wp-json\/wp\/v2\/posts"}],"about":[{"href":"https:\/\/www.visit-ulcinj.com\/blog\/wp-json\/wp\/v2\/types\/post"}],"author":[{"embeddable":true,"href":"https:\/\/www.visit-ulcinj.com\/blog\/wp-json\/wp\/v2\/users\/1"}],"replies":[{"embeddable":true,"href":"https:\/\/www.visit-ulcinj.com\/blog\/wp-json\/wp\/v2\/comments?post=87799"}],"version-history":[{"count":1,"href":"https:\/\/www.visit-ulcinj.com\/blog\/wp-json\/wp\/v2\/posts\/87799\/revisions"}],"predecessor-version":[{"id":87801,"href":"https:\/\/www.visit-ulcinj.com\/blog\/wp-json\/wp\/v2\/posts\/87799\/revisions\/87801"}],"wp:attachment":[{"href":"https:\/\/www.visit-ulcinj.com\/blog\/wp-json\/wp\/v2\/media?parent=87799"}],"wp:term":[{"taxonomy":"category","embeddable":true,"href":"https:\/\/www.visit-ulcinj.com\/blog\/wp-json\/wp\/v2\/categories?post=87799"},{"taxonomy":"post_tag","embeddable":true,"href":"https:\/\/www.visit-ulcinj.com\/blog\/wp-json\/wp\/v2\/tags?post=87799"}],"curies":[{"name":"wp","href":"https:\/\/api.w.org\/{rel}","templated":true}]}}