{"id":878,"date":"2008-03-12T13:59:54","date_gmt":"2008-03-12T18:59:54","guid":{"rendered":"http:\/\/www.visit-ulcinj.com\/blog\/2008\/03\/12\/protekla-turisticka-sezona-slabija-od-najbolje-u-istoriji-crne-gore-za-cetiri-miliona-nocenja\/"},"modified":"2008-11-25T16:24:42","modified_gmt":"2008-11-25T15:24:42","slug":"protekla-turisticka-sezona-slabija-od-najbolje-u-istoriji-crne-gore-za-cetiri-miliona-nocenja","status":"publish","type":"post","link":"https:\/\/www.visit-ulcinj.com\/blog\/2008\/03\/12\/protekla-turisticka-sezona-slabija-od-najbolje-u-istoriji-crne-gore-za-cetiri-miliona-nocenja\/","title":{"rendered":"Protekla turisti?ka sezona slabija od najbolje u istoriji Crne Gore za  ?etiri miliona no?enja"},"content":{"rendered":"<p><a title=\"Nenezic\" rel=\"lightbox[pics-1205346778]\" href=\"http:\/\/www.visit-ulcinj.com\/blog\/wp-content\/uploads\/2008\/03\/nenezic.jpg\"><img loading=\"lazy\" src=\"http:\/\/www.visit-ulcinj.com\/blog\/wp-content\/uploads\/2008\/03\/nenezic.thumbnail.jpg\" alt=\"Nenezic\" width=\"199\" height=\"200\" align=\"left\" \/><\/a><strong>Nenezi? obmanjuje javnost<\/strong><br \/>\nInformacija Ministarstva turizma da je 2007. godina najbolja turisti?ka godina u istoriji Crne Gore, klasi?no je obmanjivanje javnosti, izjavio je ju?e ?lan Odbora za turizam Privredne komore i vlasnik budvanske komapnije \u201eEkskluziv turs Vuka\u0161in ?ulafi?. On je, na prvoj sjednici tog tijela odr\u017eanoj ju?e u \u201e<a title=\"Ulcinj-ulqini-ulqin,montenegro\" href=\"http:\/\/www.visit-ulcinj.com\/gallery\/main.php\" target=\"_blank\">Dvorima Bal\u0161i?a<\/a>\u201e u <a title=\"Ulcinj-ulqini-ulqin,montenegro\" href=\"http:\/\/www.visit-ulcinj.com\/gallery\/main.php\" target=\"_blank\">ulcinjskom Starom gradu<\/a>, istakao da podaci o rekordnoj turisti?koj sezoni, koje je objavio ministar turizma Predrag Nenezi?, \u201eapsolutno nijesu ta?ni.<\/p>\n<p>Privrednici ne mogu da obmanjuju ljude. Politi?ari se moraju udvarati narodu, ali mi ne. Prema statistici iz 1987. i 1989. godine ostvareno je oko 11, odnosno 9,5 milona no?enja. Pro\u0161le godine, najbolje od rata, bilo je 7,29 miliona no?enja, \u0161to je dokaz da su ocjene Ministarstva pau\u0161alne &#8211; naveo je ?ulafi?.<\/p>\n<p>Uporedna baza je bitna, rekao je on, i ko tvrdi da je turisti?ki promet pove?ao ya 70 odsto prakti?no priznaje da je prethodne godine bio prazan.<br \/>\n&#8211; Nema sumnje da je 2007. godina bila uspje\u0161na i niko ne spori da turizam konstantno raste u posljednjih sedam godina. Radova?u se kao malo dijete ako se taj trend nastavi i makar za tri no?enja prema\u0161imo rekord iz 1987. godine &#8211; rekao je ?ulafi?, koji je svojevremeno bio direktor Turisti?ke organizacije SFRJ.<br \/>\nPredsjednik Odbora Branko Vukmanovi? i ste?ajni upravnik HTP \u201e<a title=\"Ulcinj-ulqini-ulqin,montenegro\" href=\"http:\/\/www.visit-ulcinj.com\/gallery\/main.php\" target=\"_blank\">Ulcinjska rivijera<\/a> Miomir Jak\u0161i? poku\u0161ali su je da ubla\u017ee ?ulafi?eve ocjene isti?u?i da je evidentan rast turisti?ke privrede od 2000. godine.<br \/>\n\u2013 Iz godine u godinu bilje\u017eimo rast turisti?ke posjete i do 23 procenta. To treba da nas sve raduje &#8211; kazao je Jak\u0161i?.<br \/>\nVukmanovi? je upozorio da se u obzir se mora uzeti i siva ekonomija.<a title=\"Mala plaza_ulcinj\" rel=\"lightbox[pics-1205346778]\" href=\"http:\/\/www.visit-ulcinj.com\/blog\/wp-content\/uploads\/2008\/03\/114923951_6c4316ea2b_b.jpg\"><img loading=\"lazy\" src=\"http:\/\/www.visit-ulcinj.com\/blog\/wp-content\/uploads\/2008\/03\/114923951_6c4316ea2b_b.thumbnail.jpg\" alt=\"Mala plaza_ulcinj\" width=\"200\" height=\"150\" align=\"right\" \/><\/a><br \/>\n&#8211; Zamislite koliko je bilo neregistrovanih, ako je preko sedam miliona registrovanih no?enja &#8211; rekao je Vukmanovi?.<br \/>\nOdbor je ocijenio da ?e predvi?ene intervencije na saobra?ajnicama, vodovodnoj, kanalizacionoj, elektromre\u017ei i javnoj ?isto?i doprinijeti pobolj\u0161anju kvaliteta turisti?ke ponude. Sjednici su prisustvovali i Gano Resulbegovi?, vlasnik \u201e<a title=\"Ulcinj-ulqini-ulqin,montenegro\" href=\"http:\/\/www.visit-ulcinj.com\/gallery\/main.php\" target=\"_blank\">Dvora Bal\u0161i?a<\/a>, Nada \u0160argin, komercijalni direktor \u201eMontenegroekspresa?, ?lan uprave kotorskog &#8220;Montenegro starsa, Radovan Radoman, Nikola Mitrovi? iz \u201eHita Montenegro, Dragan Milo\u0161evi? iz \u201eVektra \u2013 Boke i Mitar Jaukovi? iz JP Nacionalni parkovi.<\/p>\n<p>M.K.<\/p>\n<p><a title=\"Miomir Jak\u0161i?\" rel=\"lightbox[pics-1205346778]\" href=\"http:\/\/www.visit-ulcinj.com\/blog\/wp-content\/uploads\/2008\/03\/miomir-jaksic-2.jpg\"><img loading=\"lazy\" src=\"http:\/\/www.visit-ulcinj.com\/blog\/wp-content\/uploads\/2008\/03\/miomir-jaksic-2.thumbnail.jpg\" alt=\"Miomir Jak\u0161i?\" width=\"200\" height=\"160\" align=\"left\" \/><\/a><strong>U <a title=\"Ulcinj-ulqini-ulqin,montenegro\" href=\"http:\/\/www.visit-ulcinj.com\/gallery\/main.php\" target=\"_blank\">Ulcinju<\/a> se ni\u0161ta ne radi<\/strong><br \/>\nJak\u0161i? je upoyorio da je u Crnoj Gori dostignut nivo gostiju koji infrastruktura mo\u017ee da podnese.<br \/>\n&#8211; Sre?a je \u0161to se to na vrijeme shvatilo i intenzivnoo se rje\u0161ava u cijeloj dr\u017eavi. Tragi?no je \u0161to se jedino u <a title=\"Ulcinj-ulqini-ulqin,montenegro\" href=\"http:\/\/www.visit-ulcinj.com\/gallery\/main.php\" target=\"_blank\">Ulcinju<\/a> ni\u0161ta ne radi i nema ga u akcionom planu &#8211; rekao je Jak\u0161i?.<br \/>\nUpozorio je da dr\u017eava ne reaguje an sivu ekonomiju i naveo da je lani u <a title=\"Ulcinj-ulqini-ulqin,montenegro\" href=\"http:\/\/www.visit-ulcinj.com\/gallery\/main.php\" target=\"_blank\">Ulcinju<\/a> bilo 2,5 miliona no?enja, a prijavljeno manje od tre?ine.<\/p>\n<p><strong>Njemci zaobilaze tivatski aerodrom<\/strong><a title=\"Dubrovnik_Airport\" rel=\"lightbox[pics-1205346778]\" href=\"http:\/\/www.visit-ulcinj.com\/blog\/wp-content\/uploads\/2008\/03\/dubrovnik_airport.jpg\"><img loading=\"lazy\" src=\"http:\/\/www.visit-ulcinj.com\/blog\/wp-content\/uploads\/2008\/03\/dubrovnik_airport.thumbnail.jpg\" alt=\"Dubrovnik_Airport\" width=\"200\" height=\"133\" align=\"right\" \/><\/a><br \/>\n?ulafi? je apelovao na premijera Mila ?ukanovi?a da preduzme potrebne mjere kako bi gosti iy Njema?ke slijetali na tivatski aerodrom.<br \/>\n&#8211; Nekad je 40 aviona iz Njema?ke slijetalo na taj aerodrom, pro\u0161le godine svega nekopliko, a ove ne?e biti nijednog. Katalozi su objavljeni i nas nema u 2008. godini &#8211; ugovorio je ?ulafi?, isti?u?i da ne treba o?ekivati da ?e gosti pristati da sa Dubrova?kog aerodroma tri sata putuju do Budve i \u0161est do <a title=\"Ulcinj-ulqini-ulqin,montenegro\" href=\"http:\/\/www.visit-ulcinj.com\/gallery\/main.php\" target=\"_blank\">Ulcinja<\/a>.<\/p>\n<p>www.dan.cg.yu\/<\/p>\n","protected":false},"excerpt":{"rendered":"<p><img loading=\"lazy\" src=\"http:\/\/www.visit-ulcinj.com\/blog\/wp-content\/uploads\/2008\/03\/nenezic.thumbnail.jpg\" alt=\"Nenezic\" align=\"left\" height=\"140\" width=\"140\" \/><\/p>\n","protected":false},"author":1,"featured_media":0,"comment_status":"open","ping_status":"closed","sticky":false,"template":"","format":"standard","meta":{"spay_email":"","jetpack_publicize_message":"","jetpack_is_tweetstorm":false,"jetpack_publicize_feature_enabled":true},"categories":[15],"tags":[2178,2180,2176,2177,251,2179,2174,2175,2173],"jetpack_publicize_connections":[],"yoast_head":"<!-- This site is optimized with the Yoast SEO plugin v19.1 - https:\/\/yoast.com\/wordpress\/plugins\/seo\/ -->\n<title>Protekla turisti?ka sezona slabija od najbolje u istoriji Crne Gore za ?etiri miliona no?enja - Lajme nga Ulqini<\/title>\n<meta name=\"robots\" content=\"index, follow, max-snippet:-1, max-image-preview:large, max-video-preview:-1\" \/>\n<link rel=\"canonical\" href=\"https:\/\/www.visit-ulcinj.com\/blog\/2008\/03\/12\/protekla-turisticka-sezona-slabija-od-najbolje-u-istoriji-crne-gore-za-cetiri-miliona-nocenja\/\" \/>\n<meta property=\"og:locale\" content=\"en_US\" \/>\n<meta property=\"og:type\" content=\"article\" \/>\n<meta property=\"og:title\" content=\"Protekla turisti?ka sezona slabija od najbolje u istoriji Crne Gore za ?etiri miliona no?enja - Lajme nga Ulqini\" \/>\n<meta property=\"og:url\" content=\"https:\/\/www.visit-ulcinj.com\/blog\/2008\/03\/12\/protekla-turisticka-sezona-slabija-od-najbolje-u-istoriji-crne-gore-za-cetiri-miliona-nocenja\/\" \/>\n<meta property=\"og:site_name\" content=\"Lajme nga Ulqini\" \/>\n<meta property=\"article:published_time\" content=\"2008-03-12T18:59:54+00:00\" \/>\n<meta property=\"article:modified_time\" content=\"2008-11-25T15:24:42+00:00\" \/>\n<meta property=\"og:image\" content=\"http:\/\/www.visit-ulcinj.com\/blog\/wp-content\/uploads\/2008\/03\/nenezic.thumbnail.jpg\" \/>\n<meta name=\"twitter:label1\" content=\"Written by\" \/>\n\t<meta name=\"twitter:data1\" content=\"ulqini\" \/>\n\t<meta name=\"twitter:label2\" content=\"Est. reading time\" \/>\n\t<meta name=\"twitter:data2\" content=\"3 minutes\" \/>\n<script type=\"application\/ld+json\" class=\"yoast-schema-graph\">{\"@context\":\"https:\/\/schema.org\",\"@graph\":[{\"@type\":\"WebSite\",\"@id\":\"https:\/\/www.visit-ulcinj.com\/blog\/#website\",\"url\":\"https:\/\/www.visit-ulcinj.com\/blog\/\",\"name\":\"Lajme nga Ulqini\",\"description\":\"Lajme,Vijesti,Ulqini,Ulqin,Crna Gora,Mali i Zi\",\"potentialAction\":[{\"@type\":\"SearchAction\",\"target\":{\"@type\":\"EntryPoint\",\"urlTemplate\":\"https:\/\/www.visit-ulcinj.com\/blog\/?s={search_term_string}\"},\"query-input\":\"required name=search_term_string\"}],\"inLanguage\":\"en-US\"},{\"@type\":\"ImageObject\",\"inLanguage\":\"en-US\",\"@id\":\"https:\/\/www.visit-ulcinj.com\/blog\/2008\/03\/12\/protekla-turisticka-sezona-slabija-od-najbolje-u-istoriji-crne-gore-za-cetiri-miliona-nocenja\/#primaryimage\",\"url\":\"http:\/\/www.visit-ulcinj.com\/blog\/wp-content\/uploads\/2008\/03\/nenezic.thumbnail.jpg\",\"contentUrl\":\"http:\/\/www.visit-ulcinj.com\/blog\/wp-content\/uploads\/2008\/03\/nenezic.thumbnail.jpg\"},{\"@type\":\"WebPage\",\"@id\":\"https:\/\/www.visit-ulcinj.com\/blog\/2008\/03\/12\/protekla-turisticka-sezona-slabija-od-najbolje-u-istoriji-crne-gore-za-cetiri-miliona-nocenja\/#webpage\",\"url\":\"https:\/\/www.visit-ulcinj.com\/blog\/2008\/03\/12\/protekla-turisticka-sezona-slabija-od-najbolje-u-istoriji-crne-gore-za-cetiri-miliona-nocenja\/\",\"name\":\"Protekla turisti?ka sezona slabija od najbolje u istoriji Crne Gore za ?etiri miliona no?enja - Lajme nga Ulqini\",\"isPartOf\":{\"@id\":\"https:\/\/www.visit-ulcinj.com\/blog\/#website\"},\"primaryImageOfPage\":{\"@id\":\"https:\/\/www.visit-ulcinj.com\/blog\/2008\/03\/12\/protekla-turisticka-sezona-slabija-od-najbolje-u-istoriji-crne-gore-za-cetiri-miliona-nocenja\/#primaryimage\"},\"datePublished\":\"2008-03-12T18:59:54+00:00\",\"dateModified\":\"2008-11-25T15:24:42+00:00\",\"author\":{\"@id\":\"https:\/\/www.visit-ulcinj.com\/blog\/#\/schema\/person\/dcab619c614d3038751c63bc2aadc06d\"},\"breadcrumb\":{\"@id\":\"https:\/\/www.visit-ulcinj.com\/blog\/2008\/03\/12\/protekla-turisticka-sezona-slabija-od-najbolje-u-istoriji-crne-gore-za-cetiri-miliona-nocenja\/#breadcrumb\"},\"inLanguage\":\"en-US\",\"potentialAction\":[{\"@type\":\"ReadAction\",\"target\":[\"https:\/\/www.visit-ulcinj.com\/blog\/2008\/03\/12\/protekla-turisticka-sezona-slabija-od-najbolje-u-istoriji-crne-gore-za-cetiri-miliona-nocenja\/\"]}]},{\"@type\":\"BreadcrumbList\",\"@id\":\"https:\/\/www.visit-ulcinj.com\/blog\/2008\/03\/12\/protekla-turisticka-sezona-slabija-od-najbolje-u-istoriji-crne-gore-za-cetiri-miliona-nocenja\/#breadcrumb\",\"itemListElement\":[{\"@type\":\"ListItem\",\"position\":1,\"name\":\"Protekla turisti?ka sezona slabija od najbolje u istoriji Crne Gore za ?etiri miliona no?enja\"}]},{\"@type\":\"Person\",\"@id\":\"https:\/\/www.visit-ulcinj.com\/blog\/#\/schema\/person\/dcab619c614d3038751c63bc2aadc06d\",\"name\":\"ulqini\",\"sameAs\":[\"http:\/\/www.visit-ulcinj.com\"],\"url\":\"https:\/\/www.visit-ulcinj.com\/blog\/author\/admin\/\"}]}<\/script>\n<!-- \/ Yoast SEO plugin. -->","yoast_head_json":{"title":"Protekla turisti?ka sezona slabija od najbolje u istoriji Crne Gore za ?etiri miliona no?enja - Lajme nga Ulqini","robots":{"index":"index","follow":"follow","max-snippet":"max-snippet:-1","max-image-preview":"max-image-preview:large","max-video-preview":"max-video-preview:-1"},"canonical":"https:\/\/www.visit-ulcinj.com\/blog\/2008\/03\/12\/protekla-turisticka-sezona-slabija-od-najbolje-u-istoriji-crne-gore-za-cetiri-miliona-nocenja\/","og_locale":"en_US","og_type":"article","og_title":"Protekla turisti?ka sezona slabija od najbolje u istoriji Crne Gore za ?etiri miliona no?enja - Lajme nga Ulqini","og_url":"https:\/\/www.visit-ulcinj.com\/blog\/2008\/03\/12\/protekla-turisticka-sezona-slabija-od-najbolje-u-istoriji-crne-gore-za-cetiri-miliona-nocenja\/","og_site_name":"Lajme nga Ulqini","article_published_time":"2008-03-12T18:59:54+00:00","article_modified_time":"2008-11-25T15:24:42+00:00","og_image":[{"url":"http:\/\/www.visit-ulcinj.com\/blog\/wp-content\/uploads\/2008\/03\/nenezic.thumbnail.jpg"}],"twitter_misc":{"Written by":"ulqini","Est. reading time":"3 minutes"},"schema":{"@context":"https:\/\/schema.org","@graph":[{"@type":"WebSite","@id":"https:\/\/www.visit-ulcinj.com\/blog\/#website","url":"https:\/\/www.visit-ulcinj.com\/blog\/","name":"Lajme nga Ulqini","description":"Lajme,Vijesti,Ulqini,Ulqin,Crna Gora,Mali i Zi","potentialAction":[{"@type":"SearchAction","target":{"@type":"EntryPoint","urlTemplate":"https:\/\/www.visit-ulcinj.com\/blog\/?s={search_term_string}"},"query-input":"required name=search_term_string"}],"inLanguage":"en-US"},{"@type":"ImageObject","inLanguage":"en-US","@id":"https:\/\/www.visit-ulcinj.com\/blog\/2008\/03\/12\/protekla-turisticka-sezona-slabija-od-najbolje-u-istoriji-crne-gore-za-cetiri-miliona-nocenja\/#primaryimage","url":"http:\/\/www.visit-ulcinj.com\/blog\/wp-content\/uploads\/2008\/03\/nenezic.thumbnail.jpg","contentUrl":"http:\/\/www.visit-ulcinj.com\/blog\/wp-content\/uploads\/2008\/03\/nenezic.thumbnail.jpg"},{"@type":"WebPage","@id":"https:\/\/www.visit-ulcinj.com\/blog\/2008\/03\/12\/protekla-turisticka-sezona-slabija-od-najbolje-u-istoriji-crne-gore-za-cetiri-miliona-nocenja\/#webpage","url":"https:\/\/www.visit-ulcinj.com\/blog\/2008\/03\/12\/protekla-turisticka-sezona-slabija-od-najbolje-u-istoriji-crne-gore-za-cetiri-miliona-nocenja\/","name":"Protekla turisti?ka sezona slabija od najbolje u istoriji Crne Gore za ?etiri miliona no?enja - Lajme nga Ulqini","isPartOf":{"@id":"https:\/\/www.visit-ulcinj.com\/blog\/#website"},"primaryImageOfPage":{"@id":"https:\/\/www.visit-ulcinj.com\/blog\/2008\/03\/12\/protekla-turisticka-sezona-slabija-od-najbolje-u-istoriji-crne-gore-za-cetiri-miliona-nocenja\/#primaryimage"},"datePublished":"2008-03-12T18:59:54+00:00","dateModified":"2008-11-25T15:24:42+00:00","author":{"@id":"https:\/\/www.visit-ulcinj.com\/blog\/#\/schema\/person\/dcab619c614d3038751c63bc2aadc06d"},"breadcrumb":{"@id":"https:\/\/www.visit-ulcinj.com\/blog\/2008\/03\/12\/protekla-turisticka-sezona-slabija-od-najbolje-u-istoriji-crne-gore-za-cetiri-miliona-nocenja\/#breadcrumb"},"inLanguage":"en-US","potentialAction":[{"@type":"ReadAction","target":["https:\/\/www.visit-ulcinj.com\/blog\/2008\/03\/12\/protekla-turisticka-sezona-slabija-od-najbolje-u-istoriji-crne-gore-za-cetiri-miliona-nocenja\/"]}]},{"@type":"BreadcrumbList","@id":"https:\/\/www.visit-ulcinj.com\/blog\/2008\/03\/12\/protekla-turisticka-sezona-slabija-od-najbolje-u-istoriji-crne-gore-za-cetiri-miliona-nocenja\/#breadcrumb","itemListElement":[{"@type":"ListItem","position":1,"name":"Protekla turisti?ka sezona slabija od najbolje u istoriji Crne Gore za ?etiri miliona no?enja"}]},{"@type":"Person","@id":"https:\/\/www.visit-ulcinj.com\/blog\/#\/schema\/person\/dcab619c614d3038751c63bc2aadc06d","name":"ulqini","sameAs":["http:\/\/www.visit-ulcinj.com"],"url":"https:\/\/www.visit-ulcinj.com\/blog\/author\/admin\/"}]}},"jetpack_featured_media_url":"","jetpack_sharing_enabled":true,"jetpack_shortlink":"https:\/\/wp.me\/pe6lTn-ea","_links":{"self":[{"href":"https:\/\/www.visit-ulcinj.com\/blog\/wp-json\/wp\/v2\/posts\/878"}],"collection":[{"href":"https:\/\/www.visit-ulcinj.com\/blog\/wp-json\/wp\/v2\/posts"}],"about":[{"href":"https:\/\/www.visit-ulcinj.com\/blog\/wp-json\/wp\/v2\/types\/post"}],"author":[{"embeddable":true,"href":"https:\/\/www.visit-ulcinj.com\/blog\/wp-json\/wp\/v2\/users\/1"}],"replies":[{"embeddable":true,"href":"https:\/\/www.visit-ulcinj.com\/blog\/wp-json\/wp\/v2\/comments?post=878"}],"version-history":[{"count":0,"href":"https:\/\/www.visit-ulcinj.com\/blog\/wp-json\/wp\/v2\/posts\/878\/revisions"}],"wp:attachment":[{"href":"https:\/\/www.visit-ulcinj.com\/blog\/wp-json\/wp\/v2\/media?parent=878"}],"wp:term":[{"taxonomy":"category","embeddable":true,"href":"https:\/\/www.visit-ulcinj.com\/blog\/wp-json\/wp\/v2\/categories?post=878"},{"taxonomy":"post_tag","embeddable":true,"href":"https:\/\/www.visit-ulcinj.com\/blog\/wp-json\/wp\/v2\/tags?post=878"}],"curies":[{"name":"wp","href":"https:\/\/api.w.org\/{rel}","templated":true}]}}