{"id":87802,"date":"2015-01-16T06:12:56","date_gmt":"2015-01-16T05:12:56","guid":{"rendered":"http:\/\/www.visit-ulcinj.com\/blog\/?p=87802"},"modified":"2015-01-16T17:37:44","modified_gmt":"2015-01-16T16:37:44","slug":"bukuroshja-ulqinake-amina-sellaj-ua-marre-zemren-e-mendjen","status":"publish","type":"post","link":"https:\/\/www.visit-ulcinj.com\/blog\/2015\/01\/16\/bukuroshja-ulqinake-amina-sellaj-ua-marre-zemren-e-mendjen\/","title":{"rendered":"Bukuroshja ulqinake Amina Sellaj, do ua marr\u00eb zemr\u00ebn e mendjen"},"content":{"rendered":"<p>Kjo \u00ebsht\u00eb Amina Sellaj, bukuroshja shqiptare me prejardhje nga Ulqini e cila jeton n\u00eb Zvic\u00ebr. Amina duket se kujdeset mjaft mir\u00eb p\u00ebr trupin e saj, pasi q\u00eb format e saja jan\u00eb perfekte.<\/p>\n<p>Njihuni me t\u00eb p\u00ebrmes k\u00ebtyre fotove t\u00eb marra nga profili i saj n\u00eb Instagram.\/ MAPO\/<\/p>\n<p><a href=\"http:\/\/www.visit-ulcinj.com\/blog\/wp-content\/uploads\/2015\/01\/Bukuroshja-ulqinake-Amina-Sellaj-Zvicer.jpg\"><img loading=\"lazy\" class=\"alignleft size-full wp-image-87803\" src=\"http:\/\/www.visit-ulcinj.com\/blog\/wp-content\/uploads\/2015\/01\/Bukuroshja-ulqinake-Amina-Sellaj-Zvicer.jpg\" alt=\"Bukuroshja ulqinake Amina Sellaj-Zvicer\" width=\"508\" height=\"508\" \/><\/a> <a href=\"http:\/\/www.visit-ulcinj.com\/blog\/wp-content\/uploads\/2015\/01\/Bukuroshja-ulqinake-Amina-Sellaj-Zvicer-1.jpg\"><img loading=\"lazy\" class=\"alignleft size-full wp-image-87804\" src=\"http:\/\/www.visit-ulcinj.com\/blog\/wp-content\/uploads\/2015\/01\/Bukuroshja-ulqinake-Amina-Sellaj-Zvicer-1.jpg\" alt=\"Bukuroshja ulqinake Amina Sellaj-Zvicer-1\" width=\"508\" height=\"626\" \/><\/a> <a href=\"http:\/\/www.visit-ulcinj.com\/blog\/wp-content\/uploads\/2015\/01\/Bukuroshja-ulqinake-Amina-Sellaj-Zvicer-2.jpg\"><img loading=\"lazy\" class=\"alignleft size-full wp-image-87805\" src=\"http:\/\/www.visit-ulcinj.com\/blog\/wp-content\/uploads\/2015\/01\/Bukuroshja-ulqinake-Amina-Sellaj-Zvicer-2.jpg\" alt=\"Bukuroshja ulqinake Amina Sellaj-Zvicer-2\" width=\"508\" height=\"700\" \/><\/a> <a href=\"http:\/\/www.visit-ulcinj.com\/blog\/wp-content\/uploads\/2015\/01\/Bukuroshja-ulqinake-Amina-Sellaj-Zvicer-3.jpg\"><img loading=\"lazy\" class=\"alignleft size-full wp-image-87806\" src=\"http:\/\/www.visit-ulcinj.com\/blog\/wp-content\/uploads\/2015\/01\/Bukuroshja-ulqinake-Amina-Sellaj-Zvicer-3.jpg\" alt=\"Bukuroshja ulqinake Amina Sellaj-Zvicer-3\" width=\"508\" height=\"700\" \/><\/a> <a href=\"http:\/\/www.visit-ulcinj.com\/blog\/wp-content\/uploads\/2015\/01\/Bukuroshja-ulqinake-Amina-Sellaj-Zvicer-4.jpg\"><img loading=\"lazy\" class=\"alignleft size-full wp-image-87807\" src=\"http:\/\/www.visit-ulcinj.com\/blog\/wp-content\/uploads\/2015\/01\/Bukuroshja-ulqinake-Amina-Sellaj-Zvicer-4.jpg\" alt=\"Bukuroshja ulqinake Amina Sellaj-Zvicer-4\" width=\"508\" height=\"700\" \/><\/a> <a href=\"http:\/\/www.visit-ulcinj.com\/blog\/wp-content\/uploads\/2015\/01\/Bukuroshja-ulqinake-Amina-Sellaj-Zvicer-5.jpg\"><img loading=\"lazy\" class=\"alignleft wp-image-87808\" src=\"http:\/\/www.visit-ulcinj.com\/blog\/wp-content\/uploads\/2015\/01\/Bukuroshja-ulqinake-Amina-Sellaj-Zvicer-5.jpg\" alt=\"Bukuroshja ulqinake Amina Sellaj-Zvicer-5\" width=\"534\" height=\"508\" \/><\/a><\/p>\n","protected":false},"excerpt":{"rendered":"<p>Kjo \u00ebsht\u00eb Amina Sellaj, bukuroshja shqiptare me prejardhje nga Ulqini e cila jeton n\u00eb Zvic\u00ebr. Amina duket se kujdeset mjaft mir\u00eb p\u00ebr trupin e saj, pasi q\u00eb format e saja jan\u00eb perfekte. Njihuni me t\u00eb p\u00ebrmes k\u00ebtyre fotove t\u00eb marra nga profili i saj n\u00eb Instagram.\/ MAPO\/<\/p>\n","protected":false},"author":1,"featured_media":0,"comment_status":"closed","ping_status":"closed","sticky":false,"template":"","format":"standard","meta":{"spay_email":"","jetpack_publicize_message":"","jetpack_is_tweetstorm":false,"jetpack_publicize_feature_enabled":true},"categories":[1],"tags":[],"jetpack_publicize_connections":[],"yoast_head":"<!-- This site is optimized with the Yoast SEO plugin v19.1 - https:\/\/yoast.com\/wordpress\/plugins\/seo\/ -->\n<title>Bukuroshja ulqinake Amina Sellaj, do ua marr\u00eb zemr\u00ebn e mendjen - Lajme nga Ulqini<\/title>\n<meta name=\"description\" content=\"Kjo \u00ebsht\u00eb Amina Sellaj, bukuroshja shqiptare me prejardhje nga Ulqini e cila jeton n\u00eb Zvic\u00ebr. Amina duket se kujdeset mjaft mir\u00eb p\u00ebr trupin e saj, pasi q\u00eb\" \/>\n<meta name=\"robots\" content=\"index, follow, max-snippet:-1, max-image-preview:large, max-video-preview:-1\" \/>\n<link rel=\"canonical\" href=\"https:\/\/www.visit-ulcinj.com\/blog\/2015\/01\/16\/bukuroshja-ulqinake-amina-sellaj-ua-marre-zemren-e-mendjen\/\" \/>\n<meta property=\"og:locale\" content=\"en_US\" \/>\n<meta property=\"og:type\" content=\"article\" \/>\n<meta property=\"og:title\" content=\"Bukuroshja ulqinake Amina Sellaj, do ua marr\u00eb zemr\u00ebn e mendjen - Lajme nga Ulqini\" \/>\n<meta property=\"og:description\" content=\"Kjo \u00ebsht\u00eb Amina Sellaj, bukuroshja shqiptare me prejardhje nga Ulqini e cila jeton n\u00eb Zvic\u00ebr. Amina duket se kujdeset mjaft mir\u00eb p\u00ebr trupin e saj, pasi q\u00eb\" \/>\n<meta property=\"og:url\" content=\"https:\/\/www.visit-ulcinj.com\/blog\/2015\/01\/16\/bukuroshja-ulqinake-amina-sellaj-ua-marre-zemren-e-mendjen\/\" \/>\n<meta property=\"og:site_name\" content=\"Lajme nga Ulqini\" \/>\n<meta property=\"article:published_time\" content=\"2015-01-16T05:12:56+00:00\" \/>\n<meta property=\"article:modified_time\" content=\"2015-01-16T16:37:44+00:00\" \/>\n<meta property=\"og:image\" content=\"http:\/\/www.visit-ulcinj.com\/blog\/wp-content\/uploads\/2015\/01\/Bukuroshja-ulqinake-Amina-Sellaj-Zvicer.jpg\" \/>\n<meta name=\"twitter:label1\" content=\"Written by\" \/>\n\t<meta name=\"twitter:data1\" content=\"ulqini\" \/>\n<script type=\"application\/ld+json\" class=\"yoast-schema-graph\">{\"@context\":\"https:\/\/schema.org\",\"@graph\":[{\"@type\":\"WebSite\",\"@id\":\"https:\/\/www.visit-ulcinj.com\/blog\/#website\",\"url\":\"https:\/\/www.visit-ulcinj.com\/blog\/\",\"name\":\"Lajme nga Ulqini\",\"description\":\"Lajme,Vijesti,Ulqini,Ulqin,Crna Gora,Mali i Zi\",\"potentialAction\":[{\"@type\":\"SearchAction\",\"target\":{\"@type\":\"EntryPoint\",\"urlTemplate\":\"https:\/\/www.visit-ulcinj.com\/blog\/?s={search_term_string}\"},\"query-input\":\"required name=search_term_string\"}],\"inLanguage\":\"en-US\"},{\"@type\":\"ImageObject\",\"inLanguage\":\"en-US\",\"@id\":\"https:\/\/www.visit-ulcinj.com\/blog\/2015\/01\/16\/bukuroshja-ulqinake-amina-sellaj-ua-marre-zemren-e-mendjen\/#primaryimage\",\"url\":\"http:\/\/www.visit-ulcinj.com\/blog\/wp-content\/uploads\/2015\/01\/Bukuroshja-ulqinake-Amina-Sellaj-Zvicer.jpg\",\"contentUrl\":\"http:\/\/www.visit-ulcinj.com\/blog\/wp-content\/uploads\/2015\/01\/Bukuroshja-ulqinake-Amina-Sellaj-Zvicer.jpg\"},{\"@type\":\"WebPage\",\"@id\":\"https:\/\/www.visit-ulcinj.com\/blog\/2015\/01\/16\/bukuroshja-ulqinake-amina-sellaj-ua-marre-zemren-e-mendjen\/#webpage\",\"url\":\"https:\/\/www.visit-ulcinj.com\/blog\/2015\/01\/16\/bukuroshja-ulqinake-amina-sellaj-ua-marre-zemren-e-mendjen\/\",\"name\":\"Bukuroshja ulqinake Amina Sellaj, do ua marr\u00eb zemr\u00ebn e mendjen - Lajme nga Ulqini\",\"isPartOf\":{\"@id\":\"https:\/\/www.visit-ulcinj.com\/blog\/#website\"},\"primaryImageOfPage\":{\"@id\":\"https:\/\/www.visit-ulcinj.com\/blog\/2015\/01\/16\/bukuroshja-ulqinake-amina-sellaj-ua-marre-zemren-e-mendjen\/#primaryimage\"},\"datePublished\":\"2015-01-16T05:12:56+00:00\",\"dateModified\":\"2015-01-16T16:37:44+00:00\",\"author\":{\"@id\":\"https:\/\/www.visit-ulcinj.com\/blog\/#\/schema\/person\/dcab619c614d3038751c63bc2aadc06d\"},\"description\":\"Kjo \u00ebsht\u00eb Amina Sellaj, bukuroshja shqiptare me prejardhje nga Ulqini e cila jeton n\u00eb Zvic\u00ebr. Amina duket se kujdeset mjaft mir\u00eb p\u00ebr trupin e saj, pasi q\u00eb\",\"breadcrumb\":{\"@id\":\"https:\/\/www.visit-ulcinj.com\/blog\/2015\/01\/16\/bukuroshja-ulqinake-amina-sellaj-ua-marre-zemren-e-mendjen\/#breadcrumb\"},\"inLanguage\":\"en-US\",\"potentialAction\":[{\"@type\":\"ReadAction\",\"target\":[\"https:\/\/www.visit-ulcinj.com\/blog\/2015\/01\/16\/bukuroshja-ulqinake-amina-sellaj-ua-marre-zemren-e-mendjen\/\"]}]},{\"@type\":\"BreadcrumbList\",\"@id\":\"https:\/\/www.visit-ulcinj.com\/blog\/2015\/01\/16\/bukuroshja-ulqinake-amina-sellaj-ua-marre-zemren-e-mendjen\/#breadcrumb\",\"itemListElement\":[{\"@type\":\"ListItem\",\"position\":1,\"name\":\"Bukuroshja ulqinake Amina Sellaj, do ua marr\u00eb zemr\u00ebn e mendjen\"}]},{\"@type\":\"Person\",\"@id\":\"https:\/\/www.visit-ulcinj.com\/blog\/#\/schema\/person\/dcab619c614d3038751c63bc2aadc06d\",\"name\":\"ulqini\",\"sameAs\":[\"http:\/\/www.visit-ulcinj.com\"],\"url\":\"https:\/\/www.visit-ulcinj.com\/blog\/author\/admin\/\"}]}<\/script>\n<!-- \/ Yoast SEO plugin. -->","yoast_head_json":{"title":"Bukuroshja ulqinake Amina Sellaj, do ua marr\u00eb zemr\u00ebn e mendjen - Lajme nga Ulqini","description":"Kjo \u00ebsht\u00eb Amina Sellaj, bukuroshja shqiptare me prejardhje nga Ulqini e cila jeton n\u00eb Zvic\u00ebr. Amina duket se kujdeset mjaft mir\u00eb p\u00ebr trupin e saj, pasi q\u00eb","robots":{"index":"index","follow":"follow","max-snippet":"max-snippet:-1","max-image-preview":"max-image-preview:large","max-video-preview":"max-video-preview:-1"},"canonical":"https:\/\/www.visit-ulcinj.com\/blog\/2015\/01\/16\/bukuroshja-ulqinake-amina-sellaj-ua-marre-zemren-e-mendjen\/","og_locale":"en_US","og_type":"article","og_title":"Bukuroshja ulqinake Amina Sellaj, do ua marr\u00eb zemr\u00ebn e mendjen - Lajme nga Ulqini","og_description":"Kjo \u00ebsht\u00eb Amina Sellaj, bukuroshja shqiptare me prejardhje nga Ulqini e cila jeton n\u00eb Zvic\u00ebr. Amina duket se kujdeset mjaft mir\u00eb p\u00ebr trupin e saj, pasi q\u00eb","og_url":"https:\/\/www.visit-ulcinj.com\/blog\/2015\/01\/16\/bukuroshja-ulqinake-amina-sellaj-ua-marre-zemren-e-mendjen\/","og_site_name":"Lajme nga Ulqini","article_published_time":"2015-01-16T05:12:56+00:00","article_modified_time":"2015-01-16T16:37:44+00:00","og_image":[{"url":"http:\/\/www.visit-ulcinj.com\/blog\/wp-content\/uploads\/2015\/01\/Bukuroshja-ulqinake-Amina-Sellaj-Zvicer.jpg"}],"twitter_misc":{"Written by":"ulqini"},"schema":{"@context":"https:\/\/schema.org","@graph":[{"@type":"WebSite","@id":"https:\/\/www.visit-ulcinj.com\/blog\/#website","url":"https:\/\/www.visit-ulcinj.com\/blog\/","name":"Lajme nga Ulqini","description":"Lajme,Vijesti,Ulqini,Ulqin,Crna Gora,Mali i Zi","potentialAction":[{"@type":"SearchAction","target":{"@type":"EntryPoint","urlTemplate":"https:\/\/www.visit-ulcinj.com\/blog\/?s={search_term_string}"},"query-input":"required name=search_term_string"}],"inLanguage":"en-US"},{"@type":"ImageObject","inLanguage":"en-US","@id":"https:\/\/www.visit-ulcinj.com\/blog\/2015\/01\/16\/bukuroshja-ulqinake-amina-sellaj-ua-marre-zemren-e-mendjen\/#primaryimage","url":"http:\/\/www.visit-ulcinj.com\/blog\/wp-content\/uploads\/2015\/01\/Bukuroshja-ulqinake-Amina-Sellaj-Zvicer.jpg","contentUrl":"http:\/\/www.visit-ulcinj.com\/blog\/wp-content\/uploads\/2015\/01\/Bukuroshja-ulqinake-Amina-Sellaj-Zvicer.jpg"},{"@type":"WebPage","@id":"https:\/\/www.visit-ulcinj.com\/blog\/2015\/01\/16\/bukuroshja-ulqinake-amina-sellaj-ua-marre-zemren-e-mendjen\/#webpage","url":"https:\/\/www.visit-ulcinj.com\/blog\/2015\/01\/16\/bukuroshja-ulqinake-amina-sellaj-ua-marre-zemren-e-mendjen\/","name":"Bukuroshja ulqinake Amina Sellaj, do ua marr\u00eb zemr\u00ebn e mendjen - Lajme nga Ulqini","isPartOf":{"@id":"https:\/\/www.visit-ulcinj.com\/blog\/#website"},"primaryImageOfPage":{"@id":"https:\/\/www.visit-ulcinj.com\/blog\/2015\/01\/16\/bukuroshja-ulqinake-amina-sellaj-ua-marre-zemren-e-mendjen\/#primaryimage"},"datePublished":"2015-01-16T05:12:56+00:00","dateModified":"2015-01-16T16:37:44+00:00","author":{"@id":"https:\/\/www.visit-ulcinj.com\/blog\/#\/schema\/person\/dcab619c614d3038751c63bc2aadc06d"},"description":"Kjo \u00ebsht\u00eb Amina Sellaj, bukuroshja shqiptare me prejardhje nga Ulqini e cila jeton n\u00eb Zvic\u00ebr. Amina duket se kujdeset mjaft mir\u00eb p\u00ebr trupin e saj, pasi q\u00eb","breadcrumb":{"@id":"https:\/\/www.visit-ulcinj.com\/blog\/2015\/01\/16\/bukuroshja-ulqinake-amina-sellaj-ua-marre-zemren-e-mendjen\/#breadcrumb"},"inLanguage":"en-US","potentialAction":[{"@type":"ReadAction","target":["https:\/\/www.visit-ulcinj.com\/blog\/2015\/01\/16\/bukuroshja-ulqinake-amina-sellaj-ua-marre-zemren-e-mendjen\/"]}]},{"@type":"BreadcrumbList","@id":"https:\/\/www.visit-ulcinj.com\/blog\/2015\/01\/16\/bukuroshja-ulqinake-amina-sellaj-ua-marre-zemren-e-mendjen\/#breadcrumb","itemListElement":[{"@type":"ListItem","position":1,"name":"Bukuroshja ulqinake Amina Sellaj, do ua marr\u00eb zemr\u00ebn e mendjen"}]},{"@type":"Person","@id":"https:\/\/www.visit-ulcinj.com\/blog\/#\/schema\/person\/dcab619c614d3038751c63bc2aadc06d","name":"ulqini","sameAs":["http:\/\/www.visit-ulcinj.com"],"url":"https:\/\/www.visit-ulcinj.com\/blog\/author\/admin\/"}]}},"jetpack_featured_media_url":"","jetpack_sharing_enabled":true,"jetpack_shortlink":"https:\/\/wp.me\/pe6lTn-mQa","_links":{"self":[{"href":"https:\/\/www.visit-ulcinj.com\/blog\/wp-json\/wp\/v2\/posts\/87802"}],"collection":[{"href":"https:\/\/www.visit-ulcinj.com\/blog\/wp-json\/wp\/v2\/posts"}],"about":[{"href":"https:\/\/www.visit-ulcinj.com\/blog\/wp-json\/wp\/v2\/types\/post"}],"author":[{"embeddable":true,"href":"https:\/\/www.visit-ulcinj.com\/blog\/wp-json\/wp\/v2\/users\/1"}],"replies":[{"embeddable":true,"href":"https:\/\/www.visit-ulcinj.com\/blog\/wp-json\/wp\/v2\/comments?post=87802"}],"version-history":[{"count":3,"href":"https:\/\/www.visit-ulcinj.com\/blog\/wp-json\/wp\/v2\/posts\/87802\/revisions"}],"predecessor-version":[{"id":87811,"href":"https:\/\/www.visit-ulcinj.com\/blog\/wp-json\/wp\/v2\/posts\/87802\/revisions\/87811"}],"wp:attachment":[{"href":"https:\/\/www.visit-ulcinj.com\/blog\/wp-json\/wp\/v2\/media?parent=87802"}],"wp:term":[{"taxonomy":"category","embeddable":true,"href":"https:\/\/www.visit-ulcinj.com\/blog\/wp-json\/wp\/v2\/categories?post=87802"},{"taxonomy":"post_tag","embeddable":true,"href":"https:\/\/www.visit-ulcinj.com\/blog\/wp-json\/wp\/v2\/tags?post=87802"}],"curies":[{"name":"wp","href":"https:\/\/api.w.org\/{rel}","templated":true}]}}