{"id":87815,"date":"2015-01-16T06:55:51","date_gmt":"2015-01-16T05:55:51","guid":{"rendered":"http:\/\/www.visit-ulcinj.com\/blog\/?p=87815"},"modified":"2015-01-16T06:55:51","modified_gmt":"2015-01-16T05:55:51","slug":"hashim-thaci-te-vizitoje-edhe-ulqinin","status":"publish","type":"post","link":"https:\/\/www.visit-ulcinj.com\/blog\/2015\/01\/16\/hashim-thaci-te-vizitoje-edhe-ulqinin\/","title":{"rendered":"Hashim Tha\u00e7i do t\u00eb vizitoj\u00eb edhe Ulqinin"},"content":{"rendered":"<p><span class=\"arial14 \"><strong><a href=\"http:\/\/www.visit-ulcinj.com\/blog\/wp-content\/uploads\/2015\/01\/Hashim-Thaci2.jpg\"><img loading=\"lazy\" class=\"alignleft wp-image-87816\" src=\"http:\/\/www.visit-ulcinj.com\/blog\/wp-content\/uploads\/2015\/01\/Hashim-Thaci2.jpg\" alt=\"Hashim-Thaci\" width=\"508\" height=\"314\" \/><\/a>Z\u00ebvend\u00ebskryeministri dhe ministri i Pun\u00ebve t\u00eb Jashtme i Kosov\u00ebs, Hashim Tha\u00e7i ka udh\u00ebtuar t\u00eb enjten drejt Podgoric\u00ebs p\u00ebr nj\u00eb vizit\u00eb zyrtare, ku do t\u00eb pritet nga krer\u00ebt m\u00eb t\u00eb lart\u00eb t\u00eb shtetit. <\/strong><\/span><\/p>\n<p><span class=\"arial14 linkszi \"> Kryediplomati kosovar do t\u00eb pritet t\u00eb premten n\u00eb mesdit\u00eb n\u00eb takime t\u00eb ve\u00e7anta nga presidenti i Malit t\u00eb Zi, Filip Vujanovi\u00e7, kryeministri Milo Gjukanovi\u00e7 dhe kryetari i Kuvendit, Ranko Krivokapi\u00e7.<\/p>\n<p>Mali i Zi \u00ebsht\u00eb blinduar t\u00ebr\u00ebsisht p\u00ebr k\u00ebt\u00eb vizit\u00eb. Nga kufiri q\u00eb ndan Shqip\u00ebrin\u00eb me k\u00ebt\u00eb vend, n\u00eb pik\u00ebn kufitare Hani i Hotit e deri n\u00eb Podgoric\u00eb ka shum\u00eb forca policore q\u00eb po kujdesen q\u00eb eskorta e kryediplomatit kosovar t\u00eb kaloj\u00eb pa probleme rrug\u00ebn deri tek Vila Gorica, ku do t\u00eb vendoset delegacioni i tij.<\/p>\n<p>P\u00ebr ta pritur Tha\u00e7in n\u00eb kufirin shqiptaro-malazez kishte dal\u00eb edhe i ngarkuari me pun\u00eb i Kosov\u00ebs n\u00eb Podgoric\u00eb, S\u00ebrgjan Senti\u00e7. Ai ishte i shoq\u00ebruar nga agjent\u00eb sigurie, t\u00eb cil\u00ebt po ashtu po ruajn\u00eb q\u00eb nga dita e djeshme Ambasad\u00ebn e Kosov\u00ebs n\u00eb Podgoric\u00eb.<\/p>\n<p>Nd\u00ebrkoh\u00eb, p\u00ebr ta p\u00ebrsh\u00ebndetur at\u00eb kishin dal\u00eb edhe shum\u00eb banor\u00eb shqiptar\u00eb t\u00eb qytetit t\u00eb Tuzit. Top Channel ka m\u00ebsuar se ve\u00e7 takimeve me zyrtar\u00ebt e lart\u00eb, Tha\u00e7i do t\u00eb vizitoj\u00eb edhe Ulqinin, ku do t\u00eb takohet me zyrtar\u00ebt vendor\u00eb shqiptar\u00eb, si dhe deputet\u00eb shqiptar\u00eb t\u00eb Kuvendit malazez.<\/p>\n<p>Vizita e Tha\u00e7it n\u00eb Podgoric\u00eb ka ngjallur shum\u00eb reagime, deri n\u00eb organizimin e protestave kund\u00ebr saj. K\u00ebto reagime kan\u00eb shtyr\u00eb autoritetet e siguris\u00eb q\u00eb t\u00eb shtojn\u00eb nivelin e gatishm\u00ebris\u00eb.<\/p>\n<p>Mediat n\u00eb Podgoric\u00eb kan\u00eb raportuar se ka pasur tendenc\u00eb t\u00eb planifikimit t\u00eb sulmit ndaj eskort\u00ebs s\u00eb Tha\u00e7it, \u00e7ka ka \u00e7uar edhe n\u00eb reduktimin e axhend\u00ebs s\u00eb tij. Serb\u00eb t\u00eb Kosov\u00ebs q\u00eb jetojn\u00eb n\u00eb Mal t\u00eb Zi kan\u00eb paralajm\u00ebruar protesta kund\u00ebr vizit\u00ebs.<\/p>\n<p>Top Channel<br \/>\n<\/span><\/p>\n","protected":false},"excerpt":{"rendered":"<p>Z\u00ebvend\u00ebskryeministri dhe ministri i Pun\u00ebve t\u00eb Jashtme i Kosov\u00ebs, Hashim Tha\u00e7i ka udh\u00ebtuar t\u00eb enjten drejt Podgoric\u00ebs p\u00ebr nj\u00eb vizit\u00eb zyrtare, ku do t\u00eb pritet nga krer\u00ebt m\u00eb t\u00eb lart\u00eb t\u00eb shtetit. Kryediplomati kosovar do t\u00eb pritet t\u00eb premten n\u00eb mesdit\u00eb n\u00eb takime t\u00eb ve\u00e7anta nga presidenti i Malit t\u00eb Zi, Filip Vujanovi\u00e7, kryeministri Milo [&hellip;]<\/p>\n","protected":false},"author":1,"featured_media":0,"comment_status":"closed","ping_status":"closed","sticky":false,"template":"","format":"standard","meta":{"spay_email":"","jetpack_publicize_message":"","jetpack_is_tweetstorm":false,"jetpack_publicize_feature_enabled":true},"categories":[2451],"tags":[],"jetpack_publicize_connections":[],"yoast_head":"<!-- This site is optimized with the Yoast SEO plugin v19.1 - https:\/\/yoast.com\/wordpress\/plugins\/seo\/ -->\n<title>Hashim Tha\u00e7i do t\u00eb vizitoj\u00eb edhe Ulqinin - Lajme nga Ulqini<\/title>\n<meta name=\"description\" content=\"Z\u00ebvend\u00ebskryeministri dhe ministri i Pun\u00ebve t\u00eb Jashtme i Kosov\u00ebs, Hashim Tha\u00e7i ka udh\u00ebtuar t\u00eb enjten drejt Podgoric\u00ebs p\u00ebr nj\u00eb vizit\u00eb zyrtare, ku do t\u00eb\" \/>\n<meta name=\"robots\" content=\"index, follow, max-snippet:-1, max-image-preview:large, max-video-preview:-1\" \/>\n<link rel=\"canonical\" href=\"https:\/\/www.visit-ulcinj.com\/blog\/2015\/01\/16\/hashim-thaci-te-vizitoje-edhe-ulqinin\/\" \/>\n<meta property=\"og:locale\" content=\"en_US\" \/>\n<meta property=\"og:type\" content=\"article\" \/>\n<meta property=\"og:title\" content=\"Hashim Tha\u00e7i do t\u00eb vizitoj\u00eb edhe Ulqinin - Lajme nga Ulqini\" \/>\n<meta property=\"og:description\" content=\"Z\u00ebvend\u00ebskryeministri dhe ministri i Pun\u00ebve t\u00eb Jashtme i Kosov\u00ebs, Hashim Tha\u00e7i ka udh\u00ebtuar t\u00eb enjten drejt Podgoric\u00ebs p\u00ebr nj\u00eb vizit\u00eb zyrtare, ku do t\u00eb\" \/>\n<meta property=\"og:url\" content=\"https:\/\/www.visit-ulcinj.com\/blog\/2015\/01\/16\/hashim-thaci-te-vizitoje-edhe-ulqinin\/\" \/>\n<meta property=\"og:site_name\" content=\"Lajme nga Ulqini\" \/>\n<meta property=\"article:published_time\" content=\"2015-01-16T05:55:51+00:00\" \/>\n<meta property=\"og:image\" content=\"http:\/\/www.visit-ulcinj.com\/blog\/wp-content\/uploads\/2015\/01\/Hashim-Thaci2.jpg\" \/>\n<meta name=\"twitter:label1\" content=\"Written by\" \/>\n\t<meta name=\"twitter:data1\" content=\"ulqini\" \/>\n\t<meta name=\"twitter:label2\" content=\"Est. reading time\" \/>\n\t<meta name=\"twitter:data2\" content=\"2 minutes\" \/>\n<script type=\"application\/ld+json\" class=\"yoast-schema-graph\">{\"@context\":\"https:\/\/schema.org\",\"@graph\":[{\"@type\":\"WebSite\",\"@id\":\"https:\/\/www.visit-ulcinj.com\/blog\/#website\",\"url\":\"https:\/\/www.visit-ulcinj.com\/blog\/\",\"name\":\"Lajme nga Ulqini\",\"description\":\"Lajme,Vijesti,Ulqini,Ulqin,Crna Gora,Mali i Zi\",\"potentialAction\":[{\"@type\":\"SearchAction\",\"target\":{\"@type\":\"EntryPoint\",\"urlTemplate\":\"https:\/\/www.visit-ulcinj.com\/blog\/?s={search_term_string}\"},\"query-input\":\"required name=search_term_string\"}],\"inLanguage\":\"en-US\"},{\"@type\":\"ImageObject\",\"inLanguage\":\"en-US\",\"@id\":\"https:\/\/www.visit-ulcinj.com\/blog\/2015\/01\/16\/hashim-thaci-te-vizitoje-edhe-ulqinin\/#primaryimage\",\"url\":\"http:\/\/www.visit-ulcinj.com\/blog\/wp-content\/uploads\/2015\/01\/Hashim-Thaci2.jpg\",\"contentUrl\":\"http:\/\/www.visit-ulcinj.com\/blog\/wp-content\/uploads\/2015\/01\/Hashim-Thaci2.jpg\"},{\"@type\":\"WebPage\",\"@id\":\"https:\/\/www.visit-ulcinj.com\/blog\/2015\/01\/16\/hashim-thaci-te-vizitoje-edhe-ulqinin\/#webpage\",\"url\":\"https:\/\/www.visit-ulcinj.com\/blog\/2015\/01\/16\/hashim-thaci-te-vizitoje-edhe-ulqinin\/\",\"name\":\"Hashim Tha\u00e7i do t\u00eb vizitoj\u00eb edhe Ulqinin - Lajme nga Ulqini\",\"isPartOf\":{\"@id\":\"https:\/\/www.visit-ulcinj.com\/blog\/#website\"},\"primaryImageOfPage\":{\"@id\":\"https:\/\/www.visit-ulcinj.com\/blog\/2015\/01\/16\/hashim-thaci-te-vizitoje-edhe-ulqinin\/#primaryimage\"},\"datePublished\":\"2015-01-16T05:55:51+00:00\",\"dateModified\":\"2015-01-16T05:55:51+00:00\",\"author\":{\"@id\":\"https:\/\/www.visit-ulcinj.com\/blog\/#\/schema\/person\/dcab619c614d3038751c63bc2aadc06d\"},\"description\":\"Z\u00ebvend\u00ebskryeministri dhe ministri i Pun\u00ebve t\u00eb Jashtme i Kosov\u00ebs, Hashim Tha\u00e7i ka udh\u00ebtuar t\u00eb enjten drejt Podgoric\u00ebs p\u00ebr nj\u00eb vizit\u00eb zyrtare, ku do t\u00eb\",\"breadcrumb\":{\"@id\":\"https:\/\/www.visit-ulcinj.com\/blog\/2015\/01\/16\/hashim-thaci-te-vizitoje-edhe-ulqinin\/#breadcrumb\"},\"inLanguage\":\"en-US\",\"potentialAction\":[{\"@type\":\"ReadAction\",\"target\":[\"https:\/\/www.visit-ulcinj.com\/blog\/2015\/01\/16\/hashim-thaci-te-vizitoje-edhe-ulqinin\/\"]}]},{\"@type\":\"BreadcrumbList\",\"@id\":\"https:\/\/www.visit-ulcinj.com\/blog\/2015\/01\/16\/hashim-thaci-te-vizitoje-edhe-ulqinin\/#breadcrumb\",\"itemListElement\":[{\"@type\":\"ListItem\",\"position\":1,\"name\":\"Hashim Tha\u00e7i do t\u00eb vizitoj\u00eb edhe Ulqinin\"}]},{\"@type\":\"Person\",\"@id\":\"https:\/\/www.visit-ulcinj.com\/blog\/#\/schema\/person\/dcab619c614d3038751c63bc2aadc06d\",\"name\":\"ulqini\",\"sameAs\":[\"http:\/\/www.visit-ulcinj.com\"],\"url\":\"https:\/\/www.visit-ulcinj.com\/blog\/author\/admin\/\"}]}<\/script>\n<!-- \/ Yoast SEO plugin. -->","yoast_head_json":{"title":"Hashim Tha\u00e7i do t\u00eb vizitoj\u00eb edhe Ulqinin - Lajme nga Ulqini","description":"Z\u00ebvend\u00ebskryeministri dhe ministri i Pun\u00ebve t\u00eb Jashtme i Kosov\u00ebs, Hashim Tha\u00e7i ka udh\u00ebtuar t\u00eb enjten drejt Podgoric\u00ebs p\u00ebr nj\u00eb vizit\u00eb zyrtare, ku do t\u00eb","robots":{"index":"index","follow":"follow","max-snippet":"max-snippet:-1","max-image-preview":"max-image-preview:large","max-video-preview":"max-video-preview:-1"},"canonical":"https:\/\/www.visit-ulcinj.com\/blog\/2015\/01\/16\/hashim-thaci-te-vizitoje-edhe-ulqinin\/","og_locale":"en_US","og_type":"article","og_title":"Hashim Tha\u00e7i do t\u00eb vizitoj\u00eb edhe Ulqinin - Lajme nga Ulqini","og_description":"Z\u00ebvend\u00ebskryeministri dhe ministri i Pun\u00ebve t\u00eb Jashtme i Kosov\u00ebs, Hashim Tha\u00e7i ka udh\u00ebtuar t\u00eb enjten drejt Podgoric\u00ebs p\u00ebr nj\u00eb vizit\u00eb zyrtare, ku do t\u00eb","og_url":"https:\/\/www.visit-ulcinj.com\/blog\/2015\/01\/16\/hashim-thaci-te-vizitoje-edhe-ulqinin\/","og_site_name":"Lajme nga Ulqini","article_published_time":"2015-01-16T05:55:51+00:00","og_image":[{"url":"http:\/\/www.visit-ulcinj.com\/blog\/wp-content\/uploads\/2015\/01\/Hashim-Thaci2.jpg"}],"twitter_misc":{"Written by":"ulqini","Est. reading time":"2 minutes"},"schema":{"@context":"https:\/\/schema.org","@graph":[{"@type":"WebSite","@id":"https:\/\/www.visit-ulcinj.com\/blog\/#website","url":"https:\/\/www.visit-ulcinj.com\/blog\/","name":"Lajme nga Ulqini","description":"Lajme,Vijesti,Ulqini,Ulqin,Crna Gora,Mali i Zi","potentialAction":[{"@type":"SearchAction","target":{"@type":"EntryPoint","urlTemplate":"https:\/\/www.visit-ulcinj.com\/blog\/?s={search_term_string}"},"query-input":"required name=search_term_string"}],"inLanguage":"en-US"},{"@type":"ImageObject","inLanguage":"en-US","@id":"https:\/\/www.visit-ulcinj.com\/blog\/2015\/01\/16\/hashim-thaci-te-vizitoje-edhe-ulqinin\/#primaryimage","url":"http:\/\/www.visit-ulcinj.com\/blog\/wp-content\/uploads\/2015\/01\/Hashim-Thaci2.jpg","contentUrl":"http:\/\/www.visit-ulcinj.com\/blog\/wp-content\/uploads\/2015\/01\/Hashim-Thaci2.jpg"},{"@type":"WebPage","@id":"https:\/\/www.visit-ulcinj.com\/blog\/2015\/01\/16\/hashim-thaci-te-vizitoje-edhe-ulqinin\/#webpage","url":"https:\/\/www.visit-ulcinj.com\/blog\/2015\/01\/16\/hashim-thaci-te-vizitoje-edhe-ulqinin\/","name":"Hashim Tha\u00e7i do t\u00eb vizitoj\u00eb edhe Ulqinin - Lajme nga Ulqini","isPartOf":{"@id":"https:\/\/www.visit-ulcinj.com\/blog\/#website"},"primaryImageOfPage":{"@id":"https:\/\/www.visit-ulcinj.com\/blog\/2015\/01\/16\/hashim-thaci-te-vizitoje-edhe-ulqinin\/#primaryimage"},"datePublished":"2015-01-16T05:55:51+00:00","dateModified":"2015-01-16T05:55:51+00:00","author":{"@id":"https:\/\/www.visit-ulcinj.com\/blog\/#\/schema\/person\/dcab619c614d3038751c63bc2aadc06d"},"description":"Z\u00ebvend\u00ebskryeministri dhe ministri i Pun\u00ebve t\u00eb Jashtme i Kosov\u00ebs, Hashim Tha\u00e7i ka udh\u00ebtuar t\u00eb enjten drejt Podgoric\u00ebs p\u00ebr nj\u00eb vizit\u00eb zyrtare, ku do t\u00eb","breadcrumb":{"@id":"https:\/\/www.visit-ulcinj.com\/blog\/2015\/01\/16\/hashim-thaci-te-vizitoje-edhe-ulqinin\/#breadcrumb"},"inLanguage":"en-US","potentialAction":[{"@type":"ReadAction","target":["https:\/\/www.visit-ulcinj.com\/blog\/2015\/01\/16\/hashim-thaci-te-vizitoje-edhe-ulqinin\/"]}]},{"@type":"BreadcrumbList","@id":"https:\/\/www.visit-ulcinj.com\/blog\/2015\/01\/16\/hashim-thaci-te-vizitoje-edhe-ulqinin\/#breadcrumb","itemListElement":[{"@type":"ListItem","position":1,"name":"Hashim Tha\u00e7i do t\u00eb vizitoj\u00eb edhe Ulqinin"}]},{"@type":"Person","@id":"https:\/\/www.visit-ulcinj.com\/blog\/#\/schema\/person\/dcab619c614d3038751c63bc2aadc06d","name":"ulqini","sameAs":["http:\/\/www.visit-ulcinj.com"],"url":"https:\/\/www.visit-ulcinj.com\/blog\/author\/admin\/"}]}},"jetpack_featured_media_url":"","jetpack_sharing_enabled":true,"jetpack_shortlink":"https:\/\/wp.me\/pe6lTn-mQn","_links":{"self":[{"href":"https:\/\/www.visit-ulcinj.com\/blog\/wp-json\/wp\/v2\/posts\/87815"}],"collection":[{"href":"https:\/\/www.visit-ulcinj.com\/blog\/wp-json\/wp\/v2\/posts"}],"about":[{"href":"https:\/\/www.visit-ulcinj.com\/blog\/wp-json\/wp\/v2\/types\/post"}],"author":[{"embeddable":true,"href":"https:\/\/www.visit-ulcinj.com\/blog\/wp-json\/wp\/v2\/users\/1"}],"replies":[{"embeddable":true,"href":"https:\/\/www.visit-ulcinj.com\/blog\/wp-json\/wp\/v2\/comments?post=87815"}],"version-history":[{"count":1,"href":"https:\/\/www.visit-ulcinj.com\/blog\/wp-json\/wp\/v2\/posts\/87815\/revisions"}],"predecessor-version":[{"id":87817,"href":"https:\/\/www.visit-ulcinj.com\/blog\/wp-json\/wp\/v2\/posts\/87815\/revisions\/87817"}],"wp:attachment":[{"href":"https:\/\/www.visit-ulcinj.com\/blog\/wp-json\/wp\/v2\/media?parent=87815"}],"wp:term":[{"taxonomy":"category","embeddable":true,"href":"https:\/\/www.visit-ulcinj.com\/blog\/wp-json\/wp\/v2\/categories?post=87815"},{"taxonomy":"post_tag","embeddable":true,"href":"https:\/\/www.visit-ulcinj.com\/blog\/wp-json\/wp\/v2\/tags?post=87815"}],"curies":[{"name":"wp","href":"https:\/\/api.w.org\/{rel}","templated":true}]}}