{"id":87822,"date":"2015-01-16T09:03:44","date_gmt":"2015-01-16T08:03:44","guid":{"rendered":"http:\/\/www.visit-ulcinj.com\/blog\/?p=87822"},"modified":"2015-01-16T09:03:44","modified_gmt":"2015-01-16T08:03:44","slug":"dy-kosovare-vijne-per-prove-te-shkodranet-ne-ulqin","status":"publish","type":"post","link":"https:\/\/www.visit-ulcinj.com\/blog\/2015\/01\/16\/dy-kosovare-vijne-per-prove-te-shkodranet-ne-ulqin\/","title":{"rendered":"Dy kosovar\u00eb vijn\u00eb p\u00ebr prov\u00eb te shkodran\u00ebt n\u00eb Ulqin"},"content":{"rendered":"<p><a href=\"http:\/\/www.visit-ulcinj.com\/blog\/wp-content\/uploads\/2013\/01\/artanbushati_-Vllaznia.png\"><img loading=\"lazy\" class=\"alignleft wp-image-68028\" src=\"http:\/\/www.visit-ulcinj.com\/blog\/wp-content\/uploads\/2013\/01\/artanbushati_-Vllaznia.png\" alt=\"artanbushati_ Vllaznia\" width=\"508\" height=\"263\" srcset=\"https:\/\/www.visit-ulcinj.com\/blog\/wp-content\/uploads\/2013\/01\/artanbushati_-Vllaznia.png 463w, https:\/\/www.visit-ulcinj.com\/blog\/wp-content\/uploads\/2013\/01\/artanbushati_-Vllaznia-300x155.png 300w\" sizes=\"(max-width: 508px) 100vw, 508px\" \/><\/a>Mesfushori Endrit Maloku dhe sulmuesi Ilir Blakcorin jan\u00eb dy lojtar\u00ebt kosovar\u00eb q\u00eb i jan\u00eb bashkuar dje ekipit t\u00eb Vllaznis\u00eb n\u00eb Ulqin, vend ky ku po zhvillojn\u00eb faz\u00ebn p\u00ebrgatitore. Nga sa m\u00ebsohet, t\u00eb dy futbollist\u00ebt do t\u00eb st\u00ebrviten me pjes\u00ebn tjet\u00ebr t\u00eb grupit, nd\u00ebrsa do t\u00eb jen\u00eb n\u00eb \u201clup\u00ebn\u201d e italianit t\u00eb pankin\u00ebs shkodrane, Raineri. Do t\u00eb jet\u00eb pik\u00ebrisht ai q\u00eb do t\u00eb vendos\u00eb p\u00ebr t\u00eb ardhmen e tyre. Mesfushori dhe sulmuesi do testohen sot n\u00eb miq\u00ebsoren q\u00eb kuqeblut\u00eb do t\u00eb zhvillojn\u00eb p\u00ebrball\u00eb skuadr\u00ebs s\u00eb t\u00eb rinjve t\u00eb Vllaznis\u00eb. K\u00ebta nuk do t\u00eb jen\u00eb lojtar\u00ebt e vet\u00ebm q\u00eb do t\u00eb testohen n\u00eb k\u00ebt\u00eb periudh\u00eb, nd\u00ebrsa priten t\u00eb tjer\u00eb q\u00eb t\u2019i bashkohen k\u00ebsaj skuadre.<\/p>\n<div>\n<strong>Testi me t\u00eb rinjt\u00eb, fiton Vllaznia<\/strong><\/p>\n<p>Vllaznia ka zhvilluar nj\u00eb takim miq\u00ebsor n\u00eb Ulqin, p\u00ebrball\u00eb ekipit t\u00eb 19-vje\u00e7ar\u00ebve t\u00eb akademis\u00eb. Ekipi i par\u00eb \u00ebsht\u00eb st\u00ebrvitur gjat\u00eb or\u00ebve t\u00eb paradites, nd\u00ebrsa pasdite Ranieri, ashtu si\u00e7 edhe kishte deklaruar, aktivizoi nj\u00eb skuad\u00ebr me t\u00eb rinj q\u00eb i jan\u00eb n\u00ebnshtruar prov\u00ebs. Me sa duket, ky takim p\u00ebr drejtuesit e ekipit shkodran ka pasur m\u00eb shum\u00eb vlera, p\u00ebr sa i p\u00ebrket evidentimit t\u00eb emrave q\u00eb mund t\u00eb jen\u00eb p\u00ebr k\u00ebt\u00eb pjes\u00eb t\u00eb sezonit, por ndoshta edhe p\u00ebr m\u00eb gjat\u00eb pjes\u00eb e Vllaznis\u00eb. Trajneri ka hedhur n\u00eb fush\u00eb emra si: Sherri, Radullovi\u00e7, Gurishta, Borshi, Hakaj, Arrinaj, Lushaj, Maloku, Zela, Seratli\u00e7 e Blak\u00e7ori. Nd\u00ebrsa nga stoli e nisi edhe mesfushori Noris Kozmai. Nd\u00ebrsa p\u00ebr k\u00ebt\u00eb takim, edhe tekniku Nikaj i ekipit kampion t\u00eb 19- vje\u00e7ar\u00ebve t\u00eb akademis\u00eb \u201cVllaznia\u201d, p\u00ebrve\u00e7 lojtar\u00ebve t\u00eb larguar n\u00eb ekipin e par\u00eb, ka pasur edhe disa mungesa. Kjo ka b\u00ebr\u00eb q\u00eb disa lojtar\u00eb t\u2019i marrin edhe nga ekipi U-17. Megjithat\u00eb, ai ka hedhur n\u00eb fush\u00eb nga minuta e par\u00eb lojtar\u00ebt: Vjerdha, Rustemi, Nikaj, Fanga, Zogaj, Dyca, Hebaj, Raj\u00e7esi\u00e7, Hasani, \u00c7okaj, Kabuni. Teksa ka aktivizuar edhe t\u00eb gjith\u00eb lojtar\u00ebt e tjer\u00eb q\u00eb ka marr\u00eb me vete n\u00eb k\u00ebt\u00eb miq\u00eb- sore, si: Kola, Pren\u00e7i, Kukaj, Balaj, Vecaj, Myftia, Pusi e Blinishta. Pjesa e par\u00eb ka qen\u00eb m\u00eb e ekuilibruar. Sidoqoft\u00eb p\u00ebr kuqeblut\u00eb ka sh\u00ebnuar fillimisht malazezi Seratli\u00e7 e m\u00eb pas kosovari Blak\u00e7ori. P\u00ebr ekipin e 19-vje\u00e7ar\u00ebve ka sh\u00ebnuar Hasani pes\u00eb minuta para mbarimit t\u00eb pjes\u00ebs s\u00eb par\u00eb. N\u00eb pjes\u00ebn e mbetur, ekipi i Vllaznis\u00eb ka arritur t\u00eb sh\u00ebnoj\u00eb edhe nj\u00eb tjet\u00ebr gol me an\u00eb t\u00eb nj\u00eb tjet\u00ebr lojtari t\u00eb ardhur p\u00ebr prov\u00eb si Zela. Megjithat\u00eb, tre golat u sh\u00ebnuan nga lojtar\u00ebt n\u00eb prov\u00eb, drejtuesit nuk jan\u00eb bindur, duke mos mbajtur asnj\u00eb.<\/p>\n<div>\n<strong>Burimi: <span id=\"ctl00_ContentPlaceHolder1_gvNews_ctl02_Label1\">Panorama Sport<\/span><\/strong><\/div>\n<p><span class=\"share-items\"><span class=\"share-items\"><br \/>\n<\/span><\/span><\/p>\n<p class=\"clear\">\n<\/div>\n","protected":false},"excerpt":{"rendered":"<p>Mesfushori Endrit Maloku dhe sulmuesi Ilir Blakcorin jan\u00eb dy lojtar\u00ebt kosovar\u00eb q\u00eb i jan\u00eb bashkuar dje ekipit t\u00eb Vllaznis\u00eb n\u00eb Ulqin, vend ky ku po zhvillojn\u00eb faz\u00ebn p\u00ebrgatitore. Nga sa m\u00ebsohet, t\u00eb dy futbollist\u00ebt do t\u00eb st\u00ebrviten me pjes\u00ebn tjet\u00ebr t\u00eb grupit, nd\u00ebrsa do t\u00eb jen\u00eb n\u00eb \u201clup\u00ebn\u201d e italianit t\u00eb pankin\u00ebs shkodrane, Raineri. Do [&hellip;]<\/p>\n","protected":false},"author":1,"featured_media":0,"comment_status":"closed","ping_status":"closed","sticky":false,"template":"","format":"standard","meta":{"spay_email":"","jetpack_publicize_message":"","jetpack_is_tweetstorm":false,"jetpack_publicize_feature_enabled":true},"categories":[3],"tags":[],"jetpack_publicize_connections":[],"yoast_head":"<!-- This site is optimized with the Yoast SEO plugin v19.1 - https:\/\/yoast.com\/wordpress\/plugins\/seo\/ -->\n<title>Dy kosovar\u00eb vijn\u00eb p\u00ebr prov\u00eb te shkodran\u00ebt n\u00eb Ulqin - Lajme nga Ulqini<\/title>\n<meta name=\"description\" content=\"Mesfushori Endrit Maloku dhe sulmuesi Ilir Blakcorin jan\u00eb dy lojtar\u00ebt kosovar\u00eb q\u00eb i jan\u00eb bashkuar dje ekipit t\u00eb Vllaznis\u00eb n\u00eb Ulqin, vend ky ku po\" \/>\n<meta name=\"robots\" content=\"index, follow, max-snippet:-1, max-image-preview:large, max-video-preview:-1\" \/>\n<link rel=\"canonical\" href=\"https:\/\/www.visit-ulcinj.com\/blog\/2015\/01\/16\/dy-kosovare-vijne-per-prove-te-shkodranet-ne-ulqin\/\" \/>\n<meta property=\"og:locale\" content=\"en_US\" \/>\n<meta property=\"og:type\" content=\"article\" \/>\n<meta property=\"og:title\" content=\"Dy kosovar\u00eb vijn\u00eb p\u00ebr prov\u00eb te shkodran\u00ebt n\u00eb Ulqin - Lajme nga Ulqini\" \/>\n<meta property=\"og:description\" content=\"Mesfushori Endrit Maloku dhe sulmuesi Ilir Blakcorin jan\u00eb dy lojtar\u00ebt kosovar\u00eb q\u00eb i jan\u00eb bashkuar dje ekipit t\u00eb Vllaznis\u00eb n\u00eb Ulqin, vend ky ku po\" \/>\n<meta property=\"og:url\" content=\"https:\/\/www.visit-ulcinj.com\/blog\/2015\/01\/16\/dy-kosovare-vijne-per-prove-te-shkodranet-ne-ulqin\/\" \/>\n<meta property=\"og:site_name\" content=\"Lajme nga Ulqini\" \/>\n<meta property=\"article:published_time\" content=\"2015-01-16T08:03:44+00:00\" \/>\n<meta property=\"og:image\" content=\"http:\/\/www.visit-ulcinj.com\/blog\/wp-content\/uploads\/2013\/01\/artanbushati_-Vllaznia.png\" \/>\n<meta name=\"twitter:label1\" content=\"Written by\" \/>\n\t<meta name=\"twitter:data1\" content=\"ulqini\" \/>\n\t<meta name=\"twitter:label2\" content=\"Est. reading time\" \/>\n\t<meta name=\"twitter:data2\" content=\"2 minutes\" \/>\n<script type=\"application\/ld+json\" class=\"yoast-schema-graph\">{\"@context\":\"https:\/\/schema.org\",\"@graph\":[{\"@type\":\"WebSite\",\"@id\":\"https:\/\/www.visit-ulcinj.com\/blog\/#website\",\"url\":\"https:\/\/www.visit-ulcinj.com\/blog\/\",\"name\":\"Lajme nga Ulqini\",\"description\":\"Lajme,Vijesti,Ulqini,Ulqin,Crna Gora,Mali i Zi\",\"potentialAction\":[{\"@type\":\"SearchAction\",\"target\":{\"@type\":\"EntryPoint\",\"urlTemplate\":\"https:\/\/www.visit-ulcinj.com\/blog\/?s={search_term_string}\"},\"query-input\":\"required name=search_term_string\"}],\"inLanguage\":\"en-US\"},{\"@type\":\"ImageObject\",\"inLanguage\":\"en-US\",\"@id\":\"https:\/\/www.visit-ulcinj.com\/blog\/2015\/01\/16\/dy-kosovare-vijne-per-prove-te-shkodranet-ne-ulqin\/#primaryimage\",\"url\":\"https:\/\/www.visit-ulcinj.com\/blog\/wp-content\/uploads\/2013\/01\/artanbushati_-Vllaznia.png\",\"contentUrl\":\"https:\/\/www.visit-ulcinj.com\/blog\/wp-content\/uploads\/2013\/01\/artanbushati_-Vllaznia.png\",\"width\":463,\"height\":240},{\"@type\":\"WebPage\",\"@id\":\"https:\/\/www.visit-ulcinj.com\/blog\/2015\/01\/16\/dy-kosovare-vijne-per-prove-te-shkodranet-ne-ulqin\/#webpage\",\"url\":\"https:\/\/www.visit-ulcinj.com\/blog\/2015\/01\/16\/dy-kosovare-vijne-per-prove-te-shkodranet-ne-ulqin\/\",\"name\":\"Dy kosovar\u00eb vijn\u00eb p\u00ebr prov\u00eb te shkodran\u00ebt n\u00eb Ulqin - Lajme nga Ulqini\",\"isPartOf\":{\"@id\":\"https:\/\/www.visit-ulcinj.com\/blog\/#website\"},\"primaryImageOfPage\":{\"@id\":\"https:\/\/www.visit-ulcinj.com\/blog\/2015\/01\/16\/dy-kosovare-vijne-per-prove-te-shkodranet-ne-ulqin\/#primaryimage\"},\"datePublished\":\"2015-01-16T08:03:44+00:00\",\"dateModified\":\"2015-01-16T08:03:44+00:00\",\"author\":{\"@id\":\"https:\/\/www.visit-ulcinj.com\/blog\/#\/schema\/person\/dcab619c614d3038751c63bc2aadc06d\"},\"description\":\"Mesfushori Endrit Maloku dhe sulmuesi Ilir Blakcorin jan\u00eb dy lojtar\u00ebt kosovar\u00eb q\u00eb i jan\u00eb bashkuar dje ekipit t\u00eb Vllaznis\u00eb n\u00eb Ulqin, vend ky ku po\",\"breadcrumb\":{\"@id\":\"https:\/\/www.visit-ulcinj.com\/blog\/2015\/01\/16\/dy-kosovare-vijne-per-prove-te-shkodranet-ne-ulqin\/#breadcrumb\"},\"inLanguage\":\"en-US\",\"potentialAction\":[{\"@type\":\"ReadAction\",\"target\":[\"https:\/\/www.visit-ulcinj.com\/blog\/2015\/01\/16\/dy-kosovare-vijne-per-prove-te-shkodranet-ne-ulqin\/\"]}]},{\"@type\":\"BreadcrumbList\",\"@id\":\"https:\/\/www.visit-ulcinj.com\/blog\/2015\/01\/16\/dy-kosovare-vijne-per-prove-te-shkodranet-ne-ulqin\/#breadcrumb\",\"itemListElement\":[{\"@type\":\"ListItem\",\"position\":1,\"name\":\"Dy kosovar\u00eb vijn\u00eb p\u00ebr prov\u00eb te shkodran\u00ebt n\u00eb Ulqin\"}]},{\"@type\":\"Person\",\"@id\":\"https:\/\/www.visit-ulcinj.com\/blog\/#\/schema\/person\/dcab619c614d3038751c63bc2aadc06d\",\"name\":\"ulqini\",\"sameAs\":[\"http:\/\/www.visit-ulcinj.com\"],\"url\":\"https:\/\/www.visit-ulcinj.com\/blog\/author\/admin\/\"}]}<\/script>\n<!-- \/ Yoast SEO plugin. -->","yoast_head_json":{"title":"Dy kosovar\u00eb vijn\u00eb p\u00ebr prov\u00eb te shkodran\u00ebt n\u00eb Ulqin - Lajme nga Ulqini","description":"Mesfushori Endrit Maloku dhe sulmuesi Ilir Blakcorin jan\u00eb dy lojtar\u00ebt kosovar\u00eb q\u00eb i jan\u00eb bashkuar dje ekipit t\u00eb Vllaznis\u00eb n\u00eb Ulqin, vend ky ku po","robots":{"index":"index","follow":"follow","max-snippet":"max-snippet:-1","max-image-preview":"max-image-preview:large","max-video-preview":"max-video-preview:-1"},"canonical":"https:\/\/www.visit-ulcinj.com\/blog\/2015\/01\/16\/dy-kosovare-vijne-per-prove-te-shkodranet-ne-ulqin\/","og_locale":"en_US","og_type":"article","og_title":"Dy kosovar\u00eb vijn\u00eb p\u00ebr prov\u00eb te shkodran\u00ebt n\u00eb Ulqin - Lajme nga Ulqini","og_description":"Mesfushori Endrit Maloku dhe sulmuesi Ilir Blakcorin jan\u00eb dy lojtar\u00ebt kosovar\u00eb q\u00eb i jan\u00eb bashkuar dje ekipit t\u00eb Vllaznis\u00eb n\u00eb Ulqin, vend ky ku po","og_url":"https:\/\/www.visit-ulcinj.com\/blog\/2015\/01\/16\/dy-kosovare-vijne-per-prove-te-shkodranet-ne-ulqin\/","og_site_name":"Lajme nga Ulqini","article_published_time":"2015-01-16T08:03:44+00:00","og_image":[{"url":"http:\/\/www.visit-ulcinj.com\/blog\/wp-content\/uploads\/2013\/01\/artanbushati_-Vllaznia.png"}],"twitter_misc":{"Written by":"ulqini","Est. reading time":"2 minutes"},"schema":{"@context":"https:\/\/schema.org","@graph":[{"@type":"WebSite","@id":"https:\/\/www.visit-ulcinj.com\/blog\/#website","url":"https:\/\/www.visit-ulcinj.com\/blog\/","name":"Lajme nga Ulqini","description":"Lajme,Vijesti,Ulqini,Ulqin,Crna Gora,Mali i Zi","potentialAction":[{"@type":"SearchAction","target":{"@type":"EntryPoint","urlTemplate":"https:\/\/www.visit-ulcinj.com\/blog\/?s={search_term_string}"},"query-input":"required name=search_term_string"}],"inLanguage":"en-US"},{"@type":"ImageObject","inLanguage":"en-US","@id":"https:\/\/www.visit-ulcinj.com\/blog\/2015\/01\/16\/dy-kosovare-vijne-per-prove-te-shkodranet-ne-ulqin\/#primaryimage","url":"https:\/\/www.visit-ulcinj.com\/blog\/wp-content\/uploads\/2013\/01\/artanbushati_-Vllaznia.png","contentUrl":"https:\/\/www.visit-ulcinj.com\/blog\/wp-content\/uploads\/2013\/01\/artanbushati_-Vllaznia.png","width":463,"height":240},{"@type":"WebPage","@id":"https:\/\/www.visit-ulcinj.com\/blog\/2015\/01\/16\/dy-kosovare-vijne-per-prove-te-shkodranet-ne-ulqin\/#webpage","url":"https:\/\/www.visit-ulcinj.com\/blog\/2015\/01\/16\/dy-kosovare-vijne-per-prove-te-shkodranet-ne-ulqin\/","name":"Dy kosovar\u00eb vijn\u00eb p\u00ebr prov\u00eb te shkodran\u00ebt n\u00eb Ulqin - Lajme nga Ulqini","isPartOf":{"@id":"https:\/\/www.visit-ulcinj.com\/blog\/#website"},"primaryImageOfPage":{"@id":"https:\/\/www.visit-ulcinj.com\/blog\/2015\/01\/16\/dy-kosovare-vijne-per-prove-te-shkodranet-ne-ulqin\/#primaryimage"},"datePublished":"2015-01-16T08:03:44+00:00","dateModified":"2015-01-16T08:03:44+00:00","author":{"@id":"https:\/\/www.visit-ulcinj.com\/blog\/#\/schema\/person\/dcab619c614d3038751c63bc2aadc06d"},"description":"Mesfushori Endrit Maloku dhe sulmuesi Ilir Blakcorin jan\u00eb dy lojtar\u00ebt kosovar\u00eb q\u00eb i jan\u00eb bashkuar dje ekipit t\u00eb Vllaznis\u00eb n\u00eb Ulqin, vend ky ku po","breadcrumb":{"@id":"https:\/\/www.visit-ulcinj.com\/blog\/2015\/01\/16\/dy-kosovare-vijne-per-prove-te-shkodranet-ne-ulqin\/#breadcrumb"},"inLanguage":"en-US","potentialAction":[{"@type":"ReadAction","target":["https:\/\/www.visit-ulcinj.com\/blog\/2015\/01\/16\/dy-kosovare-vijne-per-prove-te-shkodranet-ne-ulqin\/"]}]},{"@type":"BreadcrumbList","@id":"https:\/\/www.visit-ulcinj.com\/blog\/2015\/01\/16\/dy-kosovare-vijne-per-prove-te-shkodranet-ne-ulqin\/#breadcrumb","itemListElement":[{"@type":"ListItem","position":1,"name":"Dy kosovar\u00eb vijn\u00eb p\u00ebr prov\u00eb te shkodran\u00ebt n\u00eb Ulqin"}]},{"@type":"Person","@id":"https:\/\/www.visit-ulcinj.com\/blog\/#\/schema\/person\/dcab619c614d3038751c63bc2aadc06d","name":"ulqini","sameAs":["http:\/\/www.visit-ulcinj.com"],"url":"https:\/\/www.visit-ulcinj.com\/blog\/author\/admin\/"}]}},"jetpack_featured_media_url":"","jetpack_sharing_enabled":true,"jetpack_shortlink":"https:\/\/wp.me\/pe6lTn-mQu","_links":{"self":[{"href":"https:\/\/www.visit-ulcinj.com\/blog\/wp-json\/wp\/v2\/posts\/87822"}],"collection":[{"href":"https:\/\/www.visit-ulcinj.com\/blog\/wp-json\/wp\/v2\/posts"}],"about":[{"href":"https:\/\/www.visit-ulcinj.com\/blog\/wp-json\/wp\/v2\/types\/post"}],"author":[{"embeddable":true,"href":"https:\/\/www.visit-ulcinj.com\/blog\/wp-json\/wp\/v2\/users\/1"}],"replies":[{"embeddable":true,"href":"https:\/\/www.visit-ulcinj.com\/blog\/wp-json\/wp\/v2\/comments?post=87822"}],"version-history":[{"count":1,"href":"https:\/\/www.visit-ulcinj.com\/blog\/wp-json\/wp\/v2\/posts\/87822\/revisions"}],"predecessor-version":[{"id":87823,"href":"https:\/\/www.visit-ulcinj.com\/blog\/wp-json\/wp\/v2\/posts\/87822\/revisions\/87823"}],"wp:attachment":[{"href":"https:\/\/www.visit-ulcinj.com\/blog\/wp-json\/wp\/v2\/media?parent=87822"}],"wp:term":[{"taxonomy":"category","embeddable":true,"href":"https:\/\/www.visit-ulcinj.com\/blog\/wp-json\/wp\/v2\/categories?post=87822"},{"taxonomy":"post_tag","embeddable":true,"href":"https:\/\/www.visit-ulcinj.com\/blog\/wp-json\/wp\/v2\/tags?post=87822"}],"curies":[{"name":"wp","href":"https:\/\/api.w.org\/{rel}","templated":true}]}}