{"id":87831,"date":"2015-01-16T16:19:45","date_gmt":"2015-01-16T15:19:45","guid":{"rendered":"http:\/\/www.visit-ulcinj.com\/blog\/?p=87831"},"modified":"2015-01-16T16:40:22","modified_gmt":"2015-01-16T15:40:22","slug":"hashim-thaci-me-helikopter-nga-podgorica-ne-ulqin-nga-ora-1630","status":"publish","type":"post","link":"https:\/\/www.visit-ulcinj.com\/blog\/2015\/01\/16\/hashim-thaci-me-helikopter-nga-podgorica-ne-ulqin-nga-ora-1630\/","title":{"rendered":"Hashim Tha\u00e7i me helikopter, nga Podgorica n\u00eb Ulqin nga ora 16:30"},"content":{"rendered":"<p><a href=\"http:\/\/www.visit-ulcinj.com\/blog\/wp-content\/uploads\/2015\/01\/Gjukanovic-Thaci.jpg\"><img loading=\"lazy\" class=\"alignleft wp-image-87836\" src=\"http:\/\/www.visit-ulcinj.com\/blog\/wp-content\/uploads\/2015\/01\/Gjukanovic-Thaci.jpg\" alt=\"Gjukanovic-Thaci\" width=\"508\" height=\"338\" srcset=\"https:\/\/www.visit-ulcinj.com\/blog\/wp-content\/uploads\/2015\/01\/Gjukanovic-Thaci.jpg 850w, https:\/\/www.visit-ulcinj.com\/blog\/wp-content\/uploads\/2015\/01\/Gjukanovic-Thaci-300x199.jpg 300w\" sizes=\"(max-width: 508px) 100vw, 508px\" \/><\/a>L\u00ebvizja e sotme e delegacionit kosovar\u00eb nga Podgorica p\u00ebr n\u00eb Ulqin, si\u00e7 m\u00ebson Telegrafi, do t\u00eb b\u00ebhet me helikopter rreth or\u00ebs 16.30 n\u00eb Ulqin,. K\u00ebshtu kan\u00eb vendosur autoritetet malazeze p\u00ebr t\u00eb shmangur problemet eventuale, q\u00eb do t\u00eb mund t\u00eb dilnin n\u00eb rrug\u00ebn tok\u00ebsore.<\/p>\n<p>Hashim Tha\u00e7i do zhvilloj\u00eb takime me p\u00ebrfaq\u00ebsuesit e partive politike shqiptare dhe kryetarin e komun\u00ebs Fatmir Gjek\u00ebn.<\/p>\n<p>Qeveria e Malit t\u00eb Zi, e ka marr\u00eb shum\u00eb seriozisht sigurimin e z\u00ebvend\u00ebskryeministrit dhe ministrit t\u00eb Jasht\u00ebm t\u00eb Kosov\u00ebs, Hashim Tha\u00e7it. P\u00ebr t\u00eb siguruar aktivitetet e tij jan\u00eb angazhuar edhe 1.200 trupa policor\u00eb, t\u00eb cil\u00ebt p\u00ebr detyr\u00eb kan\u00eb ruajtjen e rendit dhe qet\u00ebsis\u00eb.<\/p>\n<p>&nbsp;<\/p>\n","protected":false},"excerpt":{"rendered":"<p>L\u00ebvizja e sotme e delegacionit kosovar\u00eb nga Podgorica p\u00ebr n\u00eb Ulqin, si\u00e7 m\u00ebson Telegrafi, do t\u00eb b\u00ebhet me helikopter rreth or\u00ebs 16.30 n\u00eb Ulqin,. K\u00ebshtu kan\u00eb vendosur autoritetet malazeze p\u00ebr t\u00eb shmangur problemet eventuale, q\u00eb do t\u00eb mund t\u00eb dilnin n\u00eb rrug\u00ebn tok\u00ebsore. Hashim Tha\u00e7i do zhvilloj\u00eb takime me p\u00ebrfaq\u00ebsuesit e partive politike shqiptare dhe [&hellip;]<\/p>\n","protected":false},"author":1,"featured_media":0,"comment_status":"closed","ping_status":"closed","sticky":false,"template":"","format":"standard","meta":{"spay_email":"","jetpack_publicize_message":"","jetpack_is_tweetstorm":false,"jetpack_publicize_feature_enabled":true},"categories":[6],"tags":[],"jetpack_publicize_connections":[],"yoast_head":"<!-- This site is optimized with the Yoast SEO plugin v19.1 - https:\/\/yoast.com\/wordpress\/plugins\/seo\/ -->\n<title>Hashim Tha\u00e7i me helikopter, nga Podgorica n\u00eb Ulqin nga ora 16:30 - Lajme nga Ulqini<\/title>\n<meta name=\"description\" content=\"L\u00ebvizja e sotme e delegacionit kosovar\u00eb nga Podgorica p\u00ebr n\u00eb Ulqin, si\u00e7 m\u00ebson Telegrafi, do t\u00eb b\u00ebhet me helikopter rreth or\u00ebs 16.30 n\u00eb Ulqin,. K\u00ebshtu kan\u00eb\" \/>\n<meta name=\"robots\" content=\"index, follow, max-snippet:-1, max-image-preview:large, max-video-preview:-1\" \/>\n<link rel=\"canonical\" href=\"https:\/\/www.visit-ulcinj.com\/blog\/2015\/01\/16\/hashim-thaci-me-helikopter-nga-podgorica-ne-ulqin-nga-ora-1630\/\" \/>\n<meta property=\"og:locale\" content=\"en_US\" \/>\n<meta property=\"og:type\" content=\"article\" \/>\n<meta property=\"og:title\" content=\"Hashim Tha\u00e7i me helikopter, nga Podgorica n\u00eb Ulqin nga ora 16:30 - Lajme nga Ulqini\" \/>\n<meta property=\"og:description\" content=\"L\u00ebvizja e sotme e delegacionit kosovar\u00eb nga Podgorica p\u00ebr n\u00eb Ulqin, si\u00e7 m\u00ebson Telegrafi, do t\u00eb b\u00ebhet me helikopter rreth or\u00ebs 16.30 n\u00eb Ulqin,. K\u00ebshtu kan\u00eb\" \/>\n<meta property=\"og:url\" content=\"https:\/\/www.visit-ulcinj.com\/blog\/2015\/01\/16\/hashim-thaci-me-helikopter-nga-podgorica-ne-ulqin-nga-ora-1630\/\" \/>\n<meta property=\"og:site_name\" content=\"Lajme nga Ulqini\" \/>\n<meta property=\"article:published_time\" content=\"2015-01-16T15:19:45+00:00\" \/>\n<meta property=\"article:modified_time\" content=\"2015-01-16T15:40:22+00:00\" \/>\n<meta property=\"og:image\" content=\"http:\/\/www.visit-ulcinj.com\/blog\/wp-content\/uploads\/2015\/01\/Gjukanovic-Thaci.jpg\" \/>\n<meta name=\"twitter:label1\" content=\"Written by\" \/>\n\t<meta name=\"twitter:data1\" content=\"ulqini\" \/>\n\t<meta name=\"twitter:label2\" content=\"Est. reading time\" \/>\n\t<meta name=\"twitter:data2\" content=\"1 minute\" \/>\n<script type=\"application\/ld+json\" class=\"yoast-schema-graph\">{\"@context\":\"https:\/\/schema.org\",\"@graph\":[{\"@type\":\"WebSite\",\"@id\":\"https:\/\/www.visit-ulcinj.com\/blog\/#website\",\"url\":\"https:\/\/www.visit-ulcinj.com\/blog\/\",\"name\":\"Lajme nga Ulqini\",\"description\":\"Lajme,Vijesti,Ulqini,Ulqin,Crna Gora,Mali i Zi\",\"potentialAction\":[{\"@type\":\"SearchAction\",\"target\":{\"@type\":\"EntryPoint\",\"urlTemplate\":\"https:\/\/www.visit-ulcinj.com\/blog\/?s={search_term_string}\"},\"query-input\":\"required name=search_term_string\"}],\"inLanguage\":\"en-US\"},{\"@type\":\"ImageObject\",\"inLanguage\":\"en-US\",\"@id\":\"https:\/\/www.visit-ulcinj.com\/blog\/2015\/01\/16\/hashim-thaci-me-helikopter-nga-podgorica-ne-ulqin-nga-ora-1630\/#primaryimage\",\"url\":\"https:\/\/www.visit-ulcinj.com\/blog\/wp-content\/uploads\/2015\/01\/Gjukanovic-Thaci.jpg\",\"contentUrl\":\"https:\/\/www.visit-ulcinj.com\/blog\/wp-content\/uploads\/2015\/01\/Gjukanovic-Thaci.jpg\",\"width\":850,\"height\":566},{\"@type\":\"WebPage\",\"@id\":\"https:\/\/www.visit-ulcinj.com\/blog\/2015\/01\/16\/hashim-thaci-me-helikopter-nga-podgorica-ne-ulqin-nga-ora-1630\/#webpage\",\"url\":\"https:\/\/www.visit-ulcinj.com\/blog\/2015\/01\/16\/hashim-thaci-me-helikopter-nga-podgorica-ne-ulqin-nga-ora-1630\/\",\"name\":\"Hashim Tha\u00e7i me helikopter, nga Podgorica n\u00eb Ulqin nga ora 16:30 - Lajme nga Ulqini\",\"isPartOf\":{\"@id\":\"https:\/\/www.visit-ulcinj.com\/blog\/#website\"},\"primaryImageOfPage\":{\"@id\":\"https:\/\/www.visit-ulcinj.com\/blog\/2015\/01\/16\/hashim-thaci-me-helikopter-nga-podgorica-ne-ulqin-nga-ora-1630\/#primaryimage\"},\"datePublished\":\"2015-01-16T15:19:45+00:00\",\"dateModified\":\"2015-01-16T15:40:22+00:00\",\"author\":{\"@id\":\"https:\/\/www.visit-ulcinj.com\/blog\/#\/schema\/person\/dcab619c614d3038751c63bc2aadc06d\"},\"description\":\"L\u00ebvizja e sotme e delegacionit kosovar\u00eb nga Podgorica p\u00ebr n\u00eb Ulqin, si\u00e7 m\u00ebson Telegrafi, do t\u00eb b\u00ebhet me helikopter rreth or\u00ebs 16.30 n\u00eb Ulqin,. K\u00ebshtu kan\u00eb\",\"breadcrumb\":{\"@id\":\"https:\/\/www.visit-ulcinj.com\/blog\/2015\/01\/16\/hashim-thaci-me-helikopter-nga-podgorica-ne-ulqin-nga-ora-1630\/#breadcrumb\"},\"inLanguage\":\"en-US\",\"potentialAction\":[{\"@type\":\"ReadAction\",\"target\":[\"https:\/\/www.visit-ulcinj.com\/blog\/2015\/01\/16\/hashim-thaci-me-helikopter-nga-podgorica-ne-ulqin-nga-ora-1630\/\"]}]},{\"@type\":\"BreadcrumbList\",\"@id\":\"https:\/\/www.visit-ulcinj.com\/blog\/2015\/01\/16\/hashim-thaci-me-helikopter-nga-podgorica-ne-ulqin-nga-ora-1630\/#breadcrumb\",\"itemListElement\":[{\"@type\":\"ListItem\",\"position\":1,\"name\":\"Hashim Tha\u00e7i me helikopter, nga Podgorica n\u00eb Ulqin nga ora 16:30\"}]},{\"@type\":\"Person\",\"@id\":\"https:\/\/www.visit-ulcinj.com\/blog\/#\/schema\/person\/dcab619c614d3038751c63bc2aadc06d\",\"name\":\"ulqini\",\"sameAs\":[\"http:\/\/www.visit-ulcinj.com\"],\"url\":\"https:\/\/www.visit-ulcinj.com\/blog\/author\/admin\/\"}]}<\/script>\n<!-- \/ Yoast SEO plugin. -->","yoast_head_json":{"title":"Hashim Tha\u00e7i me helikopter, nga Podgorica n\u00eb Ulqin nga ora 16:30 - Lajme nga Ulqini","description":"L\u00ebvizja e sotme e delegacionit kosovar\u00eb nga Podgorica p\u00ebr n\u00eb Ulqin, si\u00e7 m\u00ebson Telegrafi, do t\u00eb b\u00ebhet me helikopter rreth or\u00ebs 16.30 n\u00eb Ulqin,. K\u00ebshtu kan\u00eb","robots":{"index":"index","follow":"follow","max-snippet":"max-snippet:-1","max-image-preview":"max-image-preview:large","max-video-preview":"max-video-preview:-1"},"canonical":"https:\/\/www.visit-ulcinj.com\/blog\/2015\/01\/16\/hashim-thaci-me-helikopter-nga-podgorica-ne-ulqin-nga-ora-1630\/","og_locale":"en_US","og_type":"article","og_title":"Hashim Tha\u00e7i me helikopter, nga Podgorica n\u00eb Ulqin nga ora 16:30 - Lajme nga Ulqini","og_description":"L\u00ebvizja e sotme e delegacionit kosovar\u00eb nga Podgorica p\u00ebr n\u00eb Ulqin, si\u00e7 m\u00ebson Telegrafi, do t\u00eb b\u00ebhet me helikopter rreth or\u00ebs 16.30 n\u00eb Ulqin,. K\u00ebshtu kan\u00eb","og_url":"https:\/\/www.visit-ulcinj.com\/blog\/2015\/01\/16\/hashim-thaci-me-helikopter-nga-podgorica-ne-ulqin-nga-ora-1630\/","og_site_name":"Lajme nga Ulqini","article_published_time":"2015-01-16T15:19:45+00:00","article_modified_time":"2015-01-16T15:40:22+00:00","og_image":[{"url":"http:\/\/www.visit-ulcinj.com\/blog\/wp-content\/uploads\/2015\/01\/Gjukanovic-Thaci.jpg"}],"twitter_misc":{"Written by":"ulqini","Est. reading time":"1 minute"},"schema":{"@context":"https:\/\/schema.org","@graph":[{"@type":"WebSite","@id":"https:\/\/www.visit-ulcinj.com\/blog\/#website","url":"https:\/\/www.visit-ulcinj.com\/blog\/","name":"Lajme nga Ulqini","description":"Lajme,Vijesti,Ulqini,Ulqin,Crna Gora,Mali i Zi","potentialAction":[{"@type":"SearchAction","target":{"@type":"EntryPoint","urlTemplate":"https:\/\/www.visit-ulcinj.com\/blog\/?s={search_term_string}"},"query-input":"required name=search_term_string"}],"inLanguage":"en-US"},{"@type":"ImageObject","inLanguage":"en-US","@id":"https:\/\/www.visit-ulcinj.com\/blog\/2015\/01\/16\/hashim-thaci-me-helikopter-nga-podgorica-ne-ulqin-nga-ora-1630\/#primaryimage","url":"https:\/\/www.visit-ulcinj.com\/blog\/wp-content\/uploads\/2015\/01\/Gjukanovic-Thaci.jpg","contentUrl":"https:\/\/www.visit-ulcinj.com\/blog\/wp-content\/uploads\/2015\/01\/Gjukanovic-Thaci.jpg","width":850,"height":566},{"@type":"WebPage","@id":"https:\/\/www.visit-ulcinj.com\/blog\/2015\/01\/16\/hashim-thaci-me-helikopter-nga-podgorica-ne-ulqin-nga-ora-1630\/#webpage","url":"https:\/\/www.visit-ulcinj.com\/blog\/2015\/01\/16\/hashim-thaci-me-helikopter-nga-podgorica-ne-ulqin-nga-ora-1630\/","name":"Hashim Tha\u00e7i me helikopter, nga Podgorica n\u00eb Ulqin nga ora 16:30 - Lajme nga Ulqini","isPartOf":{"@id":"https:\/\/www.visit-ulcinj.com\/blog\/#website"},"primaryImageOfPage":{"@id":"https:\/\/www.visit-ulcinj.com\/blog\/2015\/01\/16\/hashim-thaci-me-helikopter-nga-podgorica-ne-ulqin-nga-ora-1630\/#primaryimage"},"datePublished":"2015-01-16T15:19:45+00:00","dateModified":"2015-01-16T15:40:22+00:00","author":{"@id":"https:\/\/www.visit-ulcinj.com\/blog\/#\/schema\/person\/dcab619c614d3038751c63bc2aadc06d"},"description":"L\u00ebvizja e sotme e delegacionit kosovar\u00eb nga Podgorica p\u00ebr n\u00eb Ulqin, si\u00e7 m\u00ebson Telegrafi, do t\u00eb b\u00ebhet me helikopter rreth or\u00ebs 16.30 n\u00eb Ulqin,. K\u00ebshtu kan\u00eb","breadcrumb":{"@id":"https:\/\/www.visit-ulcinj.com\/blog\/2015\/01\/16\/hashim-thaci-me-helikopter-nga-podgorica-ne-ulqin-nga-ora-1630\/#breadcrumb"},"inLanguage":"en-US","potentialAction":[{"@type":"ReadAction","target":["https:\/\/www.visit-ulcinj.com\/blog\/2015\/01\/16\/hashim-thaci-me-helikopter-nga-podgorica-ne-ulqin-nga-ora-1630\/"]}]},{"@type":"BreadcrumbList","@id":"https:\/\/www.visit-ulcinj.com\/blog\/2015\/01\/16\/hashim-thaci-me-helikopter-nga-podgorica-ne-ulqin-nga-ora-1630\/#breadcrumb","itemListElement":[{"@type":"ListItem","position":1,"name":"Hashim Tha\u00e7i me helikopter, nga Podgorica n\u00eb Ulqin nga ora 16:30"}]},{"@type":"Person","@id":"https:\/\/www.visit-ulcinj.com\/blog\/#\/schema\/person\/dcab619c614d3038751c63bc2aadc06d","name":"ulqini","sameAs":["http:\/\/www.visit-ulcinj.com"],"url":"https:\/\/www.visit-ulcinj.com\/blog\/author\/admin\/"}]}},"jetpack_featured_media_url":"","jetpack_sharing_enabled":true,"jetpack_shortlink":"https:\/\/wp.me\/pe6lTn-mQD","_links":{"self":[{"href":"https:\/\/www.visit-ulcinj.com\/blog\/wp-json\/wp\/v2\/posts\/87831"}],"collection":[{"href":"https:\/\/www.visit-ulcinj.com\/blog\/wp-json\/wp\/v2\/posts"}],"about":[{"href":"https:\/\/www.visit-ulcinj.com\/blog\/wp-json\/wp\/v2\/types\/post"}],"author":[{"embeddable":true,"href":"https:\/\/www.visit-ulcinj.com\/blog\/wp-json\/wp\/v2\/users\/1"}],"replies":[{"embeddable":true,"href":"https:\/\/www.visit-ulcinj.com\/blog\/wp-json\/wp\/v2\/comments?post=87831"}],"version-history":[{"count":5,"href":"https:\/\/www.visit-ulcinj.com\/blog\/wp-json\/wp\/v2\/posts\/87831\/revisions"}],"predecessor-version":[{"id":87838,"href":"https:\/\/www.visit-ulcinj.com\/blog\/wp-json\/wp\/v2\/posts\/87831\/revisions\/87838"}],"wp:attachment":[{"href":"https:\/\/www.visit-ulcinj.com\/blog\/wp-json\/wp\/v2\/media?parent=87831"}],"wp:term":[{"taxonomy":"category","embeddable":true,"href":"https:\/\/www.visit-ulcinj.com\/blog\/wp-json\/wp\/v2\/categories?post=87831"},{"taxonomy":"post_tag","embeddable":true,"href":"https:\/\/www.visit-ulcinj.com\/blog\/wp-json\/wp\/v2\/tags?post=87831"}],"curies":[{"name":"wp","href":"https:\/\/api.w.org\/{rel}","templated":true}]}}