{"id":87839,"date":"2015-01-16T16:48:40","date_gmt":"2015-01-16T15:48:40","guid":{"rendered":"http:\/\/www.visit-ulcinj.com\/blog\/?p=87839"},"modified":"2015-01-16T16:48:40","modified_gmt":"2015-01-16T15:48:40","slug":"thaci-marredheniet-malin-e-zi-shembull-mire-per-rajonin","status":"publish","type":"post","link":"https:\/\/www.visit-ulcinj.com\/blog\/2015\/01\/16\/thaci-marredheniet-malin-e-zi-shembull-mire-per-rajonin\/","title":{"rendered":"Tha\u00e7i: Marr\u00ebdh\u00ebniet me Malin e Zi, shembull i mir\u00eb p\u00ebr rajonin"},"content":{"rendered":"<p><span class=\"short_text\"><a href=\"http:\/\/www.visit-ulcinj.com\/blog\/wp-content\/uploads\/2015\/01\/Thaci-Gjukanovic-podgorice.jpg\"><img loading=\"lazy\" class=\"alignleft wp-image-87840\" src=\"http:\/\/www.visit-ulcinj.com\/blog\/wp-content\/uploads\/2015\/01\/Thaci-Gjukanovic-podgorice.jpg\" alt=\"Thaci-Gjukanovic-podgorice\" width=\"508\" height=\"314\" srcset=\"https:\/\/www.visit-ulcinj.com\/blog\/wp-content\/uploads\/2015\/01\/Thaci-Gjukanovic-podgorice.jpg 850w, https:\/\/www.visit-ulcinj.com\/blog\/wp-content\/uploads\/2015\/01\/Thaci-Gjukanovic-podgorice-300x185.jpg 300w\" sizes=\"(max-width: 508px) 100vw, 508px\" \/><\/a>Podgoric\u00eb, 16 janar 2015 \u2013 Z\u00ebvend\u00ebskryeministri i par\u00eb dhe ministri i Pun\u00ebve t\u00eb Jashtme i Republik\u00ebs s\u00eb Kosov\u00ebs, Hashim Tha\u00e7i, ka filluar sot vizit\u00ebn e par\u00eb zyrtare n\u00eb Mal t\u00eb Zi, ku \u00ebsht\u00eb pritur nga p\u00ebrfaq\u00ebsuesit me t\u00eb lart\u00eb t\u00eb k\u00ebtij shteti.<\/span><\/p>\n<p>Fillimisht, ai \u00ebsht\u00eb pritur n\u00eb takim nga z\u00ebvend\u00ebskryeministri dhe ministri i Jasht\u00ebm dhe Integrimeve Evropiane i Malit t\u00eb Zi, Igor Lukshiq. T\u00eb dy z\u00ebvend\u00ebsministrat kan\u00eb biseduar p\u00ebr thellimin e bashk\u00ebpunimit bilateral dhe rajonal.<\/p>\n<p>Z\u00ebvend\u00ebskryeministri Tha\u00e7i ka fal\u00ebnderuar z. Llukshiq p\u00ebr mb\u00ebshtetjen q\u00eb Mali i Zi i ka dh\u00ebn\u00eb Kosov\u00ebs n\u00eb forcimin e shtet\u00ebsis\u00eb, fillimisht me njohjen e pavar\u00ebsis\u00eb, m\u00eb pas edhe n\u00eb an\u00ebtar\u00ebsimin n\u00eb organizata t\u00eb ndryshme rajonale.<\/p>\n<p>Tha\u00e7i ka theksuar nevoj\u00ebn e bashk\u00ebpunimit t\u00eb nd\u00ebrsjell\u00eb n\u00eb agjend\u00ebn e p\u00ebrbashk\u00ebt euroatlantike, duke mb\u00ebshtetur an\u00ebtar\u00ebsimin e plot\u00eb t\u00eb Malit t\u00eb Zi n\u00eb NATO. N\u00eb k\u00ebt\u00eb takim \u00ebsht\u00eb biseduar edhe p\u00ebr projekte konkrete t\u00eb bashk\u00ebpunimit mes dy shteteve.<\/p>\n<p>\u201cRepublika e Kosov\u00ebs dhe Mali i Zi kan\u00eb t\u00eb nj\u00ebjtin vizion p\u00ebr an\u00ebtar\u00ebsim n\u00eb NATO dhe Bashkim Evropian. N\u00eb k\u00ebt\u00eb drejtim, ky an\u00ebtar\u00ebsim \u00ebsht\u00eb n\u00eb interes jo vet\u00ebm t\u00eb Malit t\u00eb Zi, por edhe p\u00ebr sigurin\u00eb afatgjate t\u00eb rajonit ton\u00eb\u201d, ka shtuar ai.<\/p>\n<p>N\u00eb k\u00ebt\u00eb takim dy z\u00ebvend\u00ebskryeministrat kan\u00eb biseduar p\u00ebr procesin e demarkacionit mes Republik\u00ebs s\u00eb Kosov\u00ebs dhe Malit t\u00eb Zi dhe jan\u00eb zotuar se do t\u00eb p\u00ebrfundoj\u00eb n\u00eb k\u00ebt\u00eb vit.<\/p>\n<p>Z\u00ebvend\u00ebskryeministri Tha\u00e7i para shum\u00eb gazetar\u00ebve ka theksuar se do t\u00eb ket\u00eb nj\u00eb intensifikim t\u00eb takimeve t\u00eb grupeve punuese p\u00ebr demarkacionin e kufirit.<\/p>\n<p>\u201cNj\u00eb marr\u00ebveshje e till\u00eb do t\u00eb ishte nj\u00eb d\u00ebshmi e marr\u00ebdh\u00ebnieve shum\u00eb t\u00eb mira mes shteteve tona dhe nj\u00eb mesazh i bashk\u00ebpunimit p\u00ebr t\u00ebr\u00eb rajonin\u201d, ka th\u00ebn\u00eb Tha\u00e7i, duke shtuar se procesi i demarkacionit t\u00eb kufirit \u00ebsht\u00eb edhe nj\u00eb p\u00ebrmbushje e vlerave evropiane.<\/p>\n<p>\u201cNe kemi nj\u00eb miq\u00ebsi t\u00eb hershme me popullin malazez, p\u00ebrpara se t\u00eb ishim shtete. Prandaj, marr\u00ebdh\u00ebniet tona nd\u00ebrshtet\u00ebrore duhet t\u00eb sh\u00ebrbejn\u00eb si shembull p\u00ebr rajonin, ka shtuar\u00a0 z\u00ebvend\u00ebskryeministri Tha\u00e7i.<\/p>\n<p><a href=\"http:\/\/www.visit-ulcinj.com\/blog\/wp-content\/uploads\/2015\/01\/Thaci-Lukshic-podgorice.jpg\"><img loading=\"lazy\" class=\"alignleft wp-image-87842\" src=\"http:\/\/www.visit-ulcinj.com\/blog\/wp-content\/uploads\/2015\/01\/Thaci-Lukshic-podgorice.jpg\" alt=\"Thaci-Lukshic-podgorice\" width=\"508\" height=\"338\" srcset=\"https:\/\/www.visit-ulcinj.com\/blog\/wp-content\/uploads\/2015\/01\/Thaci-Lukshic-podgorice.jpg 850w, https:\/\/www.visit-ulcinj.com\/blog\/wp-content\/uploads\/2015\/01\/Thaci-Lukshic-podgorice-300x199.jpg 300w\" sizes=\"(max-width: 508px) 100vw, 508px\" \/><\/a><\/p>\n<p>Nga ana tjet\u00ebr, z\u00ebvend\u00ebskryeministrin dhe ministrin e Jasht\u00ebm dhe Integrimeve Evropiane t\u00eb Malit t\u00eb Zi, Igor Lukshiq ka p\u00ebrg\u00ebzuar z\u00ebvend\u00ebskryeministrin Tha\u00e7i p\u00ebr t\u00eb arriturat n\u00eb Kosov\u00eb.<\/p>\n<p>Ai ka th\u00ebn\u00eb se Mali i Zi do t\u00eb vazhdoj\u00eb mb\u00ebshtetjen p\u00ebr Republik\u00ebn e Kosov\u00ebs n\u00eb t\u00eb gjitha fushat e bashk\u00ebpunimit, sidomos n\u00eb shk\u00ebmbimin e p\u00ebrvojave q\u00eb nd\u00ebrlidhen me proceset euroatlantike.<\/p>\n<p>\u201cMe k\u00ebt\u00eb\u00a0 takim ne po vazhdojm\u00eb\u00a0 marr\u00ebdh\u00ebniet e mira q\u00eb ne i kemi nd\u00ebrtuar. Vitin e kaluar ne kemi n\u00ebnshkruar n\u00ebnt\u00eb marr\u00ebveshje, derisa shum\u00eb te tjera jan\u00eb n\u00eb proces t\u00eb n\u00ebnshkrimit. Kusht p\u00ebr suksesin e integrimeve evropiane jan\u00eb marr\u00ebdh\u00ebniet e mira nd\u00ebrfqinj\u00ebsore\u201d, ka shtuar ai.<\/p>\n<p>Takimin e tij, z\u00ebvend\u00ebskryeministrin Tha\u00e7i e ka vazhduar me kryeministrin e Malit t\u00eb Zi, Milo Gjukanoviq, me t\u00eb cilin ka biseduar p\u00ebr intensifikimin e marr\u00ebdh\u00ebnieve ekonomike dhe infrastrukturore mes dy shteteve.<\/p>\n<p>Me k\u00ebt\u00eb takim z\u00ebvend\u00ebskryeministri Tha\u00e7i dhe kryeministri malazez Gjukanoviq jan\u00eb pajtuar q\u00eb t\u00eb vazhdohet nd\u00ebrtimi i rrug\u00ebve dhe linjave hekurudhore do lidhin dy shtetet.<\/p>\n<p>Kjo sipas tyre do t\u00eb nxis\u00eb shk\u00ebmbimet tregtare mes dy shteteve dhe do t\u00eb kontribuoj\u00eb n\u00eb zhvillimin ekonomik.<\/p>\n<p>Ata kan\u00eb biseduar edhe p\u00ebr gjendjen e shqiptar\u00ebve n\u00eb Mal t\u00eb Zi.\u00a0 Z\u00ebvend\u00ebskryeministri Tha\u00e7i ka theksuar se shqiptar\u00ebt n\u00eb Mal t\u00eb Zi dhe malazez\u00ebt n\u00eb Kosov\u00eb jan\u00eb ur\u00eb lidh\u00ebse mes dy shteteve dhe ka paralajm\u00ebruar se shum\u00eb shpejt komuniteti malazez do t\u00eb jen\u00eb pjes\u00eb e mbrojt\u00ebs kushtetuese n\u00eb Republik\u00ebn e Kosov\u00ebs.<\/p>\n<p>M\u00eb pas, z\u00ebvend\u00ebskryeministri Tha\u00e7i \u00ebsht\u00eb takuar edhe me presidentin e Malit t\u00eb Zi, Filip Vujanoviq, me t\u00eb cilin ka biseduar p\u00ebr marr\u00ebdh\u00ebniet mes dy shteteve.<\/p>\n<p><a href=\"http:\/\/www.visit-ulcinj.com\/blog\/wp-content\/uploads\/2015\/01\/Taci-Krivokapic-podgorice.jpg\"><img loading=\"lazy\" class=\"alignleft wp-image-87841\" src=\"http:\/\/www.visit-ulcinj.com\/blog\/wp-content\/uploads\/2015\/01\/Taci-Krivokapic-podgorice.jpg\" alt=\"Taci-Krivokapic-podgorice\" width=\"508\" height=\"338\" srcset=\"https:\/\/www.visit-ulcinj.com\/blog\/wp-content\/uploads\/2015\/01\/Taci-Krivokapic-podgorice.jpg 850w, https:\/\/www.visit-ulcinj.com\/blog\/wp-content\/uploads\/2015\/01\/Taci-Krivokapic-podgorice-300x199.jpg 300w\" sizes=\"(max-width: 508px) 100vw, 508px\" \/><\/a><\/p>\n<p>Z\u00ebvend\u00ebskryeministri Tha\u00e7i \u00ebsht\u00eb pritur n\u00eb takim edhe nga kryetarin e parlamentit, Ranko Krivokopiq, me t\u00eb cilin ka biseduar p\u00ebr intensifikimin e bashk\u00ebpunimit n\u00eb mes dy parlamenteve tona. Po ashtu edhe p\u00ebr interaksion m\u00eb t\u00eb madh t\u00eb diplomacis\u00eb parlamentare.<\/p>\n<p>Z\u00ebvend\u00ebskryeministri Tha\u00e7i gjat\u00eb q\u00ebndrimit n\u00eb Podgoric\u00eb \u00ebsht\u00eb takuar gjithashtu me p\u00ebrfaq\u00ebsuesit kryesore t\u00eb bizneseve malazeze, ku ka k\u00ebrkuar m\u00eb shum\u00eb shk\u00ebmbim tregtar mes bizneseve kosovare dhe atyre t\u00eb Malit t\u00eb Zi.<\/p>\n<p>\u201cNe kemi krijuar leht\u00ebsira p\u00ebr investimet e huaja, prandaj d\u00ebshirojm\u00eb t\u00eb shohim m\u00eb shum\u00eb investime t\u00eb bizneseve malazeze n\u00eb Kosov\u00eb dhe bizneseve kosovare n\u00eb Mal t\u00eb Zi\u201d, ka th\u00ebn\u00eb Tha\u00e7i n\u00eb takim me 15 p\u00ebrfaq\u00ebsues t\u00eb bizneseve kryesore n\u00eb Mal t\u00eb Zi.<\/p>\n<p>Nd\u00ebrsa pasditen e vonshme, z\u00ebvend\u00ebskryeministri Tha\u00e7i do t\u00eb takohet me p\u00ebrfaq\u00ebsuesit kryesor\u00eb politik shqiptar\u00eb n\u00eb Ulqin, me t\u00eb cil\u00ebt do t\u00eb bashk\u00ebbisedoj p\u00ebr gjendjen aktuale t\u00eb shqiptar\u00ebve si dhe avancimin e drejtave t\u00eb tyre n\u00eb Mal t\u00eb Zi.<\/p>\n<p>Kjo \u00ebsht\u00eb vizita e par\u00eb zyrtare e z\u00ebvend\u00ebskryeministrit Tha\u00e7i n\u00eb k\u00ebt\u00eb shtet fqinj dhe po p\u00ebrcjell\u00ebt me nj\u00eb interes shum\u00eb t\u00eb madh t\u00eb Medieve dhe opinionit publik n\u00eb Mal t\u00eb Zi.<\/p>\n<p><strong>Ministria e Pun\u00ebve t\u00eb Jashtme e Republik\u00ebs s\u00eb Kosov\u00ebs<\/strong><\/p>\n","protected":false},"excerpt":{"rendered":"<p>Podgoric\u00eb, 16 janar 2015 \u2013 Z\u00ebvend\u00ebskryeministri i par\u00eb dhe ministri i Pun\u00ebve t\u00eb Jashtme i Republik\u00ebs s\u00eb Kosov\u00ebs, Hashim Tha\u00e7i, ka filluar sot vizit\u00ebn e par\u00eb zyrtare n\u00eb Mal t\u00eb Zi, ku \u00ebsht\u00eb pritur nga p\u00ebrfaq\u00ebsuesit me t\u00eb lart\u00eb t\u00eb k\u00ebtij shteti. Fillimisht, ai \u00ebsht\u00eb pritur n\u00eb takim nga z\u00ebvend\u00ebskryeministri dhe ministri i Jasht\u00ebm dhe [&hellip;]<\/p>\n","protected":false},"author":1,"featured_media":0,"comment_status":"closed","ping_status":"closed","sticky":false,"template":"","format":"standard","meta":{"spay_email":"","jetpack_publicize_message":"","jetpack_is_tweetstorm":false,"jetpack_publicize_feature_enabled":true},"categories":[6950],"tags":[],"jetpack_publicize_connections":[],"yoast_head":"<!-- This site is optimized with the Yoast SEO plugin v19.1 - https:\/\/yoast.com\/wordpress\/plugins\/seo\/ -->\n<title>Tha\u00e7i: Marr\u00ebdh\u00ebniet me Malin e Zi, shembull i mir\u00eb p\u00ebr rajonin - Lajme nga Ulqini<\/title>\n<meta name=\"description\" content=\"Podgoric\u00eb, 16 janar 2015 \u2013 Z\u00ebvend\u00ebskryeministri i par\u00eb dhe ministri i Pun\u00ebve t\u00eb Jashtme i Republik\u00ebs s\u00eb Kosov\u00ebs, Hashim Tha\u00e7i, ka filluar sot vizit\u00ebn e\" \/>\n<meta name=\"robots\" content=\"index, follow, max-snippet:-1, max-image-preview:large, max-video-preview:-1\" \/>\n<link rel=\"canonical\" href=\"https:\/\/www.visit-ulcinj.com\/blog\/2015\/01\/16\/thaci-marredheniet-malin-e-zi-shembull-mire-per-rajonin\/\" \/>\n<meta property=\"og:locale\" content=\"en_US\" \/>\n<meta property=\"og:type\" content=\"article\" \/>\n<meta property=\"og:title\" content=\"Tha\u00e7i: Marr\u00ebdh\u00ebniet me Malin e Zi, shembull i mir\u00eb p\u00ebr rajonin - Lajme nga Ulqini\" \/>\n<meta property=\"og:description\" content=\"Podgoric\u00eb, 16 janar 2015 \u2013 Z\u00ebvend\u00ebskryeministri i par\u00eb dhe ministri i Pun\u00ebve t\u00eb Jashtme i Republik\u00ebs s\u00eb Kosov\u00ebs, Hashim Tha\u00e7i, ka filluar sot vizit\u00ebn e\" \/>\n<meta property=\"og:url\" content=\"https:\/\/www.visit-ulcinj.com\/blog\/2015\/01\/16\/thaci-marredheniet-malin-e-zi-shembull-mire-per-rajonin\/\" \/>\n<meta property=\"og:site_name\" content=\"Lajme nga Ulqini\" \/>\n<meta property=\"article:published_time\" content=\"2015-01-16T15:48:40+00:00\" \/>\n<meta property=\"og:image\" content=\"http:\/\/www.visit-ulcinj.com\/blog\/wp-content\/uploads\/2015\/01\/Thaci-Gjukanovic-podgorice.jpg\" \/>\n<meta name=\"twitter:label1\" content=\"Written by\" \/>\n\t<meta name=\"twitter:data1\" content=\"ulqini\" \/>\n\t<meta name=\"twitter:label2\" content=\"Est. reading time\" \/>\n\t<meta name=\"twitter:data2\" content=\"5 minutes\" \/>\n<script type=\"application\/ld+json\" class=\"yoast-schema-graph\">{\"@context\":\"https:\/\/schema.org\",\"@graph\":[{\"@type\":\"WebSite\",\"@id\":\"https:\/\/www.visit-ulcinj.com\/blog\/#website\",\"url\":\"https:\/\/www.visit-ulcinj.com\/blog\/\",\"name\":\"Lajme nga Ulqini\",\"description\":\"Lajme,Vijesti,Ulqini,Ulqin,Crna Gora,Mali i Zi\",\"potentialAction\":[{\"@type\":\"SearchAction\",\"target\":{\"@type\":\"EntryPoint\",\"urlTemplate\":\"https:\/\/www.visit-ulcinj.com\/blog\/?s={search_term_string}\"},\"query-input\":\"required name=search_term_string\"}],\"inLanguage\":\"en-US\"},{\"@type\":\"ImageObject\",\"inLanguage\":\"en-US\",\"@id\":\"https:\/\/www.visit-ulcinj.com\/blog\/2015\/01\/16\/thaci-marredheniet-malin-e-zi-shembull-mire-per-rajonin\/#primaryimage\",\"url\":\"https:\/\/www.visit-ulcinj.com\/blog\/wp-content\/uploads\/2015\/01\/Thaci-Gjukanovic-podgorice.jpg\",\"contentUrl\":\"https:\/\/www.visit-ulcinj.com\/blog\/wp-content\/uploads\/2015\/01\/Thaci-Gjukanovic-podgorice.jpg\",\"width\":850,\"height\":526},{\"@type\":\"WebPage\",\"@id\":\"https:\/\/www.visit-ulcinj.com\/blog\/2015\/01\/16\/thaci-marredheniet-malin-e-zi-shembull-mire-per-rajonin\/#webpage\",\"url\":\"https:\/\/www.visit-ulcinj.com\/blog\/2015\/01\/16\/thaci-marredheniet-malin-e-zi-shembull-mire-per-rajonin\/\",\"name\":\"Tha\u00e7i: Marr\u00ebdh\u00ebniet me Malin e Zi, shembull i mir\u00eb p\u00ebr rajonin - Lajme nga Ulqini\",\"isPartOf\":{\"@id\":\"https:\/\/www.visit-ulcinj.com\/blog\/#website\"},\"primaryImageOfPage\":{\"@id\":\"https:\/\/www.visit-ulcinj.com\/blog\/2015\/01\/16\/thaci-marredheniet-malin-e-zi-shembull-mire-per-rajonin\/#primaryimage\"},\"datePublished\":\"2015-01-16T15:48:40+00:00\",\"dateModified\":\"2015-01-16T15:48:40+00:00\",\"author\":{\"@id\":\"https:\/\/www.visit-ulcinj.com\/blog\/#\/schema\/person\/dcab619c614d3038751c63bc2aadc06d\"},\"description\":\"Podgoric\u00eb, 16 janar 2015 \u2013 Z\u00ebvend\u00ebskryeministri i par\u00eb dhe ministri i Pun\u00ebve t\u00eb Jashtme i Republik\u00ebs s\u00eb Kosov\u00ebs, Hashim Tha\u00e7i, ka filluar sot vizit\u00ebn e\",\"breadcrumb\":{\"@id\":\"https:\/\/www.visit-ulcinj.com\/blog\/2015\/01\/16\/thaci-marredheniet-malin-e-zi-shembull-mire-per-rajonin\/#breadcrumb\"},\"inLanguage\":\"en-US\",\"potentialAction\":[{\"@type\":\"ReadAction\",\"target\":[\"https:\/\/www.visit-ulcinj.com\/blog\/2015\/01\/16\/thaci-marredheniet-malin-e-zi-shembull-mire-per-rajonin\/\"]}]},{\"@type\":\"BreadcrumbList\",\"@id\":\"https:\/\/www.visit-ulcinj.com\/blog\/2015\/01\/16\/thaci-marredheniet-malin-e-zi-shembull-mire-per-rajonin\/#breadcrumb\",\"itemListElement\":[{\"@type\":\"ListItem\",\"position\":1,\"name\":\"Tha\u00e7i: Marr\u00ebdh\u00ebniet me Malin e Zi, shembull i mir\u00eb p\u00ebr rajonin\"}]},{\"@type\":\"Person\",\"@id\":\"https:\/\/www.visit-ulcinj.com\/blog\/#\/schema\/person\/dcab619c614d3038751c63bc2aadc06d\",\"name\":\"ulqini\",\"sameAs\":[\"http:\/\/www.visit-ulcinj.com\"],\"url\":\"https:\/\/www.visit-ulcinj.com\/blog\/author\/admin\/\"}]}<\/script>\n<!-- \/ Yoast SEO plugin. -->","yoast_head_json":{"title":"Tha\u00e7i: Marr\u00ebdh\u00ebniet me Malin e Zi, shembull i mir\u00eb p\u00ebr rajonin - Lajme nga Ulqini","description":"Podgoric\u00eb, 16 janar 2015 \u2013 Z\u00ebvend\u00ebskryeministri i par\u00eb dhe ministri i Pun\u00ebve t\u00eb Jashtme i Republik\u00ebs s\u00eb Kosov\u00ebs, Hashim Tha\u00e7i, ka filluar sot vizit\u00ebn e","robots":{"index":"index","follow":"follow","max-snippet":"max-snippet:-1","max-image-preview":"max-image-preview:large","max-video-preview":"max-video-preview:-1"},"canonical":"https:\/\/www.visit-ulcinj.com\/blog\/2015\/01\/16\/thaci-marredheniet-malin-e-zi-shembull-mire-per-rajonin\/","og_locale":"en_US","og_type":"article","og_title":"Tha\u00e7i: Marr\u00ebdh\u00ebniet me Malin e Zi, shembull i mir\u00eb p\u00ebr rajonin - Lajme nga Ulqini","og_description":"Podgoric\u00eb, 16 janar 2015 \u2013 Z\u00ebvend\u00ebskryeministri i par\u00eb dhe ministri i Pun\u00ebve t\u00eb Jashtme i Republik\u00ebs s\u00eb Kosov\u00ebs, Hashim Tha\u00e7i, ka filluar sot vizit\u00ebn e","og_url":"https:\/\/www.visit-ulcinj.com\/blog\/2015\/01\/16\/thaci-marredheniet-malin-e-zi-shembull-mire-per-rajonin\/","og_site_name":"Lajme nga Ulqini","article_published_time":"2015-01-16T15:48:40+00:00","og_image":[{"url":"http:\/\/www.visit-ulcinj.com\/blog\/wp-content\/uploads\/2015\/01\/Thaci-Gjukanovic-podgorice.jpg"}],"twitter_misc":{"Written by":"ulqini","Est. reading time":"5 minutes"},"schema":{"@context":"https:\/\/schema.org","@graph":[{"@type":"WebSite","@id":"https:\/\/www.visit-ulcinj.com\/blog\/#website","url":"https:\/\/www.visit-ulcinj.com\/blog\/","name":"Lajme nga Ulqini","description":"Lajme,Vijesti,Ulqini,Ulqin,Crna Gora,Mali i Zi","potentialAction":[{"@type":"SearchAction","target":{"@type":"EntryPoint","urlTemplate":"https:\/\/www.visit-ulcinj.com\/blog\/?s={search_term_string}"},"query-input":"required name=search_term_string"}],"inLanguage":"en-US"},{"@type":"ImageObject","inLanguage":"en-US","@id":"https:\/\/www.visit-ulcinj.com\/blog\/2015\/01\/16\/thaci-marredheniet-malin-e-zi-shembull-mire-per-rajonin\/#primaryimage","url":"https:\/\/www.visit-ulcinj.com\/blog\/wp-content\/uploads\/2015\/01\/Thaci-Gjukanovic-podgorice.jpg","contentUrl":"https:\/\/www.visit-ulcinj.com\/blog\/wp-content\/uploads\/2015\/01\/Thaci-Gjukanovic-podgorice.jpg","width":850,"height":526},{"@type":"WebPage","@id":"https:\/\/www.visit-ulcinj.com\/blog\/2015\/01\/16\/thaci-marredheniet-malin-e-zi-shembull-mire-per-rajonin\/#webpage","url":"https:\/\/www.visit-ulcinj.com\/blog\/2015\/01\/16\/thaci-marredheniet-malin-e-zi-shembull-mire-per-rajonin\/","name":"Tha\u00e7i: Marr\u00ebdh\u00ebniet me Malin e Zi, shembull i mir\u00eb p\u00ebr rajonin - Lajme nga Ulqini","isPartOf":{"@id":"https:\/\/www.visit-ulcinj.com\/blog\/#website"},"primaryImageOfPage":{"@id":"https:\/\/www.visit-ulcinj.com\/blog\/2015\/01\/16\/thaci-marredheniet-malin-e-zi-shembull-mire-per-rajonin\/#primaryimage"},"datePublished":"2015-01-16T15:48:40+00:00","dateModified":"2015-01-16T15:48:40+00:00","author":{"@id":"https:\/\/www.visit-ulcinj.com\/blog\/#\/schema\/person\/dcab619c614d3038751c63bc2aadc06d"},"description":"Podgoric\u00eb, 16 janar 2015 \u2013 Z\u00ebvend\u00ebskryeministri i par\u00eb dhe ministri i Pun\u00ebve t\u00eb Jashtme i Republik\u00ebs s\u00eb Kosov\u00ebs, Hashim Tha\u00e7i, ka filluar sot vizit\u00ebn e","breadcrumb":{"@id":"https:\/\/www.visit-ulcinj.com\/blog\/2015\/01\/16\/thaci-marredheniet-malin-e-zi-shembull-mire-per-rajonin\/#breadcrumb"},"inLanguage":"en-US","potentialAction":[{"@type":"ReadAction","target":["https:\/\/www.visit-ulcinj.com\/blog\/2015\/01\/16\/thaci-marredheniet-malin-e-zi-shembull-mire-per-rajonin\/"]}]},{"@type":"BreadcrumbList","@id":"https:\/\/www.visit-ulcinj.com\/blog\/2015\/01\/16\/thaci-marredheniet-malin-e-zi-shembull-mire-per-rajonin\/#breadcrumb","itemListElement":[{"@type":"ListItem","position":1,"name":"Tha\u00e7i: Marr\u00ebdh\u00ebniet me Malin e Zi, shembull i mir\u00eb p\u00ebr rajonin"}]},{"@type":"Person","@id":"https:\/\/www.visit-ulcinj.com\/blog\/#\/schema\/person\/dcab619c614d3038751c63bc2aadc06d","name":"ulqini","sameAs":["http:\/\/www.visit-ulcinj.com"],"url":"https:\/\/www.visit-ulcinj.com\/blog\/author\/admin\/"}]}},"jetpack_featured_media_url":"","jetpack_sharing_enabled":true,"jetpack_shortlink":"https:\/\/wp.me\/pe6lTn-mQL","_links":{"self":[{"href":"https:\/\/www.visit-ulcinj.com\/blog\/wp-json\/wp\/v2\/posts\/87839"}],"collection":[{"href":"https:\/\/www.visit-ulcinj.com\/blog\/wp-json\/wp\/v2\/posts"}],"about":[{"href":"https:\/\/www.visit-ulcinj.com\/blog\/wp-json\/wp\/v2\/types\/post"}],"author":[{"embeddable":true,"href":"https:\/\/www.visit-ulcinj.com\/blog\/wp-json\/wp\/v2\/users\/1"}],"replies":[{"embeddable":true,"href":"https:\/\/www.visit-ulcinj.com\/blog\/wp-json\/wp\/v2\/comments?post=87839"}],"version-history":[{"count":1,"href":"https:\/\/www.visit-ulcinj.com\/blog\/wp-json\/wp\/v2\/posts\/87839\/revisions"}],"predecessor-version":[{"id":87843,"href":"https:\/\/www.visit-ulcinj.com\/blog\/wp-json\/wp\/v2\/posts\/87839\/revisions\/87843"}],"wp:attachment":[{"href":"https:\/\/www.visit-ulcinj.com\/blog\/wp-json\/wp\/v2\/media?parent=87839"}],"wp:term":[{"taxonomy":"category","embeddable":true,"href":"https:\/\/www.visit-ulcinj.com\/blog\/wp-json\/wp\/v2\/categories?post=87839"},{"taxonomy":"post_tag","embeddable":true,"href":"https:\/\/www.visit-ulcinj.com\/blog\/wp-json\/wp\/v2\/tags?post=87839"}],"curies":[{"name":"wp","href":"https:\/\/api.w.org\/{rel}","templated":true}]}}