{"id":87852,"date":"2015-01-16T17:45:22","date_gmt":"2015-01-16T16:45:22","guid":{"rendered":"http:\/\/www.visit-ulcinj.com\/blog\/?p=87852"},"modified":"2015-01-18T09:17:48","modified_gmt":"2015-01-18T08:17:48","slug":"hasim-taci-stigao-je-helikopterom-u-ulcinj-video","status":"publish","type":"post","link":"https:\/\/www.visit-ulcinj.com\/blog\/2015\/01\/16\/hasim-taci-stigao-je-helikopterom-u-ulcinj-video\/","title":{"rendered":"Ha\u0161im Ta\u010di stigao je helikopterom u Ulcinj &#8211; Video + Foto"},"content":{"rendered":"<p><a href=\"http:\/\/www.visit-ulcinj.com\/blog\/wp-content\/uploads\/2015\/01\/Tha\u00e7i-Fatmir-Gjeka-ne-Ulqin.jpg\"><img loading=\"lazy\" class=\"alignleft wp-image-87845\" src=\"http:\/\/www.visit-ulcinj.com\/blog\/wp-content\/uploads\/2015\/01\/Tha\u00e7i-Fatmir-Gjeka-ne-Ulqin.jpg\" alt=\"Tha\u00e7i-Fatmir-Gjeka ne Ulqin\" width=\"508\" height=\"381\" srcset=\"https:\/\/www.visit-ulcinj.com\/blog\/wp-content\/uploads\/2015\/01\/Tha\u00e7i-Fatmir-Gjeka-ne-Ulqin.jpg 960w, https:\/\/www.visit-ulcinj.com\/blog\/wp-content\/uploads\/2015\/01\/Tha\u00e7i-Fatmir-Gjeka-ne-Ulqin-300x225.jpg 300w\" sizes=\"(max-width: 508px) 100vw, 508px\" \/><\/a>Nakon razgovora sa najvi\u0161im crnogorskim zvani\u010dnicima u Podgorici, potpredsjednik Vlade i ministar vanjskih poslova Kosova Ha\u0161im Ta\u010di stigao je helikopterom u Ulcinj, prenosi Portal Ul.info.<\/p>\n<p>Uz sna\u017ene mjere obezbje\u0111enja, Ta\u010dija su ispred zgrade do\u010dekali \u010delnici op\u0161tine na \u010delu sa predsjednikom Fatmirom \u0110ekom i oko 200 gra\u0111ana Ulcinja.<\/p>\n<p><a href=\"http:\/\/www.visit-ulcinj.com\/blog\/wp-content\/uploads\/2015\/01\/Hashim-Thaci-permendorja-Ulqin.jpg\"><img loading=\"lazy\" class=\"alignleft wp-image-87846\" src=\"http:\/\/www.visit-ulcinj.com\/blog\/wp-content\/uploads\/2015\/01\/Hashim-Thaci-permendorja-Ulqin.jpg\" alt=\"???????????????????????????????\" width=\"508\" height=\"286\" srcset=\"https:\/\/www.visit-ulcinj.com\/blog\/wp-content\/uploads\/2015\/01\/Hashim-Thaci-permendorja-Ulqin.jpg 640w, https:\/\/www.visit-ulcinj.com\/blog\/wp-content\/uploads\/2015\/01\/Hashim-Thaci-permendorja-Ulqin-300x168.jpg 300w\" sizes=\"(max-width: 508px) 100vw, 508px\" \/><\/a><\/p>\n<p>Sa svima njima se Ta\u010di pozdravio a potom je polo\u017eio cvije\u0107e na spomen plo\u010di kosovskim izbjeglicama ispred zgrade Op\u0161tine Ulcinj.<\/p>\n<p>Ta\u010di je potom razgovarao sa \u010delnicima Ulcinja o mogu\u0107nostima za pro\u0161irenje saradnje na svim poljima.<\/p>\n<p>Za visokog gosta prire\u0111ena je ve\u010dera u palati \u201eVenecija\u201c u Starom gradu.<\/p>\n<p><iframe loading=\"lazy\" src=\"\/\/www.dailymotion.com\/embed\/video\/x2evha9?autoPlay=1\" width=\"508\" height=\"315\" frameborder=\"0\" allowfullscreen=\"allowfullscreen\"><\/iframe><\/p>\n<!--YouTube Error: bad URL entered-->\n\n\t\t<style type=\"text\/css\">\n\t\t\t#gallery-1 {\n\t\t\t\tmargin: auto;\n\t\t\t}\n\t\t\t#gallery-1 .gallery-item {\n\t\t\t\tfloat: left;\n\t\t\t\tmargin-top: 10px;\n\t\t\t\ttext-align: center;\n\t\t\t\twidth: 33%;\n\t\t\t}\n\t\t\t#gallery-1 img {\n\t\t\t\tborder: 2px solid #cfcfcf;\n\t\t\t}\n\t\t\t#gallery-1 .gallery-caption {\n\t\t\t\tmargin-left: 0;\n\t\t\t}\n\t\t\t\/* see gallery_shortcode() in wp-includes\/media.php *\/\n\t\t<\/style>\n\t\t<div id='gallery-1' class='gallery galleryid-87852 gallery-columns-3 gallery-size-thumbnail'><dl class='gallery-item'>\n\t\t\t<dt class='gallery-icon landscape'>\n\t\t\t\t<a href='https:\/\/www.visit-ulcinj.com\/blog\/2015\/01\/17\/hashim-thaci-porosi-shqiptareve-te-ulqinit-mos-e-braktisin-vendlindjen-dhe-mos-i-shisni-pronat-60-foto\/pritja-e-hashim-thacit-ulqin-mali-zi-5\/'><img width=\"150\" height=\"150\" src=\"https:\/\/www.visit-ulcinj.com\/blog\/wp-content\/uploads\/2015\/01\/Pritja-e-Hashim-Thacit-Ulqin-Mali-Zi-5-150x150.jpg\" class=\"attachment-thumbnail size-thumbnail\" alt=\"\" loading=\"lazy\" \/><\/a>\n\t\t\t<\/dt><\/dl><dl class='gallery-item'>\n\t\t\t<dt class='gallery-icon landscape'>\n\t\t\t\t<a href='https:\/\/www.visit-ulcinj.com\/blog\/2015\/01\/17\/hashim-thaci-porosi-shqiptareve-te-ulqinit-mos-e-braktisin-vendlindjen-dhe-mos-i-shisni-pronat-60-foto\/pritja-e-hashim-thacit-ulqin-mali-zi\/'><img width=\"150\" height=\"150\" src=\"https:\/\/www.visit-ulcinj.com\/blog\/wp-content\/uploads\/2015\/01\/Pritja-e-Hashim-Thacit-Ulqin-Mali-Zi--150x150.jpg\" class=\"attachment-thumbnail size-thumbnail\" alt=\"\" loading=\"lazy\" \/><\/a>\n\t\t\t<\/dt><\/dl><dl class='gallery-item'>\n\t\t\t<dt class='gallery-icon landscape'>\n\t\t\t\t<a href='https:\/\/www.visit-ulcinj.com\/blog\/2015\/01\/17\/hashim-thaci-porosi-shqiptareve-te-ulqinit-mos-e-braktisin-vendlindjen-dhe-mos-i-shisni-pronat-60-foto\/pritja-e-hashim-thacit-ulqin-mali-zi-53\/'><img width=\"150\" height=\"150\" src=\"https:\/\/www.visit-ulcinj.com\/blog\/wp-content\/uploads\/2015\/01\/Pritja-e-Hashim-Thacit-Ulqin-Mali-Zi-53-150x150.jpg\" class=\"attachment-thumbnail size-thumbnail\" alt=\"\" loading=\"lazy\" \/><\/a>\n\t\t\t<\/dt><\/dl><br style=\"clear: both\" \/><dl class='gallery-item'>\n\t\t\t<dt class='gallery-icon landscape'>\n\t\t\t\t<a href='https:\/\/www.visit-ulcinj.com\/blog\/2015\/01\/17\/hashim-thaci-porosi-shqiptareve-te-ulqinit-mos-e-braktisin-vendlindjen-dhe-mos-i-shisni-pronat-60-foto\/pritja-e-hashim-thacit-ulqin-mali-zi-1\/'><img width=\"150\" height=\"150\" src=\"https:\/\/www.visit-ulcinj.com\/blog\/wp-content\/uploads\/2015\/01\/Pritja-e-Hashim-Thacit-Ulqin-Mali-Zi-11-150x150.jpg\" class=\"attachment-thumbnail size-thumbnail\" alt=\"\" loading=\"lazy\" \/><\/a>\n\t\t\t<\/dt><\/dl><dl class='gallery-item'>\n\t\t\t<dt class='gallery-icon landscape'>\n\t\t\t\t<a href='https:\/\/www.visit-ulcinj.com\/blog\/2015\/01\/17\/hashim-thaci-porosi-shqiptareve-te-ulqinit-mos-e-braktisin-vendlindjen-dhe-mos-i-shisni-pronat-60-foto\/pritja-e-hashim-thacit-ulqin-mali-zi-2-2\/'><img width=\"150\" height=\"150\" src=\"https:\/\/www.visit-ulcinj.com\/blog\/wp-content\/uploads\/2015\/01\/Pritja-e-Hashim-Thacit-Ulqin-Mali-Zi-2-150x150.jpg\" class=\"attachment-thumbnail size-thumbnail\" alt=\"\" loading=\"lazy\" \/><\/a>\n\t\t\t<\/dt><\/dl><dl class='gallery-item'>\n\t\t\t<dt class='gallery-icon landscape'>\n\t\t\t\t<a href='https:\/\/www.visit-ulcinj.com\/blog\/2015\/01\/17\/hashim-thaci-porosi-shqiptareve-te-ulqinit-mos-e-braktisin-vendlindjen-dhe-mos-i-shisni-pronat-60-foto\/pritja-e-hashim-thacit-ulqin-mali-zi-3\/'><img width=\"150\" height=\"150\" src=\"https:\/\/www.visit-ulcinj.com\/blog\/wp-content\/uploads\/2015\/01\/Pritja-e-Hashim-Thacit-Ulqin-Mali-Zi-3-150x150.jpg\" class=\"attachment-thumbnail size-thumbnail\" alt=\"\" loading=\"lazy\" \/><\/a>\n\t\t\t<\/dt><\/dl><br style=\"clear: both\" \/><dl class='gallery-item'>\n\t\t\t<dt class='gallery-icon landscape'>\n\t\t\t\t<a href='https:\/\/www.visit-ulcinj.com\/blog\/2015\/01\/17\/hashim-thaci-porosi-shqiptareve-te-ulqinit-mos-e-braktisin-vendlindjen-dhe-mos-i-shisni-pronat-60-foto\/pritja-e-hashim-thacit-ulqin-mali-zi-4\/'><img width=\"150\" height=\"150\" src=\"https:\/\/www.visit-ulcinj.com\/blog\/wp-content\/uploads\/2015\/01\/Pritja-e-Hashim-Thacit-Ulqin-Mali-Zi-4-150x150.jpg\" class=\"attachment-thumbnail size-thumbnail\" alt=\"\" loading=\"lazy\" \/><\/a>\n\t\t\t<\/dt><\/dl><dl class='gallery-item'>\n\t\t\t<dt class='gallery-icon landscape'>\n\t\t\t\t<a href='https:\/\/www.visit-ulcinj.com\/blog\/2015\/01\/17\/hashim-thaci-porosi-shqiptareve-te-ulqinit-mos-e-braktisin-vendlindjen-dhe-mos-i-shisni-pronat-60-foto\/pritja-e-hashim-thacit-ulqin-mali-zi-6\/'><img width=\"150\" height=\"150\" src=\"https:\/\/www.visit-ulcinj.com\/blog\/wp-content\/uploads\/2015\/01\/Pritja-e-Hashim-Thacit-Ulqin-Mali-Zi-6-150x150.jpg\" class=\"attachment-thumbnail size-thumbnail\" alt=\"\" loading=\"lazy\" \/><\/a>\n\t\t\t<\/dt><\/dl><dl class='gallery-item'>\n\t\t\t<dt class='gallery-icon landscape'>\n\t\t\t\t<a href='https:\/\/www.visit-ulcinj.com\/blog\/2015\/01\/17\/hashim-thaci-porosi-shqiptareve-te-ulqinit-mos-e-braktisin-vendlindjen-dhe-mos-i-shisni-pronat-60-foto\/pritja-e-hashim-thacit-ulqin-mali-zi-7\/'><img width=\"150\" height=\"150\" src=\"https:\/\/www.visit-ulcinj.com\/blog\/wp-content\/uploads\/2015\/01\/Pritja-e-Hashim-Thacit-Ulqin-Mali-Zi-7-150x150.jpg\" class=\"attachment-thumbnail size-thumbnail\" alt=\"\" loading=\"lazy\" \/><\/a>\n\t\t\t<\/dt><\/dl><br style=\"clear: both\" \/><dl class='gallery-item'>\n\t\t\t<dt class='gallery-icon landscape'>\n\t\t\t\t<a href='https:\/\/www.visit-ulcinj.com\/blog\/2015\/01\/17\/hashim-thaci-porosi-shqiptareve-te-ulqinit-mos-e-braktisin-vendlindjen-dhe-mos-i-shisni-pronat-60-foto\/pritja-e-hashim-thacit-ulqin-mali-zi-8\/'><img width=\"150\" height=\"150\" src=\"https:\/\/www.visit-ulcinj.com\/blog\/wp-content\/uploads\/2015\/01\/Pritja-e-Hashim-Thacit-Ulqin-Mali-Zi-8-150x150.jpg\" class=\"attachment-thumbnail size-thumbnail\" alt=\"\" loading=\"lazy\" \/><\/a>\n\t\t\t<\/dt><\/dl><dl class='gallery-item'>\n\t\t\t<dt class='gallery-icon landscape'>\n\t\t\t\t<a href='https:\/\/www.visit-ulcinj.com\/blog\/2015\/01\/17\/hashim-thaci-porosi-shqiptareve-te-ulqinit-mos-e-braktisin-vendlindjen-dhe-mos-i-shisni-pronat-60-foto\/pritja-e-hashim-thacit-ulqin-mali-zi-9\/'><img width=\"150\" height=\"150\" src=\"https:\/\/www.visit-ulcinj.com\/blog\/wp-content\/uploads\/2015\/01\/Pritja-e-Hashim-Thacit-Ulqin-Mali-Zi-9-150x150.jpg\" class=\"attachment-thumbnail size-thumbnail\" alt=\"\" loading=\"lazy\" \/><\/a>\n\t\t\t<\/dt><\/dl><dl class='gallery-item'>\n\t\t\t<dt class='gallery-icon portrait'>\n\t\t\t\t<a href='https:\/\/www.visit-ulcinj.com\/blog\/2015\/01\/17\/hashim-thaci-porosi-shqiptareve-te-ulqinit-mos-e-braktisin-vendlindjen-dhe-mos-i-shisni-pronat-60-foto\/pritja-e-hashim-thacit-ulqin-mali-zi-10\/'><img width=\"150\" height=\"150\" src=\"https:\/\/www.visit-ulcinj.com\/blog\/wp-content\/uploads\/2015\/01\/Pritja-e-Hashim-Thacit-Ulqin-Mali-Zi-10-150x150.jpg\" class=\"attachment-thumbnail size-thumbnail\" alt=\"\" loading=\"lazy\" \/><\/a>\n\t\t\t<\/dt><\/dl><br style=\"clear: both\" \/><dl class='gallery-item'>\n\t\t\t<dt class='gallery-icon portrait'>\n\t\t\t\t<a href='https:\/\/www.visit-ulcinj.com\/blog\/2015\/01\/17\/hashim-thaci-porosi-shqiptareve-te-ulqinit-mos-e-braktisin-vendlindjen-dhe-mos-i-shisni-pronat-60-foto\/pritja-e-hashim-thacit-ulqin-mali-zi-11\/'><img width=\"150\" height=\"150\" src=\"https:\/\/www.visit-ulcinj.com\/blog\/wp-content\/uploads\/2015\/01\/Pritja-e-Hashim-Thacit-Ulqin-Mali-Zi-111-150x150.jpg\" class=\"attachment-thumbnail size-thumbnail\" alt=\"\" loading=\"lazy\" \/><\/a>\n\t\t\t<\/dt><\/dl><dl class='gallery-item'>\n\t\t\t<dt class='gallery-icon landscape'>\n\t\t\t\t<a href='https:\/\/www.visit-ulcinj.com\/blog\/2015\/01\/17\/hashim-thaci-porosi-shqiptareve-te-ulqinit-mos-e-braktisin-vendlindjen-dhe-mos-i-shisni-pronat-60-foto\/pritja-e-hashim-thacit-ulqin-mali-zi-12\/'><img width=\"150\" height=\"150\" src=\"https:\/\/www.visit-ulcinj.com\/blog\/wp-content\/uploads\/2015\/01\/Pritja-e-Hashim-Thacit-Ulqin-Mali-Zi-12-150x150.jpg\" class=\"attachment-thumbnail size-thumbnail\" alt=\"\" loading=\"lazy\" \/><\/a>\n\t\t\t<\/dt><\/dl><dl class='gallery-item'>\n\t\t\t<dt class='gallery-icon landscape'>\n\t\t\t\t<a href='https:\/\/www.visit-ulcinj.com\/blog\/2015\/01\/17\/hashim-thaci-porosi-shqiptareve-te-ulqinit-mos-e-braktisin-vendlindjen-dhe-mos-i-shisni-pronat-60-foto\/pritja-e-hashim-thacit-ulqin-mali-zi-13\/'><img width=\"150\" height=\"150\" src=\"https:\/\/www.visit-ulcinj.com\/blog\/wp-content\/uploads\/2015\/01\/Pritja-e-Hashim-Thacit-Ulqin-Mali-Zi-13-150x150.jpg\" class=\"attachment-thumbnail size-thumbnail\" alt=\"\" loading=\"lazy\" \/><\/a>\n\t\t\t<\/dt><\/dl><br style=\"clear: both\" \/><dl class='gallery-item'>\n\t\t\t<dt class='gallery-icon portrait'>\n\t\t\t\t<a href='https:\/\/www.visit-ulcinj.com\/blog\/2015\/01\/17\/hashim-thaci-porosi-shqiptareve-te-ulqinit-mos-e-braktisin-vendlindjen-dhe-mos-i-shisni-pronat-60-foto\/pritja-e-hashim-thacit-ulqin-mali-zi-14\/'><img width=\"150\" height=\"150\" src=\"https:\/\/www.visit-ulcinj.com\/blog\/wp-content\/uploads\/2015\/01\/Pritja-e-Hashim-Thacit-Ulqin-Mali-Zi-14-150x150.jpg\" class=\"attachment-thumbnail size-thumbnail\" alt=\"\" loading=\"lazy\" \/><\/a>\n\t\t\t<\/dt><\/dl><dl class='gallery-item'>\n\t\t\t<dt class='gallery-icon landscape'>\n\t\t\t\t<a href='https:\/\/www.visit-ulcinj.com\/blog\/2015\/01\/17\/hashim-thaci-porosi-shqiptareve-te-ulqinit-mos-e-braktisin-vendlindjen-dhe-mos-i-shisni-pronat-60-foto\/pritja-e-hashim-thacit-ulqin-mali-zi-15\/'><img width=\"150\" height=\"150\" src=\"https:\/\/www.visit-ulcinj.com\/blog\/wp-content\/uploads\/2015\/01\/Pritja-e-Hashim-Thacit-Ulqin-Mali-Zi-15-150x150.jpg\" class=\"attachment-thumbnail size-thumbnail\" alt=\"\" loading=\"lazy\" \/><\/a>\n\t\t\t<\/dt><\/dl><dl class='gallery-item'>\n\t\t\t<dt class='gallery-icon landscape'>\n\t\t\t\t<a href='https:\/\/www.visit-ulcinj.com\/blog\/2015\/01\/17\/hashim-thaci-porosi-shqiptareve-te-ulqinit-mos-e-braktisin-vendlindjen-dhe-mos-i-shisni-pronat-60-foto\/pritja-e-hashim-thacit-ulqin-mali-zi-16\/'><img width=\"150\" height=\"150\" src=\"https:\/\/www.visit-ulcinj.com\/blog\/wp-content\/uploads\/2015\/01\/Pritja-e-Hashim-Thacit-Ulqin-Mali-Zi-16-150x150.jpg\" class=\"attachment-thumbnail size-thumbnail\" alt=\"\" loading=\"lazy\" \/><\/a>\n\t\t\t<\/dt><\/dl><br style=\"clear: both\" \/><dl class='gallery-item'>\n\t\t\t<dt class='gallery-icon landscape'>\n\t\t\t\t<a href='https:\/\/www.visit-ulcinj.com\/blog\/2015\/01\/17\/hashim-thaci-porosi-shqiptareve-te-ulqinit-mos-e-braktisin-vendlindjen-dhe-mos-i-shisni-pronat-60-foto\/pritja-e-hashim-thacit-ulqin-mali-zi-17\/'><img width=\"150\" height=\"150\" src=\"https:\/\/www.visit-ulcinj.com\/blog\/wp-content\/uploads\/2015\/01\/Pritja-e-Hashim-Thacit-Ulqin-Mali-Zi-17-150x150.jpg\" class=\"attachment-thumbnail size-thumbnail\" alt=\"\" loading=\"lazy\" \/><\/a>\n\t\t\t<\/dt><\/dl><dl class='gallery-item'>\n\t\t\t<dt class='gallery-icon landscape'>\n\t\t\t\t<a href='https:\/\/www.visit-ulcinj.com\/blog\/2015\/01\/17\/hashim-thaci-porosi-shqiptareve-te-ulqinit-mos-e-braktisin-vendlindjen-dhe-mos-i-shisni-pronat-60-foto\/pritja-e-hashim-thacit-ulqin-mali-zi-18\/'><img width=\"150\" height=\"150\" src=\"https:\/\/www.visit-ulcinj.com\/blog\/wp-content\/uploads\/2015\/01\/Pritja-e-Hashim-Thacit-Ulqin-Mali-Zi-18-150x150.jpg\" class=\"attachment-thumbnail size-thumbnail\" alt=\"\" loading=\"lazy\" \/><\/a>\n\t\t\t<\/dt><\/dl><dl class='gallery-item'>\n\t\t\t<dt class='gallery-icon portrait'>\n\t\t\t\t<a href='https:\/\/www.visit-ulcinj.com\/blog\/2015\/01\/17\/hashim-thaci-porosi-shqiptareve-te-ulqinit-mos-e-braktisin-vendlindjen-dhe-mos-i-shisni-pronat-60-foto\/pritja-e-hashim-thacit-ulqin-mali-zi-19\/'><img width=\"150\" height=\"150\" src=\"https:\/\/www.visit-ulcinj.com\/blog\/wp-content\/uploads\/2015\/01\/Pritja-e-Hashim-Thacit-Ulqin-Mali-Zi-19-150x150.jpg\" class=\"attachment-thumbnail size-thumbnail\" alt=\"\" loading=\"lazy\" \/><\/a>\n\t\t\t<\/dt><\/dl><br style=\"clear: both\" \/><dl class='gallery-item'>\n\t\t\t<dt class='gallery-icon landscape'>\n\t\t\t\t<a href='https:\/\/www.visit-ulcinj.com\/blog\/2015\/01\/17\/hashim-thaci-porosi-shqiptareve-te-ulqinit-mos-e-braktisin-vendlindjen-dhe-mos-i-shisni-pronat-60-foto\/pritja-e-hashim-thacit-ulqin-mali-zi-20\/'><img width=\"150\" height=\"150\" src=\"https:\/\/www.visit-ulcinj.com\/blog\/wp-content\/uploads\/2015\/01\/Pritja-e-Hashim-Thacit-Ulqin-Mali-Zi-20-150x150.jpg\" class=\"attachment-thumbnail size-thumbnail\" alt=\"\" loading=\"lazy\" \/><\/a>\n\t\t\t<\/dt><\/dl><dl class='gallery-item'>\n\t\t\t<dt class='gallery-icon landscape'>\n\t\t\t\t<a href='https:\/\/www.visit-ulcinj.com\/blog\/2015\/01\/17\/hashim-thaci-porosi-shqiptareve-te-ulqinit-mos-e-braktisin-vendlindjen-dhe-mos-i-shisni-pronat-60-foto\/pritja-e-hashim-thacit-ulqin-mali-zi-21\/'><img width=\"150\" height=\"150\" src=\"https:\/\/www.visit-ulcinj.com\/blog\/wp-content\/uploads\/2015\/01\/Pritja-e-Hashim-Thacit-Ulqin-Mali-Zi-21-150x150.jpg\" class=\"attachment-thumbnail size-thumbnail\" alt=\"\" loading=\"lazy\" \/><\/a>\n\t\t\t<\/dt><\/dl><dl class='gallery-item'>\n\t\t\t<dt class='gallery-icon landscape'>\n\t\t\t\t<a href='https:\/\/www.visit-ulcinj.com\/blog\/2015\/01\/17\/hashim-thaci-porosi-shqiptareve-te-ulqinit-mos-e-braktisin-vendlindjen-dhe-mos-i-shisni-pronat-60-foto\/pritja-e-hashim-thacit-ulqin-mali-zi-22\/'><img width=\"150\" height=\"150\" src=\"https:\/\/www.visit-ulcinj.com\/blog\/wp-content\/uploads\/2015\/01\/Pritja-e-Hashim-Thacit-Ulqin-Mali-Zi-22-150x150.jpg\" class=\"attachment-thumbnail size-thumbnail\" alt=\"\" loading=\"lazy\" \/><\/a>\n\t\t\t<\/dt><\/dl><br style=\"clear: both\" \/><dl class='gallery-item'>\n\t\t\t<dt class='gallery-icon landscape'>\n\t\t\t\t<a href='https:\/\/www.visit-ulcinj.com\/blog\/2015\/01\/17\/hashim-thaci-porosi-shqiptareve-te-ulqinit-mos-e-braktisin-vendlindjen-dhe-mos-i-shisni-pronat-60-foto\/pritja-e-hashim-thacit-ulqin-mali-zi-23\/'><img width=\"150\" height=\"150\" src=\"https:\/\/www.visit-ulcinj.com\/blog\/wp-content\/uploads\/2015\/01\/Pritja-e-Hashim-Thacit-Ulqin-Mali-Zi-23-150x150.jpg\" class=\"attachment-thumbnail size-thumbnail\" alt=\"\" loading=\"lazy\" \/><\/a>\n\t\t\t<\/dt><\/dl><dl class='gallery-item'>\n\t\t\t<dt class='gallery-icon landscape'>\n\t\t\t\t<a href='https:\/\/www.visit-ulcinj.com\/blog\/2015\/01\/17\/hashim-thaci-porosi-shqiptareve-te-ulqinit-mos-e-braktisin-vendlindjen-dhe-mos-i-shisni-pronat-60-foto\/pritja-e-hashim-thacit-ulqin-mali-zi-24\/'><img width=\"150\" height=\"150\" src=\"https:\/\/www.visit-ulcinj.com\/blog\/wp-content\/uploads\/2015\/01\/Pritja-e-Hashim-Thacit-Ulqin-Mali-Zi-24-150x150.jpg\" class=\"attachment-thumbnail size-thumbnail\" alt=\"\" loading=\"lazy\" \/><\/a>\n\t\t\t<\/dt><\/dl><dl class='gallery-item'>\n\t\t\t<dt class='gallery-icon landscape'>\n\t\t\t\t<a href='https:\/\/www.visit-ulcinj.com\/blog\/2015\/01\/17\/hashim-thaci-porosi-shqiptareve-te-ulqinit-mos-e-braktisin-vendlindjen-dhe-mos-i-shisni-pronat-60-foto\/pritja-e-hashim-thacit-ulqin-mali-zi-25\/'><img width=\"150\" height=\"150\" src=\"https:\/\/www.visit-ulcinj.com\/blog\/wp-content\/uploads\/2015\/01\/Pritja-e-Hashim-Thacit-Ulqin-Mali-Zi-25-150x150.jpg\" class=\"attachment-thumbnail size-thumbnail\" alt=\"\" loading=\"lazy\" \/><\/a>\n\t\t\t<\/dt><\/dl><br style=\"clear: both\" \/><dl class='gallery-item'>\n\t\t\t<dt class='gallery-icon landscape'>\n\t\t\t\t<a href='https:\/\/www.visit-ulcinj.com\/blog\/2015\/01\/17\/hashim-thaci-porosi-shqiptareve-te-ulqinit-mos-e-braktisin-vendlindjen-dhe-mos-i-shisni-pronat-60-foto\/pritja-e-hashim-thacit-ulqin-mali-zi-26\/'><img width=\"150\" height=\"150\" src=\"https:\/\/www.visit-ulcinj.com\/blog\/wp-content\/uploads\/2015\/01\/Pritja-e-Hashim-Thacit-Ulqin-Mali-Zi-26-150x150.jpg\" class=\"attachment-thumbnail size-thumbnail\" alt=\"\" loading=\"lazy\" \/><\/a>\n\t\t\t<\/dt><\/dl><dl class='gallery-item'>\n\t\t\t<dt class='gallery-icon landscape'>\n\t\t\t\t<a href='https:\/\/www.visit-ulcinj.com\/blog\/2015\/01\/17\/hashim-thaci-porosi-shqiptareve-te-ulqinit-mos-e-braktisin-vendlindjen-dhe-mos-i-shisni-pronat-60-foto\/pritja-e-hashim-thacit-ulqin-mali-zi-27\/'><img width=\"150\" height=\"150\" src=\"https:\/\/www.visit-ulcinj.com\/blog\/wp-content\/uploads\/2015\/01\/Pritja-e-Hashim-Thacit-Ulqin-Mali-Zi-27-150x150.jpg\" class=\"attachment-thumbnail size-thumbnail\" alt=\"\" loading=\"lazy\" \/><\/a>\n\t\t\t<\/dt><\/dl><dl class='gallery-item'>\n\t\t\t<dt class='gallery-icon landscape'>\n\t\t\t\t<a href='https:\/\/www.visit-ulcinj.com\/blog\/2015\/01\/17\/hashim-thaci-porosi-shqiptareve-te-ulqinit-mos-e-braktisin-vendlindjen-dhe-mos-i-shisni-pronat-60-foto\/pritja-e-hashim-thacit-ulqin-mali-zi-28\/'><img width=\"150\" height=\"150\" src=\"https:\/\/www.visit-ulcinj.com\/blog\/wp-content\/uploads\/2015\/01\/Pritja-e-Hashim-Thacit-Ulqin-Mali-Zi-28-150x150.jpg\" class=\"attachment-thumbnail size-thumbnail\" alt=\"\" loading=\"lazy\" \/><\/a>\n\t\t\t<\/dt><\/dl><br style=\"clear: both\" \/><dl class='gallery-item'>\n\t\t\t<dt class='gallery-icon landscape'>\n\t\t\t\t<a href='https:\/\/www.visit-ulcinj.com\/blog\/2015\/01\/17\/hashim-thaci-porosi-shqiptareve-te-ulqinit-mos-e-braktisin-vendlindjen-dhe-mos-i-shisni-pronat-60-foto\/pritja-e-hashim-thacit-ulqin-mali-zi-29\/'><img width=\"150\" height=\"150\" src=\"https:\/\/www.visit-ulcinj.com\/blog\/wp-content\/uploads\/2015\/01\/Pritja-e-Hashim-Thacit-Ulqin-Mali-Zi-29-150x150.jpg\" class=\"attachment-thumbnail size-thumbnail\" alt=\"\" loading=\"lazy\" \/><\/a>\n\t\t\t<\/dt><\/dl><dl class='gallery-item'>\n\t\t\t<dt class='gallery-icon landscape'>\n\t\t\t\t<a href='https:\/\/www.visit-ulcinj.com\/blog\/2015\/01\/17\/hashim-thaci-porosi-shqiptareve-te-ulqinit-mos-e-braktisin-vendlindjen-dhe-mos-i-shisni-pronat-60-foto\/pritja-e-hashim-thacit-ulqin-mali-zi-30\/'><img width=\"150\" height=\"150\" src=\"https:\/\/www.visit-ulcinj.com\/blog\/wp-content\/uploads\/2015\/01\/Pritja-e-Hashim-Thacit-Ulqin-Mali-Zi-30-150x150.jpg\" class=\"attachment-thumbnail size-thumbnail\" alt=\"\" loading=\"lazy\" \/><\/a>\n\t\t\t<\/dt><\/dl><dl class='gallery-item'>\n\t\t\t<dt class='gallery-icon landscape'>\n\t\t\t\t<a href='https:\/\/www.visit-ulcinj.com\/blog\/2015\/01\/17\/hashim-thaci-porosi-shqiptareve-te-ulqinit-mos-e-braktisin-vendlindjen-dhe-mos-i-shisni-pronat-60-foto\/pritja-e-hashim-thacit-ulqin-mali-zi-31\/'><img width=\"150\" height=\"150\" src=\"https:\/\/www.visit-ulcinj.com\/blog\/wp-content\/uploads\/2015\/01\/Pritja-e-Hashim-Thacit-Ulqin-Mali-Zi-31-150x150.jpg\" class=\"attachment-thumbnail size-thumbnail\" alt=\"\" loading=\"lazy\" \/><\/a>\n\t\t\t<\/dt><\/dl><br style=\"clear: both\" \/><dl class='gallery-item'>\n\t\t\t<dt class='gallery-icon portrait'>\n\t\t\t\t<a href='https:\/\/www.visit-ulcinj.com\/blog\/2015\/01\/17\/hashim-thaci-porosi-shqiptareve-te-ulqinit-mos-e-braktisin-vendlindjen-dhe-mos-i-shisni-pronat-60-foto\/pritja-e-hashim-thacit-ulqin-mali-zi-32\/'><img width=\"150\" height=\"150\" src=\"https:\/\/www.visit-ulcinj.com\/blog\/wp-content\/uploads\/2015\/01\/Pritja-e-Hashim-Thacit-Ulqin-Mali-Zi-32-150x150.jpg\" class=\"attachment-thumbnail size-thumbnail\" alt=\"\" loading=\"lazy\" \/><\/a>\n\t\t\t<\/dt><\/dl><dl class='gallery-item'>\n\t\t\t<dt class='gallery-icon portrait'>\n\t\t\t\t<a href='https:\/\/www.visit-ulcinj.com\/blog\/2015\/01\/17\/hashim-thaci-porosi-shqiptareve-te-ulqinit-mos-e-braktisin-vendlindjen-dhe-mos-i-shisni-pronat-60-foto\/pritja-e-hashim-thacit-ulqin-mali-zi-33\/'><img width=\"150\" height=\"150\" src=\"https:\/\/www.visit-ulcinj.com\/blog\/wp-content\/uploads\/2015\/01\/Pritja-e-Hashim-Thacit-Ulqin-Mali-Zi-33-150x150.jpg\" class=\"attachment-thumbnail size-thumbnail\" alt=\"\" loading=\"lazy\" \/><\/a>\n\t\t\t<\/dt><\/dl><dl class='gallery-item'>\n\t\t\t<dt class='gallery-icon portrait'>\n\t\t\t\t<a href='https:\/\/www.visit-ulcinj.com\/blog\/2015\/01\/17\/hashim-thaci-porosi-shqiptareve-te-ulqinit-mos-e-braktisin-vendlindjen-dhe-mos-i-shisni-pronat-60-foto\/pritja-e-hashim-thacit-ulqin-mali-zi-34\/'><img width=\"150\" height=\"150\" src=\"https:\/\/www.visit-ulcinj.com\/blog\/wp-content\/uploads\/2015\/01\/Pritja-e-Hashim-Thacit-Ulqin-Mali-Zi-34-150x150.jpg\" class=\"attachment-thumbnail size-thumbnail\" alt=\"\" loading=\"lazy\" \/><\/a>\n\t\t\t<\/dt><\/dl><br style=\"clear: both\" \/><dl class='gallery-item'>\n\t\t\t<dt class='gallery-icon landscape'>\n\t\t\t\t<a href='https:\/\/www.visit-ulcinj.com\/blog\/2015\/01\/17\/hashim-thaci-porosi-shqiptareve-te-ulqinit-mos-e-braktisin-vendlindjen-dhe-mos-i-shisni-pronat-60-foto\/pritja-e-hashim-thacit-ulqin-mali-zi-35\/'><img width=\"150\" height=\"150\" src=\"https:\/\/www.visit-ulcinj.com\/blog\/wp-content\/uploads\/2015\/01\/Pritja-e-Hashim-Thacit-Ulqin-Mali-Zi-35-150x150.jpg\" class=\"attachment-thumbnail size-thumbnail\" alt=\"\" loading=\"lazy\" \/><\/a>\n\t\t\t<\/dt><\/dl><dl class='gallery-item'>\n\t\t\t<dt class='gallery-icon landscape'>\n\t\t\t\t<a href='https:\/\/www.visit-ulcinj.com\/blog\/2015\/01\/17\/hashim-thaci-porosi-shqiptareve-te-ulqinit-mos-e-braktisin-vendlindjen-dhe-mos-i-shisni-pronat-60-foto\/pritja-e-hashim-thacit-ulqin-mali-zi-36\/'><img width=\"150\" height=\"150\" src=\"https:\/\/www.visit-ulcinj.com\/blog\/wp-content\/uploads\/2015\/01\/Pritja-e-Hashim-Thacit-Ulqin-Mali-Zi-36-150x150.jpg\" class=\"attachment-thumbnail size-thumbnail\" alt=\"\" loading=\"lazy\" \/><\/a>\n\t\t\t<\/dt><\/dl><dl class='gallery-item'>\n\t\t\t<dt class='gallery-icon landscape'>\n\t\t\t\t<a href='https:\/\/www.visit-ulcinj.com\/blog\/2015\/01\/17\/hashim-thaci-porosi-shqiptareve-te-ulqinit-mos-e-braktisin-vendlindjen-dhe-mos-i-shisni-pronat-60-foto\/pritja-e-hashim-thacit-ulqin-mali-zi-37\/'><img width=\"150\" height=\"150\" src=\"https:\/\/www.visit-ulcinj.com\/blog\/wp-content\/uploads\/2015\/01\/Pritja-e-Hashim-Thacit-Ulqin-Mali-Zi-37-150x150.jpg\" class=\"attachment-thumbnail size-thumbnail\" alt=\"\" loading=\"lazy\" \/><\/a>\n\t\t\t<\/dt><\/dl><br style=\"clear: both\" \/><dl class='gallery-item'>\n\t\t\t<dt class='gallery-icon landscape'>\n\t\t\t\t<a href='https:\/\/www.visit-ulcinj.com\/blog\/2015\/01\/17\/hashim-thaci-porosi-shqiptareve-te-ulqinit-mos-e-braktisin-vendlindjen-dhe-mos-i-shisni-pronat-60-foto\/pritja-e-hashim-thacit-ulqin-mali-zi-38\/'><img width=\"150\" height=\"150\" src=\"https:\/\/www.visit-ulcinj.com\/blog\/wp-content\/uploads\/2015\/01\/Pritja-e-Hashim-Thacit-Ulqin-Mali-Zi-38-150x150.jpg\" class=\"attachment-thumbnail size-thumbnail\" alt=\"\" loading=\"lazy\" \/><\/a>\n\t\t\t<\/dt><\/dl><dl class='gallery-item'>\n\t\t\t<dt class='gallery-icon portrait'>\n\t\t\t\t<a href='https:\/\/www.visit-ulcinj.com\/blog\/2015\/01\/17\/hashim-thaci-porosi-shqiptareve-te-ulqinit-mos-e-braktisin-vendlindjen-dhe-mos-i-shisni-pronat-60-foto\/pritja-e-hashim-thacit-ulqin-mali-zi-39\/'><img width=\"150\" height=\"150\" src=\"https:\/\/www.visit-ulcinj.com\/blog\/wp-content\/uploads\/2015\/01\/Pritja-e-Hashim-Thacit-Ulqin-Mali-Zi-39-150x150.jpg\" class=\"attachment-thumbnail size-thumbnail\" alt=\"\" loading=\"lazy\" \/><\/a>\n\t\t\t<\/dt><\/dl><dl class='gallery-item'>\n\t\t\t<dt class='gallery-icon portrait'>\n\t\t\t\t<a href='https:\/\/www.visit-ulcinj.com\/blog\/2015\/01\/17\/hashim-thaci-porosi-shqiptareve-te-ulqinit-mos-e-braktisin-vendlindjen-dhe-mos-i-shisni-pronat-60-foto\/pritja-e-hashim-thacit-ulqin-mali-zi-40\/'><img width=\"150\" height=\"150\" src=\"https:\/\/www.visit-ulcinj.com\/blog\/wp-content\/uploads\/2015\/01\/Pritja-e-Hashim-Thacit-Ulqin-Mali-Zi-40-150x150.jpg\" class=\"attachment-thumbnail size-thumbnail\" alt=\"\" loading=\"lazy\" \/><\/a>\n\t\t\t<\/dt><\/dl><br style=\"clear: both\" \/><dl class='gallery-item'>\n\t\t\t<dt class='gallery-icon landscape'>\n\t\t\t\t<a href='https:\/\/www.visit-ulcinj.com\/blog\/2015\/01\/17\/hashim-thaci-porosi-shqiptareve-te-ulqinit-mos-e-braktisin-vendlindjen-dhe-mos-i-shisni-pronat-60-foto\/pritja-e-hashim-thacit-ulqin-mali-zi-41\/'><img width=\"150\" height=\"150\" src=\"https:\/\/www.visit-ulcinj.com\/blog\/wp-content\/uploads\/2015\/01\/Pritja-e-Hashim-Thacit-Ulqin-Mali-Zi-41-150x150.jpg\" class=\"attachment-thumbnail size-thumbnail\" alt=\"\" loading=\"lazy\" \/><\/a>\n\t\t\t<\/dt><\/dl><dl class='gallery-item'>\n\t\t\t<dt class='gallery-icon landscape'>\n\t\t\t\t<a href='https:\/\/www.visit-ulcinj.com\/blog\/2015\/01\/17\/hashim-thaci-porosi-shqiptareve-te-ulqinit-mos-e-braktisin-vendlindjen-dhe-mos-i-shisni-pronat-60-foto\/pritja-e-hashim-thacit-ulqin-mali-zi-42\/'><img width=\"150\" height=\"150\" src=\"https:\/\/www.visit-ulcinj.com\/blog\/wp-content\/uploads\/2015\/01\/Pritja-e-Hashim-Thacit-Ulqin-Mali-Zi-42-150x150.jpg\" class=\"attachment-thumbnail size-thumbnail\" alt=\"\" loading=\"lazy\" \/><\/a>\n\t\t\t<\/dt><\/dl><dl class='gallery-item'>\n\t\t\t<dt class='gallery-icon landscape'>\n\t\t\t\t<a href='https:\/\/www.visit-ulcinj.com\/blog\/2015\/01\/17\/hashim-thaci-porosi-shqiptareve-te-ulqinit-mos-e-braktisin-vendlindjen-dhe-mos-i-shisni-pronat-60-foto\/pritja-e-hashim-thacit-ulqin-mali-zi-43\/'><img width=\"150\" height=\"150\" src=\"https:\/\/www.visit-ulcinj.com\/blog\/wp-content\/uploads\/2015\/01\/Pritja-e-Hashim-Thacit-Ulqin-Mali-Zi-43-150x150.jpg\" class=\"attachment-thumbnail size-thumbnail\" alt=\"\" loading=\"lazy\" \/><\/a>\n\t\t\t<\/dt><\/dl><br style=\"clear: both\" \/><dl class='gallery-item'>\n\t\t\t<dt class='gallery-icon landscape'>\n\t\t\t\t<a href='https:\/\/www.visit-ulcinj.com\/blog\/2015\/01\/17\/hashim-thaci-porosi-shqiptareve-te-ulqinit-mos-e-braktisin-vendlindjen-dhe-mos-i-shisni-pronat-60-foto\/pritja-e-hashim-thacit-ulqin-mali-zi-44\/'><img width=\"150\" height=\"150\" src=\"https:\/\/www.visit-ulcinj.com\/blog\/wp-content\/uploads\/2015\/01\/Pritja-e-Hashim-Thacit-Ulqin-Mali-Zi-44-150x150.jpg\" class=\"attachment-thumbnail size-thumbnail\" alt=\"\" loading=\"lazy\" \/><\/a>\n\t\t\t<\/dt><\/dl><dl class='gallery-item'>\n\t\t\t<dt class='gallery-icon landscape'>\n\t\t\t\t<a href='https:\/\/www.visit-ulcinj.com\/blog\/2015\/01\/17\/hashim-thaci-porosi-shqiptareve-te-ulqinit-mos-e-braktisin-vendlindjen-dhe-mos-i-shisni-pronat-60-foto\/pritja-e-hashim-thacit-ulqin-mali-zi-45\/'><img width=\"150\" height=\"150\" src=\"https:\/\/www.visit-ulcinj.com\/blog\/wp-content\/uploads\/2015\/01\/Pritja-e-Hashim-Thacit-Ulqin-Mali-Zi-45-150x150.jpg\" class=\"attachment-thumbnail size-thumbnail\" alt=\"\" loading=\"lazy\" \/><\/a>\n\t\t\t<\/dt><\/dl><dl class='gallery-item'>\n\t\t\t<dt class='gallery-icon landscape'>\n\t\t\t\t<a href='https:\/\/www.visit-ulcinj.com\/blog\/2015\/01\/17\/hashim-thaci-porosi-shqiptareve-te-ulqinit-mos-e-braktisin-vendlindjen-dhe-mos-i-shisni-pronat-60-foto\/pritja-e-hashim-thacit-ulqin-mali-zi-46\/'><img width=\"150\" height=\"150\" src=\"https:\/\/www.visit-ulcinj.com\/blog\/wp-content\/uploads\/2015\/01\/Pritja-e-Hashim-Thacit-Ulqin-Mali-Zi-46-150x150.jpg\" class=\"attachment-thumbnail size-thumbnail\" alt=\"\" loading=\"lazy\" \/><\/a>\n\t\t\t<\/dt><\/dl><br style=\"clear: both\" \/><dl class='gallery-item'>\n\t\t\t<dt class='gallery-icon landscape'>\n\t\t\t\t<a href='https:\/\/www.visit-ulcinj.com\/blog\/2015\/01\/17\/hashim-thaci-porosi-shqiptareve-te-ulqinit-mos-e-braktisin-vendlindjen-dhe-mos-i-shisni-pronat-60-foto\/pritja-e-hashim-thacit-ulqin-mali-zi-47\/'><img width=\"150\" height=\"150\" src=\"https:\/\/www.visit-ulcinj.com\/blog\/wp-content\/uploads\/2015\/01\/Pritja-e-Hashim-Thacit-Ulqin-Mali-Zi-47-150x150.jpg\" class=\"attachment-thumbnail size-thumbnail\" alt=\"\" loading=\"lazy\" \/><\/a>\n\t\t\t<\/dt><\/dl><dl class='gallery-item'>\n\t\t\t<dt class='gallery-icon landscape'>\n\t\t\t\t<a href='https:\/\/www.visit-ulcinj.com\/blog\/2015\/01\/17\/hashim-thaci-porosi-shqiptareve-te-ulqinit-mos-e-braktisin-vendlindjen-dhe-mos-i-shisni-pronat-60-foto\/pritja-e-hashim-thacit-ulqin-mali-zi-48\/'><img width=\"150\" height=\"150\" src=\"https:\/\/www.visit-ulcinj.com\/blog\/wp-content\/uploads\/2015\/01\/Pritja-e-Hashim-Thacit-Ulqin-Mali-Zi-48-150x150.jpg\" class=\"attachment-thumbnail size-thumbnail\" alt=\"\" loading=\"lazy\" \/><\/a>\n\t\t\t<\/dt><\/dl><dl class='gallery-item'>\n\t\t\t<dt class='gallery-icon landscape'>\n\t\t\t\t<a href='https:\/\/www.visit-ulcinj.com\/blog\/2015\/01\/17\/hashim-thaci-porosi-shqiptareve-te-ulqinit-mos-e-braktisin-vendlindjen-dhe-mos-i-shisni-pronat-60-foto\/pritja-e-hashim-thacit-ulqin-mali-zi-49\/'><img width=\"150\" height=\"150\" src=\"https:\/\/www.visit-ulcinj.com\/blog\/wp-content\/uploads\/2015\/01\/Pritja-e-Hashim-Thacit-Ulqin-Mali-Zi-49-150x150.jpg\" class=\"attachment-thumbnail size-thumbnail\" alt=\"\" loading=\"lazy\" \/><\/a>\n\t\t\t<\/dt><\/dl><br style=\"clear: both\" \/><dl class='gallery-item'>\n\t\t\t<dt class='gallery-icon landscape'>\n\t\t\t\t<a href='https:\/\/www.visit-ulcinj.com\/blog\/2015\/01\/17\/hashim-thaci-porosi-shqiptareve-te-ulqinit-mos-e-braktisin-vendlindjen-dhe-mos-i-shisni-pronat-60-foto\/pritja-e-hashim-thacit-ulqin-mali-zi-50\/'><img width=\"150\" height=\"150\" src=\"https:\/\/www.visit-ulcinj.com\/blog\/wp-content\/uploads\/2015\/01\/Pritja-e-Hashim-Thacit-Ulqin-Mali-Zi-50-150x150.jpg\" class=\"attachment-thumbnail size-thumbnail\" alt=\"\" loading=\"lazy\" \/><\/a>\n\t\t\t<\/dt><\/dl><dl class='gallery-item'>\n\t\t\t<dt class='gallery-icon landscape'>\n\t\t\t\t<a href='https:\/\/www.visit-ulcinj.com\/blog\/2015\/01\/17\/hashim-thaci-porosi-shqiptareve-te-ulqinit-mos-e-braktisin-vendlindjen-dhe-mos-i-shisni-pronat-60-foto\/pritja-e-hashim-thacit-ulqin-mali-zi-51\/'><img width=\"150\" height=\"150\" src=\"https:\/\/www.visit-ulcinj.com\/blog\/wp-content\/uploads\/2015\/01\/Pritja-e-Hashim-Thacit-Ulqin-Mali-Zi-51-150x150.jpg\" class=\"attachment-thumbnail size-thumbnail\" alt=\"\" loading=\"lazy\" \/><\/a>\n\t\t\t<\/dt><\/dl><dl class='gallery-item'>\n\t\t\t<dt class='gallery-icon portrait'>\n\t\t\t\t<a href='https:\/\/www.visit-ulcinj.com\/blog\/2015\/01\/17\/hashim-thaci-porosi-shqiptareve-te-ulqinit-mos-e-braktisin-vendlindjen-dhe-mos-i-shisni-pronat-60-foto\/pritja-e-hashim-thacit-ulqin-mali-zi-52\/'><img width=\"150\" height=\"150\" src=\"https:\/\/www.visit-ulcinj.com\/blog\/wp-content\/uploads\/2015\/01\/Pritja-e-Hashim-Thacit-Ulqin-Mali-Zi-52-150x150.jpg\" class=\"attachment-thumbnail size-thumbnail\" alt=\"\" loading=\"lazy\" \/><\/a>\n\t\t\t<\/dt><\/dl><br style=\"clear: both\" \/><dl class='gallery-item'>\n\t\t\t<dt class='gallery-icon landscape'>\n\t\t\t\t<a href='https:\/\/www.visit-ulcinj.com\/blog\/2015\/01\/17\/hashim-thaci-porosi-shqiptareve-te-ulqinit-mos-e-braktisin-vendlindjen-dhe-mos-i-shisni-pronat-60-foto\/pritja-e-hashim-thacit-ulqin-mali-zi-54\/'><img width=\"150\" height=\"150\" src=\"https:\/\/www.visit-ulcinj.com\/blog\/wp-content\/uploads\/2015\/01\/Pritja-e-Hashim-Thacit-Ulqin-Mali-Zi-54-150x150.jpg\" class=\"attachment-thumbnail size-thumbnail\" alt=\"\" loading=\"lazy\" \/><\/a>\n\t\t\t<\/dt><\/dl><dl class='gallery-item'>\n\t\t\t<dt class='gallery-icon landscape'>\n\t\t\t\t<a href='https:\/\/www.visit-ulcinj.com\/blog\/2015\/01\/17\/hashim-thaci-porosi-shqiptareve-te-ulqinit-mos-e-braktisin-vendlindjen-dhe-mos-i-shisni-pronat-60-foto\/pritja-e-hashim-thacit-ulqin-mali-zi-55\/'><img width=\"150\" height=\"150\" src=\"https:\/\/www.visit-ulcinj.com\/blog\/wp-content\/uploads\/2015\/01\/Pritja-e-Hashim-Thacit-Ulqin-Mali-Zi-55-150x150.jpg\" class=\"attachment-thumbnail size-thumbnail\" alt=\"\" loading=\"lazy\" \/><\/a>\n\t\t\t<\/dt><\/dl><dl class='gallery-item'>\n\t\t\t<dt class='gallery-icon landscape'>\n\t\t\t\t<a href='https:\/\/www.visit-ulcinj.com\/blog\/2015\/01\/17\/hashim-thaci-porosi-shqiptareve-te-ulqinit-mos-e-braktisin-vendlindjen-dhe-mos-i-shisni-pronat-60-foto\/pritja-e-hashim-thacit-ulqin-mali-zi-56\/'><img width=\"150\" height=\"150\" src=\"https:\/\/www.visit-ulcinj.com\/blog\/wp-content\/uploads\/2015\/01\/Pritja-e-Hashim-Thacit-Ulqin-Mali-Zi-56-150x150.jpg\" class=\"attachment-thumbnail size-thumbnail\" alt=\"\" loading=\"lazy\" \/><\/a>\n\t\t\t<\/dt><\/dl><br style=\"clear: both\" \/><dl class='gallery-item'>\n\t\t\t<dt class='gallery-icon landscape'>\n\t\t\t\t<a href='https:\/\/www.visit-ulcinj.com\/blog\/2015\/01\/17\/hashim-thaci-porosi-shqiptareve-te-ulqinit-mos-e-braktisin-vendlindjen-dhe-mos-i-shisni-pronat-60-foto\/pritja-e-hashim-thacit-ulqin-mali-zi-57\/'><img width=\"150\" height=\"150\" src=\"https:\/\/www.visit-ulcinj.com\/blog\/wp-content\/uploads\/2015\/01\/Pritja-e-Hashim-Thacit-Ulqin-Mali-Zi-57-150x150.jpg\" class=\"attachment-thumbnail size-thumbnail\" alt=\"\" loading=\"lazy\" \/><\/a>\n\t\t\t<\/dt><\/dl><dl class='gallery-item'>\n\t\t\t<dt class='gallery-icon landscape'>\n\t\t\t\t<a href='https:\/\/www.visit-ulcinj.com\/blog\/2015\/01\/17\/hashim-thaci-porosi-shqiptareve-te-ulqinit-mos-e-braktisin-vendlindjen-dhe-mos-i-shisni-pronat-60-foto\/pritja-e-hashim-thacit-ulqin-mali-zi-58\/'><img width=\"150\" height=\"150\" src=\"https:\/\/www.visit-ulcinj.com\/blog\/wp-content\/uploads\/2015\/01\/Pritja-e-Hashim-Thacit-Ulqin-Mali-Zi-58-150x150.jpg\" class=\"attachment-thumbnail size-thumbnail\" alt=\"\" loading=\"lazy\" \/><\/a>\n\t\t\t<\/dt><\/dl><dl class='gallery-item'>\n\t\t\t<dt class='gallery-icon landscape'>\n\t\t\t\t<a href='https:\/\/www.visit-ulcinj.com\/blog\/2015\/01\/17\/hashim-thaci-porosi-shqiptareve-te-ulqinit-mos-e-braktisin-vendlindjen-dhe-mos-i-shisni-pronat-60-foto\/attachment\/87937\/'><img width=\"150\" height=\"150\" src=\"https:\/\/www.visit-ulcinj.com\/blog\/wp-content\/uploads\/2015\/01\/Pritja-e-Hashim-Thacit-Ulqin-Mali-Zi-59-150x150.jpg\" class=\"attachment-thumbnail size-thumbnail\" alt=\"\" loading=\"lazy\" \/><\/a>\n\t\t\t<\/dt><\/dl><br style=\"clear: both\" \/><dl class='gallery-item'>\n\t\t\t<dt class='gallery-icon landscape'>\n\t\t\t\t<a href='https:\/\/www.visit-ulcinj.com\/blog\/2015\/01\/17\/hashim-thaci-porosi-shqiptareve-te-ulqinit-mos-e-braktisin-vendlindjen-dhe-mos-i-shisni-pronat-60-foto\/attachment\/87938\/'><img width=\"150\" height=\"150\" src=\"https:\/\/www.visit-ulcinj.com\/blog\/wp-content\/uploads\/2015\/01\/Pritja-e-Hashim-Thacit-Ulqin-Mali-Zi-60-150x150.jpg\" class=\"attachment-thumbnail size-thumbnail\" alt=\"\" loading=\"lazy\" \/><\/a>\n\t\t\t<\/dt><\/dl><dl class='gallery-item'>\n\t\t\t<dt class='gallery-icon landscape'>\n\t\t\t\t<a href='https:\/\/www.visit-ulcinj.com\/blog\/2015\/01\/17\/hashim-thaci-porosi-shqiptareve-te-ulqinit-mos-e-braktisin-vendlindjen-dhe-mos-i-shisni-pronat-60-foto\/pritja-e-hashim-thacit-ulqin-mali-zi-53-2\/'><img width=\"150\" height=\"150\" src=\"https:\/\/www.visit-ulcinj.com\/blog\/wp-content\/uploads\/2015\/01\/Pritja-e-Hashim-Thacit-Ulqin-Mali-Zi-531-150x150.jpg\" class=\"attachment-thumbnail size-thumbnail\" alt=\"\" loading=\"lazy\" \/><\/a>\n\t\t\t<\/dt><\/dl><dl class='gallery-item'>\n\t\t\t<dt class='gallery-icon landscape'>\n\t\t\t\t<a href='https:\/\/www.visit-ulcinj.com\/blog\/2015\/01\/17\/hashim-thaci-porosi-shqiptareve-te-ulqinit-mos-e-braktisin-vendlindjen-dhe-mos-i-shisni-pronat-60-foto\/pritja-e-hashim-thacit-ulqin-mali-zi-60\/'><img width=\"150\" height=\"150\" src=\"https:\/\/www.visit-ulcinj.com\/blog\/wp-content\/uploads\/2015\/01\/Pritja-e-Hashim-Thacit-Ulqin-Mali-Zi-601-150x150.jpg\" class=\"attachment-thumbnail size-thumbnail\" alt=\"\" loading=\"lazy\" \/><\/a>\n\t\t\t<\/dt><\/dl><br style=\"clear: both\" \/><dl class='gallery-item'>\n\t\t\t<dt class='gallery-icon landscape'>\n\t\t\t\t<a href='https:\/\/www.visit-ulcinj.com\/blog\/2015\/01\/17\/hashim-thaci-porosi-shqiptareve-te-ulqinit-mos-e-braktisin-vendlindjen-dhe-mos-i-shisni-pronat-60-foto\/pritja-e-hashim-thacit-ulqin-mali-zi-61\/'><img width=\"150\" height=\"150\" src=\"https:\/\/www.visit-ulcinj.com\/blog\/wp-content\/uploads\/2015\/01\/Pritja-e-Hashim-Thacit-Ulqin-Mali-Zi-61-150x150.jpg\" class=\"attachment-thumbnail size-thumbnail\" alt=\"\" loading=\"lazy\" \/><\/a>\n\t\t\t<\/dt><\/dl><dl class='gallery-item'>\n\t\t\t<dt class='gallery-icon landscape'>\n\t\t\t\t<a href='https:\/\/www.visit-ulcinj.com\/blog\/2015\/01\/17\/hashim-thaci-porosi-shqiptareve-te-ulqinit-mos-e-braktisin-vendlindjen-dhe-mos-i-shisni-pronat-60-foto\/pritja-e-hashim-thacit-ulqin-mali-zi-62\/'><img width=\"150\" height=\"150\" src=\"https:\/\/www.visit-ulcinj.com\/blog\/wp-content\/uploads\/2015\/01\/Pritja-e-Hashim-Thacit-Ulqin-Mali-Zi-62-150x150.jpg\" class=\"attachment-thumbnail size-thumbnail\" alt=\"\" loading=\"lazy\" \/><\/a>\n\t\t\t<\/dt><\/dl><dl class='gallery-item'>\n\t\t\t<dt class='gallery-icon portrait'>\n\t\t\t\t<a href='https:\/\/www.visit-ulcinj.com\/blog\/2015\/01\/17\/hashim-thaci-porosi-shqiptareve-te-ulqinit-mos-e-braktisin-vendlindjen-dhe-mos-i-shisni-pronat-60-foto\/pritja-e-hashim-thacit-ulqin-mali-zi-63\/'><img width=\"150\" height=\"150\" src=\"https:\/\/www.visit-ulcinj.com\/blog\/wp-content\/uploads\/2015\/01\/Pritja-e-Hashim-Thacit-Ulqin-Mali-Zi-63-150x150.jpg\" class=\"attachment-thumbnail size-thumbnail\" alt=\"\" loading=\"lazy\" \/><\/a>\n\t\t\t<\/dt><\/dl><br style=\"clear: both\" \/><dl class='gallery-item'>\n\t\t\t<dt class='gallery-icon portrait'>\n\t\t\t\t<a href='https:\/\/www.visit-ulcinj.com\/blog\/2015\/01\/17\/hashim-thaci-porosi-shqiptareve-te-ulqinit-mos-e-braktisin-vendlindjen-dhe-mos-i-shisni-pronat-60-foto\/pritja-e-hashim-thacit-ulqin-mali-zi-64\/'><img width=\"150\" height=\"150\" src=\"https:\/\/www.visit-ulcinj.com\/blog\/wp-content\/uploads\/2015\/01\/Pritja-e-Hashim-Thacit-Ulqin-Mali-Zi-64-150x150.jpg\" class=\"attachment-thumbnail size-thumbnail\" alt=\"\" loading=\"lazy\" \/><\/a>\n\t\t\t<\/dt><\/dl>\n\t\t\t<br style='clear: both' \/>\n\t\t<\/div>\n\n","protected":false},"excerpt":{"rendered":"<p>Nakon razgovora sa najvi\u0161im crnogorskim zvani\u010dnicima u Podgorici, potpredsjednik Vlade i ministar vanjskih poslova Kosova Ha\u0161im Ta\u010di stigao je helikopterom u Ulcinj, prenosi Portal Ul.info. Uz sna\u017ene mjere obezbje\u0111enja, Ta\u010dija su ispred zgrade do\u010dekali \u010delnici op\u0161tine na \u010delu sa predsjednikom Fatmirom \u0110ekom i oko 200 gra\u0111ana Ulcinja. Sa svima njima se Ta\u010di pozdravio a potom [&hellip;]<\/p>\n","protected":false},"author":1,"featured_media":0,"comment_status":"closed","ping_status":"closed","sticky":false,"template":"","format":"standard","meta":{"spay_email":"","jetpack_publicize_message":"","jetpack_is_tweetstorm":false,"jetpack_publicize_feature_enabled":true},"categories":[8337],"tags":[],"jetpack_publicize_connections":[],"yoast_head":"<!-- This site is optimized with the Yoast SEO plugin v19.1 - https:\/\/yoast.com\/wordpress\/plugins\/seo\/ -->\n<title>Ha\u0161im Ta\u010di stigao je helikopterom u Ulcinj - Video + Foto - Lajme nga Ulqini<\/title>\n<meta name=\"description\" content=\"Nakon razgovora sa najvi\u0161im crnogorskim zvani\u010dnicima u Podgorici, potpredsjednik Vlade i ministar vanjskih poslova Kosova Ha\u0161im Ta\u010di stigao je\" \/>\n<meta name=\"robots\" content=\"index, follow, max-snippet:-1, max-image-preview:large, max-video-preview:-1\" \/>\n<link rel=\"canonical\" href=\"https:\/\/www.visit-ulcinj.com\/blog\/2015\/01\/16\/hasim-taci-stigao-je-helikopterom-u-ulcinj-video\/\" \/>\n<meta property=\"og:locale\" content=\"en_US\" \/>\n<meta property=\"og:type\" content=\"article\" \/>\n<meta property=\"og:title\" content=\"Ha\u0161im Ta\u010di stigao je helikopterom u Ulcinj - Video + Foto - Lajme nga Ulqini\" \/>\n<meta property=\"og:description\" content=\"Nakon razgovora sa najvi\u0161im crnogorskim zvani\u010dnicima u Podgorici, potpredsjednik Vlade i ministar vanjskih poslova Kosova Ha\u0161im Ta\u010di stigao je\" \/>\n<meta property=\"og:url\" content=\"https:\/\/www.visit-ulcinj.com\/blog\/2015\/01\/16\/hasim-taci-stigao-je-helikopterom-u-ulcinj-video\/\" \/>\n<meta property=\"og:site_name\" content=\"Lajme nga Ulqini\" \/>\n<meta property=\"article:published_time\" content=\"2015-01-16T16:45:22+00:00\" \/>\n<meta property=\"article:modified_time\" content=\"2015-01-18T08:17:48+00:00\" \/>\n<meta property=\"og:image\" content=\"https:\/\/www.visit-ulcinj.com\/blog\/wp-content\/uploads\/2015\/01\/Pritja-e-Hashim-Thacit-Ulqin-Mali-Zi-5-150x150.jpg\" \/>\n<meta name=\"twitter:label1\" content=\"Written by\" \/>\n\t<meta name=\"twitter:data1\" content=\"ulqini\" \/>\n\t<meta name=\"twitter:label2\" content=\"Est. reading time\" \/>\n\t<meta name=\"twitter:data2\" content=\"1 minute\" \/>\n<script type=\"application\/ld+json\" class=\"yoast-schema-graph\">{\"@context\":\"https:\/\/schema.org\",\"@graph\":[{\"@type\":\"WebSite\",\"@id\":\"https:\/\/www.visit-ulcinj.com\/blog\/#website\",\"url\":\"https:\/\/www.visit-ulcinj.com\/blog\/\",\"name\":\"Lajme nga Ulqini\",\"description\":\"Lajme,Vijesti,Ulqini,Ulqin,Crna Gora,Mali i Zi\",\"potentialAction\":[{\"@type\":\"SearchAction\",\"target\":{\"@type\":\"EntryPoint\",\"urlTemplate\":\"https:\/\/www.visit-ulcinj.com\/blog\/?s={search_term_string}\"},\"query-input\":\"required name=search_term_string\"}],\"inLanguage\":\"en-US\"},{\"@type\":\"ImageObject\",\"inLanguage\":\"en-US\",\"@id\":\"https:\/\/www.visit-ulcinj.com\/blog\/2015\/01\/16\/hasim-taci-stigao-je-helikopterom-u-ulcinj-video\/#primaryimage\",\"url\":\"https:\/\/www.visit-ulcinj.com\/blog\/wp-content\/uploads\/2015\/01\/Hashim-Thaci-permendorja-Ulqin.jpg\",\"contentUrl\":\"https:\/\/www.visit-ulcinj.com\/blog\/wp-content\/uploads\/2015\/01\/Hashim-Thaci-permendorja-Ulqin.jpg\",\"width\":640,\"height\":360},{\"@type\":\"WebPage\",\"@id\":\"https:\/\/www.visit-ulcinj.com\/blog\/2015\/01\/16\/hasim-taci-stigao-je-helikopterom-u-ulcinj-video\/#webpage\",\"url\":\"https:\/\/www.visit-ulcinj.com\/blog\/2015\/01\/16\/hasim-taci-stigao-je-helikopterom-u-ulcinj-video\/\",\"name\":\"Ha\u0161im Ta\u010di stigao je helikopterom u Ulcinj - Video + Foto - Lajme nga Ulqini\",\"isPartOf\":{\"@id\":\"https:\/\/www.visit-ulcinj.com\/blog\/#website\"},\"primaryImageOfPage\":{\"@id\":\"https:\/\/www.visit-ulcinj.com\/blog\/2015\/01\/16\/hasim-taci-stigao-je-helikopterom-u-ulcinj-video\/#primaryimage\"},\"datePublished\":\"2015-01-16T16:45:22+00:00\",\"dateModified\":\"2015-01-18T08:17:48+00:00\",\"author\":{\"@id\":\"https:\/\/www.visit-ulcinj.com\/blog\/#\/schema\/person\/dcab619c614d3038751c63bc2aadc06d\"},\"description\":\"Nakon razgovora sa najvi\u0161im crnogorskim zvani\u010dnicima u Podgorici, potpredsjednik Vlade i ministar vanjskih poslova Kosova Ha\u0161im Ta\u010di stigao je\",\"breadcrumb\":{\"@id\":\"https:\/\/www.visit-ulcinj.com\/blog\/2015\/01\/16\/hasim-taci-stigao-je-helikopterom-u-ulcinj-video\/#breadcrumb\"},\"inLanguage\":\"en-US\",\"potentialAction\":[{\"@type\":\"ReadAction\",\"target\":[\"https:\/\/www.visit-ulcinj.com\/blog\/2015\/01\/16\/hasim-taci-stigao-je-helikopterom-u-ulcinj-video\/\"]}]},{\"@type\":\"BreadcrumbList\",\"@id\":\"https:\/\/www.visit-ulcinj.com\/blog\/2015\/01\/16\/hasim-taci-stigao-je-helikopterom-u-ulcinj-video\/#breadcrumb\",\"itemListElement\":[{\"@type\":\"ListItem\",\"position\":1,\"name\":\"Ha\u0161im Ta\u010di stigao je helikopterom u Ulcinj &#8211; Video + Foto\"}]},{\"@type\":\"Person\",\"@id\":\"https:\/\/www.visit-ulcinj.com\/blog\/#\/schema\/person\/dcab619c614d3038751c63bc2aadc06d\",\"name\":\"ulqini\",\"sameAs\":[\"http:\/\/www.visit-ulcinj.com\"],\"url\":\"https:\/\/www.visit-ulcinj.com\/blog\/author\/admin\/\"}]}<\/script>\n<!-- \/ Yoast SEO plugin. -->","yoast_head_json":{"title":"Ha\u0161im Ta\u010di stigao je helikopterom u Ulcinj - Video + Foto - Lajme nga Ulqini","description":"Nakon razgovora sa najvi\u0161im crnogorskim zvani\u010dnicima u Podgorici, potpredsjednik Vlade i ministar vanjskih poslova Kosova Ha\u0161im Ta\u010di stigao je","robots":{"index":"index","follow":"follow","max-snippet":"max-snippet:-1","max-image-preview":"max-image-preview:large","max-video-preview":"max-video-preview:-1"},"canonical":"https:\/\/www.visit-ulcinj.com\/blog\/2015\/01\/16\/hasim-taci-stigao-je-helikopterom-u-ulcinj-video\/","og_locale":"en_US","og_type":"article","og_title":"Ha\u0161im Ta\u010di stigao je helikopterom u Ulcinj - Video + Foto - Lajme nga Ulqini","og_description":"Nakon razgovora sa najvi\u0161im crnogorskim zvani\u010dnicima u Podgorici, potpredsjednik Vlade i ministar vanjskih poslova Kosova Ha\u0161im Ta\u010di stigao je","og_url":"https:\/\/www.visit-ulcinj.com\/blog\/2015\/01\/16\/hasim-taci-stigao-je-helikopterom-u-ulcinj-video\/","og_site_name":"Lajme nga Ulqini","article_published_time":"2015-01-16T16:45:22+00:00","article_modified_time":"2015-01-18T08:17:48+00:00","og_image":[{"url":"https:\/\/www.visit-ulcinj.com\/blog\/wp-content\/uploads\/2015\/01\/Pritja-e-Hashim-Thacit-Ulqin-Mali-Zi-5-150x150.jpg"}],"twitter_misc":{"Written by":"ulqini","Est. reading time":"1 minute"},"schema":{"@context":"https:\/\/schema.org","@graph":[{"@type":"WebSite","@id":"https:\/\/www.visit-ulcinj.com\/blog\/#website","url":"https:\/\/www.visit-ulcinj.com\/blog\/","name":"Lajme nga Ulqini","description":"Lajme,Vijesti,Ulqini,Ulqin,Crna Gora,Mali i Zi","potentialAction":[{"@type":"SearchAction","target":{"@type":"EntryPoint","urlTemplate":"https:\/\/www.visit-ulcinj.com\/blog\/?s={search_term_string}"},"query-input":"required name=search_term_string"}],"inLanguage":"en-US"},{"@type":"ImageObject","inLanguage":"en-US","@id":"https:\/\/www.visit-ulcinj.com\/blog\/2015\/01\/16\/hasim-taci-stigao-je-helikopterom-u-ulcinj-video\/#primaryimage","url":"https:\/\/www.visit-ulcinj.com\/blog\/wp-content\/uploads\/2015\/01\/Hashim-Thaci-permendorja-Ulqin.jpg","contentUrl":"https:\/\/www.visit-ulcinj.com\/blog\/wp-content\/uploads\/2015\/01\/Hashim-Thaci-permendorja-Ulqin.jpg","width":640,"height":360},{"@type":"WebPage","@id":"https:\/\/www.visit-ulcinj.com\/blog\/2015\/01\/16\/hasim-taci-stigao-je-helikopterom-u-ulcinj-video\/#webpage","url":"https:\/\/www.visit-ulcinj.com\/blog\/2015\/01\/16\/hasim-taci-stigao-je-helikopterom-u-ulcinj-video\/","name":"Ha\u0161im Ta\u010di stigao je helikopterom u Ulcinj - Video + Foto - Lajme nga Ulqini","isPartOf":{"@id":"https:\/\/www.visit-ulcinj.com\/blog\/#website"},"primaryImageOfPage":{"@id":"https:\/\/www.visit-ulcinj.com\/blog\/2015\/01\/16\/hasim-taci-stigao-je-helikopterom-u-ulcinj-video\/#primaryimage"},"datePublished":"2015-01-16T16:45:22+00:00","dateModified":"2015-01-18T08:17:48+00:00","author":{"@id":"https:\/\/www.visit-ulcinj.com\/blog\/#\/schema\/person\/dcab619c614d3038751c63bc2aadc06d"},"description":"Nakon razgovora sa najvi\u0161im crnogorskim zvani\u010dnicima u Podgorici, potpredsjednik Vlade i ministar vanjskih poslova Kosova Ha\u0161im Ta\u010di stigao je","breadcrumb":{"@id":"https:\/\/www.visit-ulcinj.com\/blog\/2015\/01\/16\/hasim-taci-stigao-je-helikopterom-u-ulcinj-video\/#breadcrumb"},"inLanguage":"en-US","potentialAction":[{"@type":"ReadAction","target":["https:\/\/www.visit-ulcinj.com\/blog\/2015\/01\/16\/hasim-taci-stigao-je-helikopterom-u-ulcinj-video\/"]}]},{"@type":"BreadcrumbList","@id":"https:\/\/www.visit-ulcinj.com\/blog\/2015\/01\/16\/hasim-taci-stigao-je-helikopterom-u-ulcinj-video\/#breadcrumb","itemListElement":[{"@type":"ListItem","position":1,"name":"Ha\u0161im Ta\u010di stigao je helikopterom u Ulcinj &#8211; Video + Foto"}]},{"@type":"Person","@id":"https:\/\/www.visit-ulcinj.com\/blog\/#\/schema\/person\/dcab619c614d3038751c63bc2aadc06d","name":"ulqini","sameAs":["http:\/\/www.visit-ulcinj.com"],"url":"https:\/\/www.visit-ulcinj.com\/blog\/author\/admin\/"}]}},"jetpack_featured_media_url":"","jetpack_sharing_enabled":true,"jetpack_shortlink":"https:\/\/wp.me\/pe6lTn-mQY","_links":{"self":[{"href":"https:\/\/www.visit-ulcinj.com\/blog\/wp-json\/wp\/v2\/posts\/87852"}],"collection":[{"href":"https:\/\/www.visit-ulcinj.com\/blog\/wp-json\/wp\/v2\/posts"}],"about":[{"href":"https:\/\/www.visit-ulcinj.com\/blog\/wp-json\/wp\/v2\/types\/post"}],"author":[{"embeddable":true,"href":"https:\/\/www.visit-ulcinj.com\/blog\/wp-json\/wp\/v2\/users\/1"}],"replies":[{"embeddable":true,"href":"https:\/\/www.visit-ulcinj.com\/blog\/wp-json\/wp\/v2\/comments?post=87852"}],"version-history":[{"count":5,"href":"https:\/\/www.visit-ulcinj.com\/blog\/wp-json\/wp\/v2\/posts\/87852\/revisions"}],"predecessor-version":[{"id":87952,"href":"https:\/\/www.visit-ulcinj.com\/blog\/wp-json\/wp\/v2\/posts\/87852\/revisions\/87952"}],"wp:attachment":[{"href":"https:\/\/www.visit-ulcinj.com\/blog\/wp-json\/wp\/v2\/media?parent=87852"}],"wp:term":[{"taxonomy":"category","embeddable":true,"href":"https:\/\/www.visit-ulcinj.com\/blog\/wp-json\/wp\/v2\/categories?post=87852"},{"taxonomy":"post_tag","embeddable":true,"href":"https:\/\/www.visit-ulcinj.com\/blog\/wp-json\/wp\/v2\/tags?post=87852"}],"curies":[{"name":"wp","href":"https:\/\/api.w.org\/{rel}","templated":true}]}}