{"id":87871,"date":"2015-01-17T19:38:21","date_gmt":"2015-01-17T18:38:21","guid":{"rendered":"http:\/\/www.visit-ulcinj.com\/blog\/?p=87871"},"modified":"2015-01-17T19:38:21","modified_gmt":"2015-01-17T18:38:21","slug":"kthimi-pronave-ne-ulqin-per-zuberet-eshte-ligj-kurse-per-shqiptaret-eshte-maliq","status":"publish","type":"post","link":"https:\/\/www.visit-ulcinj.com\/blog\/2015\/01\/17\/kthimi-pronave-ne-ulqin-per-zuberet-eshte-ligj-kurse-per-shqiptaret-eshte-maliq\/","title":{"rendered":"Kthimi i pronave n\u00eb Ulqin, p\u00ebr Zuber\u00ebt \u00ebsht\u00eb ligj, kurse p\u00ebr shqiptar\u00ebt \u00ebsht\u00eb Maliq"},"content":{"rendered":"<p><a href=\"http:\/\/www.visit-ulcinj.com\/blog\/wp-content\/uploads\/2015\/01\/Disco-Fama-Ulqin.jpg\"><img loading=\"lazy\" class=\"alignleft wp-image-87680\" src=\"http:\/\/www.visit-ulcinj.com\/blog\/wp-content\/uploads\/2015\/01\/Disco-Fama-Ulqin.jpg\" alt=\"Disco-Fama-Ulqin\" width=\"508\" height=\"339\" srcset=\"https:\/\/www.visit-ulcinj.com\/blog\/wp-content\/uploads\/2015\/01\/Disco-Fama-Ulqin.jpg 960w, https:\/\/www.visit-ulcinj.com\/blog\/wp-content\/uploads\/2015\/01\/Disco-Fama-Ulqin-300x200.jpg 300w\" sizes=\"(max-width: 508px) 100vw, 508px\" \/><\/a>Dit\u00ebt e fundit n\u00eb media \u00ebsht\u00eb shkruar shum\u00eb n\u00eb lidhje me vendimin e gjykat\u00ebs i cili familjes Zuber i kthen pron\u00ebn e dikurshme n\u00eb Plazh t\u00eb Vog\u00ebl. Kjo pron\u00eb, e njohur n\u00eb popull si Kino Bah\u00e7ja (Kino Basta), ishte nacionalizuar nga sistemi i m\u00ebparsh\u00ebm komunist dhe ishte sh\u00ebndrruar n\u00eb kinema p\u00ebr banor\u00ebt e Ulqinit, raporton Portali Lajm.me.<\/p>\n<p>Kthimi ose kompensimi i pron\u00ebs s\u00eb tjet\u00ebrsuar nga shteti nuk p\u00ebrb\u00ebn asgj\u00eb t\u00eb cuditshme, bile respektimi i t\u00eb drejt\u00ebs mbi prona \u00ebsht\u00eb nj\u00eb nd\u00ebr kushtet kryesore p\u00ebr hyrjen n\u00eb familjen e shteteve europiane, dhe si i till\u00eb p\u00ebrb\u00ebn detyrim p\u00ebr cdo shtet q\u00eb ta respektoj\u00eb k\u00ebt\u00eb t\u00eb drejt\u00eb.<\/p>\n<p>Por, problemi q\u00ebndron diku tjet\u00ebr, jo te kthimi i pron\u00ebs.<\/p>\n<p>Sipas ligjit n\u00eb fuqi, prona e nacionalizuar p\u00ebr q\u00ebllim t\u00eb caktuar , qoft\u00eb edhe e d\u00ebmshp\u00ebrblyer nga shteti, duhet ti kthehet pronarit t\u00eb m\u00ebparsh\u00ebm n\u00ebse ajo nuk \u00ebsht\u00eb v\u00ebn\u00eb n\u00eb disponim t\u00eb k\u00ebtij q\u00ebllimi. Me fjal\u00eb tjera, n\u00ebse kinemaja nuk \u00ebsht\u00eb kinema,flasim p\u00ebr rastin konkret, duhet ti kthehet pronarit t\u00eb m\u00ebparsh\u00ebm. Nuk do t\u00eb diskutojm\u00eb k\u00ebtu se pse dhe se kush e ka fajin, me k\u00ebt\u00eb le t\u00eb merren institucionet p\u00ebrkat\u00ebse.<\/p>\n<p>Fakti \u00ebsht\u00eb se n\u00eb vitin 2006, kur Zuber\u00ebt k\u00ebrkonin kthimin e k\u00ebsaj prone, kjo nuk ishte kinema por klub nate, sic \u00ebsht\u00eb edhe sot e k\u00ebsaj dite, dhe gjykata vendosi n\u00eb baz\u00eb t\u00eb k\u00ebtij fakti.<\/p>\n<p><a href=\"http:\/\/www.visit-ulcinj.com\/blog\/wp-content\/uploads\/2013\/01\/Uvala-maslina-Valdanos-Ulcinj-crna-gora.jpg\"><img loading=\"lazy\" class=\"alignleft wp-image-67526\" src=\"http:\/\/www.visit-ulcinj.com\/blog\/wp-content\/uploads\/2013\/01\/Uvala-maslina-Valdanos-Ulcinj-crna-gora.jpg\" alt=\"Uvala maslina Valdanos-Ulcinj-crna gora\" width=\"508\" height=\"315\" srcset=\"https:\/\/www.visit-ulcinj.com\/blog\/wp-content\/uploads\/2013\/01\/Uvala-maslina-Valdanos-Ulcinj-crna-gora.jpg 720w, https:\/\/www.visit-ulcinj.com\/blog\/wp-content\/uploads\/2013\/01\/Uvala-maslina-Valdanos-Ulcinj-crna-gora-300x186.jpg 300w\" sizes=\"(max-width: 508px) 100vw, 508px\" \/><\/a><\/p>\n<p><strong>Por cfar\u00eb lidhje kan\u00eb Zuber\u00ebt me Valdanosin?<\/strong><\/p>\n<p>Deri n\u00eb shpalljen e vendimit nga gjykata kurrgj\u00eb. Pas shpalljes s\u00eb k\u00ebtij vendimi kan\u00eb nj\u00eb gj\u00eb shum\u00eb t\u00eb p\u00ebrbashk\u00ebt. As Kino Bah\u00e7ja, e as pronat e nacionalizuara t\u00eb familjeve ulqinake n\u00eb Valdanos, nuk jan\u00eb n\u00eb disponim t\u00eb q\u00ebllimit fillestar. Ullishtat n\u00eb Valdanos u nacionalizuan q\u00eb aty t\u00eb nd\u00ebrtohet baz\u00eb ushtarake, gj\u00eb q\u00eb kurr\u00eb nuk u realizua.<\/p>\n<p>Tani vijm\u00eb tek paradoksi i realitetit ton\u00eb. Ashtu si n\u00eb kryevepr\u00ebn e \u00c7ajupit \u201c14 vje\u00e7 dh\u00ebnd\u00ebrr\u201d, ligji\u00a0ndonj\u00ebher\u00eb \u00ebsht\u00eb ligj, e ndonj\u00ebher\u00eb Maliq. Dhe ligji n\u00eb dor\u00eb t\u00eb Maliqit, p\u00ebr Zuber\u00ebt \u00ebsht\u00eb ligj, kurse p\u00ebr shqiptar\u00ebt \u00ebsht\u00eb Maliq. Zuber\u00ebve prona u kthehet, me vendim sipas ligjit, kurse shqiptar\u00ebve nuk u khehet, me vendim t\u00eb Maliqit.<\/p>\n<p>Do t\u00eb ishte kuriozitet t\u00eb shihnim n\u00ebse Zuber\u00ebve do tu kthehej prona n\u00eb Valdanos, sikur t\u00eb kishin, cka nuk do t\u00eb ishte cudi pasi thon\u00eb se kan\u00eb pasur gjysm\u00ebn e Ulqinit, apo edhe ato do t\u00eb vuanin fatin e pronar\u00ebve t\u00eb tjer\u00eb.<\/p>\n<p>Ose a do t\u00eb kthehej Kino Bah\u00e7ja n\u00ebse pronari do t\u00eb ishte shqiptar? Po sikur pronar\u00ebt e Valdanosit t\u00eb ishin malazez?<\/p>\n<p>P\u00ebrgjigjen mund ta jap\u00eb vet\u00ebm Maliqi.<\/p>\n","protected":false},"excerpt":{"rendered":"<p>Dit\u00ebt e fundit n\u00eb media \u00ebsht\u00eb shkruar shum\u00eb n\u00eb lidhje me vendimin e gjykat\u00ebs i cili familjes Zuber i kthen pron\u00ebn e dikurshme n\u00eb Plazh t\u00eb Vog\u00ebl. Kjo pron\u00eb, e njohur n\u00eb popull si Kino Bah\u00e7ja (Kino Basta), ishte nacionalizuar nga sistemi i m\u00ebparsh\u00ebm komunist dhe ishte sh\u00ebndrruar n\u00eb kinema p\u00ebr banor\u00ebt e Ulqinit, raporton [&hellip;]<\/p>\n","protected":false},"author":1,"featured_media":0,"comment_status":"closed","ping_status":"closed","sticky":false,"template":"","format":"standard","meta":{"spay_email":"","jetpack_publicize_message":"","jetpack_is_tweetstorm":false,"jetpack_publicize_feature_enabled":true},"categories":[12],"tags":[],"jetpack_publicize_connections":[],"yoast_head":"<!-- This site is optimized with the Yoast SEO plugin v19.1 - https:\/\/yoast.com\/wordpress\/plugins\/seo\/ -->\n<title>Kthimi i pronave n\u00eb Ulqin, p\u00ebr Zuber\u00ebt \u00ebsht\u00eb ligj, kurse p\u00ebr shqiptar\u00ebt \u00ebsht\u00eb Maliq - Lajme nga Ulqini<\/title>\n<meta name=\"description\" content=\"Dit\u00ebt e fundit n\u00eb media \u00ebsht\u00eb shkruar shum\u00eb n\u00eb lidhje me vendimin e gjykat\u00ebs i cili familjes Zuber i kthen pron\u00ebn e dikurshme n\u00eb Plazh t\u00eb Vog\u00ebl. Kjo\" \/>\n<meta name=\"robots\" content=\"index, follow, max-snippet:-1, max-image-preview:large, max-video-preview:-1\" \/>\n<link rel=\"canonical\" href=\"https:\/\/www.visit-ulcinj.com\/blog\/2015\/01\/17\/kthimi-pronave-ne-ulqin-per-zuberet-eshte-ligj-kurse-per-shqiptaret-eshte-maliq\/\" \/>\n<meta property=\"og:locale\" content=\"en_US\" \/>\n<meta property=\"og:type\" content=\"article\" \/>\n<meta property=\"og:title\" content=\"Kthimi i pronave n\u00eb Ulqin, p\u00ebr Zuber\u00ebt \u00ebsht\u00eb ligj, kurse p\u00ebr shqiptar\u00ebt \u00ebsht\u00eb Maliq - Lajme nga Ulqini\" \/>\n<meta property=\"og:description\" content=\"Dit\u00ebt e fundit n\u00eb media \u00ebsht\u00eb shkruar shum\u00eb n\u00eb lidhje me vendimin e gjykat\u00ebs i cili familjes Zuber i kthen pron\u00ebn e dikurshme n\u00eb Plazh t\u00eb Vog\u00ebl. Kjo\" \/>\n<meta property=\"og:url\" content=\"https:\/\/www.visit-ulcinj.com\/blog\/2015\/01\/17\/kthimi-pronave-ne-ulqin-per-zuberet-eshte-ligj-kurse-per-shqiptaret-eshte-maliq\/\" \/>\n<meta property=\"og:site_name\" content=\"Lajme nga Ulqini\" \/>\n<meta property=\"article:published_time\" content=\"2015-01-17T18:38:21+00:00\" \/>\n<meta property=\"og:image\" content=\"http:\/\/www.visit-ulcinj.com\/blog\/wp-content\/uploads\/2015\/01\/Disco-Fama-Ulqin.jpg\" \/>\n<meta name=\"twitter:label1\" content=\"Written by\" \/>\n\t<meta name=\"twitter:data1\" content=\"ulqini\" \/>\n\t<meta name=\"twitter:label2\" content=\"Est. reading time\" \/>\n\t<meta name=\"twitter:data2\" content=\"2 minutes\" \/>\n<script type=\"application\/ld+json\" class=\"yoast-schema-graph\">{\"@context\":\"https:\/\/schema.org\",\"@graph\":[{\"@type\":\"WebSite\",\"@id\":\"https:\/\/www.visit-ulcinj.com\/blog\/#website\",\"url\":\"https:\/\/www.visit-ulcinj.com\/blog\/\",\"name\":\"Lajme nga Ulqini\",\"description\":\"Lajme,Vijesti,Ulqini,Ulqin,Crna Gora,Mali i Zi\",\"potentialAction\":[{\"@type\":\"SearchAction\",\"target\":{\"@type\":\"EntryPoint\",\"urlTemplate\":\"https:\/\/www.visit-ulcinj.com\/blog\/?s={search_term_string}\"},\"query-input\":\"required name=search_term_string\"}],\"inLanguage\":\"en-US\"},{\"@type\":\"ImageObject\",\"inLanguage\":\"en-US\",\"@id\":\"https:\/\/www.visit-ulcinj.com\/blog\/2015\/01\/17\/kthimi-pronave-ne-ulqin-per-zuberet-eshte-ligj-kurse-per-shqiptaret-eshte-maliq\/#primaryimage\",\"url\":\"https:\/\/www.visit-ulcinj.com\/blog\/wp-content\/uploads\/2015\/01\/Disco-Fama-Ulqin.jpg\",\"contentUrl\":\"https:\/\/www.visit-ulcinj.com\/blog\/wp-content\/uploads\/2015\/01\/Disco-Fama-Ulqin.jpg\",\"width\":960,\"height\":640},{\"@type\":\"WebPage\",\"@id\":\"https:\/\/www.visit-ulcinj.com\/blog\/2015\/01\/17\/kthimi-pronave-ne-ulqin-per-zuberet-eshte-ligj-kurse-per-shqiptaret-eshte-maliq\/#webpage\",\"url\":\"https:\/\/www.visit-ulcinj.com\/blog\/2015\/01\/17\/kthimi-pronave-ne-ulqin-per-zuberet-eshte-ligj-kurse-per-shqiptaret-eshte-maliq\/\",\"name\":\"Kthimi i pronave n\u00eb Ulqin, p\u00ebr Zuber\u00ebt \u00ebsht\u00eb ligj, kurse p\u00ebr shqiptar\u00ebt \u00ebsht\u00eb Maliq - Lajme nga Ulqini\",\"isPartOf\":{\"@id\":\"https:\/\/www.visit-ulcinj.com\/blog\/#website\"},\"primaryImageOfPage\":{\"@id\":\"https:\/\/www.visit-ulcinj.com\/blog\/2015\/01\/17\/kthimi-pronave-ne-ulqin-per-zuberet-eshte-ligj-kurse-per-shqiptaret-eshte-maliq\/#primaryimage\"},\"datePublished\":\"2015-01-17T18:38:21+00:00\",\"dateModified\":\"2015-01-17T18:38:21+00:00\",\"author\":{\"@id\":\"https:\/\/www.visit-ulcinj.com\/blog\/#\/schema\/person\/dcab619c614d3038751c63bc2aadc06d\"},\"description\":\"Dit\u00ebt e fundit n\u00eb media \u00ebsht\u00eb shkruar shum\u00eb n\u00eb lidhje me vendimin e gjykat\u00ebs i cili familjes Zuber i kthen pron\u00ebn e dikurshme n\u00eb Plazh t\u00eb Vog\u00ebl. Kjo\",\"breadcrumb\":{\"@id\":\"https:\/\/www.visit-ulcinj.com\/blog\/2015\/01\/17\/kthimi-pronave-ne-ulqin-per-zuberet-eshte-ligj-kurse-per-shqiptaret-eshte-maliq\/#breadcrumb\"},\"inLanguage\":\"en-US\",\"potentialAction\":[{\"@type\":\"ReadAction\",\"target\":[\"https:\/\/www.visit-ulcinj.com\/blog\/2015\/01\/17\/kthimi-pronave-ne-ulqin-per-zuberet-eshte-ligj-kurse-per-shqiptaret-eshte-maliq\/\"]}]},{\"@type\":\"BreadcrumbList\",\"@id\":\"https:\/\/www.visit-ulcinj.com\/blog\/2015\/01\/17\/kthimi-pronave-ne-ulqin-per-zuberet-eshte-ligj-kurse-per-shqiptaret-eshte-maliq\/#breadcrumb\",\"itemListElement\":[{\"@type\":\"ListItem\",\"position\":1,\"name\":\"Kthimi i pronave n\u00eb Ulqin, p\u00ebr Zuber\u00ebt \u00ebsht\u00eb ligj, kurse p\u00ebr shqiptar\u00ebt \u00ebsht\u00eb Maliq\"}]},{\"@type\":\"Person\",\"@id\":\"https:\/\/www.visit-ulcinj.com\/blog\/#\/schema\/person\/dcab619c614d3038751c63bc2aadc06d\",\"name\":\"ulqini\",\"sameAs\":[\"http:\/\/www.visit-ulcinj.com\"],\"url\":\"https:\/\/www.visit-ulcinj.com\/blog\/author\/admin\/\"}]}<\/script>\n<!-- \/ Yoast SEO plugin. -->","yoast_head_json":{"title":"Kthimi i pronave n\u00eb Ulqin, p\u00ebr Zuber\u00ebt \u00ebsht\u00eb ligj, kurse p\u00ebr shqiptar\u00ebt \u00ebsht\u00eb Maliq - Lajme nga Ulqini","description":"Dit\u00ebt e fundit n\u00eb media \u00ebsht\u00eb shkruar shum\u00eb n\u00eb lidhje me vendimin e gjykat\u00ebs i cili familjes Zuber i kthen pron\u00ebn e dikurshme n\u00eb Plazh t\u00eb Vog\u00ebl. Kjo","robots":{"index":"index","follow":"follow","max-snippet":"max-snippet:-1","max-image-preview":"max-image-preview:large","max-video-preview":"max-video-preview:-1"},"canonical":"https:\/\/www.visit-ulcinj.com\/blog\/2015\/01\/17\/kthimi-pronave-ne-ulqin-per-zuberet-eshte-ligj-kurse-per-shqiptaret-eshte-maliq\/","og_locale":"en_US","og_type":"article","og_title":"Kthimi i pronave n\u00eb Ulqin, p\u00ebr Zuber\u00ebt \u00ebsht\u00eb ligj, kurse p\u00ebr shqiptar\u00ebt \u00ebsht\u00eb Maliq - Lajme nga Ulqini","og_description":"Dit\u00ebt e fundit n\u00eb media \u00ebsht\u00eb shkruar shum\u00eb n\u00eb lidhje me vendimin e gjykat\u00ebs i cili familjes Zuber i kthen pron\u00ebn e dikurshme n\u00eb Plazh t\u00eb Vog\u00ebl. Kjo","og_url":"https:\/\/www.visit-ulcinj.com\/blog\/2015\/01\/17\/kthimi-pronave-ne-ulqin-per-zuberet-eshte-ligj-kurse-per-shqiptaret-eshte-maliq\/","og_site_name":"Lajme nga Ulqini","article_published_time":"2015-01-17T18:38:21+00:00","og_image":[{"url":"http:\/\/www.visit-ulcinj.com\/blog\/wp-content\/uploads\/2015\/01\/Disco-Fama-Ulqin.jpg"}],"twitter_misc":{"Written by":"ulqini","Est. reading time":"2 minutes"},"schema":{"@context":"https:\/\/schema.org","@graph":[{"@type":"WebSite","@id":"https:\/\/www.visit-ulcinj.com\/blog\/#website","url":"https:\/\/www.visit-ulcinj.com\/blog\/","name":"Lajme nga Ulqini","description":"Lajme,Vijesti,Ulqini,Ulqin,Crna Gora,Mali i Zi","potentialAction":[{"@type":"SearchAction","target":{"@type":"EntryPoint","urlTemplate":"https:\/\/www.visit-ulcinj.com\/blog\/?s={search_term_string}"},"query-input":"required name=search_term_string"}],"inLanguage":"en-US"},{"@type":"ImageObject","inLanguage":"en-US","@id":"https:\/\/www.visit-ulcinj.com\/blog\/2015\/01\/17\/kthimi-pronave-ne-ulqin-per-zuberet-eshte-ligj-kurse-per-shqiptaret-eshte-maliq\/#primaryimage","url":"https:\/\/www.visit-ulcinj.com\/blog\/wp-content\/uploads\/2015\/01\/Disco-Fama-Ulqin.jpg","contentUrl":"https:\/\/www.visit-ulcinj.com\/blog\/wp-content\/uploads\/2015\/01\/Disco-Fama-Ulqin.jpg","width":960,"height":640},{"@type":"WebPage","@id":"https:\/\/www.visit-ulcinj.com\/blog\/2015\/01\/17\/kthimi-pronave-ne-ulqin-per-zuberet-eshte-ligj-kurse-per-shqiptaret-eshte-maliq\/#webpage","url":"https:\/\/www.visit-ulcinj.com\/blog\/2015\/01\/17\/kthimi-pronave-ne-ulqin-per-zuberet-eshte-ligj-kurse-per-shqiptaret-eshte-maliq\/","name":"Kthimi i pronave n\u00eb Ulqin, p\u00ebr Zuber\u00ebt \u00ebsht\u00eb ligj, kurse p\u00ebr shqiptar\u00ebt \u00ebsht\u00eb Maliq - Lajme nga Ulqini","isPartOf":{"@id":"https:\/\/www.visit-ulcinj.com\/blog\/#website"},"primaryImageOfPage":{"@id":"https:\/\/www.visit-ulcinj.com\/blog\/2015\/01\/17\/kthimi-pronave-ne-ulqin-per-zuberet-eshte-ligj-kurse-per-shqiptaret-eshte-maliq\/#primaryimage"},"datePublished":"2015-01-17T18:38:21+00:00","dateModified":"2015-01-17T18:38:21+00:00","author":{"@id":"https:\/\/www.visit-ulcinj.com\/blog\/#\/schema\/person\/dcab619c614d3038751c63bc2aadc06d"},"description":"Dit\u00ebt e fundit n\u00eb media \u00ebsht\u00eb shkruar shum\u00eb n\u00eb lidhje me vendimin e gjykat\u00ebs i cili familjes Zuber i kthen pron\u00ebn e dikurshme n\u00eb Plazh t\u00eb Vog\u00ebl. Kjo","breadcrumb":{"@id":"https:\/\/www.visit-ulcinj.com\/blog\/2015\/01\/17\/kthimi-pronave-ne-ulqin-per-zuberet-eshte-ligj-kurse-per-shqiptaret-eshte-maliq\/#breadcrumb"},"inLanguage":"en-US","potentialAction":[{"@type":"ReadAction","target":["https:\/\/www.visit-ulcinj.com\/blog\/2015\/01\/17\/kthimi-pronave-ne-ulqin-per-zuberet-eshte-ligj-kurse-per-shqiptaret-eshte-maliq\/"]}]},{"@type":"BreadcrumbList","@id":"https:\/\/www.visit-ulcinj.com\/blog\/2015\/01\/17\/kthimi-pronave-ne-ulqin-per-zuberet-eshte-ligj-kurse-per-shqiptaret-eshte-maliq\/#breadcrumb","itemListElement":[{"@type":"ListItem","position":1,"name":"Kthimi i pronave n\u00eb Ulqin, p\u00ebr Zuber\u00ebt \u00ebsht\u00eb ligj, kurse p\u00ebr shqiptar\u00ebt \u00ebsht\u00eb Maliq"}]},{"@type":"Person","@id":"https:\/\/www.visit-ulcinj.com\/blog\/#\/schema\/person\/dcab619c614d3038751c63bc2aadc06d","name":"ulqini","sameAs":["http:\/\/www.visit-ulcinj.com"],"url":"https:\/\/www.visit-ulcinj.com\/blog\/author\/admin\/"}]}},"jetpack_featured_media_url":"","jetpack_sharing_enabled":true,"jetpack_shortlink":"https:\/\/wp.me\/pe6lTn-mRh","_links":{"self":[{"href":"https:\/\/www.visit-ulcinj.com\/blog\/wp-json\/wp\/v2\/posts\/87871"}],"collection":[{"href":"https:\/\/www.visit-ulcinj.com\/blog\/wp-json\/wp\/v2\/posts"}],"about":[{"href":"https:\/\/www.visit-ulcinj.com\/blog\/wp-json\/wp\/v2\/types\/post"}],"author":[{"embeddable":true,"href":"https:\/\/www.visit-ulcinj.com\/blog\/wp-json\/wp\/v2\/users\/1"}],"replies":[{"embeddable":true,"href":"https:\/\/www.visit-ulcinj.com\/blog\/wp-json\/wp\/v2\/comments?post=87871"}],"version-history":[{"count":1,"href":"https:\/\/www.visit-ulcinj.com\/blog\/wp-json\/wp\/v2\/posts\/87871\/revisions"}],"predecessor-version":[{"id":87872,"href":"https:\/\/www.visit-ulcinj.com\/blog\/wp-json\/wp\/v2\/posts\/87871\/revisions\/87872"}],"wp:attachment":[{"href":"https:\/\/www.visit-ulcinj.com\/blog\/wp-json\/wp\/v2\/media?parent=87871"}],"wp:term":[{"taxonomy":"category","embeddable":true,"href":"https:\/\/www.visit-ulcinj.com\/blog\/wp-json\/wp\/v2\/categories?post=87871"},{"taxonomy":"post_tag","embeddable":true,"href":"https:\/\/www.visit-ulcinj.com\/blog\/wp-json\/wp\/v2\/tags?post=87871"}],"curies":[{"name":"wp","href":"https:\/\/api.w.org\/{rel}","templated":true}]}}