{"id":87876,"date":"2015-01-17T20:46:42","date_gmt":"2015-01-17T19:46:42","guid":{"rendered":"http:\/\/www.visit-ulcinj.com\/blog\/?p=87876"},"modified":"2015-01-20T08:34:08","modified_gmt":"2015-01-20T07:34:08","slug":"hashim-thaci-porosi-shqiptareve-te-ulqinit-mos-e-braktisin-vendlindjen-dhe-mos-i-shisni-pronat-60-foto","status":"publish","type":"post","link":"https:\/\/www.visit-ulcinj.com\/blog\/2015\/01\/17\/hashim-thaci-porosi-shqiptareve-te-ulqinit-mos-e-braktisin-vendlindjen-dhe-mos-i-shisni-pronat-60-foto\/","title":{"rendered":"Hashim Tha\u00e7i porosi shqiptar\u00ebve te Ulqinit: Mos te braktisin vendlindjen dhe mos i shisni pronat &#8211; 60 Foto"},"content":{"rendered":"<p><span class=\"arial14 \"><strong><a href=\"http:\/\/www.visit-ulcinj.com\/blog\/wp-content\/uploads\/2015\/01\/Pritja-e-Hashim-Thacit-Ulqin-Mali-Zi-53.jpg\"><img loading=\"lazy\" class=\"alignleft wp-image-87878\" src=\"http:\/\/www.visit-ulcinj.com\/blog\/wp-content\/uploads\/2015\/01\/Pritja-e-Hashim-Thacit-Ulqin-Mali-Zi-53.jpg\" alt=\"Pritja-e-Hashim-Thacit-Ulqin-Mali-Zi-53\" width=\"508\" height=\"344\" srcset=\"https:\/\/www.visit-ulcinj.com\/blog\/wp-content\/uploads\/2015\/01\/Pritja-e-Hashim-Thacit-Ulqin-Mali-Zi-53.jpg 804w, https:\/\/www.visit-ulcinj.com\/blog\/wp-content\/uploads\/2015\/01\/Pritja-e-Hashim-Thacit-Ulqin-Mali-Zi-53-300x202.jpg 300w\" sizes=\"(max-width: 508px) 100vw, 508px\" \/><\/a>Qindra shqiptar\u00eb t\u00eb Ulqinit n\u00eb Mal t\u00eb Zi e kan\u00eb pritur para komun\u00ebs z\u00ebvend\u00ebskryeministrin dhe ministrin e Pun\u00ebve t\u00eb Jashtme t\u00eb Kosov\u00ebs, Hashim Tha\u00e7in. <\/strong><\/span><\/p>\n<p><span class=\"arial14 linkszi \">Protestat e serb\u00ebve dhe malazez\u00ebve n\u00eb Podgoric\u00eb kund\u00ebr vizit\u00ebs s\u00eb Tha\u00e7it, i mobilizuan edhe m\u00eb shum\u00eb shqiptar\u00ebt p\u00ebr t\u00eb dal\u00eb n\u00eb pritje t\u00eb kryediplomatit kosovar.<\/span><\/p>\n<p>Kureshtja p\u00ebr t\u00eb u zgjua edhe p\u00ebr faktin e udh\u00ebtimit me helikopter p\u00ebr shkak t\u00eb ngritjes s\u00eb nivelit t\u00eb siguris\u00eb.<\/p>\n<p>Gjat\u00eb q\u00ebndrimit n\u00eb Ulqin, Tha\u00e7i \u00ebsht\u00eb ndalur tek memoriali i t\u00eb d\u00ebbuarve nga lufta e Kosov\u00ebs m\u00eb 1999, ku ka vendosur nj\u00eb kuror\u00eb me lule, nd\u00ebrsa i ka fal\u00ebnderuar shqiptar\u00ebt p\u00ebr mikpritjen e refugjat\u00ebve gjat\u00eb luft\u00ebs.<\/p>\n<p>M\u00eb pas, shefi i diplomacis\u00eb kosovare ka takuar p\u00ebrfaq\u00ebsuesit shqiptar\u00eb n\u00eb Ulqin me t\u00eb cil\u00ebt ka diskutuar p\u00ebr avancimin e pozit\u00ebs politike t\u00eb shqiptar\u00ebve n\u00eb Mal t\u00eb Zi.<\/p>\n<p>Me k\u00ebt\u00eb rast Tha\u00e7i i ka ftuar shqiptar\u00ebt n\u00eb Mal t\u00eb Zi q\u00eb t\u00eb jen\u00eb m\u00eb t\u00eb bashkuar dhe mos t\u2019i shesin pronat e tyre, por t\u00eb fuqizohen edhe m\u00eb tej, duke garantuar se do t\u00eb ken\u00eb mb\u00ebshtetjen edhe t\u00eb Kosov\u00ebs edhe t\u00eb Shqip\u00ebris\u00eb.<\/p>\n<p>\u201cMesazhi im p\u00ebr qytetar\u00ebt shqiptar\u00eb q\u00eb jetojn\u00eb n\u00eb Mal t\u00eb Zi \u00ebsht\u00eb q\u00eb ata t\u00eb rrin\u00eb n\u00eb sht\u00ebpit\u00eb e tyre, n\u00eb vendlindjen e tyre. N\u00eb kuptimin politik n\u00ebse m\u00eb pyesni, mesazhi im \u00ebsht\u00eb q\u00eb le ta ruajn\u00eb dhe kultivojn\u00eb unitetin. Shqiptar\u00ebt q\u00eb jetojn\u00eb n\u00eb Mal t\u00eb Zi jan\u00eb nj\u00eb ur\u00eb lidh\u00ebse mes shtetit t\u00eb\u00a0 Kosov\u00ebs dhe Malit t\u00eb Zi, por gjithashtu edhe Shqip\u00ebris\u00eb\u201d, u shpreh Tha\u00e7i.<\/p>\n<p>Z\u00ebvend\u00ebskryeministri i ka porositur p\u00ebrfaq\u00ebsuesit politik\u00eb shqiptar\u00eb q\u00eb t\u00eb punojn\u00eb m\u00eb shum\u00eb p\u00ebr t\u00eb hapur Universitet n\u00eb Ulqin, derisa nga kryetari i k\u00ebsaj komune Fatmir Xheka ka marr\u00eb k\u00ebrkes\u00eb p\u00ebr ndihm\u00eb q\u00eb edhe shqiptar\u00ebt e Malit t\u00eb ZI t\u00eb ken\u00eb Abetaren e unifikuar me shqiptar\u00ebt n\u00eb Shqip\u00ebri dhe Kosov\u00eb.<\/p>\n<p>\u201cNe ende sot dallohemi nga shqiptar\u00ebt e tjer\u00eb kudo q\u00eb jan\u00eb. Ne ende nuk e kemi futur n\u00eb programin e pun\u00ebs tek fillestar\u00ebt Abetar\u00ebt mbar\u00ebkomb\u00ebtare. P\u00ebr k\u00ebt\u00eb kemi ftuar p\u00ebr nj\u00eb p\u00ebrkrahje t\u00eb madhe p\u00ebr ta futur k\u00ebt\u00eb abetare m\u00ebsimore nga viti i ardhsh\u00ebm shkollor\u201d,u shpreh Xheka.<\/p>\n<p>Vizita e par\u00eb e z\u00ebvend\u00ebskryeministrit Hashim Tha\u00e7i n\u00eb Mal t\u00eb Zi ka kaluar pa ndonj\u00eb incident, si\u00e7 ishin paralajm\u00ebruar, derisa p\u00ebr sigurin\u00eb e tij Podgorica zyrtare kishte angazhuar qindra pjes\u00ebtar\u00eb t\u00eb policis\u00eb.<\/p>\n<p>Top Channel<\/p>\n<!--YouTube Error: bad URL entered-->\n\n\t\t<style type=\"text\/css\">\n\t\t\t#gallery-1 {\n\t\t\t\tmargin: auto;\n\t\t\t}\n\t\t\t#gallery-1 .gallery-item {\n\t\t\t\tfloat: left;\n\t\t\t\tmargin-top: 10px;\n\t\t\t\ttext-align: center;\n\t\t\t\twidth: 33%;\n\t\t\t}\n\t\t\t#gallery-1 img {\n\t\t\t\tborder: 2px solid #cfcfcf;\n\t\t\t}\n\t\t\t#gallery-1 .gallery-caption {\n\t\t\t\tmargin-left: 0;\n\t\t\t}\n\t\t\t\/* see gallery_shortcode() in wp-includes\/media.php *\/\n\t\t<\/style>\n\t\t<div id='gallery-1' class='gallery galleryid-87876 gallery-columns-3 gallery-size-thumbnail'><dl class='gallery-item'>\n\t\t\t<dt class='gallery-icon landscape'>\n\t\t\t\t<a href='https:\/\/www.visit-ulcinj.com\/blog\/2015\/01\/17\/hashim-thaci-porosi-shqiptareve-te-ulqinit-mos-e-braktisin-vendlindjen-dhe-mos-i-shisni-pronat-60-foto\/pritja-e-hashim-thacit-ulqin-mali-zi-53-2\/'><img width=\"150\" height=\"150\" src=\"https:\/\/www.visit-ulcinj.com\/blog\/wp-content\/uploads\/2015\/01\/Pritja-e-Hashim-Thacit-Ulqin-Mali-Zi-531-150x150.jpg\" class=\"attachment-thumbnail size-thumbnail\" alt=\"\" loading=\"lazy\" \/><\/a>\n\t\t\t<\/dt><\/dl><dl class='gallery-item'>\n\t\t\t<dt class='gallery-icon landscape'>\n\t\t\t\t<a href='https:\/\/www.visit-ulcinj.com\/blog\/2015\/01\/17\/hashim-thaci-porosi-shqiptareve-te-ulqinit-mos-e-braktisin-vendlindjen-dhe-mos-i-shisni-pronat-60-foto\/pritja-e-hashim-thacit-ulqin-mali-zi\/'><img width=\"150\" height=\"150\" src=\"https:\/\/www.visit-ulcinj.com\/blog\/wp-content\/uploads\/2015\/01\/Pritja-e-Hashim-Thacit-Ulqin-Mali-Zi--150x150.jpg\" class=\"attachment-thumbnail size-thumbnail\" alt=\"\" loading=\"lazy\" \/><\/a>\n\t\t\t<\/dt><\/dl><dl class='gallery-item'>\n\t\t\t<dt class='gallery-icon landscape'>\n\t\t\t\t<a href='https:\/\/www.visit-ulcinj.com\/blog\/2015\/01\/17\/hashim-thaci-porosi-shqiptareve-te-ulqinit-mos-e-braktisin-vendlindjen-dhe-mos-i-shisni-pronat-60-foto\/pritja-e-hashim-thacit-ulqin-mali-zi-53\/'><img width=\"150\" height=\"150\" src=\"https:\/\/www.visit-ulcinj.com\/blog\/wp-content\/uploads\/2015\/01\/Pritja-e-Hashim-Thacit-Ulqin-Mali-Zi-53-150x150.jpg\" class=\"attachment-thumbnail size-thumbnail\" alt=\"\" loading=\"lazy\" \/><\/a>\n\t\t\t<\/dt><\/dl><br style=\"clear: both\" \/><dl class='gallery-item'>\n\t\t\t<dt class='gallery-icon landscape'>\n\t\t\t\t<a href='https:\/\/www.visit-ulcinj.com\/blog\/2015\/01\/17\/hashim-thaci-porosi-shqiptareve-te-ulqinit-mos-e-braktisin-vendlindjen-dhe-mos-i-shisni-pronat-60-foto\/pritja-e-hashim-thacit-ulqin-mali-zi-5\/'><img width=\"150\" height=\"150\" src=\"https:\/\/www.visit-ulcinj.com\/blog\/wp-content\/uploads\/2015\/01\/Pritja-e-Hashim-Thacit-Ulqin-Mali-Zi-5-150x150.jpg\" class=\"attachment-thumbnail size-thumbnail\" alt=\"\" loading=\"lazy\" \/><\/a>\n\t\t\t<\/dt><\/dl><dl class='gallery-item'>\n\t\t\t<dt class='gallery-icon landscape'>\n\t\t\t\t<a href='https:\/\/www.visit-ulcinj.com\/blog\/2015\/01\/17\/hashim-thaci-porosi-shqiptareve-te-ulqinit-mos-e-braktisin-vendlindjen-dhe-mos-i-shisni-pronat-60-foto\/pritja-e-hashim-thacit-ulqin-mali-zi-4\/'><img width=\"150\" height=\"150\" src=\"https:\/\/www.visit-ulcinj.com\/blog\/wp-content\/uploads\/2015\/01\/Pritja-e-Hashim-Thacit-Ulqin-Mali-Zi-4-150x150.jpg\" class=\"attachment-thumbnail size-thumbnail\" alt=\"\" loading=\"lazy\" \/><\/a>\n\t\t\t<\/dt><\/dl><dl class='gallery-item'>\n\t\t\t<dt class='gallery-icon landscape'>\n\t\t\t\t<a href='https:\/\/www.visit-ulcinj.com\/blog\/2015\/01\/17\/hashim-thaci-porosi-shqiptareve-te-ulqinit-mos-e-braktisin-vendlindjen-dhe-mos-i-shisni-pronat-60-foto\/pritja-e-hashim-thacit-ulqin-mali-zi-3\/'><img width=\"150\" height=\"150\" src=\"https:\/\/www.visit-ulcinj.com\/blog\/wp-content\/uploads\/2015\/01\/Pritja-e-Hashim-Thacit-Ulqin-Mali-Zi-3-150x150.jpg\" class=\"attachment-thumbnail size-thumbnail\" alt=\"\" loading=\"lazy\" \/><\/a>\n\t\t\t<\/dt><\/dl><br style=\"clear: both\" \/><dl class='gallery-item'>\n\t\t\t<dt class='gallery-icon landscape'>\n\t\t\t\t<a href='https:\/\/www.visit-ulcinj.com\/blog\/2015\/01\/17\/hashim-thaci-porosi-shqiptareve-te-ulqinit-mos-e-braktisin-vendlindjen-dhe-mos-i-shisni-pronat-60-foto\/pritja-e-hashim-thacit-ulqin-mali-zi-2-2\/'><img width=\"150\" height=\"150\" src=\"https:\/\/www.visit-ulcinj.com\/blog\/wp-content\/uploads\/2015\/01\/Pritja-e-Hashim-Thacit-Ulqin-Mali-Zi-2-150x150.jpg\" class=\"attachment-thumbnail size-thumbnail\" alt=\"\" loading=\"lazy\" \/><\/a>\n\t\t\t<\/dt><\/dl><dl class='gallery-item'>\n\t\t\t<dt class='gallery-icon landscape'>\n\t\t\t\t<a href='https:\/\/www.visit-ulcinj.com\/blog\/2015\/01\/17\/hashim-thaci-porosi-shqiptareve-te-ulqinit-mos-e-braktisin-vendlindjen-dhe-mos-i-shisni-pronat-60-foto\/pritja-e-hashim-thacit-ulqin-mali-zi-1\/'><img width=\"150\" height=\"150\" src=\"https:\/\/www.visit-ulcinj.com\/blog\/wp-content\/uploads\/2015\/01\/Pritja-e-Hashim-Thacit-Ulqin-Mali-Zi-11-150x150.jpg\" class=\"attachment-thumbnail size-thumbnail\" alt=\"\" loading=\"lazy\" \/><\/a>\n\t\t\t<\/dt><\/dl><dl class='gallery-item'>\n\t\t\t<dt class='gallery-icon landscape'>\n\t\t\t\t<a href='https:\/\/www.visit-ulcinj.com\/blog\/2015\/01\/17\/hashim-thaci-porosi-shqiptareve-te-ulqinit-mos-e-braktisin-vendlindjen-dhe-mos-i-shisni-pronat-60-foto\/pritja-e-hashim-thacit-ulqin-mali-zi-6\/'><img width=\"150\" height=\"150\" src=\"https:\/\/www.visit-ulcinj.com\/blog\/wp-content\/uploads\/2015\/01\/Pritja-e-Hashim-Thacit-Ulqin-Mali-Zi-6-150x150.jpg\" class=\"attachment-thumbnail size-thumbnail\" alt=\"\" loading=\"lazy\" \/><\/a>\n\t\t\t<\/dt><\/dl><br style=\"clear: both\" \/><dl class='gallery-item'>\n\t\t\t<dt class='gallery-icon landscape'>\n\t\t\t\t<a href='https:\/\/www.visit-ulcinj.com\/blog\/2015\/01\/17\/hashim-thaci-porosi-shqiptareve-te-ulqinit-mos-e-braktisin-vendlindjen-dhe-mos-i-shisni-pronat-60-foto\/pritja-e-hashim-thacit-ulqin-mali-zi-7\/'><img width=\"150\" height=\"150\" src=\"https:\/\/www.visit-ulcinj.com\/blog\/wp-content\/uploads\/2015\/01\/Pritja-e-Hashim-Thacit-Ulqin-Mali-Zi-7-150x150.jpg\" class=\"attachment-thumbnail size-thumbnail\" alt=\"\" loading=\"lazy\" \/><\/a>\n\t\t\t<\/dt><\/dl><dl class='gallery-item'>\n\t\t\t<dt class='gallery-icon landscape'>\n\t\t\t\t<a href='https:\/\/www.visit-ulcinj.com\/blog\/2015\/01\/17\/hashim-thaci-porosi-shqiptareve-te-ulqinit-mos-e-braktisin-vendlindjen-dhe-mos-i-shisni-pronat-60-foto\/pritja-e-hashim-thacit-ulqin-mali-zi-8\/'><img width=\"150\" height=\"150\" src=\"https:\/\/www.visit-ulcinj.com\/blog\/wp-content\/uploads\/2015\/01\/Pritja-e-Hashim-Thacit-Ulqin-Mali-Zi-8-150x150.jpg\" class=\"attachment-thumbnail size-thumbnail\" alt=\"\" loading=\"lazy\" \/><\/a>\n\t\t\t<\/dt><\/dl><dl class='gallery-item'>\n\t\t\t<dt class='gallery-icon landscape'>\n\t\t\t\t<a href='https:\/\/www.visit-ulcinj.com\/blog\/2015\/01\/17\/hashim-thaci-porosi-shqiptareve-te-ulqinit-mos-e-braktisin-vendlindjen-dhe-mos-i-shisni-pronat-60-foto\/pritja-e-hashim-thacit-ulqin-mali-zi-9\/'><img width=\"150\" height=\"150\" src=\"https:\/\/www.visit-ulcinj.com\/blog\/wp-content\/uploads\/2015\/01\/Pritja-e-Hashim-Thacit-Ulqin-Mali-Zi-9-150x150.jpg\" class=\"attachment-thumbnail size-thumbnail\" alt=\"\" loading=\"lazy\" \/><\/a>\n\t\t\t<\/dt><\/dl><br style=\"clear: both\" \/><dl class='gallery-item'>\n\t\t\t<dt class='gallery-icon portrait'>\n\t\t\t\t<a href='https:\/\/www.visit-ulcinj.com\/blog\/2015\/01\/17\/hashim-thaci-porosi-shqiptareve-te-ulqinit-mos-e-braktisin-vendlindjen-dhe-mos-i-shisni-pronat-60-foto\/pritja-e-hashim-thacit-ulqin-mali-zi-10\/'><img width=\"150\" height=\"150\" src=\"https:\/\/www.visit-ulcinj.com\/blog\/wp-content\/uploads\/2015\/01\/Pritja-e-Hashim-Thacit-Ulqin-Mali-Zi-10-150x150.jpg\" class=\"attachment-thumbnail size-thumbnail\" alt=\"\" loading=\"lazy\" \/><\/a>\n\t\t\t<\/dt><\/dl><dl class='gallery-item'>\n\t\t\t<dt class='gallery-icon landscape'>\n\t\t\t\t<a href='https:\/\/www.visit-ulcinj.com\/blog\/2015\/01\/17\/hashim-thaci-porosi-shqiptareve-te-ulqinit-mos-e-braktisin-vendlindjen-dhe-mos-i-shisni-pronat-60-foto\/pritja-e-hashim-thacit-ulqin-mali-zi-15\/'><img width=\"150\" height=\"150\" src=\"https:\/\/www.visit-ulcinj.com\/blog\/wp-content\/uploads\/2015\/01\/Pritja-e-Hashim-Thacit-Ulqin-Mali-Zi-15-150x150.jpg\" class=\"attachment-thumbnail size-thumbnail\" alt=\"\" loading=\"lazy\" \/><\/a>\n\t\t\t<\/dt><\/dl><dl class='gallery-item'>\n\t\t\t<dt class='gallery-icon portrait'>\n\t\t\t\t<a href='https:\/\/www.visit-ulcinj.com\/blog\/2015\/01\/17\/hashim-thaci-porosi-shqiptareve-te-ulqinit-mos-e-braktisin-vendlindjen-dhe-mos-i-shisni-pronat-60-foto\/pritja-e-hashim-thacit-ulqin-mali-zi-14\/'><img width=\"150\" height=\"150\" src=\"https:\/\/www.visit-ulcinj.com\/blog\/wp-content\/uploads\/2015\/01\/Pritja-e-Hashim-Thacit-Ulqin-Mali-Zi-14-150x150.jpg\" class=\"attachment-thumbnail size-thumbnail\" alt=\"\" loading=\"lazy\" \/><\/a>\n\t\t\t<\/dt><\/dl><br style=\"clear: both\" \/><dl class='gallery-item'>\n\t\t\t<dt class='gallery-icon landscape'>\n\t\t\t\t<a href='https:\/\/www.visit-ulcinj.com\/blog\/2015\/01\/17\/hashim-thaci-porosi-shqiptareve-te-ulqinit-mos-e-braktisin-vendlindjen-dhe-mos-i-shisni-pronat-60-foto\/pritja-e-hashim-thacit-ulqin-mali-zi-13\/'><img width=\"150\" height=\"150\" src=\"https:\/\/www.visit-ulcinj.com\/blog\/wp-content\/uploads\/2015\/01\/Pritja-e-Hashim-Thacit-Ulqin-Mali-Zi-13-150x150.jpg\" class=\"attachment-thumbnail size-thumbnail\" alt=\"\" loading=\"lazy\" \/><\/a>\n\t\t\t<\/dt><\/dl><dl class='gallery-item'>\n\t\t\t<dt class='gallery-icon landscape'>\n\t\t\t\t<a href='https:\/\/www.visit-ulcinj.com\/blog\/2015\/01\/17\/hashim-thaci-porosi-shqiptareve-te-ulqinit-mos-e-braktisin-vendlindjen-dhe-mos-i-shisni-pronat-60-foto\/pritja-e-hashim-thacit-ulqin-mali-zi-12\/'><img width=\"150\" height=\"150\" src=\"https:\/\/www.visit-ulcinj.com\/blog\/wp-content\/uploads\/2015\/01\/Pritja-e-Hashim-Thacit-Ulqin-Mali-Zi-12-150x150.jpg\" class=\"attachment-thumbnail size-thumbnail\" alt=\"\" loading=\"lazy\" \/><\/a>\n\t\t\t<\/dt><\/dl><dl class='gallery-item'>\n\t\t\t<dt class='gallery-icon portrait'>\n\t\t\t\t<a href='https:\/\/www.visit-ulcinj.com\/blog\/2015\/01\/17\/hashim-thaci-porosi-shqiptareve-te-ulqinit-mos-e-braktisin-vendlindjen-dhe-mos-i-shisni-pronat-60-foto\/pritja-e-hashim-thacit-ulqin-mali-zi-11\/'><img width=\"150\" height=\"150\" src=\"https:\/\/www.visit-ulcinj.com\/blog\/wp-content\/uploads\/2015\/01\/Pritja-e-Hashim-Thacit-Ulqin-Mali-Zi-111-150x150.jpg\" class=\"attachment-thumbnail size-thumbnail\" alt=\"\" loading=\"lazy\" \/><\/a>\n\t\t\t<\/dt><\/dl><br style=\"clear: both\" \/><dl class='gallery-item'>\n\t\t\t<dt class='gallery-icon landscape'>\n\t\t\t\t<a href='https:\/\/www.visit-ulcinj.com\/blog\/2015\/01\/17\/hashim-thaci-porosi-shqiptareve-te-ulqinit-mos-e-braktisin-vendlindjen-dhe-mos-i-shisni-pronat-60-foto\/pritja-e-hashim-thacit-ulqin-mali-zi-16\/'><img width=\"150\" height=\"150\" src=\"https:\/\/www.visit-ulcinj.com\/blog\/wp-content\/uploads\/2015\/01\/Pritja-e-Hashim-Thacit-Ulqin-Mali-Zi-16-150x150.jpg\" class=\"attachment-thumbnail size-thumbnail\" alt=\"\" loading=\"lazy\" \/><\/a>\n\t\t\t<\/dt><\/dl><dl class='gallery-item'>\n\t\t\t<dt class='gallery-icon landscape'>\n\t\t\t\t<a href='https:\/\/www.visit-ulcinj.com\/blog\/2015\/01\/17\/hashim-thaci-porosi-shqiptareve-te-ulqinit-mos-e-braktisin-vendlindjen-dhe-mos-i-shisni-pronat-60-foto\/pritja-e-hashim-thacit-ulqin-mali-zi-17\/'><img width=\"150\" height=\"150\" src=\"https:\/\/www.visit-ulcinj.com\/blog\/wp-content\/uploads\/2015\/01\/Pritja-e-Hashim-Thacit-Ulqin-Mali-Zi-17-150x150.jpg\" class=\"attachment-thumbnail size-thumbnail\" alt=\"\" loading=\"lazy\" \/><\/a>\n\t\t\t<\/dt><\/dl><dl class='gallery-item'>\n\t\t\t<dt class='gallery-icon landscape'>\n\t\t\t\t<a href='https:\/\/www.visit-ulcinj.com\/blog\/2015\/01\/17\/hashim-thaci-porosi-shqiptareve-te-ulqinit-mos-e-braktisin-vendlindjen-dhe-mos-i-shisni-pronat-60-foto\/pritja-e-hashim-thacit-ulqin-mali-zi-18\/'><img width=\"150\" height=\"150\" src=\"https:\/\/www.visit-ulcinj.com\/blog\/wp-content\/uploads\/2015\/01\/Pritja-e-Hashim-Thacit-Ulqin-Mali-Zi-18-150x150.jpg\" class=\"attachment-thumbnail size-thumbnail\" alt=\"\" loading=\"lazy\" \/><\/a>\n\t\t\t<\/dt><\/dl><br style=\"clear: both\" \/><dl class='gallery-item'>\n\t\t\t<dt class='gallery-icon portrait'>\n\t\t\t\t<a href='https:\/\/www.visit-ulcinj.com\/blog\/2015\/01\/17\/hashim-thaci-porosi-shqiptareve-te-ulqinit-mos-e-braktisin-vendlindjen-dhe-mos-i-shisni-pronat-60-foto\/pritja-e-hashim-thacit-ulqin-mali-zi-19\/'><img width=\"150\" height=\"150\" src=\"https:\/\/www.visit-ulcinj.com\/blog\/wp-content\/uploads\/2015\/01\/Pritja-e-Hashim-Thacit-Ulqin-Mali-Zi-19-150x150.jpg\" class=\"attachment-thumbnail size-thumbnail\" alt=\"\" loading=\"lazy\" \/><\/a>\n\t\t\t<\/dt><\/dl><dl class='gallery-item'>\n\t\t\t<dt class='gallery-icon landscape'>\n\t\t\t\t<a href='https:\/\/www.visit-ulcinj.com\/blog\/2015\/01\/17\/hashim-thaci-porosi-shqiptareve-te-ulqinit-mos-e-braktisin-vendlindjen-dhe-mos-i-shisni-pronat-60-foto\/pritja-e-hashim-thacit-ulqin-mali-zi-20\/'><img width=\"150\" height=\"150\" src=\"https:\/\/www.visit-ulcinj.com\/blog\/wp-content\/uploads\/2015\/01\/Pritja-e-Hashim-Thacit-Ulqin-Mali-Zi-20-150x150.jpg\" class=\"attachment-thumbnail size-thumbnail\" alt=\"\" loading=\"lazy\" \/><\/a>\n\t\t\t<\/dt><\/dl><dl class='gallery-item'>\n\t\t\t<dt class='gallery-icon landscape'>\n\t\t\t\t<a href='https:\/\/www.visit-ulcinj.com\/blog\/2015\/01\/17\/hashim-thaci-porosi-shqiptareve-te-ulqinit-mos-e-braktisin-vendlindjen-dhe-mos-i-shisni-pronat-60-foto\/pritja-e-hashim-thacit-ulqin-mali-zi-21\/'><img width=\"150\" height=\"150\" src=\"https:\/\/www.visit-ulcinj.com\/blog\/wp-content\/uploads\/2015\/01\/Pritja-e-Hashim-Thacit-Ulqin-Mali-Zi-21-150x150.jpg\" class=\"attachment-thumbnail size-thumbnail\" alt=\"\" loading=\"lazy\" \/><\/a>\n\t\t\t<\/dt><\/dl><br style=\"clear: both\" \/><dl class='gallery-item'>\n\t\t\t<dt class='gallery-icon landscape'>\n\t\t\t\t<a href='https:\/\/www.visit-ulcinj.com\/blog\/2015\/01\/17\/hashim-thaci-porosi-shqiptareve-te-ulqinit-mos-e-braktisin-vendlindjen-dhe-mos-i-shisni-pronat-60-foto\/pritja-e-hashim-thacit-ulqin-mali-zi-22\/'><img width=\"150\" height=\"150\" src=\"https:\/\/www.visit-ulcinj.com\/blog\/wp-content\/uploads\/2015\/01\/Pritja-e-Hashim-Thacit-Ulqin-Mali-Zi-22-150x150.jpg\" class=\"attachment-thumbnail size-thumbnail\" alt=\"\" loading=\"lazy\" \/><\/a>\n\t\t\t<\/dt><\/dl><dl class='gallery-item'>\n\t\t\t<dt class='gallery-icon landscape'>\n\t\t\t\t<a href='https:\/\/www.visit-ulcinj.com\/blog\/2015\/01\/17\/hashim-thaci-porosi-shqiptareve-te-ulqinit-mos-e-braktisin-vendlindjen-dhe-mos-i-shisni-pronat-60-foto\/pritja-e-hashim-thacit-ulqin-mali-zi-23\/'><img width=\"150\" height=\"150\" src=\"https:\/\/www.visit-ulcinj.com\/blog\/wp-content\/uploads\/2015\/01\/Pritja-e-Hashim-Thacit-Ulqin-Mali-Zi-23-150x150.jpg\" class=\"attachment-thumbnail size-thumbnail\" alt=\"\" loading=\"lazy\" \/><\/a>\n\t\t\t<\/dt><\/dl><dl class='gallery-item'>\n\t\t\t<dt class='gallery-icon landscape'>\n\t\t\t\t<a href='https:\/\/www.visit-ulcinj.com\/blog\/2015\/01\/17\/hashim-thaci-porosi-shqiptareve-te-ulqinit-mos-e-braktisin-vendlindjen-dhe-mos-i-shisni-pronat-60-foto\/pritja-e-hashim-thacit-ulqin-mali-zi-24\/'><img width=\"150\" height=\"150\" src=\"https:\/\/www.visit-ulcinj.com\/blog\/wp-content\/uploads\/2015\/01\/Pritja-e-Hashim-Thacit-Ulqin-Mali-Zi-24-150x150.jpg\" class=\"attachment-thumbnail size-thumbnail\" alt=\"\" loading=\"lazy\" \/><\/a>\n\t\t\t<\/dt><\/dl><br style=\"clear: both\" \/><dl class='gallery-item'>\n\t\t\t<dt class='gallery-icon landscape'>\n\t\t\t\t<a href='https:\/\/www.visit-ulcinj.com\/blog\/2015\/01\/17\/hashim-thaci-porosi-shqiptareve-te-ulqinit-mos-e-braktisin-vendlindjen-dhe-mos-i-shisni-pronat-60-foto\/pritja-e-hashim-thacit-ulqin-mali-zi-25\/'><img width=\"150\" height=\"150\" src=\"https:\/\/www.visit-ulcinj.com\/blog\/wp-content\/uploads\/2015\/01\/Pritja-e-Hashim-Thacit-Ulqin-Mali-Zi-25-150x150.jpg\" class=\"attachment-thumbnail size-thumbnail\" alt=\"\" loading=\"lazy\" \/><\/a>\n\t\t\t<\/dt><\/dl><dl class='gallery-item'>\n\t\t\t<dt class='gallery-icon landscape'>\n\t\t\t\t<a href='https:\/\/www.visit-ulcinj.com\/blog\/2015\/01\/17\/hashim-thaci-porosi-shqiptareve-te-ulqinit-mos-e-braktisin-vendlindjen-dhe-mos-i-shisni-pronat-60-foto\/pritja-e-hashim-thacit-ulqin-mali-zi-30\/'><img width=\"150\" height=\"150\" src=\"https:\/\/www.visit-ulcinj.com\/blog\/wp-content\/uploads\/2015\/01\/Pritja-e-Hashim-Thacit-Ulqin-Mali-Zi-30-150x150.jpg\" class=\"attachment-thumbnail size-thumbnail\" alt=\"\" loading=\"lazy\" \/><\/a>\n\t\t\t<\/dt><\/dl><dl class='gallery-item'>\n\t\t\t<dt class='gallery-icon landscape'>\n\t\t\t\t<a href='https:\/\/www.visit-ulcinj.com\/blog\/2015\/01\/17\/hashim-thaci-porosi-shqiptareve-te-ulqinit-mos-e-braktisin-vendlindjen-dhe-mos-i-shisni-pronat-60-foto\/pritja-e-hashim-thacit-ulqin-mali-zi-29\/'><img width=\"150\" height=\"150\" src=\"https:\/\/www.visit-ulcinj.com\/blog\/wp-content\/uploads\/2015\/01\/Pritja-e-Hashim-Thacit-Ulqin-Mali-Zi-29-150x150.jpg\" class=\"attachment-thumbnail size-thumbnail\" alt=\"\" loading=\"lazy\" \/><\/a>\n\t\t\t<\/dt><\/dl><br style=\"clear: both\" \/><dl class='gallery-item'>\n\t\t\t<dt class='gallery-icon landscape'>\n\t\t\t\t<a href='https:\/\/www.visit-ulcinj.com\/blog\/2015\/01\/17\/hashim-thaci-porosi-shqiptareve-te-ulqinit-mos-e-braktisin-vendlindjen-dhe-mos-i-shisni-pronat-60-foto\/pritja-e-hashim-thacit-ulqin-mali-zi-28\/'><img width=\"150\" height=\"150\" src=\"https:\/\/www.visit-ulcinj.com\/blog\/wp-content\/uploads\/2015\/01\/Pritja-e-Hashim-Thacit-Ulqin-Mali-Zi-28-150x150.jpg\" class=\"attachment-thumbnail size-thumbnail\" alt=\"\" loading=\"lazy\" \/><\/a>\n\t\t\t<\/dt><\/dl><dl class='gallery-item'>\n\t\t\t<dt class='gallery-icon landscape'>\n\t\t\t\t<a href='https:\/\/www.visit-ulcinj.com\/blog\/2015\/01\/17\/hashim-thaci-porosi-shqiptareve-te-ulqinit-mos-e-braktisin-vendlindjen-dhe-mos-i-shisni-pronat-60-foto\/pritja-e-hashim-thacit-ulqin-mali-zi-27\/'><img width=\"150\" height=\"150\" src=\"https:\/\/www.visit-ulcinj.com\/blog\/wp-content\/uploads\/2015\/01\/Pritja-e-Hashim-Thacit-Ulqin-Mali-Zi-27-150x150.jpg\" class=\"attachment-thumbnail size-thumbnail\" alt=\"\" loading=\"lazy\" \/><\/a>\n\t\t\t<\/dt><\/dl><dl class='gallery-item'>\n\t\t\t<dt class='gallery-icon landscape'>\n\t\t\t\t<a href='https:\/\/www.visit-ulcinj.com\/blog\/2015\/01\/17\/hashim-thaci-porosi-shqiptareve-te-ulqinit-mos-e-braktisin-vendlindjen-dhe-mos-i-shisni-pronat-60-foto\/pritja-e-hashim-thacit-ulqin-mali-zi-26\/'><img width=\"150\" height=\"150\" src=\"https:\/\/www.visit-ulcinj.com\/blog\/wp-content\/uploads\/2015\/01\/Pritja-e-Hashim-Thacit-Ulqin-Mali-Zi-26-150x150.jpg\" class=\"attachment-thumbnail size-thumbnail\" alt=\"\" loading=\"lazy\" \/><\/a>\n\t\t\t<\/dt><\/dl><br style=\"clear: both\" \/><dl class='gallery-item'>\n\t\t\t<dt class='gallery-icon landscape'>\n\t\t\t\t<a href='https:\/\/www.visit-ulcinj.com\/blog\/2015\/01\/17\/hashim-thaci-porosi-shqiptareve-te-ulqinit-mos-e-braktisin-vendlindjen-dhe-mos-i-shisni-pronat-60-foto\/pritja-e-hashim-thacit-ulqin-mali-zi-31\/'><img width=\"150\" height=\"150\" src=\"https:\/\/www.visit-ulcinj.com\/blog\/wp-content\/uploads\/2015\/01\/Pritja-e-Hashim-Thacit-Ulqin-Mali-Zi-31-150x150.jpg\" class=\"attachment-thumbnail size-thumbnail\" alt=\"\" loading=\"lazy\" \/><\/a>\n\t\t\t<\/dt><\/dl><dl class='gallery-item'>\n\t\t\t<dt class='gallery-icon portrait'>\n\t\t\t\t<a href='https:\/\/www.visit-ulcinj.com\/blog\/2015\/01\/17\/hashim-thaci-porosi-shqiptareve-te-ulqinit-mos-e-braktisin-vendlindjen-dhe-mos-i-shisni-pronat-60-foto\/pritja-e-hashim-thacit-ulqin-mali-zi-32\/'><img width=\"150\" height=\"150\" src=\"https:\/\/www.visit-ulcinj.com\/blog\/wp-content\/uploads\/2015\/01\/Pritja-e-Hashim-Thacit-Ulqin-Mali-Zi-32-150x150.jpg\" class=\"attachment-thumbnail size-thumbnail\" alt=\"\" loading=\"lazy\" \/><\/a>\n\t\t\t<\/dt><\/dl><dl class='gallery-item'>\n\t\t\t<dt class='gallery-icon portrait'>\n\t\t\t\t<a href='https:\/\/www.visit-ulcinj.com\/blog\/2015\/01\/17\/hashim-thaci-porosi-shqiptareve-te-ulqinit-mos-e-braktisin-vendlindjen-dhe-mos-i-shisni-pronat-60-foto\/pritja-e-hashim-thacit-ulqin-mali-zi-33\/'><img width=\"150\" height=\"150\" src=\"https:\/\/www.visit-ulcinj.com\/blog\/wp-content\/uploads\/2015\/01\/Pritja-e-Hashim-Thacit-Ulqin-Mali-Zi-33-150x150.jpg\" class=\"attachment-thumbnail size-thumbnail\" alt=\"\" loading=\"lazy\" \/><\/a>\n\t\t\t<\/dt><\/dl><br style=\"clear: both\" \/><dl class='gallery-item'>\n\t\t\t<dt class='gallery-icon portrait'>\n\t\t\t\t<a href='https:\/\/www.visit-ulcinj.com\/blog\/2015\/01\/17\/hashim-thaci-porosi-shqiptareve-te-ulqinit-mos-e-braktisin-vendlindjen-dhe-mos-i-shisni-pronat-60-foto\/pritja-e-hashim-thacit-ulqin-mali-zi-34\/'><img width=\"150\" height=\"150\" src=\"https:\/\/www.visit-ulcinj.com\/blog\/wp-content\/uploads\/2015\/01\/Pritja-e-Hashim-Thacit-Ulqin-Mali-Zi-34-150x150.jpg\" class=\"attachment-thumbnail size-thumbnail\" alt=\"\" loading=\"lazy\" \/><\/a>\n\t\t\t<\/dt><\/dl><dl class='gallery-item'>\n\t\t\t<dt class='gallery-icon landscape'>\n\t\t\t\t<a href='https:\/\/www.visit-ulcinj.com\/blog\/2015\/01\/17\/hashim-thaci-porosi-shqiptareve-te-ulqinit-mos-e-braktisin-vendlindjen-dhe-mos-i-shisni-pronat-60-foto\/pritja-e-hashim-thacit-ulqin-mali-zi-35\/'><img width=\"150\" height=\"150\" src=\"https:\/\/www.visit-ulcinj.com\/blog\/wp-content\/uploads\/2015\/01\/Pritja-e-Hashim-Thacit-Ulqin-Mali-Zi-35-150x150.jpg\" class=\"attachment-thumbnail size-thumbnail\" alt=\"\" loading=\"lazy\" \/><\/a>\n\t\t\t<\/dt><\/dl><dl class='gallery-item'>\n\t\t\t<dt class='gallery-icon portrait'>\n\t\t\t\t<a href='https:\/\/www.visit-ulcinj.com\/blog\/2015\/01\/17\/hashim-thaci-porosi-shqiptareve-te-ulqinit-mos-e-braktisin-vendlindjen-dhe-mos-i-shisni-pronat-60-foto\/pritja-e-hashim-thacit-ulqin-mali-zi-40\/'><img width=\"150\" height=\"150\" src=\"https:\/\/www.visit-ulcinj.com\/blog\/wp-content\/uploads\/2015\/01\/Pritja-e-Hashim-Thacit-Ulqin-Mali-Zi-40-150x150.jpg\" class=\"attachment-thumbnail size-thumbnail\" alt=\"\" loading=\"lazy\" \/><\/a>\n\t\t\t<\/dt><\/dl><br style=\"clear: both\" \/><dl class='gallery-item'>\n\t\t\t<dt class='gallery-icon portrait'>\n\t\t\t\t<a href='https:\/\/www.visit-ulcinj.com\/blog\/2015\/01\/17\/hashim-thaci-porosi-shqiptareve-te-ulqinit-mos-e-braktisin-vendlindjen-dhe-mos-i-shisni-pronat-60-foto\/pritja-e-hashim-thacit-ulqin-mali-zi-39\/'><img width=\"150\" height=\"150\" src=\"https:\/\/www.visit-ulcinj.com\/blog\/wp-content\/uploads\/2015\/01\/Pritja-e-Hashim-Thacit-Ulqin-Mali-Zi-39-150x150.jpg\" class=\"attachment-thumbnail size-thumbnail\" alt=\"\" loading=\"lazy\" \/><\/a>\n\t\t\t<\/dt><\/dl><dl class='gallery-item'>\n\t\t\t<dt class='gallery-icon landscape'>\n\t\t\t\t<a href='https:\/\/www.visit-ulcinj.com\/blog\/2015\/01\/17\/hashim-thaci-porosi-shqiptareve-te-ulqinit-mos-e-braktisin-vendlindjen-dhe-mos-i-shisni-pronat-60-foto\/pritja-e-hashim-thacit-ulqin-mali-zi-38\/'><img width=\"150\" height=\"150\" src=\"https:\/\/www.visit-ulcinj.com\/blog\/wp-content\/uploads\/2015\/01\/Pritja-e-Hashim-Thacit-Ulqin-Mali-Zi-38-150x150.jpg\" class=\"attachment-thumbnail size-thumbnail\" alt=\"\" loading=\"lazy\" \/><\/a>\n\t\t\t<\/dt><\/dl><dl class='gallery-item'>\n\t\t\t<dt class='gallery-icon landscape'>\n\t\t\t\t<a href='https:\/\/www.visit-ulcinj.com\/blog\/2015\/01\/17\/hashim-thaci-porosi-shqiptareve-te-ulqinit-mos-e-braktisin-vendlindjen-dhe-mos-i-shisni-pronat-60-foto\/pritja-e-hashim-thacit-ulqin-mali-zi-37\/'><img width=\"150\" height=\"150\" src=\"https:\/\/www.visit-ulcinj.com\/blog\/wp-content\/uploads\/2015\/01\/Pritja-e-Hashim-Thacit-Ulqin-Mali-Zi-37-150x150.jpg\" class=\"attachment-thumbnail size-thumbnail\" alt=\"\" loading=\"lazy\" \/><\/a>\n\t\t\t<\/dt><\/dl><br style=\"clear: both\" \/><dl class='gallery-item'>\n\t\t\t<dt class='gallery-icon landscape'>\n\t\t\t\t<a href='https:\/\/www.visit-ulcinj.com\/blog\/2015\/01\/17\/hashim-thaci-porosi-shqiptareve-te-ulqinit-mos-e-braktisin-vendlindjen-dhe-mos-i-shisni-pronat-60-foto\/pritja-e-hashim-thacit-ulqin-mali-zi-36\/'><img width=\"150\" height=\"150\" src=\"https:\/\/www.visit-ulcinj.com\/blog\/wp-content\/uploads\/2015\/01\/Pritja-e-Hashim-Thacit-Ulqin-Mali-Zi-36-150x150.jpg\" class=\"attachment-thumbnail size-thumbnail\" alt=\"\" loading=\"lazy\" \/><\/a>\n\t\t\t<\/dt><\/dl><dl class='gallery-item'>\n\t\t\t<dt class='gallery-icon landscape'>\n\t\t\t\t<a href='https:\/\/www.visit-ulcinj.com\/blog\/2015\/01\/17\/hashim-thaci-porosi-shqiptareve-te-ulqinit-mos-e-braktisin-vendlindjen-dhe-mos-i-shisni-pronat-60-foto\/pritja-e-hashim-thacit-ulqin-mali-zi-41\/'><img width=\"150\" height=\"150\" src=\"https:\/\/www.visit-ulcinj.com\/blog\/wp-content\/uploads\/2015\/01\/Pritja-e-Hashim-Thacit-Ulqin-Mali-Zi-41-150x150.jpg\" class=\"attachment-thumbnail size-thumbnail\" alt=\"\" loading=\"lazy\" \/><\/a>\n\t\t\t<\/dt><\/dl><dl class='gallery-item'>\n\t\t\t<dt class='gallery-icon landscape'>\n\t\t\t\t<a href='https:\/\/www.visit-ulcinj.com\/blog\/2015\/01\/17\/hashim-thaci-porosi-shqiptareve-te-ulqinit-mos-e-braktisin-vendlindjen-dhe-mos-i-shisni-pronat-60-foto\/pritja-e-hashim-thacit-ulqin-mali-zi-42\/'><img width=\"150\" height=\"150\" src=\"https:\/\/www.visit-ulcinj.com\/blog\/wp-content\/uploads\/2015\/01\/Pritja-e-Hashim-Thacit-Ulqin-Mali-Zi-42-150x150.jpg\" class=\"attachment-thumbnail size-thumbnail\" alt=\"\" loading=\"lazy\" \/><\/a>\n\t\t\t<\/dt><\/dl><br style=\"clear: both\" \/><dl class='gallery-item'>\n\t\t\t<dt class='gallery-icon landscape'>\n\t\t\t\t<a href='https:\/\/www.visit-ulcinj.com\/blog\/2015\/01\/17\/hashim-thaci-porosi-shqiptareve-te-ulqinit-mos-e-braktisin-vendlindjen-dhe-mos-i-shisni-pronat-60-foto\/pritja-e-hashim-thacit-ulqin-mali-zi-43\/'><img width=\"150\" height=\"150\" src=\"https:\/\/www.visit-ulcinj.com\/blog\/wp-content\/uploads\/2015\/01\/Pritja-e-Hashim-Thacit-Ulqin-Mali-Zi-43-150x150.jpg\" class=\"attachment-thumbnail size-thumbnail\" alt=\"\" loading=\"lazy\" \/><\/a>\n\t\t\t<\/dt><\/dl><dl class='gallery-item'>\n\t\t\t<dt class='gallery-icon landscape'>\n\t\t\t\t<a href='https:\/\/www.visit-ulcinj.com\/blog\/2015\/01\/17\/hashim-thaci-porosi-shqiptareve-te-ulqinit-mos-e-braktisin-vendlindjen-dhe-mos-i-shisni-pronat-60-foto\/pritja-e-hashim-thacit-ulqin-mali-zi-44\/'><img width=\"150\" height=\"150\" src=\"https:\/\/www.visit-ulcinj.com\/blog\/wp-content\/uploads\/2015\/01\/Pritja-e-Hashim-Thacit-Ulqin-Mali-Zi-44-150x150.jpg\" class=\"attachment-thumbnail size-thumbnail\" alt=\"\" loading=\"lazy\" \/><\/a>\n\t\t\t<\/dt><\/dl><dl class='gallery-item'>\n\t\t\t<dt class='gallery-icon landscape'>\n\t\t\t\t<a href='https:\/\/www.visit-ulcinj.com\/blog\/2015\/01\/17\/hashim-thaci-porosi-shqiptareve-te-ulqinit-mos-e-braktisin-vendlindjen-dhe-mos-i-shisni-pronat-60-foto\/pritja-e-hashim-thacit-ulqin-mali-zi-45\/'><img width=\"150\" height=\"150\" src=\"https:\/\/www.visit-ulcinj.com\/blog\/wp-content\/uploads\/2015\/01\/Pritja-e-Hashim-Thacit-Ulqin-Mali-Zi-45-150x150.jpg\" class=\"attachment-thumbnail size-thumbnail\" alt=\"\" loading=\"lazy\" \/><\/a>\n\t\t\t<\/dt><\/dl><br style=\"clear: both\" \/><dl class='gallery-item'>\n\t\t\t<dt class='gallery-icon landscape'>\n\t\t\t\t<a href='https:\/\/www.visit-ulcinj.com\/blog\/2015\/01\/17\/hashim-thaci-porosi-shqiptareve-te-ulqinit-mos-e-braktisin-vendlindjen-dhe-mos-i-shisni-pronat-60-foto\/pritja-e-hashim-thacit-ulqin-mali-zi-50\/'><img width=\"150\" height=\"150\" src=\"https:\/\/www.visit-ulcinj.com\/blog\/wp-content\/uploads\/2015\/01\/Pritja-e-Hashim-Thacit-Ulqin-Mali-Zi-50-150x150.jpg\" class=\"attachment-thumbnail size-thumbnail\" alt=\"\" loading=\"lazy\" \/><\/a>\n\t\t\t<\/dt><\/dl><dl class='gallery-item'>\n\t\t\t<dt class='gallery-icon landscape'>\n\t\t\t\t<a href='https:\/\/www.visit-ulcinj.com\/blog\/2015\/01\/17\/hashim-thaci-porosi-shqiptareve-te-ulqinit-mos-e-braktisin-vendlindjen-dhe-mos-i-shisni-pronat-60-foto\/pritja-e-hashim-thacit-ulqin-mali-zi-49\/'><img width=\"150\" height=\"150\" src=\"https:\/\/www.visit-ulcinj.com\/blog\/wp-content\/uploads\/2015\/01\/Pritja-e-Hashim-Thacit-Ulqin-Mali-Zi-49-150x150.jpg\" class=\"attachment-thumbnail size-thumbnail\" alt=\"\" loading=\"lazy\" \/><\/a>\n\t\t\t<\/dt><\/dl><dl class='gallery-item'>\n\t\t\t<dt class='gallery-icon landscape'>\n\t\t\t\t<a href='https:\/\/www.visit-ulcinj.com\/blog\/2015\/01\/17\/hashim-thaci-porosi-shqiptareve-te-ulqinit-mos-e-braktisin-vendlindjen-dhe-mos-i-shisni-pronat-60-foto\/pritja-e-hashim-thacit-ulqin-mali-zi-48\/'><img width=\"150\" height=\"150\" src=\"https:\/\/www.visit-ulcinj.com\/blog\/wp-content\/uploads\/2015\/01\/Pritja-e-Hashim-Thacit-Ulqin-Mali-Zi-48-150x150.jpg\" class=\"attachment-thumbnail size-thumbnail\" alt=\"\" loading=\"lazy\" \/><\/a>\n\t\t\t<\/dt><\/dl><br style=\"clear: both\" \/><dl class='gallery-item'>\n\t\t\t<dt class='gallery-icon landscape'>\n\t\t\t\t<a href='https:\/\/www.visit-ulcinj.com\/blog\/2015\/01\/17\/hashim-thaci-porosi-shqiptareve-te-ulqinit-mos-e-braktisin-vendlindjen-dhe-mos-i-shisni-pronat-60-foto\/pritja-e-hashim-thacit-ulqin-mali-zi-47\/'><img width=\"150\" height=\"150\" src=\"https:\/\/www.visit-ulcinj.com\/blog\/wp-content\/uploads\/2015\/01\/Pritja-e-Hashim-Thacit-Ulqin-Mali-Zi-47-150x150.jpg\" class=\"attachment-thumbnail size-thumbnail\" alt=\"\" loading=\"lazy\" \/><\/a>\n\t\t\t<\/dt><\/dl><dl class='gallery-item'>\n\t\t\t<dt class='gallery-icon landscape'>\n\t\t\t\t<a href='https:\/\/www.visit-ulcinj.com\/blog\/2015\/01\/17\/hashim-thaci-porosi-shqiptareve-te-ulqinit-mos-e-braktisin-vendlindjen-dhe-mos-i-shisni-pronat-60-foto\/pritja-e-hashim-thacit-ulqin-mali-zi-46\/'><img width=\"150\" height=\"150\" src=\"https:\/\/www.visit-ulcinj.com\/blog\/wp-content\/uploads\/2015\/01\/Pritja-e-Hashim-Thacit-Ulqin-Mali-Zi-46-150x150.jpg\" class=\"attachment-thumbnail size-thumbnail\" alt=\"\" loading=\"lazy\" \/><\/a>\n\t\t\t<\/dt><\/dl><dl class='gallery-item'>\n\t\t\t<dt class='gallery-icon landscape'>\n\t\t\t\t<a href='https:\/\/www.visit-ulcinj.com\/blog\/2015\/01\/17\/hashim-thaci-porosi-shqiptareve-te-ulqinit-mos-e-braktisin-vendlindjen-dhe-mos-i-shisni-pronat-60-foto\/pritja-e-hashim-thacit-ulqin-mali-zi-51\/'><img width=\"150\" height=\"150\" src=\"https:\/\/www.visit-ulcinj.com\/blog\/wp-content\/uploads\/2015\/01\/Pritja-e-Hashim-Thacit-Ulqin-Mali-Zi-51-150x150.jpg\" class=\"attachment-thumbnail size-thumbnail\" alt=\"\" loading=\"lazy\" \/><\/a>\n\t\t\t<\/dt><\/dl><br style=\"clear: both\" \/><dl class='gallery-item'>\n\t\t\t<dt class='gallery-icon portrait'>\n\t\t\t\t<a href='https:\/\/www.visit-ulcinj.com\/blog\/2015\/01\/17\/hashim-thaci-porosi-shqiptareve-te-ulqinit-mos-e-braktisin-vendlindjen-dhe-mos-i-shisni-pronat-60-foto\/pritja-e-hashim-thacit-ulqin-mali-zi-52\/'><img width=\"150\" height=\"150\" src=\"https:\/\/www.visit-ulcinj.com\/blog\/wp-content\/uploads\/2015\/01\/Pritja-e-Hashim-Thacit-Ulqin-Mali-Zi-52-150x150.jpg\" class=\"attachment-thumbnail size-thumbnail\" alt=\"\" loading=\"lazy\" \/><\/a>\n\t\t\t<\/dt><\/dl><dl class='gallery-item'>\n\t\t\t<dt class='gallery-icon landscape'>\n\t\t\t\t<a href='https:\/\/www.visit-ulcinj.com\/blog\/2015\/01\/17\/hashim-thaci-porosi-shqiptareve-te-ulqinit-mos-e-braktisin-vendlindjen-dhe-mos-i-shisni-pronat-60-foto\/pritja-e-hashim-thacit-ulqin-mali-zi-54\/'><img width=\"150\" height=\"150\" src=\"https:\/\/www.visit-ulcinj.com\/blog\/wp-content\/uploads\/2015\/01\/Pritja-e-Hashim-Thacit-Ulqin-Mali-Zi-54-150x150.jpg\" class=\"attachment-thumbnail size-thumbnail\" alt=\"\" loading=\"lazy\" \/><\/a>\n\t\t\t<\/dt><\/dl><dl class='gallery-item'>\n\t\t\t<dt class='gallery-icon landscape'>\n\t\t\t\t<a href='https:\/\/www.visit-ulcinj.com\/blog\/2015\/01\/17\/hashim-thaci-porosi-shqiptareve-te-ulqinit-mos-e-braktisin-vendlindjen-dhe-mos-i-shisni-pronat-60-foto\/pritja-e-hashim-thacit-ulqin-mali-zi-55\/'><img width=\"150\" height=\"150\" src=\"https:\/\/www.visit-ulcinj.com\/blog\/wp-content\/uploads\/2015\/01\/Pritja-e-Hashim-Thacit-Ulqin-Mali-Zi-55-150x150.jpg\" class=\"attachment-thumbnail size-thumbnail\" alt=\"\" loading=\"lazy\" \/><\/a>\n\t\t\t<\/dt><\/dl><br style=\"clear: both\" \/><dl class='gallery-item'>\n\t\t\t<dt class='gallery-icon landscape'>\n\t\t\t\t<a href='https:\/\/www.visit-ulcinj.com\/blog\/2015\/01\/17\/hashim-thaci-porosi-shqiptareve-te-ulqinit-mos-e-braktisin-vendlindjen-dhe-mos-i-shisni-pronat-60-foto\/pritja-e-hashim-thacit-ulqin-mali-zi-56\/'><img width=\"150\" height=\"150\" src=\"https:\/\/www.visit-ulcinj.com\/blog\/wp-content\/uploads\/2015\/01\/Pritja-e-Hashim-Thacit-Ulqin-Mali-Zi-56-150x150.jpg\" class=\"attachment-thumbnail size-thumbnail\" alt=\"\" loading=\"lazy\" \/><\/a>\n\t\t\t<\/dt><\/dl><dl class='gallery-item'>\n\t\t\t<dt class='gallery-icon landscape'>\n\t\t\t\t<a href='https:\/\/www.visit-ulcinj.com\/blog\/2015\/01\/17\/hashim-thaci-porosi-shqiptareve-te-ulqinit-mos-e-braktisin-vendlindjen-dhe-mos-i-shisni-pronat-60-foto\/attachment\/87938\/'><img width=\"150\" height=\"150\" src=\"https:\/\/www.visit-ulcinj.com\/blog\/wp-content\/uploads\/2015\/01\/Pritja-e-Hashim-Thacit-Ulqin-Mali-Zi-60-150x150.jpg\" class=\"attachment-thumbnail size-thumbnail\" alt=\"\" loading=\"lazy\" \/><\/a>\n\t\t\t<\/dt><\/dl><dl class='gallery-item'>\n\t\t\t<dt class='gallery-icon landscape'>\n\t\t\t\t<a href='https:\/\/www.visit-ulcinj.com\/blog\/2015\/01\/17\/hashim-thaci-porosi-shqiptareve-te-ulqinit-mos-e-braktisin-vendlindjen-dhe-mos-i-shisni-pronat-60-foto\/attachment\/87937\/'><img width=\"150\" height=\"150\" src=\"https:\/\/www.visit-ulcinj.com\/blog\/wp-content\/uploads\/2015\/01\/Pritja-e-Hashim-Thacit-Ulqin-Mali-Zi-59-150x150.jpg\" class=\"attachment-thumbnail size-thumbnail\" alt=\"\" loading=\"lazy\" \/><\/a>\n\t\t\t<\/dt><\/dl><br style=\"clear: both\" \/><dl class='gallery-item'>\n\t\t\t<dt class='gallery-icon landscape'>\n\t\t\t\t<a href='https:\/\/www.visit-ulcinj.com\/blog\/2015\/01\/17\/hashim-thaci-porosi-shqiptareve-te-ulqinit-mos-e-braktisin-vendlindjen-dhe-mos-i-shisni-pronat-60-foto\/pritja-e-hashim-thacit-ulqin-mali-zi-58\/'><img width=\"150\" height=\"150\" src=\"https:\/\/www.visit-ulcinj.com\/blog\/wp-content\/uploads\/2015\/01\/Pritja-e-Hashim-Thacit-Ulqin-Mali-Zi-58-150x150.jpg\" class=\"attachment-thumbnail size-thumbnail\" alt=\"\" loading=\"lazy\" \/><\/a>\n\t\t\t<\/dt><\/dl><dl class='gallery-item'>\n\t\t\t<dt class='gallery-icon landscape'>\n\t\t\t\t<a href='https:\/\/www.visit-ulcinj.com\/blog\/2015\/01\/17\/hashim-thaci-porosi-shqiptareve-te-ulqinit-mos-e-braktisin-vendlindjen-dhe-mos-i-shisni-pronat-60-foto\/pritja-e-hashim-thacit-ulqin-mali-zi-57\/'><img width=\"150\" height=\"150\" src=\"https:\/\/www.visit-ulcinj.com\/blog\/wp-content\/uploads\/2015\/01\/Pritja-e-Hashim-Thacit-Ulqin-Mali-Zi-57-150x150.jpg\" class=\"attachment-thumbnail size-thumbnail\" alt=\"\" loading=\"lazy\" \/><\/a>\n\t\t\t<\/dt><\/dl><dl class='gallery-item'>\n\t\t\t<dt class='gallery-icon landscape'>\n\t\t\t\t<a href='https:\/\/www.visit-ulcinj.com\/blog\/2015\/01\/17\/hashim-thaci-porosi-shqiptareve-te-ulqinit-mos-e-braktisin-vendlindjen-dhe-mos-i-shisni-pronat-60-foto\/pritja-e-hashim-thacit-ulqin-mali-zi-60\/'><img width=\"150\" height=\"150\" src=\"https:\/\/www.visit-ulcinj.com\/blog\/wp-content\/uploads\/2015\/01\/Pritja-e-Hashim-Thacit-Ulqin-Mali-Zi-601-150x150.jpg\" class=\"attachment-thumbnail size-thumbnail\" alt=\"\" loading=\"lazy\" \/><\/a>\n\t\t\t<\/dt><\/dl><br style=\"clear: both\" \/><dl class='gallery-item'>\n\t\t\t<dt class='gallery-icon landscape'>\n\t\t\t\t<a href='https:\/\/www.visit-ulcinj.com\/blog\/2015\/01\/17\/hashim-thaci-porosi-shqiptareve-te-ulqinit-mos-e-braktisin-vendlindjen-dhe-mos-i-shisni-pronat-60-foto\/pritja-e-hashim-thacit-ulqin-mali-zi-61\/'><img width=\"150\" height=\"150\" src=\"https:\/\/www.visit-ulcinj.com\/blog\/wp-content\/uploads\/2015\/01\/Pritja-e-Hashim-Thacit-Ulqin-Mali-Zi-61-150x150.jpg\" class=\"attachment-thumbnail size-thumbnail\" alt=\"\" loading=\"lazy\" \/><\/a>\n\t\t\t<\/dt><\/dl><dl class='gallery-item'>\n\t\t\t<dt class='gallery-icon landscape'>\n\t\t\t\t<a href='https:\/\/www.visit-ulcinj.com\/blog\/2015\/01\/17\/hashim-thaci-porosi-shqiptareve-te-ulqinit-mos-e-braktisin-vendlindjen-dhe-mos-i-shisni-pronat-60-foto\/pritja-e-hashim-thacit-ulqin-mali-zi-62\/'><img width=\"150\" height=\"150\" src=\"https:\/\/www.visit-ulcinj.com\/blog\/wp-content\/uploads\/2015\/01\/Pritja-e-Hashim-Thacit-Ulqin-Mali-Zi-62-150x150.jpg\" class=\"attachment-thumbnail size-thumbnail\" alt=\"\" loading=\"lazy\" \/><\/a>\n\t\t\t<\/dt><\/dl><dl class='gallery-item'>\n\t\t\t<dt class='gallery-icon portrait'>\n\t\t\t\t<a href='https:\/\/www.visit-ulcinj.com\/blog\/2015\/01\/17\/hashim-thaci-porosi-shqiptareve-te-ulqinit-mos-e-braktisin-vendlindjen-dhe-mos-i-shisni-pronat-60-foto\/pritja-e-hashim-thacit-ulqin-mali-zi-63\/'><img width=\"150\" height=\"150\" src=\"https:\/\/www.visit-ulcinj.com\/blog\/wp-content\/uploads\/2015\/01\/Pritja-e-Hashim-Thacit-Ulqin-Mali-Zi-63-150x150.jpg\" class=\"attachment-thumbnail size-thumbnail\" alt=\"\" loading=\"lazy\" \/><\/a>\n\t\t\t<\/dt><\/dl><br style=\"clear: both\" \/><dl class='gallery-item'>\n\t\t\t<dt class='gallery-icon portrait'>\n\t\t\t\t<a href='https:\/\/www.visit-ulcinj.com\/blog\/2015\/01\/17\/hashim-thaci-porosi-shqiptareve-te-ulqinit-mos-e-braktisin-vendlindjen-dhe-mos-i-shisni-pronat-60-foto\/pritja-e-hashim-thacit-ulqin-mali-zi-64\/'><img width=\"150\" height=\"150\" src=\"https:\/\/www.visit-ulcinj.com\/blog\/wp-content\/uploads\/2015\/01\/Pritja-e-Hashim-Thacit-Ulqin-Mali-Zi-64-150x150.jpg\" class=\"attachment-thumbnail size-thumbnail\" alt=\"\" loading=\"lazy\" \/><\/a>\n\t\t\t<\/dt><\/dl>\n\t\t\t<br style='clear: both' \/>\n\t\t<\/div>\n\n<p>&nbsp;<\/p>\n","protected":false},"excerpt":{"rendered":"<p>Qindra shqiptar\u00eb t\u00eb Ulqinit n\u00eb Mal t\u00eb Zi e kan\u00eb pritur para komun\u00ebs z\u00ebvend\u00ebskryeministrin dhe ministrin e Pun\u00ebve t\u00eb Jashtme t\u00eb Kosov\u00ebs, Hashim Tha\u00e7in. Protestat e serb\u00ebve dhe malazez\u00ebve n\u00eb Podgoric\u00eb kund\u00ebr vizit\u00ebs s\u00eb Tha\u00e7it, i mobilizuan edhe m\u00eb shum\u00eb shqiptar\u00ebt p\u00ebr t\u00eb dal\u00eb n\u00eb pritje t\u00eb kryediplomatit kosovar. Kureshtja p\u00ebr t\u00eb u zgjua edhe [&hellip;]<\/p>\n","protected":false},"author":1,"featured_media":0,"comment_status":"closed","ping_status":"closed","sticky":false,"template":"","format":"standard","meta":{"spay_email":"","jetpack_publicize_message":"","jetpack_is_tweetstorm":false,"jetpack_publicize_feature_enabled":true},"categories":[1,12],"tags":[],"jetpack_publicize_connections":[],"yoast_head":"<!-- This site is optimized with the Yoast SEO plugin v19.1 - https:\/\/yoast.com\/wordpress\/plugins\/seo\/ -->\n<title>Hashim Tha\u00e7i porosi shqiptar\u00ebve te Ulqinit: Mos te braktisin vendlindjen dhe mos i shisni pronat - 60 Foto - Lajme nga Ulqini<\/title>\n<meta name=\"description\" content=\"Qindra shqiptar\u00eb t\u00eb Ulqinit n\u00eb Mal t\u00eb Zi e kan\u00eb pritur para komun\u00ebs z\u00ebvend\u00ebskryeministrin dhe ministrin e Pun\u00ebve t\u00eb Jashtme t\u00eb Kosov\u00ebs, Hashim Tha\u00e7in.\" \/>\n<meta name=\"robots\" content=\"index, follow, max-snippet:-1, max-image-preview:large, max-video-preview:-1\" \/>\n<link rel=\"canonical\" href=\"https:\/\/www.visit-ulcinj.com\/blog\/2015\/01\/17\/hashim-thaci-porosi-shqiptareve-te-ulqinit-mos-e-braktisin-vendlindjen-dhe-mos-i-shisni-pronat-60-foto\/\" \/>\n<meta property=\"og:locale\" content=\"en_US\" \/>\n<meta property=\"og:type\" content=\"article\" \/>\n<meta property=\"og:title\" content=\"Hashim Tha\u00e7i porosi shqiptar\u00ebve te Ulqinit: Mos te braktisin vendlindjen dhe mos i shisni pronat - 60 Foto - Lajme nga Ulqini\" \/>\n<meta property=\"og:description\" content=\"Qindra shqiptar\u00eb t\u00eb Ulqinit n\u00eb Mal t\u00eb Zi e kan\u00eb pritur para komun\u00ebs z\u00ebvend\u00ebskryeministrin dhe ministrin e Pun\u00ebve t\u00eb Jashtme t\u00eb Kosov\u00ebs, Hashim Tha\u00e7in.\" \/>\n<meta property=\"og:url\" content=\"https:\/\/www.visit-ulcinj.com\/blog\/2015\/01\/17\/hashim-thaci-porosi-shqiptareve-te-ulqinit-mos-e-braktisin-vendlindjen-dhe-mos-i-shisni-pronat-60-foto\/\" \/>\n<meta property=\"og:site_name\" content=\"Lajme nga Ulqini\" \/>\n<meta property=\"article:published_time\" content=\"2015-01-17T19:46:42+00:00\" \/>\n<meta property=\"article:modified_time\" content=\"2015-01-20T07:34:08+00:00\" \/>\n<meta property=\"og:image\" content=\"https:\/\/www.visit-ulcinj.com\/blog\/wp-content\/uploads\/2015\/01\/Pritja-e-Hashim-Thacit-Ulqin-Mali-Zi-531-150x150.jpg\" \/>\n<meta name=\"twitter:label1\" content=\"Written by\" \/>\n\t<meta name=\"twitter:data1\" content=\"ulqini\" \/>\n\t<meta name=\"twitter:label2\" content=\"Est. reading time\" \/>\n\t<meta name=\"twitter:data2\" content=\"2 minutes\" \/>\n<script type=\"application\/ld+json\" class=\"yoast-schema-graph\">{\"@context\":\"https:\/\/schema.org\",\"@graph\":[{\"@type\":\"WebSite\",\"@id\":\"https:\/\/www.visit-ulcinj.com\/blog\/#website\",\"url\":\"https:\/\/www.visit-ulcinj.com\/blog\/\",\"name\":\"Lajme nga Ulqini\",\"description\":\"Lajme,Vijesti,Ulqini,Ulqin,Crna Gora,Mali i Zi\",\"potentialAction\":[{\"@type\":\"SearchAction\",\"target\":{\"@type\":\"EntryPoint\",\"urlTemplate\":\"https:\/\/www.visit-ulcinj.com\/blog\/?s={search_term_string}\"},\"query-input\":\"required name=search_term_string\"}],\"inLanguage\":\"en-US\"},{\"@type\":\"ImageObject\",\"inLanguage\":\"en-US\",\"@id\":\"https:\/\/www.visit-ulcinj.com\/blog\/2015\/01\/17\/hashim-thaci-porosi-shqiptareve-te-ulqinit-mos-e-braktisin-vendlindjen-dhe-mos-i-shisni-pronat-60-foto\/#primaryimage\",\"url\":\"https:\/\/www.visit-ulcinj.com\/blog\/wp-content\/uploads\/2015\/01\/Pritja-e-Hashim-Thacit-Ulqin-Mali-Zi-53.jpg\",\"contentUrl\":\"https:\/\/www.visit-ulcinj.com\/blog\/wp-content\/uploads\/2015\/01\/Pritja-e-Hashim-Thacit-Ulqin-Mali-Zi-53.jpg\",\"width\":804,\"height\":544},{\"@type\":\"WebPage\",\"@id\":\"https:\/\/www.visit-ulcinj.com\/blog\/2015\/01\/17\/hashim-thaci-porosi-shqiptareve-te-ulqinit-mos-e-braktisin-vendlindjen-dhe-mos-i-shisni-pronat-60-foto\/#webpage\",\"url\":\"https:\/\/www.visit-ulcinj.com\/blog\/2015\/01\/17\/hashim-thaci-porosi-shqiptareve-te-ulqinit-mos-e-braktisin-vendlindjen-dhe-mos-i-shisni-pronat-60-foto\/\",\"name\":\"Hashim Tha\u00e7i porosi shqiptar\u00ebve te Ulqinit: Mos te braktisin vendlindjen dhe mos i shisni pronat - 60 Foto - Lajme nga Ulqini\",\"isPartOf\":{\"@id\":\"https:\/\/www.visit-ulcinj.com\/blog\/#website\"},\"primaryImageOfPage\":{\"@id\":\"https:\/\/www.visit-ulcinj.com\/blog\/2015\/01\/17\/hashim-thaci-porosi-shqiptareve-te-ulqinit-mos-e-braktisin-vendlindjen-dhe-mos-i-shisni-pronat-60-foto\/#primaryimage\"},\"datePublished\":\"2015-01-17T19:46:42+00:00\",\"dateModified\":\"2015-01-20T07:34:08+00:00\",\"author\":{\"@id\":\"https:\/\/www.visit-ulcinj.com\/blog\/#\/schema\/person\/dcab619c614d3038751c63bc2aadc06d\"},\"description\":\"Qindra shqiptar\u00eb t\u00eb Ulqinit n\u00eb Mal t\u00eb Zi e kan\u00eb pritur para komun\u00ebs z\u00ebvend\u00ebskryeministrin dhe ministrin e Pun\u00ebve t\u00eb Jashtme t\u00eb Kosov\u00ebs, Hashim Tha\u00e7in.\",\"breadcrumb\":{\"@id\":\"https:\/\/www.visit-ulcinj.com\/blog\/2015\/01\/17\/hashim-thaci-porosi-shqiptareve-te-ulqinit-mos-e-braktisin-vendlindjen-dhe-mos-i-shisni-pronat-60-foto\/#breadcrumb\"},\"inLanguage\":\"en-US\",\"potentialAction\":[{\"@type\":\"ReadAction\",\"target\":[\"https:\/\/www.visit-ulcinj.com\/blog\/2015\/01\/17\/hashim-thaci-porosi-shqiptareve-te-ulqinit-mos-e-braktisin-vendlindjen-dhe-mos-i-shisni-pronat-60-foto\/\"]}]},{\"@type\":\"BreadcrumbList\",\"@id\":\"https:\/\/www.visit-ulcinj.com\/blog\/2015\/01\/17\/hashim-thaci-porosi-shqiptareve-te-ulqinit-mos-e-braktisin-vendlindjen-dhe-mos-i-shisni-pronat-60-foto\/#breadcrumb\",\"itemListElement\":[{\"@type\":\"ListItem\",\"position\":1,\"name\":\"Hashim Tha\u00e7i porosi shqiptar\u00ebve te Ulqinit: Mos te braktisin vendlindjen dhe mos i shisni pronat &#8211; 60 Foto\"}]},{\"@type\":\"Person\",\"@id\":\"https:\/\/www.visit-ulcinj.com\/blog\/#\/schema\/person\/dcab619c614d3038751c63bc2aadc06d\",\"name\":\"ulqini\",\"sameAs\":[\"http:\/\/www.visit-ulcinj.com\"],\"url\":\"https:\/\/www.visit-ulcinj.com\/blog\/author\/admin\/\"}]}<\/script>\n<!-- \/ Yoast SEO plugin. -->","yoast_head_json":{"title":"Hashim Tha\u00e7i porosi shqiptar\u00ebve te Ulqinit: Mos te braktisin vendlindjen dhe mos i shisni pronat - 60 Foto - Lajme nga Ulqini","description":"Qindra shqiptar\u00eb t\u00eb Ulqinit n\u00eb Mal t\u00eb Zi e kan\u00eb pritur para komun\u00ebs z\u00ebvend\u00ebskryeministrin dhe ministrin e Pun\u00ebve t\u00eb Jashtme t\u00eb Kosov\u00ebs, Hashim Tha\u00e7in.","robots":{"index":"index","follow":"follow","max-snippet":"max-snippet:-1","max-image-preview":"max-image-preview:large","max-video-preview":"max-video-preview:-1"},"canonical":"https:\/\/www.visit-ulcinj.com\/blog\/2015\/01\/17\/hashim-thaci-porosi-shqiptareve-te-ulqinit-mos-e-braktisin-vendlindjen-dhe-mos-i-shisni-pronat-60-foto\/","og_locale":"en_US","og_type":"article","og_title":"Hashim Tha\u00e7i porosi shqiptar\u00ebve te Ulqinit: Mos te braktisin vendlindjen dhe mos i shisni pronat - 60 Foto - Lajme nga Ulqini","og_description":"Qindra shqiptar\u00eb t\u00eb Ulqinit n\u00eb Mal t\u00eb Zi e kan\u00eb pritur para komun\u00ebs z\u00ebvend\u00ebskryeministrin dhe ministrin e Pun\u00ebve t\u00eb Jashtme t\u00eb Kosov\u00ebs, Hashim Tha\u00e7in.","og_url":"https:\/\/www.visit-ulcinj.com\/blog\/2015\/01\/17\/hashim-thaci-porosi-shqiptareve-te-ulqinit-mos-e-braktisin-vendlindjen-dhe-mos-i-shisni-pronat-60-foto\/","og_site_name":"Lajme nga Ulqini","article_published_time":"2015-01-17T19:46:42+00:00","article_modified_time":"2015-01-20T07:34:08+00:00","og_image":[{"url":"https:\/\/www.visit-ulcinj.com\/blog\/wp-content\/uploads\/2015\/01\/Pritja-e-Hashim-Thacit-Ulqin-Mali-Zi-531-150x150.jpg"}],"twitter_misc":{"Written by":"ulqini","Est. reading time":"2 minutes"},"schema":{"@context":"https:\/\/schema.org","@graph":[{"@type":"WebSite","@id":"https:\/\/www.visit-ulcinj.com\/blog\/#website","url":"https:\/\/www.visit-ulcinj.com\/blog\/","name":"Lajme nga Ulqini","description":"Lajme,Vijesti,Ulqini,Ulqin,Crna Gora,Mali i Zi","potentialAction":[{"@type":"SearchAction","target":{"@type":"EntryPoint","urlTemplate":"https:\/\/www.visit-ulcinj.com\/blog\/?s={search_term_string}"},"query-input":"required name=search_term_string"}],"inLanguage":"en-US"},{"@type":"ImageObject","inLanguage":"en-US","@id":"https:\/\/www.visit-ulcinj.com\/blog\/2015\/01\/17\/hashim-thaci-porosi-shqiptareve-te-ulqinit-mos-e-braktisin-vendlindjen-dhe-mos-i-shisni-pronat-60-foto\/#primaryimage","url":"https:\/\/www.visit-ulcinj.com\/blog\/wp-content\/uploads\/2015\/01\/Pritja-e-Hashim-Thacit-Ulqin-Mali-Zi-53.jpg","contentUrl":"https:\/\/www.visit-ulcinj.com\/blog\/wp-content\/uploads\/2015\/01\/Pritja-e-Hashim-Thacit-Ulqin-Mali-Zi-53.jpg","width":804,"height":544},{"@type":"WebPage","@id":"https:\/\/www.visit-ulcinj.com\/blog\/2015\/01\/17\/hashim-thaci-porosi-shqiptareve-te-ulqinit-mos-e-braktisin-vendlindjen-dhe-mos-i-shisni-pronat-60-foto\/#webpage","url":"https:\/\/www.visit-ulcinj.com\/blog\/2015\/01\/17\/hashim-thaci-porosi-shqiptareve-te-ulqinit-mos-e-braktisin-vendlindjen-dhe-mos-i-shisni-pronat-60-foto\/","name":"Hashim Tha\u00e7i porosi shqiptar\u00ebve te Ulqinit: Mos te braktisin vendlindjen dhe mos i shisni pronat - 60 Foto - Lajme nga Ulqini","isPartOf":{"@id":"https:\/\/www.visit-ulcinj.com\/blog\/#website"},"primaryImageOfPage":{"@id":"https:\/\/www.visit-ulcinj.com\/blog\/2015\/01\/17\/hashim-thaci-porosi-shqiptareve-te-ulqinit-mos-e-braktisin-vendlindjen-dhe-mos-i-shisni-pronat-60-foto\/#primaryimage"},"datePublished":"2015-01-17T19:46:42+00:00","dateModified":"2015-01-20T07:34:08+00:00","author":{"@id":"https:\/\/www.visit-ulcinj.com\/blog\/#\/schema\/person\/dcab619c614d3038751c63bc2aadc06d"},"description":"Qindra shqiptar\u00eb t\u00eb Ulqinit n\u00eb Mal t\u00eb Zi e kan\u00eb pritur para komun\u00ebs z\u00ebvend\u00ebskryeministrin dhe ministrin e Pun\u00ebve t\u00eb Jashtme t\u00eb Kosov\u00ebs, Hashim Tha\u00e7in.","breadcrumb":{"@id":"https:\/\/www.visit-ulcinj.com\/blog\/2015\/01\/17\/hashim-thaci-porosi-shqiptareve-te-ulqinit-mos-e-braktisin-vendlindjen-dhe-mos-i-shisni-pronat-60-foto\/#breadcrumb"},"inLanguage":"en-US","potentialAction":[{"@type":"ReadAction","target":["https:\/\/www.visit-ulcinj.com\/blog\/2015\/01\/17\/hashim-thaci-porosi-shqiptareve-te-ulqinit-mos-e-braktisin-vendlindjen-dhe-mos-i-shisni-pronat-60-foto\/"]}]},{"@type":"BreadcrumbList","@id":"https:\/\/www.visit-ulcinj.com\/blog\/2015\/01\/17\/hashim-thaci-porosi-shqiptareve-te-ulqinit-mos-e-braktisin-vendlindjen-dhe-mos-i-shisni-pronat-60-foto\/#breadcrumb","itemListElement":[{"@type":"ListItem","position":1,"name":"Hashim Tha\u00e7i porosi shqiptar\u00ebve te Ulqinit: Mos te braktisin vendlindjen dhe mos i shisni pronat &#8211; 60 Foto"}]},{"@type":"Person","@id":"https:\/\/www.visit-ulcinj.com\/blog\/#\/schema\/person\/dcab619c614d3038751c63bc2aadc06d","name":"ulqini","sameAs":["http:\/\/www.visit-ulcinj.com"],"url":"https:\/\/www.visit-ulcinj.com\/blog\/author\/admin\/"}]}},"jetpack_featured_media_url":"","jetpack_sharing_enabled":true,"jetpack_shortlink":"https:\/\/wp.me\/pe6lTn-mRm","_links":{"self":[{"href":"https:\/\/www.visit-ulcinj.com\/blog\/wp-json\/wp\/v2\/posts\/87876"}],"collection":[{"href":"https:\/\/www.visit-ulcinj.com\/blog\/wp-json\/wp\/v2\/posts"}],"about":[{"href":"https:\/\/www.visit-ulcinj.com\/blog\/wp-json\/wp\/v2\/types\/post"}],"author":[{"embeddable":true,"href":"https:\/\/www.visit-ulcinj.com\/blog\/wp-json\/wp\/v2\/users\/1"}],"replies":[{"embeddable":true,"href":"https:\/\/www.visit-ulcinj.com\/blog\/wp-json\/wp\/v2\/comments?post=87876"}],"version-history":[{"count":5,"href":"https:\/\/www.visit-ulcinj.com\/blog\/wp-json\/wp\/v2\/posts\/87876\/revisions"}],"predecessor-version":[{"id":87949,"href":"https:\/\/www.visit-ulcinj.com\/blog\/wp-json\/wp\/v2\/posts\/87876\/revisions\/87949"}],"wp:attachment":[{"href":"https:\/\/www.visit-ulcinj.com\/blog\/wp-json\/wp\/v2\/media?parent=87876"}],"wp:term":[{"taxonomy":"category","embeddable":true,"href":"https:\/\/www.visit-ulcinj.com\/blog\/wp-json\/wp\/v2\/categories?post=87876"},{"taxonomy":"post_tag","embeddable":true,"href":"https:\/\/www.visit-ulcinj.com\/blog\/wp-json\/wp\/v2\/tags?post=87876"}],"curies":[{"name":"wp","href":"https:\/\/api.w.org\/{rel}","templated":true}]}}