{"id":87960,"date":"2015-01-18T15:49:53","date_gmt":"2015-01-18T14:49:53","guid":{"rendered":"http:\/\/www.visit-ulcinj.com\/blog\/?p=87960"},"modified":"2015-01-18T15:57:15","modified_gmt":"2015-01-18T14:57:15","slug":"memoriam-janko-jako-pepdonovic","status":"publish","type":"post","link":"https:\/\/www.visit-ulcinj.com\/blog\/2015\/01\/18\/memoriam-janko-jako-pepdonovic\/","title":{"rendered":"In Memoriam Janko &#8211; Jako Pep\u0111onovic"},"content":{"rendered":"<p><a href=\"http:\/\/www.visit-ulcinj.com\/blog\/wp-content\/uploads\/2015\/01\/Jako-Pepdjonovic-Ulcinj.jpg\"><img loading=\"lazy\" class=\"alignleft wp-image-87958\" src=\"http:\/\/www.visit-ulcinj.com\/blog\/wp-content\/uploads\/2015\/01\/Jako-Pepdjonovic-Ulcinj.jpg\" alt=\"Jako-Pepdjonovic-Ulcinj\" width=\"508\" height=\"286\" srcset=\"https:\/\/www.visit-ulcinj.com\/blog\/wp-content\/uploads\/2015\/01\/Jako-Pepdjonovic-Ulcinj.jpg 960w, https:\/\/www.visit-ulcinj.com\/blog\/wp-content\/uploads\/2015\/01\/Jako-Pepdjonovic-Ulcinj-300x168.jpg 300w\" sizes=\"(max-width: 508px) 100vw, 508px\" \/><\/a>Danas je u 65-oj godini \u017eivota preminuo Janko &#8211; Jako PEP\u0110ONOVI\u0106, jedan od prvih vizionara i osniva\u010da uspje\u0161nih privatnih kompanija kod nas u Ulcinju. Po\u010deo je jo\u0161 kao mlad sa autoprevozom, da bi na kraju sa svojim sinom Pavlom, osnovao jednu od najve\u0107ih trgova\u010dkih kompanija prodaje materijala za gra\u0111evinarstvo, kompaniju &#8221; GRA\u0110UCOMERC&#8221;, poznatu \u0161irom Crne Gore i van nje. Jako je bio tih, miran, skroman i nenametliv \u010dovjek. Svog sina Pavla, nau\u010dio je da po\u0161<span class=\"text_exposed_show\">tuje sebe i svoje prijatelje, nau\u010dio ga je da se nada boljem \u017eivotu, nau\u010dio ga je radu i zajedni\u0161tvu, \u0161to je na kraju i rezultiralo i doprinijelo osnivanju ovako uspje\u0161ne kompanije.<br \/>\n<a href=\"http:\/\/www.visit-ulcinj.com\/blog\/wp-content\/uploads\/2015\/01\/In-Memoriam-Jaku-Pepgjonoviq-Ulqin.jpg\"><img loading=\"lazy\" class=\"alignleft wp-image-87957\" src=\"http:\/\/www.visit-ulcinj.com\/blog\/wp-content\/uploads\/2015\/01\/In-Memoriam-Jaku-Pepgjonoviq-Ulqin.jpg\" alt=\"In Memoriam Jaku Pepgjonoviq-Ulqin\" width=\"508\" height=\"286\" srcset=\"https:\/\/www.visit-ulcinj.com\/blog\/wp-content\/uploads\/2015\/01\/In-Memoriam-Jaku-Pepgjonoviq-Ulqin.jpg 960w, https:\/\/www.visit-ulcinj.com\/blog\/wp-content\/uploads\/2015\/01\/In-Memoriam-Jaku-Pepgjonoviq-Ulqin-300x168.jpg 300w\" sizes=\"(max-width: 508px) 100vw, 508px\" \/><\/a><br \/>\n<\/span><\/p>\n<p><span class=\"text_exposed_show\">Podsje\u0107am da je kompanija &#8220;GRA\u0110ACOMERC&#8221; radno mjesto mnogim radnicima kojima je pokojni gospodin JAKO bio i ostao prijatelj i uzor. Svima nama \u0107e gospodin Jako PEP\u0110ONOVI\u0106 ostati vje\u010dito u sje\u0107anju, posebno nama koji smo ga bolje poznavali. Zbog toga sa posebnim pijetetom i po\u0161tovanjem pi\u0161em ovih par redaka, kao sje\u0107anje i uspomenu na ovog divnog \u010dovjeka. Na samom kraju, moram da dodam jo\u0161 jednu re\u010denicu. Bez obzira na bol koju svi mi dijelimo sa njegovim najbli\u017eima, ho\u0107u da ka\u017eem da je iz njegovih korijena iznikao i vaspitavao se, sin PAVLE, vrsni sportski radnik i veliki entuzijasta i donator sporta i svim aktivnostima u Ulcinju.<\/span><\/p>\n<p><strong><span class=\"fwb fcg\" data-ft=\"{&quot;tn&quot;:&quot;;&quot;}\"><a id=\"js_2a\" href=\"https:\/\/www.facebook.com\/ismet.karamanaga?fref=nf\" data-hovercard=\"\/ajax\/hovercard\/user.php?id=1359492972&amp;extragetparams=%7B%22fref%22%3A%22nf%22%7D\">Ismet Karamanaga Facebook<\/a><\/span><\/strong><\/p>\n<p><a href=\"http:\/\/www.visit-ulcinj.com\/blog\/wp-content\/uploads\/2010\/09\/Pavle-Pepdjonovic-napustio-KK-Ulcinj.5.jpg\"><img loading=\"lazy\" class=\"alignleft wp-image-36847\" src=\"http:\/\/www.visit-ulcinj.com\/blog\/wp-content\/uploads\/2010\/09\/Pavle-Pepdjonovic-napustio-KK-Ulcinj.5.jpg\" alt=\"Pavle Pepdjonovic napustio KK Ulcinj.5\" width=\"508\" height=\"445\" srcset=\"https:\/\/www.visit-ulcinj.com\/blog\/wp-content\/uploads\/2010\/09\/Pavle-Pepdjonovic-napustio-KK-Ulcinj.5.jpg 720w, https:\/\/www.visit-ulcinj.com\/blog\/wp-content\/uploads\/2010\/09\/Pavle-Pepdjonovic-napustio-KK-Ulcinj.5-300x262.jpg 300w\" sizes=\"(max-width: 508px) 100vw, 508px\" \/><\/a><\/p>\n","protected":false},"excerpt":{"rendered":"<p>Danas je u 65-oj godini \u017eivota preminuo Janko &#8211; Jako PEP\u0110ONOVI\u0106, jedan od prvih vizionara i osniva\u010da uspje\u0161nih privatnih kompanija kod nas u Ulcinju. Po\u010deo je jo\u0161 kao mlad sa autoprevozom, da bi na kraju sa svojim sinom Pavlom, osnovao jednu od najve\u0107ih trgova\u010dkih kompanija prodaje materijala za gra\u0111evinarstvo, kompaniju &#8221; GRA\u0110UCOMERC&#8221;, poznatu \u0161irom Crne [&hellip;]<\/p>\n","protected":false},"author":1,"featured_media":0,"comment_status":"closed","ping_status":"closed","sticky":false,"template":"","format":"standard","meta":{"spay_email":"","jetpack_publicize_message":"","jetpack_is_tweetstorm":false,"jetpack_publicize_feature_enabled":true},"categories":[8337],"tags":[],"jetpack_publicize_connections":[],"yoast_head":"<!-- This site is optimized with the Yoast SEO plugin v19.1 - https:\/\/yoast.com\/wordpress\/plugins\/seo\/ -->\n<title>In Memoriam Janko - Jako Pep\u0111onovic - Lajme nga Ulqini<\/title>\n<meta name=\"description\" content=\"Danas je u 65-oj godini \u017eivota preminuo Janko - Jako PEP\u0110ONOVI\u0106, jedan od prvih vizionara i osniva\u010da uspje\u0161nih privatnih kompanija kod nas u Ulcinju.\" \/>\n<meta name=\"robots\" content=\"index, follow, max-snippet:-1, max-image-preview:large, max-video-preview:-1\" \/>\n<link rel=\"canonical\" href=\"https:\/\/www.visit-ulcinj.com\/blog\/2015\/01\/18\/memoriam-janko-jako-pepdonovic\/\" \/>\n<meta property=\"og:locale\" content=\"en_US\" \/>\n<meta property=\"og:type\" content=\"article\" \/>\n<meta property=\"og:title\" content=\"In Memoriam Janko - Jako Pep\u0111onovic - Lajme nga Ulqini\" \/>\n<meta property=\"og:description\" content=\"Danas je u 65-oj godini \u017eivota preminuo Janko - Jako PEP\u0110ONOVI\u0106, jedan od prvih vizionara i osniva\u010da uspje\u0161nih privatnih kompanija kod nas u Ulcinju.\" \/>\n<meta property=\"og:url\" content=\"https:\/\/www.visit-ulcinj.com\/blog\/2015\/01\/18\/memoriam-janko-jako-pepdonovic\/\" \/>\n<meta property=\"og:site_name\" content=\"Lajme nga Ulqini\" \/>\n<meta property=\"article:published_time\" content=\"2015-01-18T14:49:53+00:00\" \/>\n<meta property=\"article:modified_time\" content=\"2015-01-18T14:57:15+00:00\" \/>\n<meta property=\"og:image\" content=\"http:\/\/www.visit-ulcinj.com\/blog\/wp-content\/uploads\/2015\/01\/Jako-Pepdjonovic-Ulcinj.jpg\" \/>\n<meta name=\"twitter:label1\" content=\"Written by\" \/>\n\t<meta name=\"twitter:data1\" content=\"ulqini\" \/>\n\t<meta name=\"twitter:label2\" content=\"Est. reading time\" \/>\n\t<meta name=\"twitter:data2\" content=\"1 minute\" \/>\n<script type=\"application\/ld+json\" class=\"yoast-schema-graph\">{\"@context\":\"https:\/\/schema.org\",\"@graph\":[{\"@type\":\"WebSite\",\"@id\":\"https:\/\/www.visit-ulcinj.com\/blog\/#website\",\"url\":\"https:\/\/www.visit-ulcinj.com\/blog\/\",\"name\":\"Lajme nga Ulqini\",\"description\":\"Lajme,Vijesti,Ulqini,Ulqin,Crna Gora,Mali i Zi\",\"potentialAction\":[{\"@type\":\"SearchAction\",\"target\":{\"@type\":\"EntryPoint\",\"urlTemplate\":\"https:\/\/www.visit-ulcinj.com\/blog\/?s={search_term_string}\"},\"query-input\":\"required name=search_term_string\"}],\"inLanguage\":\"en-US\"},{\"@type\":\"ImageObject\",\"inLanguage\":\"en-US\",\"@id\":\"https:\/\/www.visit-ulcinj.com\/blog\/2015\/01\/18\/memoriam-janko-jako-pepdonovic\/#primaryimage\",\"url\":\"https:\/\/www.visit-ulcinj.com\/blog\/wp-content\/uploads\/2015\/01\/Jako-Pepdjonovic-Ulcinj.jpg\",\"contentUrl\":\"https:\/\/www.visit-ulcinj.com\/blog\/wp-content\/uploads\/2015\/01\/Jako-Pepdjonovic-Ulcinj.jpg\",\"width\":960,\"height\":540},{\"@type\":\"WebPage\",\"@id\":\"https:\/\/www.visit-ulcinj.com\/blog\/2015\/01\/18\/memoriam-janko-jako-pepdonovic\/#webpage\",\"url\":\"https:\/\/www.visit-ulcinj.com\/blog\/2015\/01\/18\/memoriam-janko-jako-pepdonovic\/\",\"name\":\"In Memoriam Janko - Jako Pep\u0111onovic - Lajme nga Ulqini\",\"isPartOf\":{\"@id\":\"https:\/\/www.visit-ulcinj.com\/blog\/#website\"},\"primaryImageOfPage\":{\"@id\":\"https:\/\/www.visit-ulcinj.com\/blog\/2015\/01\/18\/memoriam-janko-jako-pepdonovic\/#primaryimage\"},\"datePublished\":\"2015-01-18T14:49:53+00:00\",\"dateModified\":\"2015-01-18T14:57:15+00:00\",\"author\":{\"@id\":\"https:\/\/www.visit-ulcinj.com\/blog\/#\/schema\/person\/dcab619c614d3038751c63bc2aadc06d\"},\"description\":\"Danas je u 65-oj godini \u017eivota preminuo Janko - Jako PEP\u0110ONOVI\u0106, jedan od prvih vizionara i osniva\u010da uspje\u0161nih privatnih kompanija kod nas u Ulcinju.\",\"breadcrumb\":{\"@id\":\"https:\/\/www.visit-ulcinj.com\/blog\/2015\/01\/18\/memoriam-janko-jako-pepdonovic\/#breadcrumb\"},\"inLanguage\":\"en-US\",\"potentialAction\":[{\"@type\":\"ReadAction\",\"target\":[\"https:\/\/www.visit-ulcinj.com\/blog\/2015\/01\/18\/memoriam-janko-jako-pepdonovic\/\"]}]},{\"@type\":\"BreadcrumbList\",\"@id\":\"https:\/\/www.visit-ulcinj.com\/blog\/2015\/01\/18\/memoriam-janko-jako-pepdonovic\/#breadcrumb\",\"itemListElement\":[{\"@type\":\"ListItem\",\"position\":1,\"name\":\"In Memoriam Janko &#8211; Jako Pep\u0111onovic\"}]},{\"@type\":\"Person\",\"@id\":\"https:\/\/www.visit-ulcinj.com\/blog\/#\/schema\/person\/dcab619c614d3038751c63bc2aadc06d\",\"name\":\"ulqini\",\"sameAs\":[\"http:\/\/www.visit-ulcinj.com\"],\"url\":\"https:\/\/www.visit-ulcinj.com\/blog\/author\/admin\/\"}]}<\/script>\n<!-- \/ Yoast SEO plugin. -->","yoast_head_json":{"title":"In Memoriam Janko - Jako Pep\u0111onovic - Lajme nga Ulqini","description":"Danas je u 65-oj godini \u017eivota preminuo Janko - Jako PEP\u0110ONOVI\u0106, jedan od prvih vizionara i osniva\u010da uspje\u0161nih privatnih kompanija kod nas u Ulcinju.","robots":{"index":"index","follow":"follow","max-snippet":"max-snippet:-1","max-image-preview":"max-image-preview:large","max-video-preview":"max-video-preview:-1"},"canonical":"https:\/\/www.visit-ulcinj.com\/blog\/2015\/01\/18\/memoriam-janko-jako-pepdonovic\/","og_locale":"en_US","og_type":"article","og_title":"In Memoriam Janko - Jako Pep\u0111onovic - Lajme nga Ulqini","og_description":"Danas je u 65-oj godini \u017eivota preminuo Janko - Jako PEP\u0110ONOVI\u0106, jedan od prvih vizionara i osniva\u010da uspje\u0161nih privatnih kompanija kod nas u Ulcinju.","og_url":"https:\/\/www.visit-ulcinj.com\/blog\/2015\/01\/18\/memoriam-janko-jako-pepdonovic\/","og_site_name":"Lajme nga Ulqini","article_published_time":"2015-01-18T14:49:53+00:00","article_modified_time":"2015-01-18T14:57:15+00:00","og_image":[{"url":"http:\/\/www.visit-ulcinj.com\/blog\/wp-content\/uploads\/2015\/01\/Jako-Pepdjonovic-Ulcinj.jpg"}],"twitter_misc":{"Written by":"ulqini","Est. reading time":"1 minute"},"schema":{"@context":"https:\/\/schema.org","@graph":[{"@type":"WebSite","@id":"https:\/\/www.visit-ulcinj.com\/blog\/#website","url":"https:\/\/www.visit-ulcinj.com\/blog\/","name":"Lajme nga Ulqini","description":"Lajme,Vijesti,Ulqini,Ulqin,Crna Gora,Mali i Zi","potentialAction":[{"@type":"SearchAction","target":{"@type":"EntryPoint","urlTemplate":"https:\/\/www.visit-ulcinj.com\/blog\/?s={search_term_string}"},"query-input":"required name=search_term_string"}],"inLanguage":"en-US"},{"@type":"ImageObject","inLanguage":"en-US","@id":"https:\/\/www.visit-ulcinj.com\/blog\/2015\/01\/18\/memoriam-janko-jako-pepdonovic\/#primaryimage","url":"https:\/\/www.visit-ulcinj.com\/blog\/wp-content\/uploads\/2015\/01\/Jako-Pepdjonovic-Ulcinj.jpg","contentUrl":"https:\/\/www.visit-ulcinj.com\/blog\/wp-content\/uploads\/2015\/01\/Jako-Pepdjonovic-Ulcinj.jpg","width":960,"height":540},{"@type":"WebPage","@id":"https:\/\/www.visit-ulcinj.com\/blog\/2015\/01\/18\/memoriam-janko-jako-pepdonovic\/#webpage","url":"https:\/\/www.visit-ulcinj.com\/blog\/2015\/01\/18\/memoriam-janko-jako-pepdonovic\/","name":"In Memoriam Janko - Jako Pep\u0111onovic - Lajme nga Ulqini","isPartOf":{"@id":"https:\/\/www.visit-ulcinj.com\/blog\/#website"},"primaryImageOfPage":{"@id":"https:\/\/www.visit-ulcinj.com\/blog\/2015\/01\/18\/memoriam-janko-jako-pepdonovic\/#primaryimage"},"datePublished":"2015-01-18T14:49:53+00:00","dateModified":"2015-01-18T14:57:15+00:00","author":{"@id":"https:\/\/www.visit-ulcinj.com\/blog\/#\/schema\/person\/dcab619c614d3038751c63bc2aadc06d"},"description":"Danas je u 65-oj godini \u017eivota preminuo Janko - Jako PEP\u0110ONOVI\u0106, jedan od prvih vizionara i osniva\u010da uspje\u0161nih privatnih kompanija kod nas u Ulcinju.","breadcrumb":{"@id":"https:\/\/www.visit-ulcinj.com\/blog\/2015\/01\/18\/memoriam-janko-jako-pepdonovic\/#breadcrumb"},"inLanguage":"en-US","potentialAction":[{"@type":"ReadAction","target":["https:\/\/www.visit-ulcinj.com\/blog\/2015\/01\/18\/memoriam-janko-jako-pepdonovic\/"]}]},{"@type":"BreadcrumbList","@id":"https:\/\/www.visit-ulcinj.com\/blog\/2015\/01\/18\/memoriam-janko-jako-pepdonovic\/#breadcrumb","itemListElement":[{"@type":"ListItem","position":1,"name":"In Memoriam Janko &#8211; Jako Pep\u0111onovic"}]},{"@type":"Person","@id":"https:\/\/www.visit-ulcinj.com\/blog\/#\/schema\/person\/dcab619c614d3038751c63bc2aadc06d","name":"ulqini","sameAs":["http:\/\/www.visit-ulcinj.com"],"url":"https:\/\/www.visit-ulcinj.com\/blog\/author\/admin\/"}]}},"jetpack_featured_media_url":"","jetpack_sharing_enabled":true,"jetpack_shortlink":"https:\/\/wp.me\/pe6lTn-mSI","_links":{"self":[{"href":"https:\/\/www.visit-ulcinj.com\/blog\/wp-json\/wp\/v2\/posts\/87960"}],"collection":[{"href":"https:\/\/www.visit-ulcinj.com\/blog\/wp-json\/wp\/v2\/posts"}],"about":[{"href":"https:\/\/www.visit-ulcinj.com\/blog\/wp-json\/wp\/v2\/types\/post"}],"author":[{"embeddable":true,"href":"https:\/\/www.visit-ulcinj.com\/blog\/wp-json\/wp\/v2\/users\/1"}],"replies":[{"embeddable":true,"href":"https:\/\/www.visit-ulcinj.com\/blog\/wp-json\/wp\/v2\/comments?post=87960"}],"version-history":[{"count":4,"href":"https:\/\/www.visit-ulcinj.com\/blog\/wp-json\/wp\/v2\/posts\/87960\/revisions"}],"predecessor-version":[{"id":87966,"href":"https:\/\/www.visit-ulcinj.com\/blog\/wp-json\/wp\/v2\/posts\/87960\/revisions\/87966"}],"wp:attachment":[{"href":"https:\/\/www.visit-ulcinj.com\/blog\/wp-json\/wp\/v2\/media?parent=87960"}],"wp:term":[{"taxonomy":"category","embeddable":true,"href":"https:\/\/www.visit-ulcinj.com\/blog\/wp-json\/wp\/v2\/categories?post=87960"},{"taxonomy":"post_tag","embeddable":true,"href":"https:\/\/www.visit-ulcinj.com\/blog\/wp-json\/wp\/v2\/tags?post=87960"}],"curies":[{"name":"wp","href":"https:\/\/api.w.org\/{rel}","templated":true}]}}