{"id":87980,"date":"2015-01-18T16:50:40","date_gmt":"2015-01-18T15:50:40","guid":{"rendered":"http:\/\/www.visit-ulcinj.com\/blog\/?p=87980"},"modified":"2015-01-20T18:37:56","modified_gmt":"2015-01-20T17:37:56","slug":"levizja-vetevendosje-politika-e-jashtme-e-thacit-pa-plan-e-pa-pergjegjesi","status":"publish","type":"post","link":"https:\/\/www.visit-ulcinj.com\/blog\/2015\/01\/18\/levizja-vetevendosje-politika-e-jashtme-e-thacit-pa-plan-e-pa-pergjegjesi\/","title":{"rendered":"L\u00ebvizja &#8220;Vet\u00ebvendosje&#8221;: Politika e jashtme e Tha\u00e7it, pa plan e pa p\u00ebrgjegj\u00ebsi"},"content":{"rendered":"<p><a href=\"http:\/\/www.visit-ulcinj.com\/blog\/wp-content\/uploads\/2015\/01\/Pritja-e-Hashim-Thacit-Ulqin-Mali-Zi-11.jpg\"><img loading=\"lazy\" class=\"alignleft wp-image-87880\" src=\"http:\/\/www.visit-ulcinj.com\/blog\/wp-content\/uploads\/2015\/01\/Pritja-e-Hashim-Thacit-Ulqin-Mali-Zi-11.jpg\" alt=\"Pritja-e-Hashim-Thacit-Ulqin-Mali-Zi-1\" width=\"508\" height=\"338\" srcset=\"https:\/\/www.visit-ulcinj.com\/blog\/wp-content\/uploads\/2015\/01\/Pritja-e-Hashim-Thacit-Ulqin-Mali-Zi-11.jpg 850w, https:\/\/www.visit-ulcinj.com\/blog\/wp-content\/uploads\/2015\/01\/Pritja-e-Hashim-Thacit-Ulqin-Mali-Zi-11-300x199.jpg 300w\" sizes=\"(max-width: 508px) 100vw, 508px\" \/><\/a>L\u00ebvizja &#8220;Vet\u00ebvendosje&#8221;, thot\u00eb se ministri i Pun\u00ebve t\u00eb Jashtme t\u00eb Kosov\u00ebs, Hashim Tha\u00e7i, po e vazhdon edhe m\u00eb tutje t\u00eb nj\u00ebjt\u00ebn rrug\u00eb t\u00eb t\u00eb vepruarit sikurse paraardh\u00ebsi i tij, Enver Hoxhaj: nj\u00eb politik\u00eb e jashtme pa plan e pa p\u00ebrgjegj\u00ebsi. &#8220;K\u00ebsisoj, sikur t\u00eb\u00a0kishte plan e p\u00ebrgjegj\u00ebsi, para \u00e7do vizite ai do t\u00eb duhej t\u2019ia kujtonte vetes nj\u00eb nd\u00ebr detyrat kryesore q\u00eb ka, mbrojtjen e interesave t\u00eb bashk\u00ebkomb\u00ebsve kudo q\u00eb jan\u00eb e posa\u00e7\u00ebrisht atyre n\u00eb rajon&#8221;.\u00a0 &#8220;N\u00eb dit\u00ebt q\u00eb lam\u00eb pas, Ministri i Pun\u00ebve t\u00eb Jashtme vizitoi Malin e Zi, por n\u00eb asnj\u00eb moment ai nuk iu kujtua se ky shtet ka nj\u00eb popullsi t\u00eb konsiderueshme shqiptare dhe se n\u00eb takimet zyrtare p\u00ebrve\u00e7 fotove p\u00ebr krekosje do t\u00eb duhej t\u00eb thoshte t\u00eb pakt\u00ebn\u00a0edhe nja dy-tri fjali q\u00eb do t\u00eb d\u00ebnonin shtypjen politike, shfryt\u00ebzimin ekonomik dhe diskriminimin kulturor\u00a0q\u00eb shqiptar\u00ebt n\u00eb\u00a0Mali t\u00eb Zi e p\u00ebrjetojn\u00eb \u00e7do dit\u00eb. Ai do t\u00eb duhej ta adresonte faktin q\u00eb mungesa e investimeve apo investimet tep\u00ebr t\u00eb vogla n\u00eb rajonet me popullat\u00eb shqiptare i kan\u00eb shnd\u00ebrruar ato rajone nga disa prej pjes\u00ebve m\u00eb t\u00eb zhvilluara t\u00eb Malit t\u00eb Zi n\u00eb rajone t\u00eb varf\u00ebris\u00eb e papun\u00ebsis\u00eb&#8221;.<br \/>\n&#8220;Ministri i Jasht\u00ebm i Kosov\u00ebs, Hashim Tha\u00e7i, do t\u00eb vepronte drejt\u00eb sikur vizit\u00ebn e tij n\u00eb Mal t\u00eb Zi ta fillonte n\u00eb\u00a0Plav\u00eb e Guci,\u00a0Tuz, t\u00eb vazhdonte pastaj p\u00ebr Ulqin, duke e p\u00ebrmbyllur at\u00eb vizit\u00eb n\u00eb Podgoric\u00eb, ku do t\u00eb nxirrte n\u00eb tavolin\u00eb sh\u00ebnimet q\u00eb kishte mbledh\u00eb nga takimet me shqiptar\u00ebt e asaj ane. N\u00eb takimin p\u00ebrmbyll\u00ebs n\u00eb Podgoric\u00eb ai do t\u00eb duhej t\u00eb fliste p\u00ebr t\u00eb drejtat e shkelura t\u00eb shqiptar\u00ebve n\u00eb Mal t\u00eb Zi, p\u00ebr t\u00eb drejt\u00ebn mbi p\u00ebrdorimin e gjuh\u00ebs shqipe, t\u00eb\u00a0simboleve komb\u00ebtare, t\u00eb drejt\u00ebn e kremtimit t\u00eb festave dhe t\u00eb nderimit t\u00eb figurave komb\u00ebtare, t\u00eb drejt\u00ebn e shkollimit n\u00eb gjuh\u00ebn shqipe e t\u00eb m\u00ebsimit t\u00eb historis\u00eb komb\u00ebtare. Ministri i Jasht\u00ebm i Kosov\u00ebs, do t\u00eb duhej t\u00eb ishte s\u00eb paku\u00a0po aq i z\u00ebsh\u00ebm sa homologu i tij nga Shqip\u00ebria, Ministri Ditmir Bushati, duke p\u00ebrs\u00ebritur se Tuzi duhet ta g\u00ebzoj\u00eb statusin e komun\u00ebs. Para se t\u00eb fliste p\u00ebr malazez\u00ebt n\u00eb\u00a0Kosov\u00eb, ai do t\u00eb duhej t\u00eb fliste p\u00ebr shqiptar\u00ebt n\u00eb\u00a0Mal t\u00eb Zi&#8221;, thuhet n\u00eb kumtes\u00ebn e VV-s\u00eb.<br \/>\nL\u00ebvizja &#8220;Vet\u00ebvendosje&#8221; beson fuqish\u00ebm se politika e jashtme e Kosov\u00ebs n\u00eb rajon duhet t\u00eb p\u00ebrqendrohet n\u00eb marr\u00ebdh\u00ebniet me shqiptar\u00ebt t\u00eb cil\u00ebt jetojn\u00eb n\u00ebp\u00ebr vendet q\u00eb na rrethojn\u00eb, pra ajo t\u00eb p\u00ebrpilohet var\u00ebsisht nga pozita dhe gjendja e shqiptar\u00ebve n\u00eb ato vende.\u00a0 &#8220;K\u00ebshtu, Ministri Tha\u00e7i duhet ta kuptoj\u00eb se pa takuar shqiptar\u00ebt e Plav\u00ebs e Gucis\u00eb,\u00a0Tuzit\u00a0e Ulqinit, nuk \u00ebsht\u00eb e drejt\u00eb t\u00eb takohen shtyp\u00ebsit e tyre politik, ekonomik e kulturor n\u00eb Podgoric\u00eb&#8221;, thekson VV.<strong> (Kosova Sot) <\/strong><\/p>\n","protected":false},"excerpt":{"rendered":"<p>L\u00ebvizja &#8220;Vet\u00ebvendosje&#8221;, thot\u00eb se ministri i Pun\u00ebve t\u00eb Jashtme t\u00eb Kosov\u00ebs, Hashim Tha\u00e7i, po e vazhdon edhe m\u00eb tutje t\u00eb nj\u00ebjt\u00ebn rrug\u00eb t\u00eb t\u00eb vepruarit sikurse paraardh\u00ebsi i tij, Enver Hoxhaj: nj\u00eb politik\u00eb e jashtme pa plan e pa p\u00ebrgjegj\u00ebsi. &#8220;K\u00ebsisoj, sikur t\u00eb\u00a0kishte plan e p\u00ebrgjegj\u00ebsi, para \u00e7do vizite ai do t\u00eb duhej t\u2019ia kujtonte [&hellip;]<\/p>\n","protected":false},"author":1,"featured_media":0,"comment_status":"closed","ping_status":"closed","sticky":false,"template":"","format":"standard","meta":{"spay_email":"","jetpack_publicize_message":"","jetpack_is_tweetstorm":false,"jetpack_publicize_feature_enabled":true},"categories":[8],"tags":[],"jetpack_publicize_connections":[],"yoast_head":"<!-- This site is optimized with the Yoast SEO plugin v19.1 - https:\/\/yoast.com\/wordpress\/plugins\/seo\/ -->\n<title>L\u00ebvizja &quot;Vet\u00ebvendosje&quot;: Politika e jashtme e Tha\u00e7it, pa plan e pa p\u00ebrgjegj\u00ebsi - Lajme nga Ulqini<\/title>\n<meta name=\"description\" content=\"L\u00ebvizja &quot;Vet\u00ebvendosje&quot;, thot\u00eb se ministri i Pun\u00ebve t\u00eb Jashtme t\u00eb Kosov\u00ebs, Hashim Tha\u00e7i, po e vazhdon edhe m\u00eb tutje t\u00eb nj\u00ebjt\u00ebn rrug\u00eb t\u00eb t\u00eb vepruarit\" \/>\n<meta name=\"robots\" content=\"index, follow, max-snippet:-1, max-image-preview:large, max-video-preview:-1\" \/>\n<link rel=\"canonical\" href=\"https:\/\/www.visit-ulcinj.com\/blog\/2015\/01\/18\/levizja-vetevendosje-politika-e-jashtme-e-thacit-pa-plan-e-pa-pergjegjesi\/\" \/>\n<meta property=\"og:locale\" content=\"en_US\" \/>\n<meta property=\"og:type\" content=\"article\" \/>\n<meta property=\"og:title\" content=\"L\u00ebvizja &quot;Vet\u00ebvendosje&quot;: Politika e jashtme e Tha\u00e7it, pa plan e pa p\u00ebrgjegj\u00ebsi - Lajme nga Ulqini\" \/>\n<meta property=\"og:description\" content=\"L\u00ebvizja &quot;Vet\u00ebvendosje&quot;, thot\u00eb se ministri i Pun\u00ebve t\u00eb Jashtme t\u00eb Kosov\u00ebs, Hashim Tha\u00e7i, po e vazhdon edhe m\u00eb tutje t\u00eb nj\u00ebjt\u00ebn rrug\u00eb t\u00eb t\u00eb vepruarit\" \/>\n<meta property=\"og:url\" content=\"https:\/\/www.visit-ulcinj.com\/blog\/2015\/01\/18\/levizja-vetevendosje-politika-e-jashtme-e-thacit-pa-plan-e-pa-pergjegjesi\/\" \/>\n<meta property=\"og:site_name\" content=\"Lajme nga Ulqini\" \/>\n<meta property=\"article:published_time\" content=\"2015-01-18T15:50:40+00:00\" \/>\n<meta property=\"article:modified_time\" content=\"2015-01-20T17:37:56+00:00\" \/>\n<meta property=\"og:image\" content=\"http:\/\/www.visit-ulcinj.com\/blog\/wp-content\/uploads\/2015\/01\/Pritja-e-Hashim-Thacit-Ulqin-Mali-Zi-11.jpg\" \/>\n<meta name=\"twitter:label1\" content=\"Written by\" \/>\n\t<meta name=\"twitter:data1\" content=\"ulqini\" \/>\n\t<meta name=\"twitter:label2\" content=\"Est. reading time\" \/>\n\t<meta name=\"twitter:data2\" content=\"3 minutes\" \/>\n<script type=\"application\/ld+json\" class=\"yoast-schema-graph\">{\"@context\":\"https:\/\/schema.org\",\"@graph\":[{\"@type\":\"WebSite\",\"@id\":\"https:\/\/www.visit-ulcinj.com\/blog\/#website\",\"url\":\"https:\/\/www.visit-ulcinj.com\/blog\/\",\"name\":\"Lajme nga Ulqini\",\"description\":\"Lajme,Vijesti,Ulqini,Ulqin,Crna Gora,Mali i Zi\",\"potentialAction\":[{\"@type\":\"SearchAction\",\"target\":{\"@type\":\"EntryPoint\",\"urlTemplate\":\"https:\/\/www.visit-ulcinj.com\/blog\/?s={search_term_string}\"},\"query-input\":\"required name=search_term_string\"}],\"inLanguage\":\"en-US\"},{\"@type\":\"ImageObject\",\"inLanguage\":\"en-US\",\"@id\":\"https:\/\/www.visit-ulcinj.com\/blog\/2015\/01\/18\/levizja-vetevendosje-politika-e-jashtme-e-thacit-pa-plan-e-pa-pergjegjesi\/#primaryimage\",\"url\":\"https:\/\/www.visit-ulcinj.com\/blog\/wp-content\/uploads\/2015\/01\/Pritja-e-Hashim-Thacit-Ulqin-Mali-Zi-11.jpg\",\"contentUrl\":\"https:\/\/www.visit-ulcinj.com\/blog\/wp-content\/uploads\/2015\/01\/Pritja-e-Hashim-Thacit-Ulqin-Mali-Zi-11.jpg\",\"width\":850,\"height\":566},{\"@type\":\"WebPage\",\"@id\":\"https:\/\/www.visit-ulcinj.com\/blog\/2015\/01\/18\/levizja-vetevendosje-politika-e-jashtme-e-thacit-pa-plan-e-pa-pergjegjesi\/#webpage\",\"url\":\"https:\/\/www.visit-ulcinj.com\/blog\/2015\/01\/18\/levizja-vetevendosje-politika-e-jashtme-e-thacit-pa-plan-e-pa-pergjegjesi\/\",\"name\":\"L\u00ebvizja \\\"Vet\u00ebvendosje\\\": Politika e jashtme e Tha\u00e7it, pa plan e pa p\u00ebrgjegj\u00ebsi - Lajme nga Ulqini\",\"isPartOf\":{\"@id\":\"https:\/\/www.visit-ulcinj.com\/blog\/#website\"},\"primaryImageOfPage\":{\"@id\":\"https:\/\/www.visit-ulcinj.com\/blog\/2015\/01\/18\/levizja-vetevendosje-politika-e-jashtme-e-thacit-pa-plan-e-pa-pergjegjesi\/#primaryimage\"},\"datePublished\":\"2015-01-18T15:50:40+00:00\",\"dateModified\":\"2015-01-20T17:37:56+00:00\",\"author\":{\"@id\":\"https:\/\/www.visit-ulcinj.com\/blog\/#\/schema\/person\/dcab619c614d3038751c63bc2aadc06d\"},\"description\":\"L\u00ebvizja \\\"Vet\u00ebvendosje\\\", thot\u00eb se ministri i Pun\u00ebve t\u00eb Jashtme t\u00eb Kosov\u00ebs, Hashim Tha\u00e7i, po e vazhdon edhe m\u00eb tutje t\u00eb nj\u00ebjt\u00ebn rrug\u00eb t\u00eb t\u00eb vepruarit\",\"breadcrumb\":{\"@id\":\"https:\/\/www.visit-ulcinj.com\/blog\/2015\/01\/18\/levizja-vetevendosje-politika-e-jashtme-e-thacit-pa-plan-e-pa-pergjegjesi\/#breadcrumb\"},\"inLanguage\":\"en-US\",\"potentialAction\":[{\"@type\":\"ReadAction\",\"target\":[\"https:\/\/www.visit-ulcinj.com\/blog\/2015\/01\/18\/levizja-vetevendosje-politika-e-jashtme-e-thacit-pa-plan-e-pa-pergjegjesi\/\"]}]},{\"@type\":\"BreadcrumbList\",\"@id\":\"https:\/\/www.visit-ulcinj.com\/blog\/2015\/01\/18\/levizja-vetevendosje-politika-e-jashtme-e-thacit-pa-plan-e-pa-pergjegjesi\/#breadcrumb\",\"itemListElement\":[{\"@type\":\"ListItem\",\"position\":1,\"name\":\"L\u00ebvizja &#8220;Vet\u00ebvendosje&#8221;: Politika e jashtme e Tha\u00e7it, pa plan e pa p\u00ebrgjegj\u00ebsi\"}]},{\"@type\":\"Person\",\"@id\":\"https:\/\/www.visit-ulcinj.com\/blog\/#\/schema\/person\/dcab619c614d3038751c63bc2aadc06d\",\"name\":\"ulqini\",\"sameAs\":[\"http:\/\/www.visit-ulcinj.com\"],\"url\":\"https:\/\/www.visit-ulcinj.com\/blog\/author\/admin\/\"}]}<\/script>\n<!-- \/ Yoast SEO plugin. -->","yoast_head_json":{"title":"L\u00ebvizja \"Vet\u00ebvendosje\": Politika e jashtme e Tha\u00e7it, pa plan e pa p\u00ebrgjegj\u00ebsi - Lajme nga Ulqini","description":"L\u00ebvizja \"Vet\u00ebvendosje\", thot\u00eb se ministri i Pun\u00ebve t\u00eb Jashtme t\u00eb Kosov\u00ebs, Hashim Tha\u00e7i, po e vazhdon edhe m\u00eb tutje t\u00eb nj\u00ebjt\u00ebn rrug\u00eb t\u00eb t\u00eb vepruarit","robots":{"index":"index","follow":"follow","max-snippet":"max-snippet:-1","max-image-preview":"max-image-preview:large","max-video-preview":"max-video-preview:-1"},"canonical":"https:\/\/www.visit-ulcinj.com\/blog\/2015\/01\/18\/levizja-vetevendosje-politika-e-jashtme-e-thacit-pa-plan-e-pa-pergjegjesi\/","og_locale":"en_US","og_type":"article","og_title":"L\u00ebvizja \"Vet\u00ebvendosje\": Politika e jashtme e Tha\u00e7it, pa plan e pa p\u00ebrgjegj\u00ebsi - Lajme nga Ulqini","og_description":"L\u00ebvizja \"Vet\u00ebvendosje\", thot\u00eb se ministri i Pun\u00ebve t\u00eb Jashtme t\u00eb Kosov\u00ebs, Hashim Tha\u00e7i, po e vazhdon edhe m\u00eb tutje t\u00eb nj\u00ebjt\u00ebn rrug\u00eb t\u00eb t\u00eb vepruarit","og_url":"https:\/\/www.visit-ulcinj.com\/blog\/2015\/01\/18\/levizja-vetevendosje-politika-e-jashtme-e-thacit-pa-plan-e-pa-pergjegjesi\/","og_site_name":"Lajme nga Ulqini","article_published_time":"2015-01-18T15:50:40+00:00","article_modified_time":"2015-01-20T17:37:56+00:00","og_image":[{"url":"http:\/\/www.visit-ulcinj.com\/blog\/wp-content\/uploads\/2015\/01\/Pritja-e-Hashim-Thacit-Ulqin-Mali-Zi-11.jpg"}],"twitter_misc":{"Written by":"ulqini","Est. reading time":"3 minutes"},"schema":{"@context":"https:\/\/schema.org","@graph":[{"@type":"WebSite","@id":"https:\/\/www.visit-ulcinj.com\/blog\/#website","url":"https:\/\/www.visit-ulcinj.com\/blog\/","name":"Lajme nga Ulqini","description":"Lajme,Vijesti,Ulqini,Ulqin,Crna Gora,Mali i Zi","potentialAction":[{"@type":"SearchAction","target":{"@type":"EntryPoint","urlTemplate":"https:\/\/www.visit-ulcinj.com\/blog\/?s={search_term_string}"},"query-input":"required name=search_term_string"}],"inLanguage":"en-US"},{"@type":"ImageObject","inLanguage":"en-US","@id":"https:\/\/www.visit-ulcinj.com\/blog\/2015\/01\/18\/levizja-vetevendosje-politika-e-jashtme-e-thacit-pa-plan-e-pa-pergjegjesi\/#primaryimage","url":"https:\/\/www.visit-ulcinj.com\/blog\/wp-content\/uploads\/2015\/01\/Pritja-e-Hashim-Thacit-Ulqin-Mali-Zi-11.jpg","contentUrl":"https:\/\/www.visit-ulcinj.com\/blog\/wp-content\/uploads\/2015\/01\/Pritja-e-Hashim-Thacit-Ulqin-Mali-Zi-11.jpg","width":850,"height":566},{"@type":"WebPage","@id":"https:\/\/www.visit-ulcinj.com\/blog\/2015\/01\/18\/levizja-vetevendosje-politika-e-jashtme-e-thacit-pa-plan-e-pa-pergjegjesi\/#webpage","url":"https:\/\/www.visit-ulcinj.com\/blog\/2015\/01\/18\/levizja-vetevendosje-politika-e-jashtme-e-thacit-pa-plan-e-pa-pergjegjesi\/","name":"L\u00ebvizja \"Vet\u00ebvendosje\": Politika e jashtme e Tha\u00e7it, pa plan e pa p\u00ebrgjegj\u00ebsi - Lajme nga Ulqini","isPartOf":{"@id":"https:\/\/www.visit-ulcinj.com\/blog\/#website"},"primaryImageOfPage":{"@id":"https:\/\/www.visit-ulcinj.com\/blog\/2015\/01\/18\/levizja-vetevendosje-politika-e-jashtme-e-thacit-pa-plan-e-pa-pergjegjesi\/#primaryimage"},"datePublished":"2015-01-18T15:50:40+00:00","dateModified":"2015-01-20T17:37:56+00:00","author":{"@id":"https:\/\/www.visit-ulcinj.com\/blog\/#\/schema\/person\/dcab619c614d3038751c63bc2aadc06d"},"description":"L\u00ebvizja \"Vet\u00ebvendosje\", thot\u00eb se ministri i Pun\u00ebve t\u00eb Jashtme t\u00eb Kosov\u00ebs, Hashim Tha\u00e7i, po e vazhdon edhe m\u00eb tutje t\u00eb nj\u00ebjt\u00ebn rrug\u00eb t\u00eb t\u00eb vepruarit","breadcrumb":{"@id":"https:\/\/www.visit-ulcinj.com\/blog\/2015\/01\/18\/levizja-vetevendosje-politika-e-jashtme-e-thacit-pa-plan-e-pa-pergjegjesi\/#breadcrumb"},"inLanguage":"en-US","potentialAction":[{"@type":"ReadAction","target":["https:\/\/www.visit-ulcinj.com\/blog\/2015\/01\/18\/levizja-vetevendosje-politika-e-jashtme-e-thacit-pa-plan-e-pa-pergjegjesi\/"]}]},{"@type":"BreadcrumbList","@id":"https:\/\/www.visit-ulcinj.com\/blog\/2015\/01\/18\/levizja-vetevendosje-politika-e-jashtme-e-thacit-pa-plan-e-pa-pergjegjesi\/#breadcrumb","itemListElement":[{"@type":"ListItem","position":1,"name":"L\u00ebvizja &#8220;Vet\u00ebvendosje&#8221;: Politika e jashtme e Tha\u00e7it, pa plan e pa p\u00ebrgjegj\u00ebsi"}]},{"@type":"Person","@id":"https:\/\/www.visit-ulcinj.com\/blog\/#\/schema\/person\/dcab619c614d3038751c63bc2aadc06d","name":"ulqini","sameAs":["http:\/\/www.visit-ulcinj.com"],"url":"https:\/\/www.visit-ulcinj.com\/blog\/author\/admin\/"}]}},"jetpack_featured_media_url":"","jetpack_sharing_enabled":true,"jetpack_shortlink":"https:\/\/wp.me\/pe6lTn-mT2","_links":{"self":[{"href":"https:\/\/www.visit-ulcinj.com\/blog\/wp-json\/wp\/v2\/posts\/87980"}],"collection":[{"href":"https:\/\/www.visit-ulcinj.com\/blog\/wp-json\/wp\/v2\/posts"}],"about":[{"href":"https:\/\/www.visit-ulcinj.com\/blog\/wp-json\/wp\/v2\/types\/post"}],"author":[{"embeddable":true,"href":"https:\/\/www.visit-ulcinj.com\/blog\/wp-json\/wp\/v2\/users\/1"}],"replies":[{"embeddable":true,"href":"https:\/\/www.visit-ulcinj.com\/blog\/wp-json\/wp\/v2\/comments?post=87980"}],"version-history":[{"count":1,"href":"https:\/\/www.visit-ulcinj.com\/blog\/wp-json\/wp\/v2\/posts\/87980\/revisions"}],"predecessor-version":[{"id":87981,"href":"https:\/\/www.visit-ulcinj.com\/blog\/wp-json\/wp\/v2\/posts\/87980\/revisions\/87981"}],"wp:attachment":[{"href":"https:\/\/www.visit-ulcinj.com\/blog\/wp-json\/wp\/v2\/media?parent=87980"}],"wp:term":[{"taxonomy":"category","embeddable":true,"href":"https:\/\/www.visit-ulcinj.com\/blog\/wp-json\/wp\/v2\/categories?post=87980"},{"taxonomy":"post_tag","embeddable":true,"href":"https:\/\/www.visit-ulcinj.com\/blog\/wp-json\/wp\/v2\/tags?post=87980"}],"curies":[{"name":"wp","href":"https:\/\/api.w.org\/{rel}","templated":true}]}}