{"id":87987,"date":"2015-01-18T18:34:58","date_gmt":"2015-01-18T17:34:58","guid":{"rendered":"http:\/\/www.visit-ulcinj.com\/blog\/?p=87987"},"modified":"2015-01-18T18:36:28","modified_gmt":"2015-01-18T17:36:28","slug":"lulgjuraj-thaci-erdhi-dhe-iku","status":"publish","type":"post","link":"https:\/\/www.visit-ulcinj.com\/blog\/2015\/01\/18\/lulgjuraj-thaci-erdhi-dhe-iku\/","title":{"rendered":"Lulgjuraj: Tha\u00e7i Erdhi dhe Iku"},"content":{"rendered":"<div><a href=\"http:\/\/www.visit-ulcinj.com\/blog\/wp-content\/uploads\/2015\/01\/Lulgjuraj-.jpg\"><img loading=\"lazy\" class=\"alignleft wp-image-87988\" src=\"http:\/\/www.visit-ulcinj.com\/blog\/wp-content\/uploads\/2015\/01\/Lulgjuraj-.jpg\" alt=\"Lulgjuraj-\" width=\"508\" height=\"402\" \/><\/a>M\u00eb dat\u00ebn 15 janar, zv \/ Kryeministri dhe Ministri i pun\u00ebve t\u00eb jashtme t\u00eb Kosov\u00ebs z. Hashim Tha\u00e7i zhvilloi vizit\u00eb zyrtare dy ditore n\u00eb Mal t\u00eb Zi. Kjo \u00ebsht\u00eb vizita e Tij e par\u00eb protokollare e cila u organizua n\u00ebn sigurin\u00eb absolute t\u00eb forcave policore t\u00eb Malit t\u00eb Zi, t\u00eb cilat arrinin n\u00eb 1200 polic\u00eb. Agjenda e z. Tha\u00e7i ishte e ngjeshur, por me shum\u00eb t\u00eb meta. Aq shum\u00eb ishin t\u00eb meta saq\u00eb vizita e Tij n\u00eb Mal t\u00eb Zi krijoi nj\u00eb show mediatik, se si p\u00ebrcillej nga forcat e siguris\u00eb dhe se si udh\u00ebton me helikopter nga Podgorica n\u00eb Ulqin, se sa gjith\u00eb zhvillimin e biseda me krer\u00ebt m\u00eb t\u00eb lart\u00eb t\u00eb Shtetit malazez. E kam th\u00ebn\u00eb edhe m\u00eb p\u00ebrpara q\u00eb vizita e Tij nuk sjell asnj\u00eb ndryshim n\u00eb situat\u00ebn politike t\u00eb shqiptar\u00ebve n\u00eb Mal t\u00eb Zi, por edhe m\u00eb tep\u00ebr konfuzion, rrjedhimisht e konsideroj vizit\u00eb pa vler\u00eb p\u00ebr shqiptar\u00ebt dhe me shum\u00eb vler\u00eb p\u00ebr Kryeministrin Gjukanoviq. Gjykoj n\u00eb k\u00ebt\u00eb m\u00ebnyr\u00eb duke u bazuar n\u00eb agjend\u00ebn dhe bisedat q\u00eb zhvilloi p\u00ebr dy dit\u00eb. S\u00eb pari, Ai kaloi n\u00ebp\u00ebr territorin e Mal\u00ebsis\u00eb duke mos i takuar shqiptar\u00ebt. Me k\u00ebt\u00eb rast, Ai gjeti koh\u00ebn q\u00eb \u201ct\u00eb na p\u00ebrsh\u00ebndes nga facebook\u201d. Por, a mjaftonte kjo p\u00ebr vizit\u00ebn e Tij t\u00eb par\u00eb.<\/div>\n<div><\/div>\n<div>A e din z. Tha\u00e7i se Mal\u00ebsia n\u00eb koh\u00ebn e gjenocidit serb n\u00eb Kosov\u00eb, priti me dhjet\u00ebra mij\u00ebra v\u00ebllez\u00ebr shqiptar (refugjat\u00eb) t\u00eb cil\u00ebt ishin larguar nga trevat e tyre. Mal\u00ebsor\u00ebt luftuan n\u00eb Kosov\u00eb dhe mblodh\u00ebn me miliona dollar p\u00ebr t\u00eb kontribuar n\u00eb \u00e7lirimin e Kosov\u00ebs. S\u00eb dyti, z. Tha\u00e7i m\u00eb dat\u00ebn 16 janar, zhvilloi bised\u00ebn e par\u00eb me homologun e tij malazez Igor Llukshiq. Gjat\u00eb intervistave p\u00ebrkat\u00ebse t\u00eb t\u00eb dy diplomat\u00ebve p\u00ebr media, z. Tha\u00e7i nuk e p\u00ebrmend asnj\u00eb fjal\u00eb p\u00ebr shqiptar\u00ebt n\u00eb Mal t\u00eb Zi. E kund\u00ebrta ndodh me Ministrin e pun\u00ebve t\u00eb jashtme t\u00eb Malit t\u00eb Zi, i cili i k\u00ebrkoi z. Tha\u00e7i: t\u00eb njihte pakic\u00ebn malazeze n\u00eb Kosov\u00eb n\u00eb Kushtetut\u00eb, t\u00eb krijonte mund\u00ebsin\u00eb e kthimit t\u00eb malazez\u00ebve t\u00eb ikur gjat\u00eb luft\u00ebs n\u00eb Kosov\u00eb etj. Pra, vet\u00ebqeverisja lokale p\u00ebr Mal\u00ebsin\u00eb, t\u00eb mirat detare p\u00ebr Ulqinin, papun\u00ebsia n\u00eb proporcion me p\u00ebrqindjen n\u00eb nivel shtet\u00ebror t\u00eb shqiptar\u00ebve, mungesa e mandateve t\u00eb garantuara n\u00eb Parlamentin e Malit t\u00eb Zi p\u00ebr popullin autokton shqiptar, mungesa e teksteve m\u00ebsimore n\u00eb gjuh\u00ebn shqipe, uzurpimi i pronave t\u00eb shqiptar\u00ebve etj, duket se nuk e shqet\u00ebsojn\u00eb fare z. Tha\u00e7i.<\/div>\n<div><\/div>\n<div>S\u00eb treti, gjat\u00eb koh\u00ebs q\u00eb po zhvillonte bisedimet me zyrtar\u00ebt m\u00eb t\u00eb lart\u00eb t\u00eb shtetit, jashta godin\u00ebs s\u00eb Qeveris\u00eb, disa qindra qytetar t\u00eb Malit t\u00eb Zi zhvilluan protest\u00eb kund\u00ebr vizit\u00ebs s\u00eb Tij n\u00eb Mal t\u00eb Zi. E kuptoj q\u00eb kjo opozit\u00eb ka probleme konceptesh dhe ende luan n\u00eb ndjenja emocioni dhe nacionalizmi folkorik t\u00eb shekullit t\u00eb kaluar. Kjo \u00ebsht\u00eb fund\u00ebrrina e pozit\u00ebs s\u00eb dikurshme t\u00eb Gjukanoviqit q\u00eb sot p\u00ebrb\u00ebn nj\u00eb pjes\u00eb t\u00eb vog\u00ebl t\u00eb opozit\u00ebs s\u00eb sotme t\u00eb Malit t\u00eb Zi dhe nuk p\u00ebrb\u00ebn asnj\u00eb faktor t\u00eb mundsh\u00ebm destabilizimi, por me ardhjen e z. Tha\u00e7i dhe protest\u00ebn q\u00eb iu zhvillua, Kryeministri Gjukanoviq siguron edhe mandatin e ardhsh\u00ebm n\u00eb zgjedhjet e parakohshme q\u00eb do t\u00eb mbahen k\u00ebt\u00eb vit. Me qen\u00eb se nuk firmos\u00ebt asnj\u00eb marr\u00ebveshje dhe nuk fol\u00ebt asgj\u00eb p\u00ebr shqiptar\u00ebt n\u00eb Mal t\u00eb Zi, at\u00ebher\u00eb p\u00ebrse erdhe? S\u00eb kat\u00ebrti, siguria e z. Tha\u00e7i ishte n\u00eb nivelin m\u00eb t\u00eb lart\u00eb t\u00eb mundsh\u00ebm, duke e krahasuar me sigurin\u00eb e ish Presidentit amerikan Bill Klinton. Gjoja se z. Tha\u00e7i mund t\u00eb ishte preh\u00eb e nj\u00eb atentati. Sigurisht q\u00eb kjo situat\u00eb e neutralizon k\u00ebt\u00eb fund\u00ebrrin\u00eb t\u00eb opozit\u00ebs, por n\u00eb t\u00eb nj\u00ebjt\u00ebn koh\u00eb b\u00ebri fest\u00ebn e partis\u00eb n\u00eb pushtet t\u00eb z. Gjukanoviq, q\u00eb edhe p\u00ebr mandatin e ardhsh\u00ebm mund t\u00eb flej\u00eb i qet\u00eb. Mendoj se m\u00eb shum\u00eb problem duhet t\u00eb ndjesh nga kryeministri aktual i Malit t\u00eb Zi z. Millo Gjukanoviq sesa nga ajo pjes\u00eb e opozit\u00ebs q\u00eb t\u00eb protestonte. Duke ditur q\u00eb z. Gjukanoviq e akuzojn\u00eb p\u00ebr vepra penale t\u00eb ndryshme n\u00eb aren\u00ebn nd\u00ebrkomb\u00ebtare.<\/div>\n<div><\/div>\n<div>S\u00eb pesti, z. Tha\u00e7i vizitoi Ulqinin. U takua me krer\u00ebt e Komun\u00ebs s\u00eb Ulqinit. P\u00ebr \u00e7far\u00eb? P\u00ebr t\u2019i p\u00ebrsh\u00ebndetur? Vet\u00ebm aq? A nuk meriton Ulqini m\u00eb tep\u00ebr? Pse nuk i shtroi n\u00eb bisedat me zyrtar\u00ebt e shtetit problemet e Ulqinit? Uqlinit i jan\u00eb marr\u00eb t\u00eb mirat detare, Valdanosi q\u00eb \u00ebsht\u00eb toka m\u00eb e madhe e mbjellur me ullinj n\u00eb gjith\u00eb Malin e Zi, jan\u00eb reduktuar kompetencat e Komun\u00ebs, nuk investohet asnj\u00eb qendark\u00eb nga ana e pushtetit shtet\u00ebror etj. Kjo \u00ebsht\u00eb vet\u00ebm \u201cfashion\u201d dhe asgj\u00eb m\u00eb tep\u00ebr nga ana Juaj. S\u00eb fundi, n\u00ebse vizita Juaj z. Tha\u00e7i ishte p\u00ebr t\u00eb mund\u00ebsuar Gjukanoviqin t\u00eb mbante pushtetin edhe p\u00ebr mandatin e ardhsh\u00ebm, edhe n\u00ebse e keni si k\u00ebrkes\u00eb nga Ai, at\u00ebher\u00eb m\u00eb mir\u00eb mos t\u00eb kishit ardhur. Sepse vazhdojm\u00eb t\u00eb jemi i vetmi shtet n\u00eb Evrop\u00eb q\u00eb p\u00ebr 25 vite nuk e ka ndryshuar pushtetin. Kryeministri aktual i Malit t\u00eb Zi \u00ebsht\u00eb kryeministri i 18 m\u00eb i pasur i bot\u00ebs dhe ju vini e bisedoni me t\u00eb, nd\u00ebrkoh\u00eb q\u00eb p\u00ebr shqiptar\u00ebt nuk flisni fare. N\u00ebse ju argumentoni q\u00eb: po \u00e7far\u00eb, a duhet t\u00eb mb\u00ebshtesim k\u00ebt\u00eb lloj opozite q\u00eb \u00ebsht\u00eb kund\u00ebr Pavar\u00ebsis\u00eb s\u00eb Kosov\u00ebs? P\u00ebrgjigja \u00ebsht\u00eb kjo: njohja e Pavar\u00ebsis\u00eb s\u00eb Kosov\u00ebs nga ana e shtetit t\u00eb Malit t\u00eb Zi \u00ebsht\u00eb \u00e7\u00ebshtje e mbyllur dhe ajo nuk hapet nga askush q\u00eb do vij\u00eb n\u00eb pushtet. Kjo pjes\u00eb e opozit\u00ebs q\u00eb proteston nuk p\u00ebrb\u00ebn m\u00eb shum\u00eb se 15% t\u00eb t\u00eb gjith\u00eb parlamentit t\u00eb Malit t\u00eb Zi dhe ju nuk duhet t\u00eb shqet\u00ebsoheni p\u00ebr k\u00ebt\u00eb. P\u00ebr m\u00eb tep\u00ebr, ju keni n\u00eb koalicionin Tuaj qeveris\u00ebs, ministra q\u00eb p\u00ebrdit\u00eb propagandojn\u00eb kund\u00ebr Pavar\u00ebsis\u00eb dhe shtetit t\u00eb Kosov\u00ebs. N\u00eb k\u00ebt\u00eb m\u00ebnyr\u00eb ke l\u00ebn\u00eb vet\u00ebm zhg\u00ebnjim tek populli shqiptar n\u00eb Mal t\u00eb Zi. Erdhe dhe nuk the asgj\u00eb p\u00ebr shqiptar\u00ebt n\u00eb Mal t\u00eb Zi, sikurse u largove pa th\u00ebn\u00eb asgj\u00eb, ku \u00e7do dit\u00eb dhe n\u00eb \u00e7do moment t\u00eb drejtat e shqiptar\u00ebve n\u00ebp\u00ebrk\u00ebmb\u00ebn nga pushteti dhe nga ata me t\u00eb cil\u00ebt Ju dialoguat.<\/div>\n<div><\/div>\n<div>Me respekt<\/div>\n<div><strong>Mr. Sc. Iur. Anton Lulgjuraj<\/strong><\/div>\n","protected":false},"excerpt":{"rendered":"<p>M\u00eb dat\u00ebn 15 janar, zv \/ Kryeministri dhe Ministri i pun\u00ebve t\u00eb jashtme t\u00eb Kosov\u00ebs z. Hashim Tha\u00e7i zhvilloi vizit\u00eb zyrtare dy ditore n\u00eb Mal t\u00eb Zi. Kjo \u00ebsht\u00eb vizita e Tij e par\u00eb protokollare e cila u organizua n\u00ebn sigurin\u00eb absolute t\u00eb forcave policore t\u00eb Malit t\u00eb Zi, t\u00eb cilat arrinin n\u00eb 1200 polic\u00eb. [&hellip;]<\/p>\n","protected":false},"author":1,"featured_media":0,"comment_status":"closed","ping_status":"closed","sticky":false,"template":"","format":"standard","meta":{"spay_email":"","jetpack_publicize_message":"","jetpack_is_tweetstorm":false,"jetpack_publicize_feature_enabled":true},"categories":[14249],"tags":[],"jetpack_publicize_connections":[],"yoast_head":"<!-- This site is optimized with the Yoast SEO plugin v19.1 - https:\/\/yoast.com\/wordpress\/plugins\/seo\/ -->\n<title>Lulgjuraj: Tha\u00e7i Erdhi dhe Iku - Lajme nga Ulqini<\/title>\n<meta name=\"description\" content=\"M\u00eb dat\u00ebn 15 janar, zv \/ Kryeministri dhe Ministri i pun\u00ebve t\u00eb jashtme t\u00eb Kosov\u00ebs z. Hashim Tha\u00e7i zhvilloi vizit\u00eb zyrtare dy ditore n\u00eb Mal t\u00eb Zi. Kjo \u00ebsht\u00eb\" \/>\n<meta name=\"robots\" content=\"index, follow, max-snippet:-1, max-image-preview:large, max-video-preview:-1\" \/>\n<link rel=\"canonical\" href=\"https:\/\/www.visit-ulcinj.com\/blog\/2015\/01\/18\/lulgjuraj-thaci-erdhi-dhe-iku\/\" \/>\n<meta property=\"og:locale\" content=\"en_US\" \/>\n<meta property=\"og:type\" content=\"article\" \/>\n<meta property=\"og:title\" content=\"Lulgjuraj: Tha\u00e7i Erdhi dhe Iku - Lajme nga Ulqini\" \/>\n<meta property=\"og:description\" content=\"M\u00eb dat\u00ebn 15 janar, zv \/ Kryeministri dhe Ministri i pun\u00ebve t\u00eb jashtme t\u00eb Kosov\u00ebs z. Hashim Tha\u00e7i zhvilloi vizit\u00eb zyrtare dy ditore n\u00eb Mal t\u00eb Zi. Kjo \u00ebsht\u00eb\" \/>\n<meta property=\"og:url\" content=\"https:\/\/www.visit-ulcinj.com\/blog\/2015\/01\/18\/lulgjuraj-thaci-erdhi-dhe-iku\/\" \/>\n<meta property=\"og:site_name\" content=\"Lajme nga Ulqini\" \/>\n<meta property=\"article:published_time\" content=\"2015-01-18T17:34:58+00:00\" \/>\n<meta property=\"article:modified_time\" content=\"2015-01-18T17:36:28+00:00\" \/>\n<meta property=\"og:image\" content=\"http:\/\/www.visit-ulcinj.com\/blog\/wp-content\/uploads\/2015\/01\/Lulgjuraj-.jpg\" \/>\n<meta name=\"twitter:label1\" content=\"Written by\" \/>\n\t<meta name=\"twitter:data1\" content=\"ulqini\" \/>\n\t<meta name=\"twitter:label2\" content=\"Est. reading time\" \/>\n\t<meta name=\"twitter:data2\" content=\"6 minutes\" \/>\n<script type=\"application\/ld+json\" class=\"yoast-schema-graph\">{\"@context\":\"https:\/\/schema.org\",\"@graph\":[{\"@type\":\"WebSite\",\"@id\":\"https:\/\/www.visit-ulcinj.com\/blog\/#website\",\"url\":\"https:\/\/www.visit-ulcinj.com\/blog\/\",\"name\":\"Lajme nga Ulqini\",\"description\":\"Lajme,Vijesti,Ulqini,Ulqin,Crna Gora,Mali i Zi\",\"potentialAction\":[{\"@type\":\"SearchAction\",\"target\":{\"@type\":\"EntryPoint\",\"urlTemplate\":\"https:\/\/www.visit-ulcinj.com\/blog\/?s={search_term_string}\"},\"query-input\":\"required name=search_term_string\"}],\"inLanguage\":\"en-US\"},{\"@type\":\"ImageObject\",\"inLanguage\":\"en-US\",\"@id\":\"https:\/\/www.visit-ulcinj.com\/blog\/2015\/01\/18\/lulgjuraj-thaci-erdhi-dhe-iku\/#primaryimage\",\"url\":\"http:\/\/www.visit-ulcinj.com\/blog\/wp-content\/uploads\/2015\/01\/Lulgjuraj-.jpg\",\"contentUrl\":\"http:\/\/www.visit-ulcinj.com\/blog\/wp-content\/uploads\/2015\/01\/Lulgjuraj-.jpg\"},{\"@type\":\"WebPage\",\"@id\":\"https:\/\/www.visit-ulcinj.com\/blog\/2015\/01\/18\/lulgjuraj-thaci-erdhi-dhe-iku\/#webpage\",\"url\":\"https:\/\/www.visit-ulcinj.com\/blog\/2015\/01\/18\/lulgjuraj-thaci-erdhi-dhe-iku\/\",\"name\":\"Lulgjuraj: Tha\u00e7i Erdhi dhe Iku - Lajme nga Ulqini\",\"isPartOf\":{\"@id\":\"https:\/\/www.visit-ulcinj.com\/blog\/#website\"},\"primaryImageOfPage\":{\"@id\":\"https:\/\/www.visit-ulcinj.com\/blog\/2015\/01\/18\/lulgjuraj-thaci-erdhi-dhe-iku\/#primaryimage\"},\"datePublished\":\"2015-01-18T17:34:58+00:00\",\"dateModified\":\"2015-01-18T17:36:28+00:00\",\"author\":{\"@id\":\"https:\/\/www.visit-ulcinj.com\/blog\/#\/schema\/person\/dcab619c614d3038751c63bc2aadc06d\"},\"description\":\"M\u00eb dat\u00ebn 15 janar, zv \/ Kryeministri dhe Ministri i pun\u00ebve t\u00eb jashtme t\u00eb Kosov\u00ebs z. Hashim Tha\u00e7i zhvilloi vizit\u00eb zyrtare dy ditore n\u00eb Mal t\u00eb Zi. Kjo \u00ebsht\u00eb\",\"breadcrumb\":{\"@id\":\"https:\/\/www.visit-ulcinj.com\/blog\/2015\/01\/18\/lulgjuraj-thaci-erdhi-dhe-iku\/#breadcrumb\"},\"inLanguage\":\"en-US\",\"potentialAction\":[{\"@type\":\"ReadAction\",\"target\":[\"https:\/\/www.visit-ulcinj.com\/blog\/2015\/01\/18\/lulgjuraj-thaci-erdhi-dhe-iku\/\"]}]},{\"@type\":\"BreadcrumbList\",\"@id\":\"https:\/\/www.visit-ulcinj.com\/blog\/2015\/01\/18\/lulgjuraj-thaci-erdhi-dhe-iku\/#breadcrumb\",\"itemListElement\":[{\"@type\":\"ListItem\",\"position\":1,\"name\":\"Lulgjuraj: Tha\u00e7i Erdhi dhe Iku\"}]},{\"@type\":\"Person\",\"@id\":\"https:\/\/www.visit-ulcinj.com\/blog\/#\/schema\/person\/dcab619c614d3038751c63bc2aadc06d\",\"name\":\"ulqini\",\"sameAs\":[\"http:\/\/www.visit-ulcinj.com\"],\"url\":\"https:\/\/www.visit-ulcinj.com\/blog\/author\/admin\/\"}]}<\/script>\n<!-- \/ Yoast SEO plugin. -->","yoast_head_json":{"title":"Lulgjuraj: Tha\u00e7i Erdhi dhe Iku - Lajme nga Ulqini","description":"M\u00eb dat\u00ebn 15 janar, zv \/ Kryeministri dhe Ministri i pun\u00ebve t\u00eb jashtme t\u00eb Kosov\u00ebs z. Hashim Tha\u00e7i zhvilloi vizit\u00eb zyrtare dy ditore n\u00eb Mal t\u00eb Zi. Kjo \u00ebsht\u00eb","robots":{"index":"index","follow":"follow","max-snippet":"max-snippet:-1","max-image-preview":"max-image-preview:large","max-video-preview":"max-video-preview:-1"},"canonical":"https:\/\/www.visit-ulcinj.com\/blog\/2015\/01\/18\/lulgjuraj-thaci-erdhi-dhe-iku\/","og_locale":"en_US","og_type":"article","og_title":"Lulgjuraj: Tha\u00e7i Erdhi dhe Iku - Lajme nga Ulqini","og_description":"M\u00eb dat\u00ebn 15 janar, zv \/ Kryeministri dhe Ministri i pun\u00ebve t\u00eb jashtme t\u00eb Kosov\u00ebs z. Hashim Tha\u00e7i zhvilloi vizit\u00eb zyrtare dy ditore n\u00eb Mal t\u00eb Zi. Kjo \u00ebsht\u00eb","og_url":"https:\/\/www.visit-ulcinj.com\/blog\/2015\/01\/18\/lulgjuraj-thaci-erdhi-dhe-iku\/","og_site_name":"Lajme nga Ulqini","article_published_time":"2015-01-18T17:34:58+00:00","article_modified_time":"2015-01-18T17:36:28+00:00","og_image":[{"url":"http:\/\/www.visit-ulcinj.com\/blog\/wp-content\/uploads\/2015\/01\/Lulgjuraj-.jpg"}],"twitter_misc":{"Written by":"ulqini","Est. reading time":"6 minutes"},"schema":{"@context":"https:\/\/schema.org","@graph":[{"@type":"WebSite","@id":"https:\/\/www.visit-ulcinj.com\/blog\/#website","url":"https:\/\/www.visit-ulcinj.com\/blog\/","name":"Lajme nga Ulqini","description":"Lajme,Vijesti,Ulqini,Ulqin,Crna Gora,Mali i Zi","potentialAction":[{"@type":"SearchAction","target":{"@type":"EntryPoint","urlTemplate":"https:\/\/www.visit-ulcinj.com\/blog\/?s={search_term_string}"},"query-input":"required name=search_term_string"}],"inLanguage":"en-US"},{"@type":"ImageObject","inLanguage":"en-US","@id":"https:\/\/www.visit-ulcinj.com\/blog\/2015\/01\/18\/lulgjuraj-thaci-erdhi-dhe-iku\/#primaryimage","url":"http:\/\/www.visit-ulcinj.com\/blog\/wp-content\/uploads\/2015\/01\/Lulgjuraj-.jpg","contentUrl":"http:\/\/www.visit-ulcinj.com\/blog\/wp-content\/uploads\/2015\/01\/Lulgjuraj-.jpg"},{"@type":"WebPage","@id":"https:\/\/www.visit-ulcinj.com\/blog\/2015\/01\/18\/lulgjuraj-thaci-erdhi-dhe-iku\/#webpage","url":"https:\/\/www.visit-ulcinj.com\/blog\/2015\/01\/18\/lulgjuraj-thaci-erdhi-dhe-iku\/","name":"Lulgjuraj: Tha\u00e7i Erdhi dhe Iku - Lajme nga Ulqini","isPartOf":{"@id":"https:\/\/www.visit-ulcinj.com\/blog\/#website"},"primaryImageOfPage":{"@id":"https:\/\/www.visit-ulcinj.com\/blog\/2015\/01\/18\/lulgjuraj-thaci-erdhi-dhe-iku\/#primaryimage"},"datePublished":"2015-01-18T17:34:58+00:00","dateModified":"2015-01-18T17:36:28+00:00","author":{"@id":"https:\/\/www.visit-ulcinj.com\/blog\/#\/schema\/person\/dcab619c614d3038751c63bc2aadc06d"},"description":"M\u00eb dat\u00ebn 15 janar, zv \/ Kryeministri dhe Ministri i pun\u00ebve t\u00eb jashtme t\u00eb Kosov\u00ebs z. Hashim Tha\u00e7i zhvilloi vizit\u00eb zyrtare dy ditore n\u00eb Mal t\u00eb Zi. Kjo \u00ebsht\u00eb","breadcrumb":{"@id":"https:\/\/www.visit-ulcinj.com\/blog\/2015\/01\/18\/lulgjuraj-thaci-erdhi-dhe-iku\/#breadcrumb"},"inLanguage":"en-US","potentialAction":[{"@type":"ReadAction","target":["https:\/\/www.visit-ulcinj.com\/blog\/2015\/01\/18\/lulgjuraj-thaci-erdhi-dhe-iku\/"]}]},{"@type":"BreadcrumbList","@id":"https:\/\/www.visit-ulcinj.com\/blog\/2015\/01\/18\/lulgjuraj-thaci-erdhi-dhe-iku\/#breadcrumb","itemListElement":[{"@type":"ListItem","position":1,"name":"Lulgjuraj: Tha\u00e7i Erdhi dhe Iku"}]},{"@type":"Person","@id":"https:\/\/www.visit-ulcinj.com\/blog\/#\/schema\/person\/dcab619c614d3038751c63bc2aadc06d","name":"ulqini","sameAs":["http:\/\/www.visit-ulcinj.com"],"url":"https:\/\/www.visit-ulcinj.com\/blog\/author\/admin\/"}]}},"jetpack_featured_media_url":"","jetpack_sharing_enabled":true,"jetpack_shortlink":"https:\/\/wp.me\/pe6lTn-mT9","_links":{"self":[{"href":"https:\/\/www.visit-ulcinj.com\/blog\/wp-json\/wp\/v2\/posts\/87987"}],"collection":[{"href":"https:\/\/www.visit-ulcinj.com\/blog\/wp-json\/wp\/v2\/posts"}],"about":[{"href":"https:\/\/www.visit-ulcinj.com\/blog\/wp-json\/wp\/v2\/types\/post"}],"author":[{"embeddable":true,"href":"https:\/\/www.visit-ulcinj.com\/blog\/wp-json\/wp\/v2\/users\/1"}],"replies":[{"embeddable":true,"href":"https:\/\/www.visit-ulcinj.com\/blog\/wp-json\/wp\/v2\/comments?post=87987"}],"version-history":[{"count":3,"href":"https:\/\/www.visit-ulcinj.com\/blog\/wp-json\/wp\/v2\/posts\/87987\/revisions"}],"predecessor-version":[{"id":87991,"href":"https:\/\/www.visit-ulcinj.com\/blog\/wp-json\/wp\/v2\/posts\/87987\/revisions\/87991"}],"wp:attachment":[{"href":"https:\/\/www.visit-ulcinj.com\/blog\/wp-json\/wp\/v2\/media?parent=87987"}],"wp:term":[{"taxonomy":"category","embeddable":true,"href":"https:\/\/www.visit-ulcinj.com\/blog\/wp-json\/wp\/v2\/categories?post=87987"},{"taxonomy":"post_tag","embeddable":true,"href":"https:\/\/www.visit-ulcinj.com\/blog\/wp-json\/wp\/v2\/tags?post=87987"}],"curies":[{"name":"wp","href":"https:\/\/api.w.org\/{rel}","templated":true}]}}