{"id":87992,"date":"2015-01-19T17:49:58","date_gmt":"2015-01-19T16:49:58","guid":{"rendered":"http:\/\/www.visit-ulcinj.com\/blog\/?p=87992"},"modified":"2015-01-19T17:53:32","modified_gmt":"2015-01-19T16:53:32","slug":"nika-simulimi-dhe-fshehja-e-vertetes-ne-rastin-kino-bashta-fakte","status":"publish","type":"post","link":"https:\/\/www.visit-ulcinj.com\/blog\/2015\/01\/19\/nika-simulimi-dhe-fshehja-e-vertetes-ne-rastin-kino-bashta-fakte\/","title":{"rendered":"Nika: Simulimi dhe fshehja e v\u00ebrtet\u00ebs n\u00eb rastin &#8220;Kino Bashta&#8221; + Fakte"},"content":{"rendered":"<p><strong><a href=\"http:\/\/www.visit-ulcinj.com\/blog\/wp-content\/uploads\/2015\/01\/Disco-Fama-Ulqin.jpg\"><img loading=\"lazy\" class=\"alignleft wp-image-87680\" src=\"http:\/\/www.visit-ulcinj.com\/blog\/wp-content\/uploads\/2015\/01\/Disco-Fama-Ulqin.jpg\" alt=\"Disco-Fama-Ulqin\" width=\"508\" height=\"339\" srcset=\"https:\/\/www.visit-ulcinj.com\/blog\/wp-content\/uploads\/2015\/01\/Disco-Fama-Ulqin.jpg 960w, https:\/\/www.visit-ulcinj.com\/blog\/wp-content\/uploads\/2015\/01\/Disco-Fama-Ulqin-300x200.jpg 300w\" sizes=\"(max-width: 508px) 100vw, 508px\" \/><\/a>Shkruan Muhamet Nika<\/strong><\/p>\n<p><strong>P\u00cbRPJEKJET E ZBEHTA P\u00cbR MBROJTJEN E PASURIS\u00cb S\u00cb KOMUN\u00cbS DHE FSHEHJES S\u00cb RRETHAMNAVE N\u00cb FAVOR T\u00cb PAL\u00cbVE<\/strong><\/p>\n<p>N\u00eb se nuk flasim me gjuh\u00ebn e p\u00ebrditshm\u00ebris\u00eb ulqinake e cila rreth problemeve shtet\u00ebrore nis me konstatimin \u201c hiqu k\u00ebtyre pun\u00ebve&#8230; , \u00e7ka t\u00eb duhen&#8230;, rri e mos b\u00ebj z\u00eb , se ka kush i kryen&#8230;\u201d, do kishim th\u00ebn\u00eb se p\u00ebrflitet q\u00eb prokuroria speciale k\u00ebtyre dit\u00ebve, pritet t\u00eb marr\u00eb n\u00eb pyetje , po thuaj se t\u00eb gjith\u00eb mbrojt\u00ebsit e komun\u00ebs q\u00eb nga vitet 90 e k\u00ebtej, dyshohet se kan\u00eb simuluar nj\u00eb mbrojtje t\u00eb dob\u00ebt p\u00ebr komun\u00ebn me nj\u00eb p\u00ebrpjekje t\u00eb zbeht\u00eb q\u00eb shkonte n\u00eb d\u00ebm t\u00eb komun\u00ebs dhe n\u00eb favor t\u00eb pal\u00ebve . Kuptohet kjo b\u00ebhej duke fshehur rrethanat. Nuk dihet cilat jan\u00eb arsyet dhe kush \u00ebsht\u00eb ankuar, por me gjith\u00eb at\u00eb , n\u00ebse nuk \u00ebsht\u00eb k\u00ebshtu , le t\u00eb deklarohen?!!<\/p>\n<p>K\u00ebshtu q\u00eb sot, duke pasur par syve gjith\u00eb k\u00ebt\u00eb, vet nuk do t\u00eb isha dakord me konstatimin e n\u00ebnkryetar Becit n\u00eb Ulqin i cili sugjeron se kinemaja verore u humb dhe toka do tu kthehet ish pronar\u00ebve, p\u00ebr arsye se gjykata na paska sjell nj\u00eb vendim p\u00ebr kthim , mbi baz\u00ebn e fajit t\u00eb do kontratave t\u00eb dh\u00ebna t\u00eb objektit me qira gjat\u00eb k\u00ebtyre 9 vjet\u00ebve t\u00eb fundit nga drejtor\u00ebt m\u00eb par\u00eb . Sipas tij p\u00ebr k\u00ebt\u00eb do t\u00eb duhej t\u00eb ngrehej nj\u00eb komision rreth \u00e7\u00ebshtjes dhe n\u00eb fund t\u00eb njoftohet edhe parlamenti. Kur se ne mendojm\u00eb q\u00eb kur flasim k\u00ebshtu, vihemi n\u00eb krahun e atyre t\u00eb cil\u00ebt jan\u00eb t\u00eb interesuar p\u00ebr humbjen e saj , por p\u00ebr k\u00ebt\u00eb na duhet gjetur \u201cfajtorin\u201d p\u00ebr t\u00eb arsyetuar deklarimin( mbase edhe ryshfetin- p\u00ebr k\u00ebt\u00eb fshehje t\u00eb problemit, po pati puna ugur, ose thjesht\u00eb p\u00ebr t\u00eb shprehur huqin ndaj dikujt&#8230; ?!!!<\/p>\n<p><strong><em>Haxhi Heshtja me \u00e7ibuk \u00e7ili grop\u00ebn gjet nj\u00eb mut?!!!<\/em><\/strong><\/p>\n<p><strong>Po m\u00eb kujtohet se me k\u00ebto fjal\u00eb e nis Ali Abdi Hoxha , romanin e tij Nj\u00eb Vjesht\u00eb me Stuhi, q\u00eb \u00ebsht\u00eb nj\u00eb lektur\u00eb \u00a0gjimnazi, ne t\u00eb cil\u00ebn autori p\u00ebrqesh nj\u00eb fshatar i cili g\u00ebrmonte nat\u00ebn n\u00eb kalan\u00eb e Petrel\u00ebs , ku sipas legjend\u00ebs na ishin fshehur qypat e arit. Nuk ke \u00e7\u2019ti b\u00ebsh edhe banales nuk mund t<\/strong><strong>\u2019<\/strong><strong>i ikim duke qen\u00eb pjes\u00eb e jet\u00ebs&#8230;?!!!<\/strong><\/p>\n<p><strong>\u00a0<\/strong><\/p>\n<p>P\u00ebr k\u00ebt\u00eb , shkurt po themi se sipas ligjit t\u00eb kontrollit t\u00eb nd\u00ebrmarrjve, pun\u00ebt nisin nga parlamenti , i cili atje drejton me k\u00ebshillin drejtues. Pra jo nga komisioni i Becit, Dhe q\u00eb n\u00ebnkryetari Beci, duhet t\u00eb dij\u00eb q\u00eb parlamenti nuk \u00ebsht\u00eb instrument i tij,por ai \u00ebsht\u00eb instrument i parlamentit. Dihet se kush \u00ebsht\u00eb \u201c krijuesi\u201d dhe kush \u00ebsht\u00eb \u201c krijesa \u201c n\u00eb k\u00ebt\u00eb situata&#8230;?!!!<\/p>\n<p>Pasi edhe vet isha drejtor atje, p\u00ebr opinion , e jo p\u00ebr n\u00ebnkryetarin po sjell do argumente q\u00eb jan\u00eb kryene\u00e7e n\u00eb kund\u00ebrshtim t\u00eb tez\u00ebs s\u00eb tij. Por para se t\u00eb flasim mendoj q\u00eb me k\u00ebt\u00eb deklarat\u00eb Beci, vihet edhe n\u00eb an\u00ebn e atyre, t\u00eb cil\u00ebt , jan\u00eb t\u00eb provokuar s\u00eb tep\u00ebrmi nga disa shkrime t\u00eb gazetaris\u00eb hulumtuese , t\u00eb cilat tash 2 vite po i b\u00ebj n\u00eb faqen lajme nga Ulqini- kund\u00ebr krimit t\u00eb organizuar, kuptohet pa nj\u00eb far\u00eb marr\u00ebveshje me drejtuesin e faqes edhe pse them t\u00eb drejt\u00ebn si fytyr\u00eb nuk e njoh, edhe pse kemi respekt t\u00eb ve\u00e7ant\u00eb p\u00ebr guximin dhe objektivitetin e tij n\u00eb k\u00ebto rrethana. K\u00ebrkojm\u00eb ndjes\u00eb lexuesve q\u00eb p\u00ebr disa koh\u00eb do t\u00eb \u201c jemi t\u00eb neutralizuar\u201d, n\u00eb trajtimin e temave t\u00eb nxehta t\u00eb momentit n\u00eb qytet , duke u p\u00ebrpjekur t\u00eb mbledhim \u201cthesin me pupla\u201d, q\u00eb b\u00ebri Beci, t\u00eb vet\u00ebdijsh\u00ebm ,se nuk do t\u00eb kemi sukses t\u2019i mbledhim t\u00eb gjitha?!!!<\/p>\n<p>Pasi edhe vet q\u00ebllova t\u00eb isha drejtues atje , kur ish ngritur ky proces gjyq\u00ebsor, po them q\u00eb gjyqi i shkall\u00ebs s\u00eb par\u00eb, pas nj\u00eb mashtrimi q\u00eb b\u00ebri eksperti i gjykat\u00ebs inxhinieri A. M.,se toka e marr\u00eb zyberajve , nuk ishte nd\u00ebrtuar kurr\u00eb &#8230;, gjykata kish vendosur pro tyre, duke iu kthyer tok\u00ebn&#8230;. .<\/p>\n<p>Kuptohet se prona \u00ebsht\u00eb e shenjt\u00eb dhe duhet t\u00eb kthehet, por ligji thot\u00eb se kur toka e marr\u00eb nuk mund t\u00eb kthehet , at\u00ebher\u00eb kthimi duhet t\u00eb b\u00ebhet tok\u00eb p\u00ebr tok\u00eb, ose tu jepen t\u00eb hollat p\u00ebr zhd\u00ebmtim. Ai q\u00eb e ka marr\u00eb tok\u00ebn Shteti (komuna) , p\u00ebrcaktohet se \u00e7ka \u00ebsht\u00eb m\u00eb mir\u00eb p\u00ebr te. Tokat p\u00ebr t\u00eb cilat \u00ebsht\u00eb nxjerr\u00eb plani detal si n\u00eb rastin konkret, nuk hyjn\u00eb n\u00eb kategorin\u00eb e kthimit. K\u00ebshtu e thot\u00eb ligji<\/p>\n<p>N\u00eb koh\u00ebn kur un\u00eb isha drejtor lidha nj\u00eb kontrat\u00eb p\u00ebr dh\u00ebnien e saj p\u00ebr t\u00eb cil\u00ebn -cilat , do t\u00eb flasim n\u00eb vazhdim , por t\u00eb cilat ishin t\u00eb afatizuara , me koh\u00ebn deri sa un\u00eb isha atje me mandat , e jo p\u00ebr vitin 2015&#8230;.?!!!Pas ikjes time ka pasur po duket edhe kontrata tjera. E po t\u00eb ishte ndryshe , do t\u00eb kishim vet\u00ebm nj\u00eb kontrat\u00eb.<\/p>\n<p>Se \u00ebsht\u00eb k\u00ebshtu , e v\u00ebrteton edhe nj\u00eb kontrat\u00eb ditore e lidhur nd\u00ebrmjet drejtorit q\u00eb m\u00eb nd\u00ebrroi dhe ish kontraktuesit me mua Vedat Lamos , t\u00eb cil\u00ebn e sjellim n\u00eb fund t\u00eb tekstit.<\/p>\n<p>Kurse, p\u00ebr k\u00ebt\u00eb vendim t\u00eb gjykat\u00ebs e cila pjes\u00ebrisht i kish kthyer tok\u00eb zyberajve , un\u00eb isha ankuar me nj\u00eb ankes\u00eb t\u00eb cil\u00ebn gjithashtu e sjellim n\u00eb fund t\u00eb k\u00ebtij teksti bashk\u00eb me vendimin e gjyqit kushtetues i cili e hedh posht\u00eb vendimin e gjykat\u00ebs p\u00ebr kthimin e tok\u00ebs n\u00eb favor t\u00eb qendr\u00ebs , n\u00eb baz\u00eb t\u00eb nj\u00eb ankese t\u00eb mbrojt\u00ebsit t\u00eb l\u00ebnd\u00ebs para qendr\u00ebs p\u00ebr kultur\u00eb , t\u00eb ndjerit Sari Resulbegut,.<\/p>\n<p>N\u00eb fund, shtojm\u00eb q\u00eb pasi shkrimi do t\u00eb jet\u00eb n\u00eb vazhdime, po sjellim edhe aktin e skanuar , t\u00eb mos pages\u00ebs me vite t\u00eb rrym\u00ebs n\u00eb k\u00ebt\u00eb institucion me nj\u00eb borxh af\u00ebr 90 mij\u00eb euro, q\u00eb trash\u00ebgova dhe d\u00ebshmin\u00eb se qiramarr\u00ebsi i kinobasht\u00ebs , ia paguante rrym\u00ebn elekrtos , mbi baz\u00ebn e kontrat\u00ebs , duke e b\u00ebr\u00eb pages\u00ebn direkt n\u00eb elektro , pa i kaluar parat n\u00ebp\u00ebr gjirollogari t\u00eb qendr\u00ebs bashk\u00eb me arkivin shtet\u00ebror, p\u00ebr tu ikur manipulimeve t\u00eb mundshme dhe p\u00ebrrallimit p\u00ebr korrupsion q\u00eb pritej t\u00eb \u201cshpikej\u201d nga\u201dt\u00eb pa pun\u00ebt e me pun\u00eb\u201d n\u00eb pushtetin vendor, ashtu si\u00e7 ndodh\u00eb sot q\u00eb me t\u00eb v\u00ebrtet\u00eb edhe kjo akuz\u00eb u d\u00ebgjua. &#8230;Pra po them se n\u00eb k\u00ebt\u00eb post q\u00eb ushtrova , mu lyp q\u00eb t\u00eb jem nj\u00ebkoh\u00ebsisht i matur dhe larg pam\u00ebs. K\u00ebsaj pune , m\u00eb duket se i shkon p\u00ebr shtat ajo urtia \u201canamal\u00e7e\u201d q\u00eb thot\u00eb \u2013 basi, kujtuesi. N\u00eb kuptimin se ai i cili \u00ebsht\u00eb m\u00ebsuar n\u00eb k\u00ebso pun\u00ebsh kujtohet i pari&#8230;?!!!<\/p>\n<p><strong><em>Sipas teoris\u00eb- lodhe armikun duke ia treguar t\u00eb gjitha sekretet \u2013 dokumente, po sjellim dokumentet e p\u00ebrmendura?!!!<\/em><\/strong><\/p>\n<ul>\n<li><strong><em>Kontrata ditore pas mandatit tim n\u00eb vitin 2008<\/em><\/strong><\/li>\n<li><strong><em>Shkresa ime komisionit p\u00ebr kthim t\u00eb pasuri\u00eb<\/em><\/strong><\/li>\n<li><strong><em>Vendimi i gjyqit kushtetues q\u00eb hedh posht\u00eb vendimin n\u00eb favor t\u00eb qendr\u00ebs<\/em><\/strong><\/li>\n<li><strong><em>Ekstraktin e pages\u00ebs s\u00eb rrym\u00ebs p\u00ebr sht\u00ebpin\u00eb e kultur\u00ebs nga gjirollogarit\u00eb e subjekteve jasht\u00eb sht\u00ebpis\u00eb s\u00eb kultur\u00ebs.<\/em><\/strong><\/li>\n<\/ul>\n<p>Shpresoj se opinionin shum\u00eb shpejt do ta bindim se ata q\u00eb desh\u00ebn t\u00eb \u00e7ojn\u00eb lepurin, kan\u00eb \u00e7uar arush\u00ebn&#8230;?!!!<\/p>\n<p>1.<br \/>\n<a href=\"http:\/\/www.visit-ulcinj.com\/blog\/wp-content\/uploads\/2015\/01\/Kontrata-Ugovor-Kino-Basta-Ulqin-Ulcinj.jpg\"><img loading=\"lazy\" class=\"alignleft wp-image-87993\" src=\"http:\/\/www.visit-ulcinj.com\/blog\/wp-content\/uploads\/2015\/01\/Kontrata-Ugovor-Kino-Basta-Ulqin-Ulcinj.jpg\" alt=\"Kontrata-Ugovor-Kino Basta-Ulqin-Ulcinj\" width=\"508\" height=\"702\" \/><\/a><br \/>\n2.<br \/>\n<a href=\"http:\/\/www.visit-ulcinj.com\/blog\/wp-content\/uploads\/2015\/01\/Komisioni-per-kthimin-e-Pasuris-Ulqin.jpg\"><img loading=\"lazy\" class=\"alignleft size-full wp-image-87994\" src=\"http:\/\/www.visit-ulcinj.com\/blog\/wp-content\/uploads\/2015\/01\/Komisioni-per-kthimin-e-Pasuris-Ulqin.jpg\" alt=\"Komisioni-per-kthimin-e-Pasuris-Ulqin\" width=\"508\" height=\"700\" \/><\/a><br \/>\n3.<br \/>\n<a href=\"http:\/\/www.visit-ulcinj.com\/blog\/wp-content\/uploads\/2015\/01\/Fakte-gjygjsore-Kino-Basta-Ulqin.jpg\"><img loading=\"lazy\" class=\"alignleft size-full wp-image-87995\" src=\"http:\/\/www.visit-ulcinj.com\/blog\/wp-content\/uploads\/2015\/01\/Fakte-gjygjsore-Kino-Basta-Ulqin.jpg\" alt=\"Fakte-gjygjsore-Kino-Basta-Ulqin\" width=\"508\" height=\"700\" \/><\/a><br \/>\n4.<br \/>\n<a href=\"http:\/\/www.visit-ulcinj.com\/blog\/wp-content\/uploads\/2015\/01\/Fakte-gjygjsore-Kino-Basta-Ulqin-1.jpg\"><img loading=\"lazy\" class=\"alignleft size-full wp-image-87996\" src=\"http:\/\/www.visit-ulcinj.com\/blog\/wp-content\/uploads\/2015\/01\/Fakte-gjygjsore-Kino-Basta-Ulqin-1.jpg\" alt=\"Fakte-gjygjsore-Kino-Basta-Ulqin-1\" width=\"508\" height=\"700\" \/><\/a><br \/>\n5.<br \/>\n<a href=\"http:\/\/www.visit-ulcinj.com\/blog\/wp-content\/uploads\/2015\/01\/Fakte-gjygjsore-Kino-Basta-Ulqin-2.jpg\"><img loading=\"lazy\" class=\"alignleft size-full wp-image-87997\" src=\"http:\/\/www.visit-ulcinj.com\/blog\/wp-content\/uploads\/2015\/01\/Fakte-gjygjsore-Kino-Basta-Ulqin-2.jpg\" alt=\"Fakte-gjygjsore-Kino-Basta-Ulqin-2\" width=\"508\" height=\"700\" \/><\/a><br \/>\n6.<br \/>\n<a href=\"http:\/\/www.visit-ulcinj.com\/blog\/wp-content\/uploads\/2015\/01\/Faturat-e-rrymes-Kino-Bashta-Ulqin.jpg\"><img loading=\"lazy\" class=\"alignleft size-full wp-image-87998\" src=\"http:\/\/www.visit-ulcinj.com\/blog\/wp-content\/uploads\/2015\/01\/Faturat-e-rrymes-Kino-Bashta-Ulqin.jpg\" alt=\"Faturat e rrymes-Kino-Bashta-Ulqin\" width=\"508\" height=\"700\" \/><\/a><\/p>\n<p><strong>Shkrimi vazhdon :<br \/>\nSi e gjeta gjendjen n\u00eb sht\u00ebpi t\u00eb kultur\u00ebs dhe si e la\u00e7, bashk\u00eb me kontratat e n\u00ebnshkruara nga un\u00eb dhe dokumente tjera&#8230;?!!!<br \/>\n<\/strong><\/p>\n","protected":false},"excerpt":{"rendered":"<p>Shkruan Muhamet Nika P\u00cbRPJEKJET E ZBEHTA P\u00cbR MBROJTJEN E PASURIS\u00cb S\u00cb KOMUN\u00cbS DHE FSHEHJES S\u00cb RRETHAMNAVE N\u00cb FAVOR T\u00cb PAL\u00cbVE N\u00eb se nuk flasim me gjuh\u00ebn e p\u00ebrditshm\u00ebris\u00eb ulqinake e cila rreth problemeve shtet\u00ebrore nis me konstatimin \u201c hiqu k\u00ebtyre pun\u00ebve&#8230; , \u00e7ka t\u00eb duhen&#8230;, rri e mos b\u00ebj z\u00eb , se ka kush i [&hellip;]<\/p>\n","protected":false},"author":1,"featured_media":0,"comment_status":"closed","ping_status":"closed","sticky":false,"template":"","format":"standard","meta":{"spay_email":"","jetpack_publicize_message":"","jetpack_is_tweetstorm":false,"jetpack_publicize_feature_enabled":true},"categories":[14249],"tags":[],"jetpack_publicize_connections":[],"yoast_head":"<!-- This site is optimized with the Yoast SEO plugin v19.1 - https:\/\/yoast.com\/wordpress\/plugins\/seo\/ -->\n<title>Nika: Simulimi dhe fshehja e v\u00ebrtet\u00ebs n\u00eb rastin &quot;Kino Bashta&quot; + Fakte - Lajme nga Ulqini<\/title>\n<meta name=\"description\" content=\"Shkruan Muhamet Nika P\u00cbRPJEKJET E ZBEHTA P\u00cbR MBROJTJEN E PASURIS\u00cb S\u00cb KOMUN\u00cbS DHE FSHEHJES S\u00cb RRETHAMNAVE N\u00cb FAVOR T\u00cb PAL\u00cbVE N\u00eb se nuk flasim me gjuh\u00ebn e\" \/>\n<meta name=\"robots\" content=\"index, follow, max-snippet:-1, max-image-preview:large, max-video-preview:-1\" \/>\n<link rel=\"canonical\" href=\"https:\/\/www.visit-ulcinj.com\/blog\/2015\/01\/19\/nika-simulimi-dhe-fshehja-e-vertetes-ne-rastin-kino-bashta-fakte\/\" \/>\n<meta property=\"og:locale\" content=\"en_US\" \/>\n<meta property=\"og:type\" content=\"article\" \/>\n<meta property=\"og:title\" content=\"Nika: Simulimi dhe fshehja e v\u00ebrtet\u00ebs n\u00eb rastin &quot;Kino Bashta&quot; + Fakte - Lajme nga Ulqini\" \/>\n<meta property=\"og:description\" content=\"Shkruan Muhamet Nika P\u00cbRPJEKJET E ZBEHTA P\u00cbR MBROJTJEN E PASURIS\u00cb S\u00cb KOMUN\u00cbS DHE FSHEHJES S\u00cb RRETHAMNAVE N\u00cb FAVOR T\u00cb PAL\u00cbVE N\u00eb se nuk flasim me gjuh\u00ebn e\" \/>\n<meta property=\"og:url\" content=\"https:\/\/www.visit-ulcinj.com\/blog\/2015\/01\/19\/nika-simulimi-dhe-fshehja-e-vertetes-ne-rastin-kino-bashta-fakte\/\" \/>\n<meta property=\"og:site_name\" content=\"Lajme nga Ulqini\" \/>\n<meta property=\"article:published_time\" content=\"2015-01-19T16:49:58+00:00\" \/>\n<meta property=\"article:modified_time\" content=\"2015-01-19T16:53:32+00:00\" \/>\n<meta property=\"og:image\" content=\"http:\/\/www.visit-ulcinj.com\/blog\/wp-content\/uploads\/2015\/01\/Disco-Fama-Ulqin.jpg\" \/>\n<meta name=\"twitter:label1\" content=\"Written by\" \/>\n\t<meta name=\"twitter:data1\" content=\"ulqini\" \/>\n\t<meta name=\"twitter:label2\" content=\"Est. reading time\" \/>\n\t<meta name=\"twitter:data2\" content=\"6 minutes\" \/>\n<script type=\"application\/ld+json\" class=\"yoast-schema-graph\">{\"@context\":\"https:\/\/schema.org\",\"@graph\":[{\"@type\":\"WebSite\",\"@id\":\"https:\/\/www.visit-ulcinj.com\/blog\/#website\",\"url\":\"https:\/\/www.visit-ulcinj.com\/blog\/\",\"name\":\"Lajme nga Ulqini\",\"description\":\"Lajme,Vijesti,Ulqini,Ulqin,Crna Gora,Mali i Zi\",\"potentialAction\":[{\"@type\":\"SearchAction\",\"target\":{\"@type\":\"EntryPoint\",\"urlTemplate\":\"https:\/\/www.visit-ulcinj.com\/blog\/?s={search_term_string}\"},\"query-input\":\"required name=search_term_string\"}],\"inLanguage\":\"en-US\"},{\"@type\":\"ImageObject\",\"inLanguage\":\"en-US\",\"@id\":\"https:\/\/www.visit-ulcinj.com\/blog\/2015\/01\/19\/nika-simulimi-dhe-fshehja-e-vertetes-ne-rastin-kino-bashta-fakte\/#primaryimage\",\"url\":\"https:\/\/www.visit-ulcinj.com\/blog\/wp-content\/uploads\/2015\/01\/Disco-Fama-Ulqin.jpg\",\"contentUrl\":\"https:\/\/www.visit-ulcinj.com\/blog\/wp-content\/uploads\/2015\/01\/Disco-Fama-Ulqin.jpg\",\"width\":960,\"height\":640},{\"@type\":\"WebPage\",\"@id\":\"https:\/\/www.visit-ulcinj.com\/blog\/2015\/01\/19\/nika-simulimi-dhe-fshehja-e-vertetes-ne-rastin-kino-bashta-fakte\/#webpage\",\"url\":\"https:\/\/www.visit-ulcinj.com\/blog\/2015\/01\/19\/nika-simulimi-dhe-fshehja-e-vertetes-ne-rastin-kino-bashta-fakte\/\",\"name\":\"Nika: Simulimi dhe fshehja e v\u00ebrtet\u00ebs n\u00eb rastin \\\"Kino Bashta\\\" + Fakte - Lajme nga Ulqini\",\"isPartOf\":{\"@id\":\"https:\/\/www.visit-ulcinj.com\/blog\/#website\"},\"primaryImageOfPage\":{\"@id\":\"https:\/\/www.visit-ulcinj.com\/blog\/2015\/01\/19\/nika-simulimi-dhe-fshehja-e-vertetes-ne-rastin-kino-bashta-fakte\/#primaryimage\"},\"datePublished\":\"2015-01-19T16:49:58+00:00\",\"dateModified\":\"2015-01-19T16:53:32+00:00\",\"author\":{\"@id\":\"https:\/\/www.visit-ulcinj.com\/blog\/#\/schema\/person\/dcab619c614d3038751c63bc2aadc06d\"},\"description\":\"Shkruan Muhamet Nika P\u00cbRPJEKJET E ZBEHTA P\u00cbR MBROJTJEN E PASURIS\u00cb S\u00cb KOMUN\u00cbS DHE FSHEHJES S\u00cb RRETHAMNAVE N\u00cb FAVOR T\u00cb PAL\u00cbVE N\u00eb se nuk flasim me gjuh\u00ebn e\",\"breadcrumb\":{\"@id\":\"https:\/\/www.visit-ulcinj.com\/blog\/2015\/01\/19\/nika-simulimi-dhe-fshehja-e-vertetes-ne-rastin-kino-bashta-fakte\/#breadcrumb\"},\"inLanguage\":\"en-US\",\"potentialAction\":[{\"@type\":\"ReadAction\",\"target\":[\"https:\/\/www.visit-ulcinj.com\/blog\/2015\/01\/19\/nika-simulimi-dhe-fshehja-e-vertetes-ne-rastin-kino-bashta-fakte\/\"]}]},{\"@type\":\"BreadcrumbList\",\"@id\":\"https:\/\/www.visit-ulcinj.com\/blog\/2015\/01\/19\/nika-simulimi-dhe-fshehja-e-vertetes-ne-rastin-kino-bashta-fakte\/#breadcrumb\",\"itemListElement\":[{\"@type\":\"ListItem\",\"position\":1,\"name\":\"Nika: Simulimi dhe fshehja e v\u00ebrtet\u00ebs n\u00eb rastin &#8220;Kino Bashta&#8221; + Fakte\"}]},{\"@type\":\"Person\",\"@id\":\"https:\/\/www.visit-ulcinj.com\/blog\/#\/schema\/person\/dcab619c614d3038751c63bc2aadc06d\",\"name\":\"ulqini\",\"sameAs\":[\"http:\/\/www.visit-ulcinj.com\"],\"url\":\"https:\/\/www.visit-ulcinj.com\/blog\/author\/admin\/\"}]}<\/script>\n<!-- \/ Yoast SEO plugin. -->","yoast_head_json":{"title":"Nika: Simulimi dhe fshehja e v\u00ebrtet\u00ebs n\u00eb rastin \"Kino Bashta\" + Fakte - Lajme nga Ulqini","description":"Shkruan Muhamet Nika P\u00cbRPJEKJET E ZBEHTA P\u00cbR MBROJTJEN E PASURIS\u00cb S\u00cb KOMUN\u00cbS DHE FSHEHJES S\u00cb RRETHAMNAVE N\u00cb FAVOR T\u00cb PAL\u00cbVE N\u00eb se nuk flasim me gjuh\u00ebn e","robots":{"index":"index","follow":"follow","max-snippet":"max-snippet:-1","max-image-preview":"max-image-preview:large","max-video-preview":"max-video-preview:-1"},"canonical":"https:\/\/www.visit-ulcinj.com\/blog\/2015\/01\/19\/nika-simulimi-dhe-fshehja-e-vertetes-ne-rastin-kino-bashta-fakte\/","og_locale":"en_US","og_type":"article","og_title":"Nika: Simulimi dhe fshehja e v\u00ebrtet\u00ebs n\u00eb rastin \"Kino Bashta\" + Fakte - Lajme nga Ulqini","og_description":"Shkruan Muhamet Nika P\u00cbRPJEKJET E ZBEHTA P\u00cbR MBROJTJEN E PASURIS\u00cb S\u00cb KOMUN\u00cbS DHE FSHEHJES S\u00cb RRETHAMNAVE N\u00cb FAVOR T\u00cb PAL\u00cbVE N\u00eb se nuk flasim me gjuh\u00ebn e","og_url":"https:\/\/www.visit-ulcinj.com\/blog\/2015\/01\/19\/nika-simulimi-dhe-fshehja-e-vertetes-ne-rastin-kino-bashta-fakte\/","og_site_name":"Lajme nga Ulqini","article_published_time":"2015-01-19T16:49:58+00:00","article_modified_time":"2015-01-19T16:53:32+00:00","og_image":[{"url":"http:\/\/www.visit-ulcinj.com\/blog\/wp-content\/uploads\/2015\/01\/Disco-Fama-Ulqin.jpg"}],"twitter_misc":{"Written by":"ulqini","Est. reading time":"6 minutes"},"schema":{"@context":"https:\/\/schema.org","@graph":[{"@type":"WebSite","@id":"https:\/\/www.visit-ulcinj.com\/blog\/#website","url":"https:\/\/www.visit-ulcinj.com\/blog\/","name":"Lajme nga Ulqini","description":"Lajme,Vijesti,Ulqini,Ulqin,Crna Gora,Mali i Zi","potentialAction":[{"@type":"SearchAction","target":{"@type":"EntryPoint","urlTemplate":"https:\/\/www.visit-ulcinj.com\/blog\/?s={search_term_string}"},"query-input":"required name=search_term_string"}],"inLanguage":"en-US"},{"@type":"ImageObject","inLanguage":"en-US","@id":"https:\/\/www.visit-ulcinj.com\/blog\/2015\/01\/19\/nika-simulimi-dhe-fshehja-e-vertetes-ne-rastin-kino-bashta-fakte\/#primaryimage","url":"https:\/\/www.visit-ulcinj.com\/blog\/wp-content\/uploads\/2015\/01\/Disco-Fama-Ulqin.jpg","contentUrl":"https:\/\/www.visit-ulcinj.com\/blog\/wp-content\/uploads\/2015\/01\/Disco-Fama-Ulqin.jpg","width":960,"height":640},{"@type":"WebPage","@id":"https:\/\/www.visit-ulcinj.com\/blog\/2015\/01\/19\/nika-simulimi-dhe-fshehja-e-vertetes-ne-rastin-kino-bashta-fakte\/#webpage","url":"https:\/\/www.visit-ulcinj.com\/blog\/2015\/01\/19\/nika-simulimi-dhe-fshehja-e-vertetes-ne-rastin-kino-bashta-fakte\/","name":"Nika: Simulimi dhe fshehja e v\u00ebrtet\u00ebs n\u00eb rastin \"Kino Bashta\" + Fakte - Lajme nga Ulqini","isPartOf":{"@id":"https:\/\/www.visit-ulcinj.com\/blog\/#website"},"primaryImageOfPage":{"@id":"https:\/\/www.visit-ulcinj.com\/blog\/2015\/01\/19\/nika-simulimi-dhe-fshehja-e-vertetes-ne-rastin-kino-bashta-fakte\/#primaryimage"},"datePublished":"2015-01-19T16:49:58+00:00","dateModified":"2015-01-19T16:53:32+00:00","author":{"@id":"https:\/\/www.visit-ulcinj.com\/blog\/#\/schema\/person\/dcab619c614d3038751c63bc2aadc06d"},"description":"Shkruan Muhamet Nika P\u00cbRPJEKJET E ZBEHTA P\u00cbR MBROJTJEN E PASURIS\u00cb S\u00cb KOMUN\u00cbS DHE FSHEHJES S\u00cb RRETHAMNAVE N\u00cb FAVOR T\u00cb PAL\u00cbVE N\u00eb se nuk flasim me gjuh\u00ebn e","breadcrumb":{"@id":"https:\/\/www.visit-ulcinj.com\/blog\/2015\/01\/19\/nika-simulimi-dhe-fshehja-e-vertetes-ne-rastin-kino-bashta-fakte\/#breadcrumb"},"inLanguage":"en-US","potentialAction":[{"@type":"ReadAction","target":["https:\/\/www.visit-ulcinj.com\/blog\/2015\/01\/19\/nika-simulimi-dhe-fshehja-e-vertetes-ne-rastin-kino-bashta-fakte\/"]}]},{"@type":"BreadcrumbList","@id":"https:\/\/www.visit-ulcinj.com\/blog\/2015\/01\/19\/nika-simulimi-dhe-fshehja-e-vertetes-ne-rastin-kino-bashta-fakte\/#breadcrumb","itemListElement":[{"@type":"ListItem","position":1,"name":"Nika: Simulimi dhe fshehja e v\u00ebrtet\u00ebs n\u00eb rastin &#8220;Kino Bashta&#8221; + Fakte"}]},{"@type":"Person","@id":"https:\/\/www.visit-ulcinj.com\/blog\/#\/schema\/person\/dcab619c614d3038751c63bc2aadc06d","name":"ulqini","sameAs":["http:\/\/www.visit-ulcinj.com"],"url":"https:\/\/www.visit-ulcinj.com\/blog\/author\/admin\/"}]}},"jetpack_featured_media_url":"","jetpack_sharing_enabled":true,"jetpack_shortlink":"https:\/\/wp.me\/pe6lTn-mTe","_links":{"self":[{"href":"https:\/\/www.visit-ulcinj.com\/blog\/wp-json\/wp\/v2\/posts\/87992"}],"collection":[{"href":"https:\/\/www.visit-ulcinj.com\/blog\/wp-json\/wp\/v2\/posts"}],"about":[{"href":"https:\/\/www.visit-ulcinj.com\/blog\/wp-json\/wp\/v2\/types\/post"}],"author":[{"embeddable":true,"href":"https:\/\/www.visit-ulcinj.com\/blog\/wp-json\/wp\/v2\/users\/1"}],"replies":[{"embeddable":true,"href":"https:\/\/www.visit-ulcinj.com\/blog\/wp-json\/wp\/v2\/comments?post=87992"}],"version-history":[{"count":3,"href":"https:\/\/www.visit-ulcinj.com\/blog\/wp-json\/wp\/v2\/posts\/87992\/revisions"}],"predecessor-version":[{"id":88001,"href":"https:\/\/www.visit-ulcinj.com\/blog\/wp-json\/wp\/v2\/posts\/87992\/revisions\/88001"}],"wp:attachment":[{"href":"https:\/\/www.visit-ulcinj.com\/blog\/wp-json\/wp\/v2\/media?parent=87992"}],"wp:term":[{"taxonomy":"category","embeddable":true,"href":"https:\/\/www.visit-ulcinj.com\/blog\/wp-json\/wp\/v2\/categories?post=87992"},{"taxonomy":"post_tag","embeddable":true,"href":"https:\/\/www.visit-ulcinj.com\/blog\/wp-json\/wp\/v2\/tags?post=87992"}],"curies":[{"name":"wp","href":"https:\/\/api.w.org\/{rel}","templated":true}]}}