{"id":88005,"date":"2015-01-19T18:18:43","date_gmt":"2015-01-19T17:18:43","guid":{"rendered":"http:\/\/www.visit-ulcinj.com\/blog\/?p=88005"},"modified":"2015-01-23T08:57:55","modified_gmt":"2015-01-23T07:57:55","slug":"ulqin-memorandum-per-perkrahjen-e-komunitetit-lgbt","status":"publish","type":"post","link":"https:\/\/www.visit-ulcinj.com\/blog\/2015\/01\/19\/ulqin-memorandum-per-perkrahjen-e-komunitetit-lgbt\/","title":{"rendered":"Ulqin, Memorandum p\u00ebr p\u00ebrkrahjen e komunitetit LGBT &#8211; Video"},"content":{"rendered":"<p><a href=\"http:\/\/www.visit-ulcinj.com\/blog\/wp-content\/uploads\/2015\/01\/Suad-Numanoviq-Fatmir-Gjeka-Ulqin.jpg\"><img loading=\"lazy\" class=\"alignleft wp-image-88006\" src=\"http:\/\/www.visit-ulcinj.com\/blog\/wp-content\/uploads\/2015\/01\/Suad-Numanoviq-Fatmir-Gjeka-Ulqin.jpg\" alt=\"Suad Numanoviq-Fatmir-Gjeka-Ulqin\" width=\"508\" height=\"286\" srcset=\"https:\/\/www.visit-ulcinj.com\/blog\/wp-content\/uploads\/2015\/01\/Suad-Numanoviq-Fatmir-Gjeka-Ulqin.jpg 960w, https:\/\/www.visit-ulcinj.com\/blog\/wp-content\/uploads\/2015\/01\/Suad-Numanoviq-Fatmir-Gjeka-Ulqin-300x168.jpg 300w\" sizes=\"(max-width: 508px) 100vw, 508px\" \/><\/a>Ministri p\u00ebr t\u00eb drejtat e njeriut dhe pakicave dr Suad Numanoviq dhe kryetari i komun\u00ebs s\u00eb Ulqinit Fatmir Gjeka kan\u00eb n\u00ebnshkruar sot \u201cMemorandumin p\u00ebr mir\u00ebkuptim dhe masat n\u00eb luft\u00ebn kund\u00ebr diskriminimit n\u00eb baz\u00eb t\u00eb orientimit seksual dhe identitetit gjinor, si dhe promovimit t\u00eb toleranc\u00ebs ndaj LGBT personave\u201d, raporton Portali Ul.info.<\/p>\n<p>Numanoviq tha se Ulqini \u00ebsht\u00eb qytet i hapur, nd\u00ebrsa marr\u00ebveshja do t\u00eb ndihmoj\u00eb integrimin e grupeve t\u00eb prekshme n\u00eb shoq\u00ebrin\u00eb demokratike t\u00eb Ulqinit.<\/p>\n<p>Sipas fjal\u00ebve t\u00eb Gjek\u00ebs, k\u00ebto persona kan\u00eb t\u00eb drejt\u00eb n\u00eb siguri. \u201cDetyrimi i komun\u00ebs sipas marr\u00ebveshjes \u00ebsht\u00eb q\u00eb t\u00eb em\u00ebroj\u00eb kontakt personin p\u00ebr implementimin e marr\u00ebveshjes\u201d, tha ai duke shtuar se me ministrin kan\u00eb biseduar edhe p\u00ebr ky\u00e7jen m\u00eb t\u00eb madhe t\u00eb Shqiptar\u00ebve n\u00eb t\u00eb gjitha strukturat shtet\u00ebrore.<\/p>\n<p>Gjeka shprehu pritshm\u00ebrin\u00eb se nga shtatori nx\u00ebn\u00ebsit e klas\u00ebs s\u00eb par\u00eb n\u00eb shkollat n\u00eb gjuh\u00ebn shqipe do t\u00eb m\u00ebsojn\u00eb nga abetarja e cila p\u00ebrdoret n\u00eb Shqip\u00ebri dhe Kosov\u00eb.<\/p>\n<!--YouTube Error: bad URL entered-->\n","protected":false},"excerpt":{"rendered":"<p>Ministri p\u00ebr t\u00eb drejtat e njeriut dhe pakicave dr Suad Numanoviq dhe kryetari i komun\u00ebs s\u00eb Ulqinit Fatmir Gjeka kan\u00eb n\u00ebnshkruar sot \u201cMemorandumin p\u00ebr mir\u00ebkuptim dhe masat n\u00eb luft\u00ebn kund\u00ebr diskriminimit n\u00eb baz\u00eb t\u00eb orientimit seksual dhe identitetit gjinor, si dhe promovimit t\u00eb toleranc\u00ebs ndaj LGBT personave\u201d, raporton Portali Ul.info. Numanoviq tha se Ulqini \u00ebsht\u00eb [&hellip;]<\/p>\n","protected":false},"author":1,"featured_media":0,"comment_status":"closed","ping_status":"closed","sticky":false,"template":"","format":"standard","meta":{"spay_email":"","jetpack_publicize_message":"","jetpack_is_tweetstorm":false,"jetpack_publicize_feature_enabled":true},"categories":[11],"tags":[],"jetpack_publicize_connections":[],"yoast_head":"<!-- This site is optimized with the Yoast SEO plugin v19.1 - https:\/\/yoast.com\/wordpress\/plugins\/seo\/ -->\n<title>Ulqin, Memorandum p\u00ebr p\u00ebrkrahjen e komunitetit LGBT - Video - Lajme nga Ulqini<\/title>\n<meta name=\"description\" content=\"Ministri p\u00ebr t\u00eb drejtat e njeriut dhe pakicave dr Suad Numanoviq dhe kryetari i komun\u00ebs s\u00eb Ulqinit Fatmir Gjeka kan\u00eb n\u00ebnshkruar sot \u201cMemorandumin p\u00ebr\" \/>\n<meta name=\"robots\" content=\"index, follow, max-snippet:-1, max-image-preview:large, max-video-preview:-1\" \/>\n<link rel=\"canonical\" href=\"https:\/\/www.visit-ulcinj.com\/blog\/2015\/01\/19\/ulqin-memorandum-per-perkrahjen-e-komunitetit-lgbt\/\" \/>\n<meta property=\"og:locale\" content=\"en_US\" \/>\n<meta property=\"og:type\" content=\"article\" \/>\n<meta property=\"og:title\" content=\"Ulqin, Memorandum p\u00ebr p\u00ebrkrahjen e komunitetit LGBT - Video - Lajme nga Ulqini\" \/>\n<meta property=\"og:description\" content=\"Ministri p\u00ebr t\u00eb drejtat e njeriut dhe pakicave dr Suad Numanoviq dhe kryetari i komun\u00ebs s\u00eb Ulqinit Fatmir Gjeka kan\u00eb n\u00ebnshkruar sot \u201cMemorandumin p\u00ebr\" \/>\n<meta property=\"og:url\" content=\"https:\/\/www.visit-ulcinj.com\/blog\/2015\/01\/19\/ulqin-memorandum-per-perkrahjen-e-komunitetit-lgbt\/\" \/>\n<meta property=\"og:site_name\" content=\"Lajme nga Ulqini\" \/>\n<meta property=\"article:published_time\" content=\"2015-01-19T17:18:43+00:00\" \/>\n<meta property=\"article:modified_time\" content=\"2015-01-23T07:57:55+00:00\" \/>\n<meta property=\"og:image\" content=\"http:\/\/www.visit-ulcinj.com\/blog\/wp-content\/uploads\/2015\/01\/Suad-Numanoviq-Fatmir-Gjeka-Ulqin.jpg\" \/>\n<meta name=\"twitter:label1\" content=\"Written by\" \/>\n\t<meta name=\"twitter:data1\" content=\"ulqini\" \/>\n\t<meta name=\"twitter:label2\" content=\"Est. reading time\" \/>\n\t<meta name=\"twitter:data2\" content=\"1 minute\" \/>\n<script type=\"application\/ld+json\" class=\"yoast-schema-graph\">{\"@context\":\"https:\/\/schema.org\",\"@graph\":[{\"@type\":\"WebSite\",\"@id\":\"https:\/\/www.visit-ulcinj.com\/blog\/#website\",\"url\":\"https:\/\/www.visit-ulcinj.com\/blog\/\",\"name\":\"Lajme nga Ulqini\",\"description\":\"Lajme,Vijesti,Ulqini,Ulqin,Crna Gora,Mali i Zi\",\"potentialAction\":[{\"@type\":\"SearchAction\",\"target\":{\"@type\":\"EntryPoint\",\"urlTemplate\":\"https:\/\/www.visit-ulcinj.com\/blog\/?s={search_term_string}\"},\"query-input\":\"required name=search_term_string\"}],\"inLanguage\":\"en-US\"},{\"@type\":\"ImageObject\",\"inLanguage\":\"en-US\",\"@id\":\"https:\/\/www.visit-ulcinj.com\/blog\/2015\/01\/19\/ulqin-memorandum-per-perkrahjen-e-komunitetit-lgbt\/#primaryimage\",\"url\":\"https:\/\/www.visit-ulcinj.com\/blog\/wp-content\/uploads\/2015\/01\/Suad-Numanoviq-Fatmir-Gjeka-Ulqin.jpg\",\"contentUrl\":\"https:\/\/www.visit-ulcinj.com\/blog\/wp-content\/uploads\/2015\/01\/Suad-Numanoviq-Fatmir-Gjeka-Ulqin.jpg\",\"width\":960,\"height\":540},{\"@type\":\"WebPage\",\"@id\":\"https:\/\/www.visit-ulcinj.com\/blog\/2015\/01\/19\/ulqin-memorandum-per-perkrahjen-e-komunitetit-lgbt\/#webpage\",\"url\":\"https:\/\/www.visit-ulcinj.com\/blog\/2015\/01\/19\/ulqin-memorandum-per-perkrahjen-e-komunitetit-lgbt\/\",\"name\":\"Ulqin, Memorandum p\u00ebr p\u00ebrkrahjen e komunitetit LGBT - Video - Lajme nga Ulqini\",\"isPartOf\":{\"@id\":\"https:\/\/www.visit-ulcinj.com\/blog\/#website\"},\"primaryImageOfPage\":{\"@id\":\"https:\/\/www.visit-ulcinj.com\/blog\/2015\/01\/19\/ulqin-memorandum-per-perkrahjen-e-komunitetit-lgbt\/#primaryimage\"},\"datePublished\":\"2015-01-19T17:18:43+00:00\",\"dateModified\":\"2015-01-23T07:57:55+00:00\",\"author\":{\"@id\":\"https:\/\/www.visit-ulcinj.com\/blog\/#\/schema\/person\/dcab619c614d3038751c63bc2aadc06d\"},\"description\":\"Ministri p\u00ebr t\u00eb drejtat e njeriut dhe pakicave dr Suad Numanoviq dhe kryetari i komun\u00ebs s\u00eb Ulqinit Fatmir Gjeka kan\u00eb n\u00ebnshkruar sot \u201cMemorandumin p\u00ebr\",\"breadcrumb\":{\"@id\":\"https:\/\/www.visit-ulcinj.com\/blog\/2015\/01\/19\/ulqin-memorandum-per-perkrahjen-e-komunitetit-lgbt\/#breadcrumb\"},\"inLanguage\":\"en-US\",\"potentialAction\":[{\"@type\":\"ReadAction\",\"target\":[\"https:\/\/www.visit-ulcinj.com\/blog\/2015\/01\/19\/ulqin-memorandum-per-perkrahjen-e-komunitetit-lgbt\/\"]}]},{\"@type\":\"BreadcrumbList\",\"@id\":\"https:\/\/www.visit-ulcinj.com\/blog\/2015\/01\/19\/ulqin-memorandum-per-perkrahjen-e-komunitetit-lgbt\/#breadcrumb\",\"itemListElement\":[{\"@type\":\"ListItem\",\"position\":1,\"name\":\"Ulqin, Memorandum p\u00ebr p\u00ebrkrahjen e komunitetit LGBT &#8211; Video\"}]},{\"@type\":\"Person\",\"@id\":\"https:\/\/www.visit-ulcinj.com\/blog\/#\/schema\/person\/dcab619c614d3038751c63bc2aadc06d\",\"name\":\"ulqini\",\"sameAs\":[\"http:\/\/www.visit-ulcinj.com\"],\"url\":\"https:\/\/www.visit-ulcinj.com\/blog\/author\/admin\/\"}]}<\/script>\n<!-- \/ Yoast SEO plugin. -->","yoast_head_json":{"title":"Ulqin, Memorandum p\u00ebr p\u00ebrkrahjen e komunitetit LGBT - Video - Lajme nga Ulqini","description":"Ministri p\u00ebr t\u00eb drejtat e njeriut dhe pakicave dr Suad Numanoviq dhe kryetari i komun\u00ebs s\u00eb Ulqinit Fatmir Gjeka kan\u00eb n\u00ebnshkruar sot \u201cMemorandumin p\u00ebr","robots":{"index":"index","follow":"follow","max-snippet":"max-snippet:-1","max-image-preview":"max-image-preview:large","max-video-preview":"max-video-preview:-1"},"canonical":"https:\/\/www.visit-ulcinj.com\/blog\/2015\/01\/19\/ulqin-memorandum-per-perkrahjen-e-komunitetit-lgbt\/","og_locale":"en_US","og_type":"article","og_title":"Ulqin, Memorandum p\u00ebr p\u00ebrkrahjen e komunitetit LGBT - Video - Lajme nga Ulqini","og_description":"Ministri p\u00ebr t\u00eb drejtat e njeriut dhe pakicave dr Suad Numanoviq dhe kryetari i komun\u00ebs s\u00eb Ulqinit Fatmir Gjeka kan\u00eb n\u00ebnshkruar sot \u201cMemorandumin p\u00ebr","og_url":"https:\/\/www.visit-ulcinj.com\/blog\/2015\/01\/19\/ulqin-memorandum-per-perkrahjen-e-komunitetit-lgbt\/","og_site_name":"Lajme nga Ulqini","article_published_time":"2015-01-19T17:18:43+00:00","article_modified_time":"2015-01-23T07:57:55+00:00","og_image":[{"url":"http:\/\/www.visit-ulcinj.com\/blog\/wp-content\/uploads\/2015\/01\/Suad-Numanoviq-Fatmir-Gjeka-Ulqin.jpg"}],"twitter_misc":{"Written by":"ulqini","Est. reading time":"1 minute"},"schema":{"@context":"https:\/\/schema.org","@graph":[{"@type":"WebSite","@id":"https:\/\/www.visit-ulcinj.com\/blog\/#website","url":"https:\/\/www.visit-ulcinj.com\/blog\/","name":"Lajme nga Ulqini","description":"Lajme,Vijesti,Ulqini,Ulqin,Crna Gora,Mali i Zi","potentialAction":[{"@type":"SearchAction","target":{"@type":"EntryPoint","urlTemplate":"https:\/\/www.visit-ulcinj.com\/blog\/?s={search_term_string}"},"query-input":"required name=search_term_string"}],"inLanguage":"en-US"},{"@type":"ImageObject","inLanguage":"en-US","@id":"https:\/\/www.visit-ulcinj.com\/blog\/2015\/01\/19\/ulqin-memorandum-per-perkrahjen-e-komunitetit-lgbt\/#primaryimage","url":"https:\/\/www.visit-ulcinj.com\/blog\/wp-content\/uploads\/2015\/01\/Suad-Numanoviq-Fatmir-Gjeka-Ulqin.jpg","contentUrl":"https:\/\/www.visit-ulcinj.com\/blog\/wp-content\/uploads\/2015\/01\/Suad-Numanoviq-Fatmir-Gjeka-Ulqin.jpg","width":960,"height":540},{"@type":"WebPage","@id":"https:\/\/www.visit-ulcinj.com\/blog\/2015\/01\/19\/ulqin-memorandum-per-perkrahjen-e-komunitetit-lgbt\/#webpage","url":"https:\/\/www.visit-ulcinj.com\/blog\/2015\/01\/19\/ulqin-memorandum-per-perkrahjen-e-komunitetit-lgbt\/","name":"Ulqin, Memorandum p\u00ebr p\u00ebrkrahjen e komunitetit LGBT - Video - Lajme nga Ulqini","isPartOf":{"@id":"https:\/\/www.visit-ulcinj.com\/blog\/#website"},"primaryImageOfPage":{"@id":"https:\/\/www.visit-ulcinj.com\/blog\/2015\/01\/19\/ulqin-memorandum-per-perkrahjen-e-komunitetit-lgbt\/#primaryimage"},"datePublished":"2015-01-19T17:18:43+00:00","dateModified":"2015-01-23T07:57:55+00:00","author":{"@id":"https:\/\/www.visit-ulcinj.com\/blog\/#\/schema\/person\/dcab619c614d3038751c63bc2aadc06d"},"description":"Ministri p\u00ebr t\u00eb drejtat e njeriut dhe pakicave dr Suad Numanoviq dhe kryetari i komun\u00ebs s\u00eb Ulqinit Fatmir Gjeka kan\u00eb n\u00ebnshkruar sot \u201cMemorandumin p\u00ebr","breadcrumb":{"@id":"https:\/\/www.visit-ulcinj.com\/blog\/2015\/01\/19\/ulqin-memorandum-per-perkrahjen-e-komunitetit-lgbt\/#breadcrumb"},"inLanguage":"en-US","potentialAction":[{"@type":"ReadAction","target":["https:\/\/www.visit-ulcinj.com\/blog\/2015\/01\/19\/ulqin-memorandum-per-perkrahjen-e-komunitetit-lgbt\/"]}]},{"@type":"BreadcrumbList","@id":"https:\/\/www.visit-ulcinj.com\/blog\/2015\/01\/19\/ulqin-memorandum-per-perkrahjen-e-komunitetit-lgbt\/#breadcrumb","itemListElement":[{"@type":"ListItem","position":1,"name":"Ulqin, Memorandum p\u00ebr p\u00ebrkrahjen e komunitetit LGBT &#8211; Video"}]},{"@type":"Person","@id":"https:\/\/www.visit-ulcinj.com\/blog\/#\/schema\/person\/dcab619c614d3038751c63bc2aadc06d","name":"ulqini","sameAs":["http:\/\/www.visit-ulcinj.com"],"url":"https:\/\/www.visit-ulcinj.com\/blog\/author\/admin\/"}]}},"jetpack_featured_media_url":"","jetpack_sharing_enabled":true,"jetpack_shortlink":"https:\/\/wp.me\/pe6lTn-mTr","_links":{"self":[{"href":"https:\/\/www.visit-ulcinj.com\/blog\/wp-json\/wp\/v2\/posts\/88005"}],"collection":[{"href":"https:\/\/www.visit-ulcinj.com\/blog\/wp-json\/wp\/v2\/posts"}],"about":[{"href":"https:\/\/www.visit-ulcinj.com\/blog\/wp-json\/wp\/v2\/types\/post"}],"author":[{"embeddable":true,"href":"https:\/\/www.visit-ulcinj.com\/blog\/wp-json\/wp\/v2\/users\/1"}],"replies":[{"embeddable":true,"href":"https:\/\/www.visit-ulcinj.com\/blog\/wp-json\/wp\/v2\/comments?post=88005"}],"version-history":[{"count":2,"href":"https:\/\/www.visit-ulcinj.com\/blog\/wp-json\/wp\/v2\/posts\/88005\/revisions"}],"predecessor-version":[{"id":88121,"href":"https:\/\/www.visit-ulcinj.com\/blog\/wp-json\/wp\/v2\/posts\/88005\/revisions\/88121"}],"wp:attachment":[{"href":"https:\/\/www.visit-ulcinj.com\/blog\/wp-json\/wp\/v2\/media?parent=88005"}],"wp:term":[{"taxonomy":"category","embeddable":true,"href":"https:\/\/www.visit-ulcinj.com\/blog\/wp-json\/wp\/v2\/categories?post=88005"},{"taxonomy":"post_tag","embeddable":true,"href":"https:\/\/www.visit-ulcinj.com\/blog\/wp-json\/wp\/v2\/tags?post=88005"}],"curies":[{"name":"wp","href":"https:\/\/api.w.org\/{rel}","templated":true}]}}