{"id":88008,"date":"2015-01-19T18:29:24","date_gmt":"2015-01-19T17:29:24","guid":{"rendered":"http:\/\/www.visit-ulcinj.com\/blog\/?p=88008"},"modified":"2015-01-23T08:57:19","modified_gmt":"2015-01-23T07:57:19","slug":"opstina-ulcinj-podrzava-memorandum-o-lgbt-zajednice","status":"publish","type":"post","link":"https:\/\/www.visit-ulcinj.com\/blog\/2015\/01\/19\/opstina-ulcinj-podrzava-memorandum-o-lgbt-zajednice\/","title":{"rendered":"Op\u0161tina Ulcinj podr\u017eava Memorandum o LGBT zajednice &#8211; Video"},"content":{"rendered":"<p><a href=\"http:\/\/www.visit-ulcinj.com\/blog\/wp-content\/uploads\/2015\/01\/Numanovic-Gjeka.jpg\"><img loading=\"lazy\" class=\"alignleft wp-image-88009\" src=\"http:\/\/www.visit-ulcinj.com\/blog\/wp-content\/uploads\/2015\/01\/Numanovic-Gjeka.jpg\" alt=\"Numanovic-Gjeka\" width=\"508\" height=\"338\" srcset=\"https:\/\/www.visit-ulcinj.com\/blog\/wp-content\/uploads\/2015\/01\/Numanovic-Gjeka.jpg 470w, https:\/\/www.visit-ulcinj.com\/blog\/wp-content\/uploads\/2015\/01\/Numanovic-Gjeka-300x199.jpg 300w\" sizes=\"(max-width: 508px) 100vw, 508px\" \/><\/a>Na radnom sastanku sa gospodinom Gjekom, teme o kojima se razgovaralo doticale su se zastupljenosti manjinskih naroda u dr\u017eavnim institucijama, obrazovanju, upisu studenata na univerzitete u Albaniji i na Kosovu po principu afirmativne akcije, unapre\u0111enju generalno\u00a0 ljudskih prava i sloboda, sa posebnim osvrtom na prava i slobode manjinskih naroda i ranjivih dru\u0161tvenih grupa. Ministar dr Numanovi\u0107 istakao je dobar primjer Op\u0161tine Ulcinj kada je rije\u010d o kvalitetnom zbrinjavanju Romske, kako raseljene, tako i domicilne populacije.<\/p>\n<p>Ministar je istakao demokratski kapacitet i zna\u010dajan stepen tolerancije na\u0161eg dru\u0161tva kad su ranjive grupe u pitanju. On je iznio pohvale na ra\u010dun Op\u0161tine Ulcinj kada je rije\u010d o kvalitetu zajedni\u010dke saradnje kao i po\u0161tovanju i uva\u017eavanju ljudskih prava. On je ocijenio kao vrlo zna\u010dajnu \u017eelju Op\u0161tine Ulcinj da integri\u0161e pripadnike\/ce ranjivih kategorija i promovi\u0161e unapre\u0111enje tolerancije prema LGBT osobama u cilju potvrde da\u00a0 na\u0161e dru\u0161tvo prihvata i uva\u017eava \u010dinjenicu da svi treba da se osje\u0107aju jednako sigurnim i za\u0161ti\u0107enim u na\u0161oj dr\u017eavi.<\/p>\n<p>Ovom prilikom, Ministarstvo za ljudska i <span lang=\"sr-Latn-ME\">manjinska prava i Op\u0161tina Ulcinj <\/span>vo\u0111eni principima da su ljudska prava univerzalna i kao takva dostupna svim ljudima bez obzira na bilo koje li\u010dno svojstvo i da se ne mogu primjenjivati selektivno potpisali su i Memorandum o razumijevanju i mjerama u borbi protiv diskriminacije po osnovu seksualne orjentacije ili rodnog identiteta. Memorandumom su utvr\u0111eni mehanizmi saradnje radi preuzimanja zajedni\u010dkih aktivnosti stvaranja uslova za tolerantno okru\u017eenje i eliminisanja svih oblika diskriminacije LGBT zajednice.<\/p>\n<p>Ministarstvo za ljudska i manjinska prava<\/p>\n<!--YouTube Error: bad URL entered-->\n","protected":false},"excerpt":{"rendered":"<p>Na radnom sastanku sa gospodinom Gjekom, teme o kojima se razgovaralo doticale su se zastupljenosti manjinskih naroda u dr\u017eavnim institucijama, obrazovanju, upisu studenata na univerzitete u Albaniji i na Kosovu po principu afirmativne akcije, unapre\u0111enju generalno\u00a0 ljudskih prava i sloboda, sa posebnim osvrtom na prava i slobode manjinskih naroda i ranjivih dru\u0161tvenih grupa. Ministar dr [&hellip;]<\/p>\n","protected":false},"author":1,"featured_media":0,"comment_status":"closed","ping_status":"closed","sticky":false,"template":"","format":"standard","meta":{"spay_email":"","jetpack_publicize_message":"","jetpack_is_tweetstorm":false,"jetpack_publicize_feature_enabled":true},"categories":[8337],"tags":[],"jetpack_publicize_connections":[],"yoast_head":"<!-- This site is optimized with the Yoast SEO plugin v19.1 - https:\/\/yoast.com\/wordpress\/plugins\/seo\/ -->\n<title>Op\u0161tina Ulcinj podr\u017eava Memorandum o LGBT zajednice - Video - Lajme nga Ulqini<\/title>\n<meta name=\"description\" content=\"Na radnom sastanku sa gospodinom Gjekom, teme o kojima se razgovaralo doticale su se zastupljenosti manjinskih naroda u dr\u017eavnim institucijama,\" \/>\n<meta name=\"robots\" content=\"index, follow, max-snippet:-1, max-image-preview:large, max-video-preview:-1\" \/>\n<link rel=\"canonical\" href=\"https:\/\/www.visit-ulcinj.com\/blog\/2015\/01\/19\/opstina-ulcinj-podrzava-memorandum-o-lgbt-zajednice\/\" \/>\n<meta property=\"og:locale\" content=\"en_US\" \/>\n<meta property=\"og:type\" content=\"article\" \/>\n<meta property=\"og:title\" content=\"Op\u0161tina Ulcinj podr\u017eava Memorandum o LGBT zajednice - Video - Lajme nga Ulqini\" \/>\n<meta property=\"og:description\" content=\"Na radnom sastanku sa gospodinom Gjekom, teme o kojima se razgovaralo doticale su se zastupljenosti manjinskih naroda u dr\u017eavnim institucijama,\" \/>\n<meta property=\"og:url\" content=\"https:\/\/www.visit-ulcinj.com\/blog\/2015\/01\/19\/opstina-ulcinj-podrzava-memorandum-o-lgbt-zajednice\/\" \/>\n<meta property=\"og:site_name\" content=\"Lajme nga Ulqini\" \/>\n<meta property=\"article:published_time\" content=\"2015-01-19T17:29:24+00:00\" \/>\n<meta property=\"article:modified_time\" content=\"2015-01-23T07:57:19+00:00\" \/>\n<meta property=\"og:image\" content=\"http:\/\/www.visit-ulcinj.com\/blog\/wp-content\/uploads\/2015\/01\/Numanovic-Gjeka.jpg\" \/>\n<meta name=\"twitter:label1\" content=\"Written by\" \/>\n\t<meta name=\"twitter:data1\" content=\"ulqini\" \/>\n\t<meta name=\"twitter:label2\" content=\"Est. reading time\" \/>\n\t<meta name=\"twitter:data2\" content=\"1 minute\" \/>\n<script type=\"application\/ld+json\" class=\"yoast-schema-graph\">{\"@context\":\"https:\/\/schema.org\",\"@graph\":[{\"@type\":\"WebSite\",\"@id\":\"https:\/\/www.visit-ulcinj.com\/blog\/#website\",\"url\":\"https:\/\/www.visit-ulcinj.com\/blog\/\",\"name\":\"Lajme nga Ulqini\",\"description\":\"Lajme,Vijesti,Ulqini,Ulqin,Crna Gora,Mali i Zi\",\"potentialAction\":[{\"@type\":\"SearchAction\",\"target\":{\"@type\":\"EntryPoint\",\"urlTemplate\":\"https:\/\/www.visit-ulcinj.com\/blog\/?s={search_term_string}\"},\"query-input\":\"required name=search_term_string\"}],\"inLanguage\":\"en-US\"},{\"@type\":\"ImageObject\",\"inLanguage\":\"en-US\",\"@id\":\"https:\/\/www.visit-ulcinj.com\/blog\/2015\/01\/19\/opstina-ulcinj-podrzava-memorandum-o-lgbt-zajednice\/#primaryimage\",\"url\":\"https:\/\/www.visit-ulcinj.com\/blog\/wp-content\/uploads\/2015\/01\/Numanovic-Gjeka.jpg\",\"contentUrl\":\"https:\/\/www.visit-ulcinj.com\/blog\/wp-content\/uploads\/2015\/01\/Numanovic-Gjeka.jpg\",\"width\":470,\"height\":313},{\"@type\":\"WebPage\",\"@id\":\"https:\/\/www.visit-ulcinj.com\/blog\/2015\/01\/19\/opstina-ulcinj-podrzava-memorandum-o-lgbt-zajednice\/#webpage\",\"url\":\"https:\/\/www.visit-ulcinj.com\/blog\/2015\/01\/19\/opstina-ulcinj-podrzava-memorandum-o-lgbt-zajednice\/\",\"name\":\"Op\u0161tina Ulcinj podr\u017eava Memorandum o LGBT zajednice - Video - Lajme nga Ulqini\",\"isPartOf\":{\"@id\":\"https:\/\/www.visit-ulcinj.com\/blog\/#website\"},\"primaryImageOfPage\":{\"@id\":\"https:\/\/www.visit-ulcinj.com\/blog\/2015\/01\/19\/opstina-ulcinj-podrzava-memorandum-o-lgbt-zajednice\/#primaryimage\"},\"datePublished\":\"2015-01-19T17:29:24+00:00\",\"dateModified\":\"2015-01-23T07:57:19+00:00\",\"author\":{\"@id\":\"https:\/\/www.visit-ulcinj.com\/blog\/#\/schema\/person\/dcab619c614d3038751c63bc2aadc06d\"},\"description\":\"Na radnom sastanku sa gospodinom Gjekom, teme o kojima se razgovaralo doticale su se zastupljenosti manjinskih naroda u dr\u017eavnim institucijama,\",\"breadcrumb\":{\"@id\":\"https:\/\/www.visit-ulcinj.com\/blog\/2015\/01\/19\/opstina-ulcinj-podrzava-memorandum-o-lgbt-zajednice\/#breadcrumb\"},\"inLanguage\":\"en-US\",\"potentialAction\":[{\"@type\":\"ReadAction\",\"target\":[\"https:\/\/www.visit-ulcinj.com\/blog\/2015\/01\/19\/opstina-ulcinj-podrzava-memorandum-o-lgbt-zajednice\/\"]}]},{\"@type\":\"BreadcrumbList\",\"@id\":\"https:\/\/www.visit-ulcinj.com\/blog\/2015\/01\/19\/opstina-ulcinj-podrzava-memorandum-o-lgbt-zajednice\/#breadcrumb\",\"itemListElement\":[{\"@type\":\"ListItem\",\"position\":1,\"name\":\"Op\u0161tina Ulcinj podr\u017eava Memorandum o LGBT zajednice &#8211; Video\"}]},{\"@type\":\"Person\",\"@id\":\"https:\/\/www.visit-ulcinj.com\/blog\/#\/schema\/person\/dcab619c614d3038751c63bc2aadc06d\",\"name\":\"ulqini\",\"sameAs\":[\"http:\/\/www.visit-ulcinj.com\"],\"url\":\"https:\/\/www.visit-ulcinj.com\/blog\/author\/admin\/\"}]}<\/script>\n<!-- \/ Yoast SEO plugin. -->","yoast_head_json":{"title":"Op\u0161tina Ulcinj podr\u017eava Memorandum o LGBT zajednice - Video - Lajme nga Ulqini","description":"Na radnom sastanku sa gospodinom Gjekom, teme o kojima se razgovaralo doticale su se zastupljenosti manjinskih naroda u dr\u017eavnim institucijama,","robots":{"index":"index","follow":"follow","max-snippet":"max-snippet:-1","max-image-preview":"max-image-preview:large","max-video-preview":"max-video-preview:-1"},"canonical":"https:\/\/www.visit-ulcinj.com\/blog\/2015\/01\/19\/opstina-ulcinj-podrzava-memorandum-o-lgbt-zajednice\/","og_locale":"en_US","og_type":"article","og_title":"Op\u0161tina Ulcinj podr\u017eava Memorandum o LGBT zajednice - Video - Lajme nga Ulqini","og_description":"Na radnom sastanku sa gospodinom Gjekom, teme o kojima se razgovaralo doticale su se zastupljenosti manjinskih naroda u dr\u017eavnim institucijama,","og_url":"https:\/\/www.visit-ulcinj.com\/blog\/2015\/01\/19\/opstina-ulcinj-podrzava-memorandum-o-lgbt-zajednice\/","og_site_name":"Lajme nga Ulqini","article_published_time":"2015-01-19T17:29:24+00:00","article_modified_time":"2015-01-23T07:57:19+00:00","og_image":[{"url":"http:\/\/www.visit-ulcinj.com\/blog\/wp-content\/uploads\/2015\/01\/Numanovic-Gjeka.jpg"}],"twitter_misc":{"Written by":"ulqini","Est. reading time":"1 minute"},"schema":{"@context":"https:\/\/schema.org","@graph":[{"@type":"WebSite","@id":"https:\/\/www.visit-ulcinj.com\/blog\/#website","url":"https:\/\/www.visit-ulcinj.com\/blog\/","name":"Lajme nga Ulqini","description":"Lajme,Vijesti,Ulqini,Ulqin,Crna Gora,Mali i Zi","potentialAction":[{"@type":"SearchAction","target":{"@type":"EntryPoint","urlTemplate":"https:\/\/www.visit-ulcinj.com\/blog\/?s={search_term_string}"},"query-input":"required name=search_term_string"}],"inLanguage":"en-US"},{"@type":"ImageObject","inLanguage":"en-US","@id":"https:\/\/www.visit-ulcinj.com\/blog\/2015\/01\/19\/opstina-ulcinj-podrzava-memorandum-o-lgbt-zajednice\/#primaryimage","url":"https:\/\/www.visit-ulcinj.com\/blog\/wp-content\/uploads\/2015\/01\/Numanovic-Gjeka.jpg","contentUrl":"https:\/\/www.visit-ulcinj.com\/blog\/wp-content\/uploads\/2015\/01\/Numanovic-Gjeka.jpg","width":470,"height":313},{"@type":"WebPage","@id":"https:\/\/www.visit-ulcinj.com\/blog\/2015\/01\/19\/opstina-ulcinj-podrzava-memorandum-o-lgbt-zajednice\/#webpage","url":"https:\/\/www.visit-ulcinj.com\/blog\/2015\/01\/19\/opstina-ulcinj-podrzava-memorandum-o-lgbt-zajednice\/","name":"Op\u0161tina Ulcinj podr\u017eava Memorandum o LGBT zajednice - Video - Lajme nga Ulqini","isPartOf":{"@id":"https:\/\/www.visit-ulcinj.com\/blog\/#website"},"primaryImageOfPage":{"@id":"https:\/\/www.visit-ulcinj.com\/blog\/2015\/01\/19\/opstina-ulcinj-podrzava-memorandum-o-lgbt-zajednice\/#primaryimage"},"datePublished":"2015-01-19T17:29:24+00:00","dateModified":"2015-01-23T07:57:19+00:00","author":{"@id":"https:\/\/www.visit-ulcinj.com\/blog\/#\/schema\/person\/dcab619c614d3038751c63bc2aadc06d"},"description":"Na radnom sastanku sa gospodinom Gjekom, teme o kojima se razgovaralo doticale su se zastupljenosti manjinskih naroda u dr\u017eavnim institucijama,","breadcrumb":{"@id":"https:\/\/www.visit-ulcinj.com\/blog\/2015\/01\/19\/opstina-ulcinj-podrzava-memorandum-o-lgbt-zajednice\/#breadcrumb"},"inLanguage":"en-US","potentialAction":[{"@type":"ReadAction","target":["https:\/\/www.visit-ulcinj.com\/blog\/2015\/01\/19\/opstina-ulcinj-podrzava-memorandum-o-lgbt-zajednice\/"]}]},{"@type":"BreadcrumbList","@id":"https:\/\/www.visit-ulcinj.com\/blog\/2015\/01\/19\/opstina-ulcinj-podrzava-memorandum-o-lgbt-zajednice\/#breadcrumb","itemListElement":[{"@type":"ListItem","position":1,"name":"Op\u0161tina Ulcinj podr\u017eava Memorandum o LGBT zajednice &#8211; Video"}]},{"@type":"Person","@id":"https:\/\/www.visit-ulcinj.com\/blog\/#\/schema\/person\/dcab619c614d3038751c63bc2aadc06d","name":"ulqini","sameAs":["http:\/\/www.visit-ulcinj.com"],"url":"https:\/\/www.visit-ulcinj.com\/blog\/author\/admin\/"}]}},"jetpack_featured_media_url":"","jetpack_sharing_enabled":true,"jetpack_shortlink":"https:\/\/wp.me\/pe6lTn-mTu","_links":{"self":[{"href":"https:\/\/www.visit-ulcinj.com\/blog\/wp-json\/wp\/v2\/posts\/88008"}],"collection":[{"href":"https:\/\/www.visit-ulcinj.com\/blog\/wp-json\/wp\/v2\/posts"}],"about":[{"href":"https:\/\/www.visit-ulcinj.com\/blog\/wp-json\/wp\/v2\/types\/post"}],"author":[{"embeddable":true,"href":"https:\/\/www.visit-ulcinj.com\/blog\/wp-json\/wp\/v2\/users\/1"}],"replies":[{"embeddable":true,"href":"https:\/\/www.visit-ulcinj.com\/blog\/wp-json\/wp\/v2\/comments?post=88008"}],"version-history":[{"count":2,"href":"https:\/\/www.visit-ulcinj.com\/blog\/wp-json\/wp\/v2\/posts\/88008\/revisions"}],"predecessor-version":[{"id":88120,"href":"https:\/\/www.visit-ulcinj.com\/blog\/wp-json\/wp\/v2\/posts\/88008\/revisions\/88120"}],"wp:attachment":[{"href":"https:\/\/www.visit-ulcinj.com\/blog\/wp-json\/wp\/v2\/media?parent=88008"}],"wp:term":[{"taxonomy":"category","embeddable":true,"href":"https:\/\/www.visit-ulcinj.com\/blog\/wp-json\/wp\/v2\/categories?post=88008"},{"taxonomy":"post_tag","embeddable":true,"href":"https:\/\/www.visit-ulcinj.com\/blog\/wp-json\/wp\/v2\/tags?post=88008"}],"curies":[{"name":"wp","href":"https:\/\/api.w.org\/{rel}","templated":true}]}}