{"id":88025,"date":"2015-01-20T17:18:53","date_gmt":"2015-01-20T16:18:53","guid":{"rendered":"http:\/\/www.visit-ulcinj.com\/blog\/?p=88025"},"modified":"2015-01-20T19:40:23","modified_gmt":"2015-01-20T18:40:23","slug":"leter-e-hapur-e-kksh-ambasades-te-republikes-se-shqiperise-ne-mal-te-zi","status":"publish","type":"post","link":"https:\/\/www.visit-ulcinj.com\/blog\/2015\/01\/20\/leter-e-hapur-e-kksh-ambasades-te-republikes-se-shqiperise-ne-mal-te-zi\/","title":{"rendered":"Let\u00ebr e hapur e KKSH, Ambasades te Republik\u00ebs s\u00eb Shqip\u00ebris\u00eb n\u00eb Mal te Zi"},"content":{"rendered":"<p><a href=\"http:\/\/www.visit-ulcinj.com\/blog\/wp-content\/uploads\/2015\/01\/Ernal-Filo-Filip-Vujanovic.jpg\"><img loading=\"lazy\" class=\"alignleft wp-image-88026\" src=\"http:\/\/www.visit-ulcinj.com\/blog\/wp-content\/uploads\/2015\/01\/Ernal-Filo-Filip-Vujanovic.jpg\" alt=\"Ernal-Filo-Filip-Vujanovic\" width=\"508\" height=\"360\" \/><\/a><\/p>\n<p><strong>K\u00cbSHILLI KOMB\u00cbTAR I SHQIPTAR\u00cbVE N\u00cb MALIN E ZI<\/strong><\/p>\n<p><strong>NACIONALNI SAVJET ALBANACA U CRNOJ GORI<\/strong><\/p>\n<p><strong>ALBANIAN \u00a0 NATIONAL COUNCIL IN MONTENEGRO<\/strong><\/p>\n<p><strong>Nr. 5 \/ 14<\/strong><\/p>\n<p><strong>Ulqin, m\u00eb 20.01.2014<\/strong><\/p>\n<p>&nbsp;<\/p>\n<p>&nbsp;<\/p>\n<p>Ambasada e Republik\u00ebs s\u00eb Shqip\u00ebris\u00eb<\/p>\n<p>&nbsp;<\/p>\n<ol>\n<li><strong> ERNAL FILO<\/strong>, Ambasador<\/li>\n<\/ol>\n<p>&nbsp;<\/p>\n<p>&nbsp;<\/p>\n<p style=\"text-align: center;\">L\u00ebnda: <strong>Taksa e banimit p\u00ebr student\u00ebt n\u00eb Shqiperi<\/strong><\/p>\n<p>&nbsp;<\/p>\n<p>I nderuar Ambasador Filo,<\/p>\n<p>Ju informojm\u00eb q\u00eb n\u00eb pik\u00ebn kufitare Sukubin\u00eb-Muriqan pala shqiptare student\u00ebve ju ka k\u00ebrkuar v\u00ebrtetimin e pages\u00ebs s\u00eb taks\u00ebs p\u00ebr leje q\u00ebndrimi t\u00eb p\u00ebrkohsh\u00ebm ose n\u00eb t\u00eb kundrt\u00ebn nuk do ti lejoj q\u00eb t\u00eb kalojn\u00eb kufirin.<\/p>\n<p>K\u00ebshilli Komb\u00ebtar i Shqiptar\u00ebve n\u00eb Malin e Zi, Ju p\u00ebrkujton q\u00eb n\u00eb vitin 2012 \u00ebsht\u00eb n\u00ebnshkruar marr\u00ebveshtja n\u00eb mes dy qeverive p\u00ebr arsim t\u00eb lart\u00eb, me t\u00eb cil\u00ebn parashihet q\u00eb sudent\u00ebt taks\u00ebn p\u00ebr leje q\u00ebndrimi t\u00eb p\u00ebrkohsh\u00ebm nuk e paguajn\u00eb. Kjo marr\u00ebveshje ka hyr\u00eb n\u00eb fuqi dhe si duket nuk zbatohet nga komesariatet e policis\u00eb si n\u00ebp\u00ebr bashki (shembull: Kam\u00ebza) dhe n\u00eb pikat kufitare.<\/p>\n<p>Kemi informacion q\u00eb e njajta praks\u00eb ndodh edhe me student\u00ebt n\u00eb Tiran\u00eb.<\/p>\n<p>Ju lutemi q\u00eb n\u00eb kuad\u00ebr t\u00eb kompetencave t\u00eb Juaja ta njohtoni pal\u00ebn shqiptare p\u00ebr k\u00ebt\u00eb \u00e7\u00ebshtje.<\/p>\n<p>&nbsp;<\/p>\n<p><strong>Me shum\u00eb respekt,<\/strong><\/p>\n<p>&nbsp;<\/p>\n<p>KRYETARI,<\/p>\n<p><strong>Genci Nimanbegu<\/strong><\/p>\n","protected":false},"excerpt":{"rendered":"<p>K\u00cbSHILLI KOMB\u00cbTAR I SHQIPTAR\u00cbVE N\u00cb MALIN E ZI NACIONALNI SAVJET ALBANACA U CRNOJ GORI ALBANIAN \u00a0 NATIONAL COUNCIL IN MONTENEGRO Nr. 5 \/ 14 Ulqin, m\u00eb 20.01.2014 &nbsp; &nbsp; Ambasada e Republik\u00ebs s\u00eb Shqip\u00ebris\u00eb &nbsp; ERNAL FILO, Ambasador &nbsp; &nbsp; L\u00ebnda: Taksa e banimit p\u00ebr student\u00ebt n\u00eb Shqiperi &nbsp; I nderuar Ambasador Filo, Ju informojm\u00eb [&hellip;]<\/p>\n","protected":false},"author":1,"featured_media":0,"comment_status":"closed","ping_status":"closed","sticky":false,"template":"","format":"standard","meta":{"spay_email":"","jetpack_publicize_message":"","jetpack_is_tweetstorm":false,"jetpack_publicize_feature_enabled":true},"categories":[1,6950,14],"tags":[],"jetpack_publicize_connections":[],"yoast_head":"<!-- This site is optimized with the Yoast SEO plugin v19.1 - https:\/\/yoast.com\/wordpress\/plugins\/seo\/ -->\n<title>Let\u00ebr e hapur e KKSH, Ambasades te Republik\u00ebs s\u00eb Shqip\u00ebris\u00eb n\u00eb Mal te Zi - Lajme nga Ulqini<\/title>\n<meta name=\"description\" content=\"K\u00cbSHILLI KOMB\u00cbTAR I SHQIPTAR\u00cbVE N\u00cb MALIN E ZI NACIONALNI SAVJET ALBANACA U CRNOJ GORI ALBANIAN \u00a0 NATIONAL COUNCIL IN MONTENEGRO Nr. 5 \/ 14 Ulqin, m\u00eb\" \/>\n<meta name=\"robots\" content=\"index, follow, max-snippet:-1, max-image-preview:large, max-video-preview:-1\" \/>\n<link rel=\"canonical\" href=\"https:\/\/www.visit-ulcinj.com\/blog\/2015\/01\/20\/leter-e-hapur-e-kksh-ambasades-te-republikes-se-shqiperise-ne-mal-te-zi\/\" \/>\n<meta property=\"og:locale\" content=\"en_US\" \/>\n<meta property=\"og:type\" content=\"article\" \/>\n<meta property=\"og:title\" content=\"Let\u00ebr e hapur e KKSH, Ambasades te Republik\u00ebs s\u00eb Shqip\u00ebris\u00eb n\u00eb Mal te Zi - Lajme nga Ulqini\" \/>\n<meta property=\"og:description\" content=\"K\u00cbSHILLI KOMB\u00cbTAR I SHQIPTAR\u00cbVE N\u00cb MALIN E ZI NACIONALNI SAVJET ALBANACA U CRNOJ GORI ALBANIAN \u00a0 NATIONAL COUNCIL IN MONTENEGRO Nr. 5 \/ 14 Ulqin, m\u00eb\" \/>\n<meta property=\"og:url\" content=\"https:\/\/www.visit-ulcinj.com\/blog\/2015\/01\/20\/leter-e-hapur-e-kksh-ambasades-te-republikes-se-shqiperise-ne-mal-te-zi\/\" \/>\n<meta property=\"og:site_name\" content=\"Lajme nga Ulqini\" \/>\n<meta property=\"article:published_time\" content=\"2015-01-20T16:18:53+00:00\" \/>\n<meta property=\"article:modified_time\" content=\"2015-01-20T18:40:23+00:00\" \/>\n<meta property=\"og:image\" content=\"http:\/\/www.visit-ulcinj.com\/blog\/wp-content\/uploads\/2015\/01\/Ernal-Filo-Filip-Vujanovic.jpg\" \/>\n<meta name=\"twitter:label1\" content=\"Written by\" \/>\n\t<meta name=\"twitter:data1\" content=\"ulqini\" \/>\n\t<meta name=\"twitter:label2\" content=\"Est. reading time\" \/>\n\t<meta name=\"twitter:data2\" content=\"1 minute\" \/>\n<script type=\"application\/ld+json\" class=\"yoast-schema-graph\">{\"@context\":\"https:\/\/schema.org\",\"@graph\":[{\"@type\":\"WebSite\",\"@id\":\"https:\/\/www.visit-ulcinj.com\/blog\/#website\",\"url\":\"https:\/\/www.visit-ulcinj.com\/blog\/\",\"name\":\"Lajme nga Ulqini\",\"description\":\"Lajme,Vijesti,Ulqini,Ulqin,Crna Gora,Mali i Zi\",\"potentialAction\":[{\"@type\":\"SearchAction\",\"target\":{\"@type\":\"EntryPoint\",\"urlTemplate\":\"https:\/\/www.visit-ulcinj.com\/blog\/?s={search_term_string}\"},\"query-input\":\"required name=search_term_string\"}],\"inLanguage\":\"en-US\"},{\"@type\":\"ImageObject\",\"inLanguage\":\"en-US\",\"@id\":\"https:\/\/www.visit-ulcinj.com\/blog\/2015\/01\/20\/leter-e-hapur-e-kksh-ambasades-te-republikes-se-shqiperise-ne-mal-te-zi\/#primaryimage\",\"url\":\"https:\/\/www.visit-ulcinj.com\/blog\/wp-content\/uploads\/2015\/01\/Ernal-Filo-Filip-Vujanovic.jpg\",\"contentUrl\":\"https:\/\/www.visit-ulcinj.com\/blog\/wp-content\/uploads\/2015\/01\/Ernal-Filo-Filip-Vujanovic.jpg\",\"width\":640,\"height\":425},{\"@type\":\"WebPage\",\"@id\":\"https:\/\/www.visit-ulcinj.com\/blog\/2015\/01\/20\/leter-e-hapur-e-kksh-ambasades-te-republikes-se-shqiperise-ne-mal-te-zi\/#webpage\",\"url\":\"https:\/\/www.visit-ulcinj.com\/blog\/2015\/01\/20\/leter-e-hapur-e-kksh-ambasades-te-republikes-se-shqiperise-ne-mal-te-zi\/\",\"name\":\"Let\u00ebr e hapur e KKSH, Ambasades te Republik\u00ebs s\u00eb Shqip\u00ebris\u00eb n\u00eb Mal te Zi - Lajme nga Ulqini\",\"isPartOf\":{\"@id\":\"https:\/\/www.visit-ulcinj.com\/blog\/#website\"},\"primaryImageOfPage\":{\"@id\":\"https:\/\/www.visit-ulcinj.com\/blog\/2015\/01\/20\/leter-e-hapur-e-kksh-ambasades-te-republikes-se-shqiperise-ne-mal-te-zi\/#primaryimage\"},\"datePublished\":\"2015-01-20T16:18:53+00:00\",\"dateModified\":\"2015-01-20T18:40:23+00:00\",\"author\":{\"@id\":\"https:\/\/www.visit-ulcinj.com\/blog\/#\/schema\/person\/dcab619c614d3038751c63bc2aadc06d\"},\"description\":\"K\u00cbSHILLI KOMB\u00cbTAR I SHQIPTAR\u00cbVE N\u00cb MALIN E ZI NACIONALNI SAVJET ALBANACA U CRNOJ GORI ALBANIAN \u00a0 NATIONAL COUNCIL IN MONTENEGRO Nr. 5 \/ 14 Ulqin, m\u00eb\",\"breadcrumb\":{\"@id\":\"https:\/\/www.visit-ulcinj.com\/blog\/2015\/01\/20\/leter-e-hapur-e-kksh-ambasades-te-republikes-se-shqiperise-ne-mal-te-zi\/#breadcrumb\"},\"inLanguage\":\"en-US\",\"potentialAction\":[{\"@type\":\"ReadAction\",\"target\":[\"https:\/\/www.visit-ulcinj.com\/blog\/2015\/01\/20\/leter-e-hapur-e-kksh-ambasades-te-republikes-se-shqiperise-ne-mal-te-zi\/\"]}]},{\"@type\":\"BreadcrumbList\",\"@id\":\"https:\/\/www.visit-ulcinj.com\/blog\/2015\/01\/20\/leter-e-hapur-e-kksh-ambasades-te-republikes-se-shqiperise-ne-mal-te-zi\/#breadcrumb\",\"itemListElement\":[{\"@type\":\"ListItem\",\"position\":1,\"name\":\"Let\u00ebr e hapur e KKSH, Ambasades te Republik\u00ebs s\u00eb Shqip\u00ebris\u00eb n\u00eb Mal te Zi\"}]},{\"@type\":\"Person\",\"@id\":\"https:\/\/www.visit-ulcinj.com\/blog\/#\/schema\/person\/dcab619c614d3038751c63bc2aadc06d\",\"name\":\"ulqini\",\"sameAs\":[\"http:\/\/www.visit-ulcinj.com\"],\"url\":\"https:\/\/www.visit-ulcinj.com\/blog\/author\/admin\/\"}]}<\/script>\n<!-- \/ Yoast SEO plugin. -->","yoast_head_json":{"title":"Let\u00ebr e hapur e KKSH, Ambasades te Republik\u00ebs s\u00eb Shqip\u00ebris\u00eb n\u00eb Mal te Zi - Lajme nga Ulqini","description":"K\u00cbSHILLI KOMB\u00cbTAR I SHQIPTAR\u00cbVE N\u00cb MALIN E ZI NACIONALNI SAVJET ALBANACA U CRNOJ GORI ALBANIAN \u00a0 NATIONAL COUNCIL IN MONTENEGRO Nr. 5 \/ 14 Ulqin, m\u00eb","robots":{"index":"index","follow":"follow","max-snippet":"max-snippet:-1","max-image-preview":"max-image-preview:large","max-video-preview":"max-video-preview:-1"},"canonical":"https:\/\/www.visit-ulcinj.com\/blog\/2015\/01\/20\/leter-e-hapur-e-kksh-ambasades-te-republikes-se-shqiperise-ne-mal-te-zi\/","og_locale":"en_US","og_type":"article","og_title":"Let\u00ebr e hapur e KKSH, Ambasades te Republik\u00ebs s\u00eb Shqip\u00ebris\u00eb n\u00eb Mal te Zi - Lajme nga Ulqini","og_description":"K\u00cbSHILLI KOMB\u00cbTAR I SHQIPTAR\u00cbVE N\u00cb MALIN E ZI NACIONALNI SAVJET ALBANACA U CRNOJ GORI ALBANIAN \u00a0 NATIONAL COUNCIL IN MONTENEGRO Nr. 5 \/ 14 Ulqin, m\u00eb","og_url":"https:\/\/www.visit-ulcinj.com\/blog\/2015\/01\/20\/leter-e-hapur-e-kksh-ambasades-te-republikes-se-shqiperise-ne-mal-te-zi\/","og_site_name":"Lajme nga Ulqini","article_published_time":"2015-01-20T16:18:53+00:00","article_modified_time":"2015-01-20T18:40:23+00:00","og_image":[{"url":"http:\/\/www.visit-ulcinj.com\/blog\/wp-content\/uploads\/2015\/01\/Ernal-Filo-Filip-Vujanovic.jpg"}],"twitter_misc":{"Written by":"ulqini","Est. reading time":"1 minute"},"schema":{"@context":"https:\/\/schema.org","@graph":[{"@type":"WebSite","@id":"https:\/\/www.visit-ulcinj.com\/blog\/#website","url":"https:\/\/www.visit-ulcinj.com\/blog\/","name":"Lajme nga Ulqini","description":"Lajme,Vijesti,Ulqini,Ulqin,Crna Gora,Mali i Zi","potentialAction":[{"@type":"SearchAction","target":{"@type":"EntryPoint","urlTemplate":"https:\/\/www.visit-ulcinj.com\/blog\/?s={search_term_string}"},"query-input":"required name=search_term_string"}],"inLanguage":"en-US"},{"@type":"ImageObject","inLanguage":"en-US","@id":"https:\/\/www.visit-ulcinj.com\/blog\/2015\/01\/20\/leter-e-hapur-e-kksh-ambasades-te-republikes-se-shqiperise-ne-mal-te-zi\/#primaryimage","url":"https:\/\/www.visit-ulcinj.com\/blog\/wp-content\/uploads\/2015\/01\/Ernal-Filo-Filip-Vujanovic.jpg","contentUrl":"https:\/\/www.visit-ulcinj.com\/blog\/wp-content\/uploads\/2015\/01\/Ernal-Filo-Filip-Vujanovic.jpg","width":640,"height":425},{"@type":"WebPage","@id":"https:\/\/www.visit-ulcinj.com\/blog\/2015\/01\/20\/leter-e-hapur-e-kksh-ambasades-te-republikes-se-shqiperise-ne-mal-te-zi\/#webpage","url":"https:\/\/www.visit-ulcinj.com\/blog\/2015\/01\/20\/leter-e-hapur-e-kksh-ambasades-te-republikes-se-shqiperise-ne-mal-te-zi\/","name":"Let\u00ebr e hapur e KKSH, Ambasades te Republik\u00ebs s\u00eb Shqip\u00ebris\u00eb n\u00eb Mal te Zi - Lajme nga Ulqini","isPartOf":{"@id":"https:\/\/www.visit-ulcinj.com\/blog\/#website"},"primaryImageOfPage":{"@id":"https:\/\/www.visit-ulcinj.com\/blog\/2015\/01\/20\/leter-e-hapur-e-kksh-ambasades-te-republikes-se-shqiperise-ne-mal-te-zi\/#primaryimage"},"datePublished":"2015-01-20T16:18:53+00:00","dateModified":"2015-01-20T18:40:23+00:00","author":{"@id":"https:\/\/www.visit-ulcinj.com\/blog\/#\/schema\/person\/dcab619c614d3038751c63bc2aadc06d"},"description":"K\u00cbSHILLI KOMB\u00cbTAR I SHQIPTAR\u00cbVE N\u00cb MALIN E ZI NACIONALNI SAVJET ALBANACA U CRNOJ GORI ALBANIAN \u00a0 NATIONAL COUNCIL IN MONTENEGRO Nr. 5 \/ 14 Ulqin, m\u00eb","breadcrumb":{"@id":"https:\/\/www.visit-ulcinj.com\/blog\/2015\/01\/20\/leter-e-hapur-e-kksh-ambasades-te-republikes-se-shqiperise-ne-mal-te-zi\/#breadcrumb"},"inLanguage":"en-US","potentialAction":[{"@type":"ReadAction","target":["https:\/\/www.visit-ulcinj.com\/blog\/2015\/01\/20\/leter-e-hapur-e-kksh-ambasades-te-republikes-se-shqiperise-ne-mal-te-zi\/"]}]},{"@type":"BreadcrumbList","@id":"https:\/\/www.visit-ulcinj.com\/blog\/2015\/01\/20\/leter-e-hapur-e-kksh-ambasades-te-republikes-se-shqiperise-ne-mal-te-zi\/#breadcrumb","itemListElement":[{"@type":"ListItem","position":1,"name":"Let\u00ebr e hapur e KKSH, Ambasades te Republik\u00ebs s\u00eb Shqip\u00ebris\u00eb n\u00eb Mal te Zi"}]},{"@type":"Person","@id":"https:\/\/www.visit-ulcinj.com\/blog\/#\/schema\/person\/dcab619c614d3038751c63bc2aadc06d","name":"ulqini","sameAs":["http:\/\/www.visit-ulcinj.com"],"url":"https:\/\/www.visit-ulcinj.com\/blog\/author\/admin\/"}]}},"jetpack_featured_media_url":"","jetpack_sharing_enabled":true,"jetpack_shortlink":"https:\/\/wp.me\/pe6lTn-mTL","_links":{"self":[{"href":"https:\/\/www.visit-ulcinj.com\/blog\/wp-json\/wp\/v2\/posts\/88025"}],"collection":[{"href":"https:\/\/www.visit-ulcinj.com\/blog\/wp-json\/wp\/v2\/posts"}],"about":[{"href":"https:\/\/www.visit-ulcinj.com\/blog\/wp-json\/wp\/v2\/types\/post"}],"author":[{"embeddable":true,"href":"https:\/\/www.visit-ulcinj.com\/blog\/wp-json\/wp\/v2\/users\/1"}],"replies":[{"embeddable":true,"href":"https:\/\/www.visit-ulcinj.com\/blog\/wp-json\/wp\/v2\/comments?post=88025"}],"version-history":[{"count":1,"href":"https:\/\/www.visit-ulcinj.com\/blog\/wp-json\/wp\/v2\/posts\/88025\/revisions"}],"predecessor-version":[{"id":88027,"href":"https:\/\/www.visit-ulcinj.com\/blog\/wp-json\/wp\/v2\/posts\/88025\/revisions\/88027"}],"wp:attachment":[{"href":"https:\/\/www.visit-ulcinj.com\/blog\/wp-json\/wp\/v2\/media?parent=88025"}],"wp:term":[{"taxonomy":"category","embeddable":true,"href":"https:\/\/www.visit-ulcinj.com\/blog\/wp-json\/wp\/v2\/categories?post=88025"},{"taxonomy":"post_tag","embeddable":true,"href":"https:\/\/www.visit-ulcinj.com\/blog\/wp-json\/wp\/v2\/tags?post=88025"}],"curies":[{"name":"wp","href":"https:\/\/api.w.org\/{rel}","templated":true}]}}