{"id":88031,"date":"2015-01-20T18:23:07","date_gmt":"2015-01-20T17:23:07","guid":{"rendered":"http:\/\/www.visit-ulcinj.com\/blog\/?p=88031"},"modified":"2015-01-20T18:23:07","modified_gmt":"2015-01-20T17:23:07","slug":"nik-gjeloshaj-nuk-lejohet-te-jap-doreheqje","status":"publish","type":"post","link":"https:\/\/www.visit-ulcinj.com\/blog\/2015\/01\/20\/nik-gjeloshaj-nuk-lejohet-te-jap-doreheqje\/","title":{"rendered":"Nik Gjeloshaj: Nuk m\u00eb lejohet t\u00eb jap dor\u00ebheqje"},"content":{"rendered":"<p><a href=\"http:\/\/www.visit-ulcinj.com\/blog\/wp-content\/uploads\/2015\/01\/NIK-GJELOSHAJ.jpg\"><img loading=\"lazy\" class=\"alignleft wp-image-88032\" src=\"http:\/\/www.visit-ulcinj.com\/blog\/wp-content\/uploads\/2015\/01\/NIK-GJELOSHAJ.jpg\" alt=\"NIK-GJELOSHAJ\" width=\"508\" height=\"338\" srcset=\"https:\/\/www.visit-ulcinj.com\/blog\/wp-content\/uploads\/2015\/01\/NIK-GJELOSHAJ.jpg 450w, https:\/\/www.visit-ulcinj.com\/blog\/wp-content\/uploads\/2015\/01\/NIK-GJELOSHAJ-300x199.jpg 300w\" sizes=\"(max-width: 508px) 100vw, 508px\" \/><\/a>Deputeti i Alternativ\u00ebs shqiptare n\u00eb Kuvendin e Malit t\u00eb Zi, Nik Gjeloshaj ,nuk do t\u00eb jap dor\u00ebheqje n\u00eb k\u00ebt\u00eb funksion, \u00ebsht\u00eb kumtuar nga kjo parti. Partia demokratike e cila \u00ebsht\u00eb ne koalicion me Alternativen shqiptare e ka ftuar m\u00eb par\u00eb Gjeloshaj q\u00eb t\u00eb jap dor\u00ebheqje n\u00eb funksionin e deputetit. Si subjekt i vet\u00ebm politik\u00eb\u00a0 me seli n\u00eb Mal\u00ebsi , me t\u00eb gjitha strukturat e veta t\u00eb zgjedhura n\u00eb Kuvendin partiak , kemi qen\u00eb serioz dhe i kemi pritur partner\u00ebt\u00a0 q\u00eb deri n\u00eb fund t\u00eb respektojn\u00eb marr\u00ebveshjen .<\/p>\n<p>N\u00eb k\u00ebt\u00eb m\u00ebnyr\u00eb partner\u00ebve ton\u00eb u kemi dh\u00ebn\u00eb mund\u00ebsi q\u00eb ti respektojn\u00eb obligimet ndaj Alternativ\u00ebs shqiptare , por zvarritjet\u00a0 p\u00ebr \u00e7\u00ebshtje kaq t\u00eb r\u00ebnd\u00ebsishme nuk mund t\u00eb zgjasin gjithmon\u00eb. Kemi vendosur q\u00eb ta mbyllim k\u00ebt\u00eb kapitull, sepse vler\u00ebsojm\u00eb\u00a0 q\u00eb kemi t\u00eb kryejm\u00eb shum\u00eb\u00a0 projekte t\u00eb r\u00ebnd\u00ebsishme dhe t\u00eb pa zgjidhua , konsideron Alternativa shqiptare. Kryesia e Alternativ\u00ebs shqiptare n\u00eb mbledhjen e mbajtur dje ka vler\u00ebsuar se ndryshimet n\u00eb Kuvendin e Malit t\u00eb Zi n\u00eb k\u00ebt\u00eb moment nuk do t\u00eb ishin n\u00eb favor t\u00eb popullit shqiptar\u00eb dhe as t\u00eb Koalicionit shqiptar\u00eb .<\/p>\n<p>Si\u00e7 kan\u00eb sqaruar ,deri me k\u00ebt\u00eb konkluzion i ka detyruar fakti se Lidhja demokratike n\u00eb krye me Mehmet Bardhin pothuaj se n\u00eb t\u00ebr\u00ebsi nuk e ka respektuar marr\u00ebveshjen me Alternativ\u00ebn shqiptare t\u00eb n\u00ebnshkruar para zgjedhjeve parlamentare t\u00eb mbajtur\u00a0 me 29 \u00a0mars \u00a02009. Alternativa shqiptare e ka ftuar Partin\u00eb demokratike q\u00eb ta respektojn\u00eb marr\u00ebveshjen n\u00eb t\u00ebr\u00ebsi\u00a0 te n\u00ebnshkruar me Alternativ\u00ebn shqiptare n\u00eb prag t\u00eb\u00a0 zgjedhjeve parlamentare n\u00eb vitin 2012.<\/p>\n<p>RTCG<\/p>\n","protected":false},"excerpt":{"rendered":"<p>Deputeti i Alternativ\u00ebs shqiptare n\u00eb Kuvendin e Malit t\u00eb Zi, Nik Gjeloshaj ,nuk do t\u00eb jap dor\u00ebheqje n\u00eb k\u00ebt\u00eb funksion, \u00ebsht\u00eb kumtuar nga kjo parti. Partia demokratike e cila \u00ebsht\u00eb ne koalicion me Alternativen shqiptare e ka ftuar m\u00eb par\u00eb Gjeloshaj q\u00eb t\u00eb jap dor\u00ebheqje n\u00eb funksionin e deputetit. Si subjekt i vet\u00ebm politik\u00eb\u00a0 me [&hellip;]<\/p>\n","protected":false},"author":1,"featured_media":0,"comment_status":"closed","ping_status":"closed","sticky":false,"template":"","format":"standard","meta":{"spay_email":"","jetpack_publicize_message":"","jetpack_is_tweetstorm":false,"jetpack_publicize_feature_enabled":true},"categories":[6950],"tags":[],"jetpack_publicize_connections":[],"yoast_head":"<!-- This site is optimized with the Yoast SEO plugin v19.1 - https:\/\/yoast.com\/wordpress\/plugins\/seo\/ -->\n<title>Nik Gjeloshaj: Nuk m\u00eb lejohet t\u00eb jap dor\u00ebheqje - Lajme nga Ulqini<\/title>\n<meta name=\"description\" content=\"Deputeti i Alternativ\u00ebs shqiptare n\u00eb Kuvendin e Malit t\u00eb Zi, Nik Gjeloshaj ,nuk do t\u00eb jap dor\u00ebheqje n\u00eb k\u00ebt\u00eb funksion, \u00ebsht\u00eb kumtuar nga kjo parti. Partia\" \/>\n<meta name=\"robots\" content=\"index, follow, max-snippet:-1, max-image-preview:large, max-video-preview:-1\" \/>\n<link rel=\"canonical\" href=\"https:\/\/www.visit-ulcinj.com\/blog\/2015\/01\/20\/nik-gjeloshaj-nuk-lejohet-te-jap-doreheqje\/\" \/>\n<meta property=\"og:locale\" content=\"en_US\" \/>\n<meta property=\"og:type\" content=\"article\" \/>\n<meta property=\"og:title\" content=\"Nik Gjeloshaj: Nuk m\u00eb lejohet t\u00eb jap dor\u00ebheqje - Lajme nga Ulqini\" \/>\n<meta property=\"og:description\" content=\"Deputeti i Alternativ\u00ebs shqiptare n\u00eb Kuvendin e Malit t\u00eb Zi, Nik Gjeloshaj ,nuk do t\u00eb jap dor\u00ebheqje n\u00eb k\u00ebt\u00eb funksion, \u00ebsht\u00eb kumtuar nga kjo parti. Partia\" \/>\n<meta property=\"og:url\" content=\"https:\/\/www.visit-ulcinj.com\/blog\/2015\/01\/20\/nik-gjeloshaj-nuk-lejohet-te-jap-doreheqje\/\" \/>\n<meta property=\"og:site_name\" content=\"Lajme nga Ulqini\" \/>\n<meta property=\"article:published_time\" content=\"2015-01-20T17:23:07+00:00\" \/>\n<meta property=\"og:image\" content=\"http:\/\/www.visit-ulcinj.com\/blog\/wp-content\/uploads\/2015\/01\/NIK-GJELOSHAJ.jpg\" \/>\n<meta name=\"twitter:label1\" content=\"Written by\" \/>\n\t<meta name=\"twitter:data1\" content=\"ulqini\" \/>\n\t<meta name=\"twitter:label2\" content=\"Est. reading time\" \/>\n\t<meta name=\"twitter:data2\" content=\"1 minute\" \/>\n<script type=\"application\/ld+json\" class=\"yoast-schema-graph\">{\"@context\":\"https:\/\/schema.org\",\"@graph\":[{\"@type\":\"WebSite\",\"@id\":\"https:\/\/www.visit-ulcinj.com\/blog\/#website\",\"url\":\"https:\/\/www.visit-ulcinj.com\/blog\/\",\"name\":\"Lajme nga Ulqini\",\"description\":\"Lajme,Vijesti,Ulqini,Ulqin,Crna Gora,Mali i Zi\",\"potentialAction\":[{\"@type\":\"SearchAction\",\"target\":{\"@type\":\"EntryPoint\",\"urlTemplate\":\"https:\/\/www.visit-ulcinj.com\/blog\/?s={search_term_string}\"},\"query-input\":\"required name=search_term_string\"}],\"inLanguage\":\"en-US\"},{\"@type\":\"ImageObject\",\"inLanguage\":\"en-US\",\"@id\":\"https:\/\/www.visit-ulcinj.com\/blog\/2015\/01\/20\/nik-gjeloshaj-nuk-lejohet-te-jap-doreheqje\/#primaryimage\",\"url\":\"https:\/\/www.visit-ulcinj.com\/blog\/wp-content\/uploads\/2015\/01\/NIK-GJELOSHAJ.jpg\",\"contentUrl\":\"https:\/\/www.visit-ulcinj.com\/blog\/wp-content\/uploads\/2015\/01\/NIK-GJELOSHAJ.jpg\",\"width\":450,\"height\":299},{\"@type\":\"WebPage\",\"@id\":\"https:\/\/www.visit-ulcinj.com\/blog\/2015\/01\/20\/nik-gjeloshaj-nuk-lejohet-te-jap-doreheqje\/#webpage\",\"url\":\"https:\/\/www.visit-ulcinj.com\/blog\/2015\/01\/20\/nik-gjeloshaj-nuk-lejohet-te-jap-doreheqje\/\",\"name\":\"Nik Gjeloshaj: Nuk m\u00eb lejohet t\u00eb jap dor\u00ebheqje - Lajme nga Ulqini\",\"isPartOf\":{\"@id\":\"https:\/\/www.visit-ulcinj.com\/blog\/#website\"},\"primaryImageOfPage\":{\"@id\":\"https:\/\/www.visit-ulcinj.com\/blog\/2015\/01\/20\/nik-gjeloshaj-nuk-lejohet-te-jap-doreheqje\/#primaryimage\"},\"datePublished\":\"2015-01-20T17:23:07+00:00\",\"dateModified\":\"2015-01-20T17:23:07+00:00\",\"author\":{\"@id\":\"https:\/\/www.visit-ulcinj.com\/blog\/#\/schema\/person\/dcab619c614d3038751c63bc2aadc06d\"},\"description\":\"Deputeti i Alternativ\u00ebs shqiptare n\u00eb Kuvendin e Malit t\u00eb Zi, Nik Gjeloshaj ,nuk do t\u00eb jap dor\u00ebheqje n\u00eb k\u00ebt\u00eb funksion, \u00ebsht\u00eb kumtuar nga kjo parti. Partia\",\"breadcrumb\":{\"@id\":\"https:\/\/www.visit-ulcinj.com\/blog\/2015\/01\/20\/nik-gjeloshaj-nuk-lejohet-te-jap-doreheqje\/#breadcrumb\"},\"inLanguage\":\"en-US\",\"potentialAction\":[{\"@type\":\"ReadAction\",\"target\":[\"https:\/\/www.visit-ulcinj.com\/blog\/2015\/01\/20\/nik-gjeloshaj-nuk-lejohet-te-jap-doreheqje\/\"]}]},{\"@type\":\"BreadcrumbList\",\"@id\":\"https:\/\/www.visit-ulcinj.com\/blog\/2015\/01\/20\/nik-gjeloshaj-nuk-lejohet-te-jap-doreheqje\/#breadcrumb\",\"itemListElement\":[{\"@type\":\"ListItem\",\"position\":1,\"name\":\"Nik Gjeloshaj: Nuk m\u00eb lejohet t\u00eb jap dor\u00ebheqje\"}]},{\"@type\":\"Person\",\"@id\":\"https:\/\/www.visit-ulcinj.com\/blog\/#\/schema\/person\/dcab619c614d3038751c63bc2aadc06d\",\"name\":\"ulqini\",\"sameAs\":[\"http:\/\/www.visit-ulcinj.com\"],\"url\":\"https:\/\/www.visit-ulcinj.com\/blog\/author\/admin\/\"}]}<\/script>\n<!-- \/ Yoast SEO plugin. -->","yoast_head_json":{"title":"Nik Gjeloshaj: Nuk m\u00eb lejohet t\u00eb jap dor\u00ebheqje - Lajme nga Ulqini","description":"Deputeti i Alternativ\u00ebs shqiptare n\u00eb Kuvendin e Malit t\u00eb Zi, Nik Gjeloshaj ,nuk do t\u00eb jap dor\u00ebheqje n\u00eb k\u00ebt\u00eb funksion, \u00ebsht\u00eb kumtuar nga kjo parti. Partia","robots":{"index":"index","follow":"follow","max-snippet":"max-snippet:-1","max-image-preview":"max-image-preview:large","max-video-preview":"max-video-preview:-1"},"canonical":"https:\/\/www.visit-ulcinj.com\/blog\/2015\/01\/20\/nik-gjeloshaj-nuk-lejohet-te-jap-doreheqje\/","og_locale":"en_US","og_type":"article","og_title":"Nik Gjeloshaj: Nuk m\u00eb lejohet t\u00eb jap dor\u00ebheqje - Lajme nga Ulqini","og_description":"Deputeti i Alternativ\u00ebs shqiptare n\u00eb Kuvendin e Malit t\u00eb Zi, Nik Gjeloshaj ,nuk do t\u00eb jap dor\u00ebheqje n\u00eb k\u00ebt\u00eb funksion, \u00ebsht\u00eb kumtuar nga kjo parti. Partia","og_url":"https:\/\/www.visit-ulcinj.com\/blog\/2015\/01\/20\/nik-gjeloshaj-nuk-lejohet-te-jap-doreheqje\/","og_site_name":"Lajme nga Ulqini","article_published_time":"2015-01-20T17:23:07+00:00","og_image":[{"url":"http:\/\/www.visit-ulcinj.com\/blog\/wp-content\/uploads\/2015\/01\/NIK-GJELOSHAJ.jpg"}],"twitter_misc":{"Written by":"ulqini","Est. reading time":"1 minute"},"schema":{"@context":"https:\/\/schema.org","@graph":[{"@type":"WebSite","@id":"https:\/\/www.visit-ulcinj.com\/blog\/#website","url":"https:\/\/www.visit-ulcinj.com\/blog\/","name":"Lajme nga Ulqini","description":"Lajme,Vijesti,Ulqini,Ulqin,Crna Gora,Mali i Zi","potentialAction":[{"@type":"SearchAction","target":{"@type":"EntryPoint","urlTemplate":"https:\/\/www.visit-ulcinj.com\/blog\/?s={search_term_string}"},"query-input":"required name=search_term_string"}],"inLanguage":"en-US"},{"@type":"ImageObject","inLanguage":"en-US","@id":"https:\/\/www.visit-ulcinj.com\/blog\/2015\/01\/20\/nik-gjeloshaj-nuk-lejohet-te-jap-doreheqje\/#primaryimage","url":"https:\/\/www.visit-ulcinj.com\/blog\/wp-content\/uploads\/2015\/01\/NIK-GJELOSHAJ.jpg","contentUrl":"https:\/\/www.visit-ulcinj.com\/blog\/wp-content\/uploads\/2015\/01\/NIK-GJELOSHAJ.jpg","width":450,"height":299},{"@type":"WebPage","@id":"https:\/\/www.visit-ulcinj.com\/blog\/2015\/01\/20\/nik-gjeloshaj-nuk-lejohet-te-jap-doreheqje\/#webpage","url":"https:\/\/www.visit-ulcinj.com\/blog\/2015\/01\/20\/nik-gjeloshaj-nuk-lejohet-te-jap-doreheqje\/","name":"Nik Gjeloshaj: Nuk m\u00eb lejohet t\u00eb jap dor\u00ebheqje - Lajme nga Ulqini","isPartOf":{"@id":"https:\/\/www.visit-ulcinj.com\/blog\/#website"},"primaryImageOfPage":{"@id":"https:\/\/www.visit-ulcinj.com\/blog\/2015\/01\/20\/nik-gjeloshaj-nuk-lejohet-te-jap-doreheqje\/#primaryimage"},"datePublished":"2015-01-20T17:23:07+00:00","dateModified":"2015-01-20T17:23:07+00:00","author":{"@id":"https:\/\/www.visit-ulcinj.com\/blog\/#\/schema\/person\/dcab619c614d3038751c63bc2aadc06d"},"description":"Deputeti i Alternativ\u00ebs shqiptare n\u00eb Kuvendin e Malit t\u00eb Zi, Nik Gjeloshaj ,nuk do t\u00eb jap dor\u00ebheqje n\u00eb k\u00ebt\u00eb funksion, \u00ebsht\u00eb kumtuar nga kjo parti. Partia","breadcrumb":{"@id":"https:\/\/www.visit-ulcinj.com\/blog\/2015\/01\/20\/nik-gjeloshaj-nuk-lejohet-te-jap-doreheqje\/#breadcrumb"},"inLanguage":"en-US","potentialAction":[{"@type":"ReadAction","target":["https:\/\/www.visit-ulcinj.com\/blog\/2015\/01\/20\/nik-gjeloshaj-nuk-lejohet-te-jap-doreheqje\/"]}]},{"@type":"BreadcrumbList","@id":"https:\/\/www.visit-ulcinj.com\/blog\/2015\/01\/20\/nik-gjeloshaj-nuk-lejohet-te-jap-doreheqje\/#breadcrumb","itemListElement":[{"@type":"ListItem","position":1,"name":"Nik Gjeloshaj: Nuk m\u00eb lejohet t\u00eb jap dor\u00ebheqje"}]},{"@type":"Person","@id":"https:\/\/www.visit-ulcinj.com\/blog\/#\/schema\/person\/dcab619c614d3038751c63bc2aadc06d","name":"ulqini","sameAs":["http:\/\/www.visit-ulcinj.com"],"url":"https:\/\/www.visit-ulcinj.com\/blog\/author\/admin\/"}]}},"jetpack_featured_media_url":"","jetpack_sharing_enabled":true,"jetpack_shortlink":"https:\/\/wp.me\/pe6lTn-mTR","_links":{"self":[{"href":"https:\/\/www.visit-ulcinj.com\/blog\/wp-json\/wp\/v2\/posts\/88031"}],"collection":[{"href":"https:\/\/www.visit-ulcinj.com\/blog\/wp-json\/wp\/v2\/posts"}],"about":[{"href":"https:\/\/www.visit-ulcinj.com\/blog\/wp-json\/wp\/v2\/types\/post"}],"author":[{"embeddable":true,"href":"https:\/\/www.visit-ulcinj.com\/blog\/wp-json\/wp\/v2\/users\/1"}],"replies":[{"embeddable":true,"href":"https:\/\/www.visit-ulcinj.com\/blog\/wp-json\/wp\/v2\/comments?post=88031"}],"version-history":[{"count":1,"href":"https:\/\/www.visit-ulcinj.com\/blog\/wp-json\/wp\/v2\/posts\/88031\/revisions"}],"predecessor-version":[{"id":88033,"href":"https:\/\/www.visit-ulcinj.com\/blog\/wp-json\/wp\/v2\/posts\/88031\/revisions\/88033"}],"wp:attachment":[{"href":"https:\/\/www.visit-ulcinj.com\/blog\/wp-json\/wp\/v2\/media?parent=88031"}],"wp:term":[{"taxonomy":"category","embeddable":true,"href":"https:\/\/www.visit-ulcinj.com\/blog\/wp-json\/wp\/v2\/categories?post=88031"},{"taxonomy":"post_tag","embeddable":true,"href":"https:\/\/www.visit-ulcinj.com\/blog\/wp-json\/wp\/v2\/tags?post=88031"}],"curies":[{"name":"wp","href":"https:\/\/api.w.org\/{rel}","templated":true}]}}