{"id":88048,"date":"2015-01-21T16:01:52","date_gmt":"2015-01-21T15:01:52","guid":{"rendered":"http:\/\/www.visit-ulcinj.com\/blog\/?p=88048"},"modified":"2015-01-26T19:20:32","modified_gmt":"2015-01-26T18:20:32","slug":"nika-kontrata-per-kinobahce-jo-6-por-9mije-euro","status":"publish","type":"post","link":"https:\/\/www.visit-ulcinj.com\/blog\/2015\/01\/21\/nika-kontrata-per-kinobahce-jo-6-por-9mije-euro\/","title":{"rendered":"Nika: Kontrata p\u00ebr  Kinobah\u00e7e &#8211; jo  6,  por  9mij\u00eb euro?!!! &#8211; Video"},"content":{"rendered":"<p><strong>Shkruan Muhamet Nika<\/strong><\/p>\n<p>Pasi edhe portali Ul Info, po duket n\u00eb em\u00ebr t\u00eb \u201cobjektivitetit\u201d, q\u00eb ai di \u201csi b\u00ebhet&#8230;.\u201d, duke mos qen\u00eb maskara i fjal\u00ebs s\u00eb shkruar?!!!, po merret me \u00e7\u00ebshtjen e restitucionit t\u00eb kinemas\u00eb verore dhe solli p\u00ebr opinion nj\u00eb pjes\u00eb t\u00eb kontrat\u00ebs, por jo edhe aneksin e saj , me siguri jo pa q\u00ebllim , dhe ne jo pa q\u00ebllim, po e l\u00ebm\u00eb t\u00eb b\u00ebj\u00eb pun\u00ebn e vet?!!! Shtojm\u00eb se tash p\u00ebr shkrimin e paralajm\u00ebruar na mbet\u00ebt t\u00eb hyjm\u00eb direkt n\u00eb ngjarje. P\u00ebr ato q\u00eb nuk jan\u00eb sip\u00ebrfaq\u00ebsor, po them se disa nga uzurpant\u00ebt pat\u00ebn ngritur edhe akuz\u00eb ndaj meje n\u00eb prokurori e cila u gjuajt n\u00eb kosh&#8230;?!!!<\/p>\n<p><strong>Gjendja n\u00eb Kinobah\u00e7e , viti 2005 \u2013pamja e par\u00eb<\/strong><\/p>\n<p><a href=\"http:\/\/www.visit-ulcinj.com\/blog\/wp-content\/uploads\/2015\/01\/Kino-Bashta-Gjendja-n\u00eb-2005-Ulqin.jpg\"><img loading=\"lazy\" class=\"alignleft wp-image-88050\" src=\"http:\/\/www.visit-ulcinj.com\/blog\/wp-content\/uploads\/2015\/01\/Kino-Bashta-Gjendja-n\u00eb-2005-Ulqin.jpg\" alt=\"Kino-Bashta-Gjendja n\u00eb 2005-Ulqin\" width=\"508\" height=\"370\" srcset=\"https:\/\/www.visit-ulcinj.com\/blog\/wp-content\/uploads\/2015\/01\/Kino-Bashta-Gjendja-n\u00eb-2005-Ulqin.jpg 516w, https:\/\/www.visit-ulcinj.com\/blog\/wp-content\/uploads\/2015\/01\/Kino-Bashta-Gjendja-n\u00eb-2005-Ulqin-300x218.jpg 300w\" sizes=\"(max-width: 508px) 100vw, 508px\" \/><\/a><\/p>\n<p>Prej t\u00eb gjith\u00eb objekteve t\u00eb sht\u00ebpis\u00eb s\u00eb kultur\u00ebs, objekti i kinemas\u00eb verore ishte m\u00eb i d\u00ebmtuari n\u00eb m\u00ebnyr\u00eb drastike. P\u00ebr ta sjell\u00eb at\u00eb , n\u00eb gjendje optimale dhe funksionimi, isha i detyruar ta pranoj situat\u00ebn ekzistuese dhe mu desh q\u00eb t\u00eb konstatoj prishjen e paisjeve, duke ngritur nj\u00eb komision p\u00ebr \u00e7regjistrim dhe asgj\u00ebsim nga dokumentacioni i qendr\u00ebs p\u00ebr inventar t\u00eb pasuris\u00eb. Gjendjen e gjetur e d\u00ebshmojn\u00eb fotografit\u00eb 1,2,3,4&#8230;&#8230;<br \/>\nK\u00ebsaj gjendje i kishin kontribuar edhe ish qiramarr\u00ebsit, q\u00eb kishin d\u00ebmtuar paisjet dhe hap\u00ebsirat. Nd\u00ebrsa duke shikuar n\u00eb dokumentacionin e qendr\u00ebs , nuk kam hetuar q\u00eb n\u00eb fund t\u00eb sezonit turistik\u00eb ishin b\u00ebr\u00eb me tador\u00ebzim pranimet e hap\u00ebsirave . T\u00eb till\u00ebt si shihet me vite nuk kishin paguar rrym\u00ebn sipas kontratave p\u00ebr qiramarrje dhe se k\u00ebrkesat e borxhit p\u00ebr k\u00ebt\u00eb objekt n\u00eb vitin 2005 ishin 5000 e&#8230;.?!!!<\/p>\n<p><strong>Pamja e dyt\u00eb skica e kinemas\u00eb me sip\u00ebrfaqet e uzurpuar t\u00eb sh\u00ebnuara me t\u00eb kuqe ?!!!<\/strong><\/p>\n<p><a href=\"http:\/\/www.visit-ulcinj.com\/blog\/wp-content\/uploads\/2015\/01\/Hapsira-Kino-Bashta-e-uzurpuar-Ulqin.jpg\"><img loading=\"lazy\" class=\"alignleft wp-image-88051 size-full\" src=\"http:\/\/www.visit-ulcinj.com\/blog\/wp-content\/uploads\/2015\/01\/Hapsira-Kino-Bashta-e-uzurpuar-Ulqin.jpg\" alt=\"Hapsira-Kino-Bashta-e-uzurpuar-Ulqin\" width=\"508\" height=\"310\" srcset=\"https:\/\/www.visit-ulcinj.com\/blog\/wp-content\/uploads\/2015\/01\/Hapsira-Kino-Bashta-e-uzurpuar-Ulqin.jpg 508w, https:\/\/www.visit-ulcinj.com\/blog\/wp-content\/uploads\/2015\/01\/Hapsira-Kino-Bashta-e-uzurpuar-Ulqin-300x183.jpg 300w\" sizes=\"(max-width: 508px) 100vw, 508px\" \/><\/a><br \/>\nTjet\u00ebr ia vlen t\u00eb thuhet se procesi i grabitjes, p\u00ebr momentin, i sip\u00ebrfaqeve t\u00eb objekti, me kalimin e bartjes edhe t\u00eb s\u00eb drejt\u00ebs s\u00eb pron\u00ebsis\u00eb n\u00eb persona fizik\u00eb dhe juridik\u00eb ishte nj\u00eb rrethan\u00eb tjet\u00ebr shqet\u00ebsuese e koh\u00ebs. Dhe gjith\u00eb kjo v\u00ebshtir\u00ebsonte gjendjen q\u00eb sht\u00ebpia e kultur\u00ebs t\u00eb realizonte t\u00eb drejtat e veta mbi k\u00ebt\u00eb objekt. P\u00ebr k\u00ebt\u00eb shih skic\u00eb e paraqitur- Sip\u00ebrfaqet e sh\u00ebnuara me t\u00eb kuqe sh\u00ebnojn\u00eb grabitjet e pjesshme t\u00eb saja. \u00cbsht\u00eb interesant se si e gjith\u00eb kjo kishte mbetur e pa hetuar nga drejtoria e qendr\u00ebs dhe mbrojt\u00ebsit e komun\u00ebs. N\u00eb lidhje me k\u00ebt\u00eb , K\u00ebshilli Drejtues , n\u00eb mbledhjen e mbajtur ,m\u00eb 20.04.2005 njoftonte -obligonte kuvendin- komun\u00ebn, dhe i sugjeronte kryetarit t\u00eb nis\u00eb proces gjyq\u00ebsor ndaj grabit\u00ebsve nga mbrojt\u00ebsit e komun\u00ebs, ose drejtori i qendr\u00ebs t\u00eb angazhonte mbrojte t\u00eb sip\u00ebrfaqeve t\u00eb grabitura. Mir\u00ebpo kryetari i tij nuk e shtroi k\u00ebt\u00eb \u00e7\u00ebshtje kurr\u00eb n\u00eb kuvend, por t\u00eb kund\u00ebrt\u00ebn, i hapi front Qendr\u00ebs..?!.<\/p>\n<p><a href=\"http:\/\/www.visit-ulcinj.com\/blog\/wp-content\/uploads\/2015\/01\/Kino-Bashta-Ulqin.jpg\"><img loading=\"lazy\" class=\"alignleft wp-image-88160\" src=\"http:\/\/www.visit-ulcinj.com\/blog\/wp-content\/uploads\/2015\/01\/Kino-Bashta-Ulqin.jpg\" alt=\"Kino-Bashta-Ulqin\" width=\"508\" height=\"261\" srcset=\"https:\/\/www.visit-ulcinj.com\/blog\/wp-content\/uploads\/2015\/01\/Kino-Bashta-Ulqin.jpg 960w, https:\/\/www.visit-ulcinj.com\/blog\/wp-content\/uploads\/2015\/01\/Kino-Bashta-Ulqin-300x154.jpg 300w\" sizes=\"(max-width: 508px) 100vw, 508px\" \/><\/a><br \/>\nK\u00ebshtu, n\u00eb parcel\u00ebn kadastrale q\u00eb p\u00ebrfshinte kinobashta ishte formuar parcel\u00eb e re kadastrale, si puna e k\u00ebsaj n\u00eb hyrje t\u00eb kinemas\u00eb n\u00eb em\u00ebr t\u00eb Vllado Ivanoviqit shih edhe trek\u00ebnd\u00ebshin n\u00eb fotografin\u00eb e par\u00eb?! Kurse nga ana veri-per\u00ebndimore e saj Shuquri Karamanaga, kishte b\u00ebr\u00eb t\u00eb vetat hap\u00ebsirat sanitare , p\u00ebr t\u00eb cilat d\u00ebshmitar\u00ebt thon\u00eb se ato kishin sh\u00ebrbyer si t\u00eb tilla p\u00ebr artistat e sken\u00ebs q\u00eb normalisht nuk kryenin nevojat aty ku e kryente publiku.<br \/>\nGjithashtu duhet shtuar se edhe Jusuf Misherri, cili kish bler\u00eb\u201d Pivnic\u00ebn\u201d nga Rivjera e Ulqinit- dikur depo e materialit filmik, kish ngritur padi , ngase i ishin rritur ambiciet p\u00ebr t\u00eb dal\u00eb edhe n\u00eb kat t\u00eb kinemas\u00eb dhe kish siguruar nj\u00eb d\u00ebshmi t\u00eb rrejshme q\u00eb lart pivnic\u00ebs ekzistonte nj\u00eb dhom\u00eb n\u00eb kat?!!, Por q\u00eb kjo u hodh posht\u00eb nga Drejtoria e Katastrirt sipas edhe ankes\u00ebs time. N\u00eb seanc\u00ebn gjyq\u00ebsore , pata deklaruar edhe se ai e kish bler\u00eb at\u00eb n\u00eb m\u00ebnyr\u00eb t\u00eb pa ligjshme , nga se Rivjera e Ulqinit , nuk ka mundur t\u00eb shes di\u00e7ka q\u00eb e kish t\u00eb marr\u00eb me qira nga komuna. Kurse ai vet n\u00eb procesin e blerjes s\u00eb lokalit, prej Rivjer\u00ebs , kish qen\u00eb n\u00eb konflikt t\u00eb interesit sepse kish q\u00eblluar sekretar i saj &#8230;?!!!!Dhe se deri sa kish qen\u00eb ky proces i pa zgjidhur e ndaluam , procesin e dekorimit t\u00eb kinobasht\u00ebs, n\u00eb aspektin horizontal q\u00eb \u00ebsht\u00eb pun\u00eb e lejuar me ligj.<br \/>\nP\u00ebr t\u00eb th\u00ebn\u00eb t\u00eb v\u00ebrtet\u00ebn \u2013 kinobah\u00e7ja, edhe viteve t\u00eb m\u00eb pashme ish dh\u00ebn\u00eb me qira e t\u00eb cil\u00ebn, gjoja e shfryt\u00ebzonin , pun\u00ebtor\u00ebt e qendr\u00ebs, q\u00eb gjoja kishin p\u00ebrpar\u00ebsi gjat\u00eb konkursit dhe at\u00eb m\u00eb pas ia jepnin personave t\u00eb tret\u00eb pa dijen e K\u00ebshillit Drejtues , i cili ose nuk mblidhej ose nuk funksiononte. K\u00ebshtu p\u00ebr shembull gjat\u00eb vitit 2002, ajo gjoja edhe p\u00ebrmes konkursit u dha p\u00ebr 3000 euro . Kurse e drejta e qiras\u00eb shpesh b\u00ebhej edhe me t\u00eb drejt\u00ebn e muskujve&#8230;?!P\u00ebr gjith\u00eb k\u00ebt\u00eb, duke injoruar haptas shantazhet n\u00eb vitin 2003 pasi m\u00eb d\u00ebshtoi tenderi dhe nj\u00eb let\u00ebr qarkore d\u00ebrguar \u201c Ub\u00ebs\u201d, p\u00ebr v\u00ebnien e saj n\u00eb funksion, kinemaja nuk punoi. Vitin tjet\u00ebr s\u00ebrish u hap konkursi, dhe s\u00ebrish u lajm\u00ebruan shfryt\u00ebzuesit e m\u00eb parsh\u00ebm. \u00c7mimi fillestar ishte 75ooo euro p\u00ebrfundoi n\u00eb 17 mij\u00eb e. At\u00ebher\u00eb, pas t\u00ebrheqes s\u00eb konkurruesit t\u00eb par\u00eb, dhe sezona kish filluar, iu dha ish shfryt\u00ebzuesit q\u00eb duhej t\u00eb paguante jo m\u00eb 3000 e, por 75000 e. Ai fillimisht pagoi 4mij\u00eb euro, por n\u00eb fund t\u00eb sezonit , mbeti borxh edhe 4 mij\u00eb euro. Kuptohet q\u00eb vitin e ardhsh\u00ebm pasi kish qen\u00eb jo serioz nuk iu dha e drejta e shfryt\u00ebzimit , duke iu dh\u00ebn\u00eb n\u00eb shfryt\u00ebzim me vendim t\u00eb K\u00ebshillit Drejtues, atyre q\u00eb n\u00eb licitacionin paraprak ishin t\u00ebrhequr.<\/p>\n<p><strong>Ja edhe projekti ideor se si do t\u00eb dukej nj\u00eb kinema moderne, t\u00eb inicuar nga ne n\u00eb at\u00eb koh\u00eb.<\/strong><\/p>\n<p>Kjo kinema shikuar nga deti , t\u00eb krijon p\u00ebrshtypjen e nj\u00eb anijeje q\u00eb ka qit\u00eb spiranc\u00ebn n\u00eb ran\u00eb, posht\u00eb saj parashiheshin 9 objekte afariste p\u00ebr nj\u00eb kinema moderne, nd\u00ebrsa pullazi i saj \u00ebsht\u00eb l\u00ebviz\u00ebs&#8230;.?!!!! Dhe n\u00eb fund po shtoi, derisa isha kryetar parlamenti, p\u00ebr 4 vite nuk kam lejuar t\u00eb n\u00ebnshkruhen kontrata t\u00eb reja<strong> , kami ndar\u00eb 80mij\u00eb euro p\u00ebr meremetim dhe kemi nxjerr planin detal urbanistik t\u00eb sajin . ..?!! <\/strong><\/p>\n<p><a href=\"http:\/\/www.visit-ulcinj.com\/blog\/wp-content\/uploads\/2015\/01\/Kino-Bashta-projekti-ideor-se-si-do-t\u00eb-dukej-nj\u00eb-kinema-moderne-Ulqin.jpg\"><img loading=\"lazy\" class=\"alignleft wp-image-88052\" src=\"http:\/\/www.visit-ulcinj.com\/blog\/wp-content\/uploads\/2015\/01\/Kino-Bashta-projekti-ideor-se-si-do-t\u00eb-dukej-nj\u00eb-kinema-moderne-Ulqin.jpg\" alt=\"Kino-Bashta-projekti  ideor se si do t\u00eb dukej nj\u00eb kinema moderne-Ulqin\" width=\"508\" height=\"361\" srcset=\"https:\/\/www.visit-ulcinj.com\/blog\/wp-content\/uploads\/2015\/01\/Kino-Bashta-projekti-ideor-se-si-do-t\u00eb-dukej-nj\u00eb-kinema-moderne-Ulqin.jpg 528w, https:\/\/www.visit-ulcinj.com\/blog\/wp-content\/uploads\/2015\/01\/Kino-Bashta-projekti-ideor-se-si-do-t\u00eb-dukej-nj\u00eb-kinema-moderne-Ulqin-300x213.jpg 300w\" sizes=\"(max-width: 508px) 100vw, 508px\" \/><\/a><\/p>\n<p><strong>Muhamet Nika<\/strong><br \/>\n<!--YouTube Error: bad URL entered--><\/p>\n","protected":false},"excerpt":{"rendered":"<p>Shkruan Muhamet Nika Pasi edhe portali Ul Info, po duket n\u00eb em\u00ebr t\u00eb \u201cobjektivitetit\u201d, q\u00eb ai di \u201csi b\u00ebhet&#8230;.\u201d, duke mos qen\u00eb maskara i fjal\u00ebs s\u00eb shkruar?!!!, po merret me \u00e7\u00ebshtjen e restitucionit t\u00eb kinemas\u00eb verore dhe solli p\u00ebr opinion nj\u00eb pjes\u00eb t\u00eb kontrat\u00ebs, por jo edhe aneksin e saj , me siguri jo pa [&hellip;]<\/p>\n","protected":false},"author":1,"featured_media":0,"comment_status":"closed","ping_status":"closed","sticky":false,"template":"","format":"standard","meta":{"spay_email":"","jetpack_publicize_message":"","jetpack_is_tweetstorm":false,"jetpack_publicize_feature_enabled":true},"categories":[14249],"tags":[],"jetpack_publicize_connections":[],"yoast_head":"<!-- This site is optimized with the Yoast SEO plugin v19.1 - https:\/\/yoast.com\/wordpress\/plugins\/seo\/ -->\n<title>Nika: Kontrata p\u00ebr Kinobah\u00e7e - jo 6, por 9mij\u00eb euro?!!! - Video - Lajme nga Ulqini<\/title>\n<meta name=\"description\" content=\"Shkruan Muhamet Nika Pasi edhe portali Ul Info, po duket n\u00eb em\u00ebr t\u00eb \u201cobjektivitetit\u201d, q\u00eb ai di \u201csi b\u00ebhet....\u201d, duke mos qen\u00eb maskara i fjal\u00ebs s\u00eb\" \/>\n<meta name=\"robots\" content=\"index, follow, max-snippet:-1, max-image-preview:large, max-video-preview:-1\" \/>\n<link rel=\"canonical\" href=\"https:\/\/www.visit-ulcinj.com\/blog\/2015\/01\/21\/nika-kontrata-per-kinobahce-jo-6-por-9mije-euro\/\" \/>\n<meta property=\"og:locale\" content=\"en_US\" \/>\n<meta property=\"og:type\" content=\"article\" \/>\n<meta property=\"og:title\" content=\"Nika: Kontrata p\u00ebr Kinobah\u00e7e - jo 6, por 9mij\u00eb euro?!!! - Video - Lajme nga Ulqini\" \/>\n<meta property=\"og:description\" content=\"Shkruan Muhamet Nika Pasi edhe portali Ul Info, po duket n\u00eb em\u00ebr t\u00eb \u201cobjektivitetit\u201d, q\u00eb ai di \u201csi b\u00ebhet....\u201d, duke mos qen\u00eb maskara i fjal\u00ebs s\u00eb\" \/>\n<meta property=\"og:url\" content=\"https:\/\/www.visit-ulcinj.com\/blog\/2015\/01\/21\/nika-kontrata-per-kinobahce-jo-6-por-9mije-euro\/\" \/>\n<meta property=\"og:site_name\" content=\"Lajme nga Ulqini\" \/>\n<meta property=\"article:published_time\" content=\"2015-01-21T15:01:52+00:00\" \/>\n<meta property=\"article:modified_time\" content=\"2015-01-26T18:20:32+00:00\" \/>\n<meta property=\"og:image\" content=\"http:\/\/www.visit-ulcinj.com\/blog\/wp-content\/uploads\/2015\/01\/Hapsira-Kino-Bashta-e-uzurpuar-Ulqin.jpg\" \/>\n<meta name=\"twitter:label1\" content=\"Written by\" \/>\n\t<meta name=\"twitter:data1\" content=\"ulqini\" \/>\n\t<meta name=\"twitter:label2\" content=\"Est. reading time\" \/>\n\t<meta name=\"twitter:data2\" content=\"5 minutes\" \/>\n<script type=\"application\/ld+json\" class=\"yoast-schema-graph\">{\"@context\":\"https:\/\/schema.org\",\"@graph\":[{\"@type\":\"WebSite\",\"@id\":\"https:\/\/www.visit-ulcinj.com\/blog\/#website\",\"url\":\"https:\/\/www.visit-ulcinj.com\/blog\/\",\"name\":\"Lajme nga Ulqini\",\"description\":\"Lajme,Vijesti,Ulqini,Ulqin,Crna Gora,Mali i Zi\",\"potentialAction\":[{\"@type\":\"SearchAction\",\"target\":{\"@type\":\"EntryPoint\",\"urlTemplate\":\"https:\/\/www.visit-ulcinj.com\/blog\/?s={search_term_string}\"},\"query-input\":\"required name=search_term_string\"}],\"inLanguage\":\"en-US\"},{\"@type\":\"ImageObject\",\"inLanguage\":\"en-US\",\"@id\":\"https:\/\/www.visit-ulcinj.com\/blog\/2015\/01\/21\/nika-kontrata-per-kinobahce-jo-6-por-9mije-euro\/#primaryimage\",\"url\":\"https:\/\/www.visit-ulcinj.com\/blog\/wp-content\/uploads\/2015\/01\/Hapsira-Kino-Bashta-e-uzurpuar-Ulqin.jpg\",\"contentUrl\":\"https:\/\/www.visit-ulcinj.com\/blog\/wp-content\/uploads\/2015\/01\/Hapsira-Kino-Bashta-e-uzurpuar-Ulqin.jpg\",\"width\":508,\"height\":310},{\"@type\":\"WebPage\",\"@id\":\"https:\/\/www.visit-ulcinj.com\/blog\/2015\/01\/21\/nika-kontrata-per-kinobahce-jo-6-por-9mije-euro\/#webpage\",\"url\":\"https:\/\/www.visit-ulcinj.com\/blog\/2015\/01\/21\/nika-kontrata-per-kinobahce-jo-6-por-9mije-euro\/\",\"name\":\"Nika: Kontrata p\u00ebr Kinobah\u00e7e - jo 6, por 9mij\u00eb euro?!!! - Video - Lajme nga Ulqini\",\"isPartOf\":{\"@id\":\"https:\/\/www.visit-ulcinj.com\/blog\/#website\"},\"primaryImageOfPage\":{\"@id\":\"https:\/\/www.visit-ulcinj.com\/blog\/2015\/01\/21\/nika-kontrata-per-kinobahce-jo-6-por-9mije-euro\/#primaryimage\"},\"datePublished\":\"2015-01-21T15:01:52+00:00\",\"dateModified\":\"2015-01-26T18:20:32+00:00\",\"author\":{\"@id\":\"https:\/\/www.visit-ulcinj.com\/blog\/#\/schema\/person\/dcab619c614d3038751c63bc2aadc06d\"},\"description\":\"Shkruan Muhamet Nika Pasi edhe portali Ul Info, po duket n\u00eb em\u00ebr t\u00eb \u201cobjektivitetit\u201d, q\u00eb ai di \u201csi b\u00ebhet....\u201d, duke mos qen\u00eb maskara i fjal\u00ebs s\u00eb\",\"breadcrumb\":{\"@id\":\"https:\/\/www.visit-ulcinj.com\/blog\/2015\/01\/21\/nika-kontrata-per-kinobahce-jo-6-por-9mije-euro\/#breadcrumb\"},\"inLanguage\":\"en-US\",\"potentialAction\":[{\"@type\":\"ReadAction\",\"target\":[\"https:\/\/www.visit-ulcinj.com\/blog\/2015\/01\/21\/nika-kontrata-per-kinobahce-jo-6-por-9mije-euro\/\"]}]},{\"@type\":\"BreadcrumbList\",\"@id\":\"https:\/\/www.visit-ulcinj.com\/blog\/2015\/01\/21\/nika-kontrata-per-kinobahce-jo-6-por-9mije-euro\/#breadcrumb\",\"itemListElement\":[{\"@type\":\"ListItem\",\"position\":1,\"name\":\"Nika: Kontrata p\u00ebr Kinobah\u00e7e &#8211; jo 6, por 9mij\u00eb euro?!!! &#8211; Video\"}]},{\"@type\":\"Person\",\"@id\":\"https:\/\/www.visit-ulcinj.com\/blog\/#\/schema\/person\/dcab619c614d3038751c63bc2aadc06d\",\"name\":\"ulqini\",\"sameAs\":[\"http:\/\/www.visit-ulcinj.com\"],\"url\":\"https:\/\/www.visit-ulcinj.com\/blog\/author\/admin\/\"}]}<\/script>\n<!-- \/ Yoast SEO plugin. -->","yoast_head_json":{"title":"Nika: Kontrata p\u00ebr Kinobah\u00e7e - jo 6, por 9mij\u00eb euro?!!! - Video - Lajme nga Ulqini","description":"Shkruan Muhamet Nika Pasi edhe portali Ul Info, po duket n\u00eb em\u00ebr t\u00eb \u201cobjektivitetit\u201d, q\u00eb ai di \u201csi b\u00ebhet....\u201d, duke mos qen\u00eb maskara i fjal\u00ebs s\u00eb","robots":{"index":"index","follow":"follow","max-snippet":"max-snippet:-1","max-image-preview":"max-image-preview:large","max-video-preview":"max-video-preview:-1"},"canonical":"https:\/\/www.visit-ulcinj.com\/blog\/2015\/01\/21\/nika-kontrata-per-kinobahce-jo-6-por-9mije-euro\/","og_locale":"en_US","og_type":"article","og_title":"Nika: Kontrata p\u00ebr Kinobah\u00e7e - jo 6, por 9mij\u00eb euro?!!! - Video - Lajme nga Ulqini","og_description":"Shkruan Muhamet Nika Pasi edhe portali Ul Info, po duket n\u00eb em\u00ebr t\u00eb \u201cobjektivitetit\u201d, q\u00eb ai di \u201csi b\u00ebhet....\u201d, duke mos qen\u00eb maskara i fjal\u00ebs s\u00eb","og_url":"https:\/\/www.visit-ulcinj.com\/blog\/2015\/01\/21\/nika-kontrata-per-kinobahce-jo-6-por-9mije-euro\/","og_site_name":"Lajme nga Ulqini","article_published_time":"2015-01-21T15:01:52+00:00","article_modified_time":"2015-01-26T18:20:32+00:00","og_image":[{"url":"http:\/\/www.visit-ulcinj.com\/blog\/wp-content\/uploads\/2015\/01\/Hapsira-Kino-Bashta-e-uzurpuar-Ulqin.jpg"}],"twitter_misc":{"Written by":"ulqini","Est. reading time":"5 minutes"},"schema":{"@context":"https:\/\/schema.org","@graph":[{"@type":"WebSite","@id":"https:\/\/www.visit-ulcinj.com\/blog\/#website","url":"https:\/\/www.visit-ulcinj.com\/blog\/","name":"Lajme nga Ulqini","description":"Lajme,Vijesti,Ulqini,Ulqin,Crna Gora,Mali i Zi","potentialAction":[{"@type":"SearchAction","target":{"@type":"EntryPoint","urlTemplate":"https:\/\/www.visit-ulcinj.com\/blog\/?s={search_term_string}"},"query-input":"required name=search_term_string"}],"inLanguage":"en-US"},{"@type":"ImageObject","inLanguage":"en-US","@id":"https:\/\/www.visit-ulcinj.com\/blog\/2015\/01\/21\/nika-kontrata-per-kinobahce-jo-6-por-9mije-euro\/#primaryimage","url":"https:\/\/www.visit-ulcinj.com\/blog\/wp-content\/uploads\/2015\/01\/Hapsira-Kino-Bashta-e-uzurpuar-Ulqin.jpg","contentUrl":"https:\/\/www.visit-ulcinj.com\/blog\/wp-content\/uploads\/2015\/01\/Hapsira-Kino-Bashta-e-uzurpuar-Ulqin.jpg","width":508,"height":310},{"@type":"WebPage","@id":"https:\/\/www.visit-ulcinj.com\/blog\/2015\/01\/21\/nika-kontrata-per-kinobahce-jo-6-por-9mije-euro\/#webpage","url":"https:\/\/www.visit-ulcinj.com\/blog\/2015\/01\/21\/nika-kontrata-per-kinobahce-jo-6-por-9mije-euro\/","name":"Nika: Kontrata p\u00ebr Kinobah\u00e7e - jo 6, por 9mij\u00eb euro?!!! - Video - Lajme nga Ulqini","isPartOf":{"@id":"https:\/\/www.visit-ulcinj.com\/blog\/#website"},"primaryImageOfPage":{"@id":"https:\/\/www.visit-ulcinj.com\/blog\/2015\/01\/21\/nika-kontrata-per-kinobahce-jo-6-por-9mije-euro\/#primaryimage"},"datePublished":"2015-01-21T15:01:52+00:00","dateModified":"2015-01-26T18:20:32+00:00","author":{"@id":"https:\/\/www.visit-ulcinj.com\/blog\/#\/schema\/person\/dcab619c614d3038751c63bc2aadc06d"},"description":"Shkruan Muhamet Nika Pasi edhe portali Ul Info, po duket n\u00eb em\u00ebr t\u00eb \u201cobjektivitetit\u201d, q\u00eb ai di \u201csi b\u00ebhet....\u201d, duke mos qen\u00eb maskara i fjal\u00ebs s\u00eb","breadcrumb":{"@id":"https:\/\/www.visit-ulcinj.com\/blog\/2015\/01\/21\/nika-kontrata-per-kinobahce-jo-6-por-9mije-euro\/#breadcrumb"},"inLanguage":"en-US","potentialAction":[{"@type":"ReadAction","target":["https:\/\/www.visit-ulcinj.com\/blog\/2015\/01\/21\/nika-kontrata-per-kinobahce-jo-6-por-9mije-euro\/"]}]},{"@type":"BreadcrumbList","@id":"https:\/\/www.visit-ulcinj.com\/blog\/2015\/01\/21\/nika-kontrata-per-kinobahce-jo-6-por-9mije-euro\/#breadcrumb","itemListElement":[{"@type":"ListItem","position":1,"name":"Nika: Kontrata p\u00ebr Kinobah\u00e7e &#8211; jo 6, por 9mij\u00eb euro?!!! &#8211; Video"}]},{"@type":"Person","@id":"https:\/\/www.visit-ulcinj.com\/blog\/#\/schema\/person\/dcab619c614d3038751c63bc2aadc06d","name":"ulqini","sameAs":["http:\/\/www.visit-ulcinj.com"],"url":"https:\/\/www.visit-ulcinj.com\/blog\/author\/admin\/"}]}},"jetpack_featured_media_url":"","jetpack_sharing_enabled":true,"jetpack_shortlink":"https:\/\/wp.me\/pe6lTn-mU8","_links":{"self":[{"href":"https:\/\/www.visit-ulcinj.com\/blog\/wp-json\/wp\/v2\/posts\/88048"}],"collection":[{"href":"https:\/\/www.visit-ulcinj.com\/blog\/wp-json\/wp\/v2\/posts"}],"about":[{"href":"https:\/\/www.visit-ulcinj.com\/blog\/wp-json\/wp\/v2\/types\/post"}],"author":[{"embeddable":true,"href":"https:\/\/www.visit-ulcinj.com\/blog\/wp-json\/wp\/v2\/users\/1"}],"replies":[{"embeddable":true,"href":"https:\/\/www.visit-ulcinj.com\/blog\/wp-json\/wp\/v2\/comments?post=88048"}],"version-history":[{"count":6,"href":"https:\/\/www.visit-ulcinj.com\/blog\/wp-json\/wp\/v2\/posts\/88048\/revisions"}],"predecessor-version":[{"id":88218,"href":"https:\/\/www.visit-ulcinj.com\/blog\/wp-json\/wp\/v2\/posts\/88048\/revisions\/88218"}],"wp:attachment":[{"href":"https:\/\/www.visit-ulcinj.com\/blog\/wp-json\/wp\/v2\/media?parent=88048"}],"wp:term":[{"taxonomy":"category","embeddable":true,"href":"https:\/\/www.visit-ulcinj.com\/blog\/wp-json\/wp\/v2\/categories?post=88048"},{"taxonomy":"post_tag","embeddable":true,"href":"https:\/\/www.visit-ulcinj.com\/blog\/wp-json\/wp\/v2\/tags?post=88048"}],"curies":[{"name":"wp","href":"https:\/\/api.w.org\/{rel}","templated":true}]}}