{"id":88055,"date":"2015-01-21T19:23:26","date_gmt":"2015-01-21T18:23:26","guid":{"rendered":"http:\/\/www.visit-ulcinj.com\/blog\/?p=88055"},"modified":"2015-01-21T19:23:26","modified_gmt":"2015-01-21T18:23:26","slug":"karamanaga-ovako-je-pocelo-na-nasoj-kacemi","status":"publish","type":"post","link":"https:\/\/www.visit-ulcinj.com\/blog\/2015\/01\/21\/karamanaga-ovako-je-pocelo-na-nasoj-kacemi\/","title":{"rendered":"Karamanaga: Ovako je po\u010delo na na\u0161oj &#8220;Kacemi&#8221;"},"content":{"rendered":"<p><a href=\"http:\/\/www.visit-ulcinj.com\/blog\/wp-content\/uploads\/2015\/01\/Ovako-je-pocelo-u-Kacemi-Ulcinj.jpg\"><img loading=\"lazy\" class=\"alignleft wp-image-88056\" src=\"http:\/\/www.visit-ulcinj.com\/blog\/wp-content\/uploads\/2015\/01\/Ovako-je-pocelo-u-Kacemi-Ulcinj.jpg\" alt=\"Ovako je pocelo u Kacemi-Ulcinj\" width=\"508\" height=\"381\" srcset=\"https:\/\/www.visit-ulcinj.com\/blog\/wp-content\/uploads\/2015\/01\/Ovako-je-pocelo-u-Kacemi-Ulcinj.jpg 960w, https:\/\/www.visit-ulcinj.com\/blog\/wp-content\/uploads\/2015\/01\/Ovako-je-pocelo-u-Kacemi-Ulcinj-300x225.jpg 300w\" sizes=\"(max-width: 508px) 100vw, 508px\" \/><\/a>Ovako je po\u010delo na na\u0161oj &#8220;Kacemi&#8221;. Na samom po\u010detku bilo je mnogo vi\u0161e radoznalosti i interesovanja, jer na\u010din i po\u010detak gradnje je za nas bio novitet. Na\u010din kako su po\u010deli je izazivao interesovanje gra\u0111ana i prolaznika, bez obzira \u0161to su graditelji bili ljudi iz unutra\u0161njosti. Dakle ljudi koji nijesu znali \u0161ta je more, no vjerovali smo da &#8220;Morsko dobro&#8221; zna \u0161ta radi. Za nas je bilo novo vidjeti kako se po\u010dinje graditi marina ili mala &#8220;lu\u010dica&#8221; kako su je <span class=\"text_exposed_show\">po\u010deli nazivati. Marina je jo\u0161 na samoj maketi, postavljenoj na Maloj skeli izgledala prelijepo. Moram priznati da su ljudi zastajkivali i u\u017eivali na crte\u017eu, posebno ako im je neko stru\u010dniji obja\u0161njavao i detalje.<\/span><\/p>\n<p><span class=\"text_exposed_show\"><br \/>\n\u010cak smo po\u010deli da pre\u017ealimo i na\u0161u &#8220;Kacemu&#8221;, za koju smo svi bili tako mnogo vezani. Vjerovali smo da \u0107e marina biti prava mala &#8220;lu\u010dica&#8221; za na\u0161e barke. No, kako su se radovi odvijali, i kako je vrijeme prolazilo, po\u010dela su razo\u010darenja i strepnje. Marina sa tako kratkim lukobranom, i sa ulazom \u0161irokim skoro 15-tak metara, po\u010dela je sve vi\u0161e da li\u010di na mjesto gdje voda vri, i gdje talasi skoro slobodno ulaze. \u010cak se stvaraju strujanja mnogo ja\u010da od onih koja su bila na samoj &#8220;Kacemi&#8221; prije izgradnje lukobrana. Strujanja i vrtlozi su toliko jaki da nijedan vez ne mo\u017ee da izdr\u017ei. Ljeti ili zimi svejedno, kada je &#8220;Jugo i kada su talasi, uvijek je isto. I ne bez razloga moja malenkost ju je nazvala &#8220;jakuzzi&#8221;. \u010cini mi se da se ovaj izraz i odoma\u0107io. <\/span><\/p>\n<p><span class=\"text_exposed_show\">U njoj, u ovoj maloj &#8220;lu\u010dici&#8221; su ve\u0107 razbijena \u010detiri \u010damca, i pokradeno nekoliko skupih motora. Rijetko ko se vi\u0161e usu\u0111uje da u njoj ve\u017ee \u010damac. Sada su \u010damci uglavnom svi na putu, ili su vezani za ogradu na Maloj skeli.<br \/>\nDanas je razo\u010darenje ogromno. Izgubili smo &#8220;Kacemu&#8221; i njenu malu pla\u017eu, ali i mjesto gdje smo lako izvla\u010dili na\u0161e \u010damce, a izgubili smo, ili bolje re\u010deno potro\u0161eno je, vi\u0161e od milion eura na\u0161ih para, koje &#8220;Morsko dobro&#8221; svojim &#8220;hara\u010dom&#8221; ubira sa na\u0161ih pla\u017ea.<br \/>\nI pored obe\u0107anja da \u0107e se na njoj poraditi tokom prolje\u0107a. ja iskreno sumnjam da \u0107e se bilo \u0161ta novoga uraditi. &#8220;Morskom dobru&#8221; rijetko ko vjeruje, a najmanje gra\u0111ani Ulcinja.<\/span><\/p>\n<p id=\"js_2\" class=\"_5pbw\" data-ft=\"{&quot;tn&quot;:&quot;C&quot;}\"><strong><span class=\"fwb fcg\" data-ft=\"{&quot;tn&quot;:&quot;;&quot;}\"><a id=\"js_k\" href=\"https:\/\/www.facebook.com\/ismet.karamanaga?fref=nf\" data-hovercard=\"\/ajax\/hovercard\/user.php?id=1359492972&amp;extragetparams=%7B%22fref%22%3A%22nf%22%7D\">Ismet Karamanaga Facebook<\/a><\/span><\/strong><\/p>\n","protected":false},"excerpt":{"rendered":"<p>Ovako je po\u010delo na na\u0161oj &#8220;Kacemi&#8221;. Na samom po\u010detku bilo je mnogo vi\u0161e radoznalosti i interesovanja, jer na\u010din i po\u010detak gradnje je za nas bio novitet. Na\u010din kako su po\u010deli je izazivao interesovanje gra\u0111ana i prolaznika, bez obzira \u0161to su graditelji bili ljudi iz unutra\u0161njosti. Dakle ljudi koji nijesu znali \u0161ta je more, no vjerovali [&hellip;]<\/p>\n","protected":false},"author":1,"featured_media":0,"comment_status":"closed","ping_status":"closed","sticky":false,"template":"","format":"standard","meta":{"spay_email":"","jetpack_publicize_message":"","jetpack_is_tweetstorm":false,"jetpack_publicize_feature_enabled":true},"categories":[8337],"tags":[],"jetpack_publicize_connections":[],"yoast_head":"<!-- This site is optimized with the Yoast SEO plugin v19.1 - https:\/\/yoast.com\/wordpress\/plugins\/seo\/ -->\n<title>Karamanaga: Ovako je po\u010delo na na\u0161oj &quot;Kacemi&quot; - Lajme nga Ulqini<\/title>\n<meta name=\"description\" content=\"Ovako je po\u010delo na na\u0161oj &quot;Kacemi&quot;. Na samom po\u010detku bilo je mnogo vi\u0161e radoznalosti i interesovanja, jer na\u010din i po\u010detak gradnje je za nas bio novitet.\" \/>\n<meta name=\"robots\" content=\"index, follow, max-snippet:-1, max-image-preview:large, max-video-preview:-1\" \/>\n<link rel=\"canonical\" href=\"https:\/\/www.visit-ulcinj.com\/blog\/2015\/01\/21\/karamanaga-ovako-je-pocelo-na-nasoj-kacemi\/\" \/>\n<meta property=\"og:locale\" content=\"en_US\" \/>\n<meta property=\"og:type\" content=\"article\" \/>\n<meta property=\"og:title\" content=\"Karamanaga: Ovako je po\u010delo na na\u0161oj &quot;Kacemi&quot; - Lajme nga Ulqini\" \/>\n<meta property=\"og:description\" content=\"Ovako je po\u010delo na na\u0161oj &quot;Kacemi&quot;. Na samom po\u010detku bilo je mnogo vi\u0161e radoznalosti i interesovanja, jer na\u010din i po\u010detak gradnje je za nas bio novitet.\" \/>\n<meta property=\"og:url\" content=\"https:\/\/www.visit-ulcinj.com\/blog\/2015\/01\/21\/karamanaga-ovako-je-pocelo-na-nasoj-kacemi\/\" \/>\n<meta property=\"og:site_name\" content=\"Lajme nga Ulqini\" \/>\n<meta property=\"article:published_time\" content=\"2015-01-21T18:23:26+00:00\" \/>\n<meta property=\"og:image\" content=\"http:\/\/www.visit-ulcinj.com\/blog\/wp-content\/uploads\/2015\/01\/Ovako-je-pocelo-u-Kacemi-Ulcinj.jpg\" \/>\n<meta name=\"twitter:label1\" content=\"Written by\" \/>\n\t<meta name=\"twitter:data1\" content=\"ulqini\" \/>\n\t<meta name=\"twitter:label2\" content=\"Est. reading time\" \/>\n\t<meta name=\"twitter:data2\" content=\"2 minutes\" \/>\n<script type=\"application\/ld+json\" class=\"yoast-schema-graph\">{\"@context\":\"https:\/\/schema.org\",\"@graph\":[{\"@type\":\"WebSite\",\"@id\":\"https:\/\/www.visit-ulcinj.com\/blog\/#website\",\"url\":\"https:\/\/www.visit-ulcinj.com\/blog\/\",\"name\":\"Lajme nga Ulqini\",\"description\":\"Lajme,Vijesti,Ulqini,Ulqin,Crna Gora,Mali i Zi\",\"potentialAction\":[{\"@type\":\"SearchAction\",\"target\":{\"@type\":\"EntryPoint\",\"urlTemplate\":\"https:\/\/www.visit-ulcinj.com\/blog\/?s={search_term_string}\"},\"query-input\":\"required name=search_term_string\"}],\"inLanguage\":\"en-US\"},{\"@type\":\"ImageObject\",\"inLanguage\":\"en-US\",\"@id\":\"https:\/\/www.visit-ulcinj.com\/blog\/2015\/01\/21\/karamanaga-ovako-je-pocelo-na-nasoj-kacemi\/#primaryimage\",\"url\":\"https:\/\/www.visit-ulcinj.com\/blog\/wp-content\/uploads\/2015\/01\/Ovako-je-pocelo-u-Kacemi-Ulcinj.jpg\",\"contentUrl\":\"https:\/\/www.visit-ulcinj.com\/blog\/wp-content\/uploads\/2015\/01\/Ovako-je-pocelo-u-Kacemi-Ulcinj.jpg\",\"width\":960,\"height\":720},{\"@type\":\"WebPage\",\"@id\":\"https:\/\/www.visit-ulcinj.com\/blog\/2015\/01\/21\/karamanaga-ovako-je-pocelo-na-nasoj-kacemi\/#webpage\",\"url\":\"https:\/\/www.visit-ulcinj.com\/blog\/2015\/01\/21\/karamanaga-ovako-je-pocelo-na-nasoj-kacemi\/\",\"name\":\"Karamanaga: Ovako je po\u010delo na na\u0161oj \\\"Kacemi\\\" - Lajme nga Ulqini\",\"isPartOf\":{\"@id\":\"https:\/\/www.visit-ulcinj.com\/blog\/#website\"},\"primaryImageOfPage\":{\"@id\":\"https:\/\/www.visit-ulcinj.com\/blog\/2015\/01\/21\/karamanaga-ovako-je-pocelo-na-nasoj-kacemi\/#primaryimage\"},\"datePublished\":\"2015-01-21T18:23:26+00:00\",\"dateModified\":\"2015-01-21T18:23:26+00:00\",\"author\":{\"@id\":\"https:\/\/www.visit-ulcinj.com\/blog\/#\/schema\/person\/dcab619c614d3038751c63bc2aadc06d\"},\"description\":\"Ovako je po\u010delo na na\u0161oj \\\"Kacemi\\\". Na samom po\u010detku bilo je mnogo vi\u0161e radoznalosti i interesovanja, jer na\u010din i po\u010detak gradnje je za nas bio novitet.\",\"breadcrumb\":{\"@id\":\"https:\/\/www.visit-ulcinj.com\/blog\/2015\/01\/21\/karamanaga-ovako-je-pocelo-na-nasoj-kacemi\/#breadcrumb\"},\"inLanguage\":\"en-US\",\"potentialAction\":[{\"@type\":\"ReadAction\",\"target\":[\"https:\/\/www.visit-ulcinj.com\/blog\/2015\/01\/21\/karamanaga-ovako-je-pocelo-na-nasoj-kacemi\/\"]}]},{\"@type\":\"BreadcrumbList\",\"@id\":\"https:\/\/www.visit-ulcinj.com\/blog\/2015\/01\/21\/karamanaga-ovako-je-pocelo-na-nasoj-kacemi\/#breadcrumb\",\"itemListElement\":[{\"@type\":\"ListItem\",\"position\":1,\"name\":\"Karamanaga: Ovako je po\u010delo na na\u0161oj &#8220;Kacemi&#8221;\"}]},{\"@type\":\"Person\",\"@id\":\"https:\/\/www.visit-ulcinj.com\/blog\/#\/schema\/person\/dcab619c614d3038751c63bc2aadc06d\",\"name\":\"ulqini\",\"sameAs\":[\"http:\/\/www.visit-ulcinj.com\"],\"url\":\"https:\/\/www.visit-ulcinj.com\/blog\/author\/admin\/\"}]}<\/script>\n<!-- \/ Yoast SEO plugin. -->","yoast_head_json":{"title":"Karamanaga: Ovako je po\u010delo na na\u0161oj \"Kacemi\" - Lajme nga Ulqini","description":"Ovako je po\u010delo na na\u0161oj \"Kacemi\". Na samom po\u010detku bilo je mnogo vi\u0161e radoznalosti i interesovanja, jer na\u010din i po\u010detak gradnje je za nas bio novitet.","robots":{"index":"index","follow":"follow","max-snippet":"max-snippet:-1","max-image-preview":"max-image-preview:large","max-video-preview":"max-video-preview:-1"},"canonical":"https:\/\/www.visit-ulcinj.com\/blog\/2015\/01\/21\/karamanaga-ovako-je-pocelo-na-nasoj-kacemi\/","og_locale":"en_US","og_type":"article","og_title":"Karamanaga: Ovako je po\u010delo na na\u0161oj \"Kacemi\" - Lajme nga Ulqini","og_description":"Ovako je po\u010delo na na\u0161oj \"Kacemi\". Na samom po\u010detku bilo je mnogo vi\u0161e radoznalosti i interesovanja, jer na\u010din i po\u010detak gradnje je za nas bio novitet.","og_url":"https:\/\/www.visit-ulcinj.com\/blog\/2015\/01\/21\/karamanaga-ovako-je-pocelo-na-nasoj-kacemi\/","og_site_name":"Lajme nga Ulqini","article_published_time":"2015-01-21T18:23:26+00:00","og_image":[{"url":"http:\/\/www.visit-ulcinj.com\/blog\/wp-content\/uploads\/2015\/01\/Ovako-je-pocelo-u-Kacemi-Ulcinj.jpg"}],"twitter_misc":{"Written by":"ulqini","Est. reading time":"2 minutes"},"schema":{"@context":"https:\/\/schema.org","@graph":[{"@type":"WebSite","@id":"https:\/\/www.visit-ulcinj.com\/blog\/#website","url":"https:\/\/www.visit-ulcinj.com\/blog\/","name":"Lajme nga Ulqini","description":"Lajme,Vijesti,Ulqini,Ulqin,Crna Gora,Mali i Zi","potentialAction":[{"@type":"SearchAction","target":{"@type":"EntryPoint","urlTemplate":"https:\/\/www.visit-ulcinj.com\/blog\/?s={search_term_string}"},"query-input":"required name=search_term_string"}],"inLanguage":"en-US"},{"@type":"ImageObject","inLanguage":"en-US","@id":"https:\/\/www.visit-ulcinj.com\/blog\/2015\/01\/21\/karamanaga-ovako-je-pocelo-na-nasoj-kacemi\/#primaryimage","url":"https:\/\/www.visit-ulcinj.com\/blog\/wp-content\/uploads\/2015\/01\/Ovako-je-pocelo-u-Kacemi-Ulcinj.jpg","contentUrl":"https:\/\/www.visit-ulcinj.com\/blog\/wp-content\/uploads\/2015\/01\/Ovako-je-pocelo-u-Kacemi-Ulcinj.jpg","width":960,"height":720},{"@type":"WebPage","@id":"https:\/\/www.visit-ulcinj.com\/blog\/2015\/01\/21\/karamanaga-ovako-je-pocelo-na-nasoj-kacemi\/#webpage","url":"https:\/\/www.visit-ulcinj.com\/blog\/2015\/01\/21\/karamanaga-ovako-je-pocelo-na-nasoj-kacemi\/","name":"Karamanaga: Ovako je po\u010delo na na\u0161oj \"Kacemi\" - Lajme nga Ulqini","isPartOf":{"@id":"https:\/\/www.visit-ulcinj.com\/blog\/#website"},"primaryImageOfPage":{"@id":"https:\/\/www.visit-ulcinj.com\/blog\/2015\/01\/21\/karamanaga-ovako-je-pocelo-na-nasoj-kacemi\/#primaryimage"},"datePublished":"2015-01-21T18:23:26+00:00","dateModified":"2015-01-21T18:23:26+00:00","author":{"@id":"https:\/\/www.visit-ulcinj.com\/blog\/#\/schema\/person\/dcab619c614d3038751c63bc2aadc06d"},"description":"Ovako je po\u010delo na na\u0161oj \"Kacemi\". Na samom po\u010detku bilo je mnogo vi\u0161e radoznalosti i interesovanja, jer na\u010din i po\u010detak gradnje je za nas bio novitet.","breadcrumb":{"@id":"https:\/\/www.visit-ulcinj.com\/blog\/2015\/01\/21\/karamanaga-ovako-je-pocelo-na-nasoj-kacemi\/#breadcrumb"},"inLanguage":"en-US","potentialAction":[{"@type":"ReadAction","target":["https:\/\/www.visit-ulcinj.com\/blog\/2015\/01\/21\/karamanaga-ovako-je-pocelo-na-nasoj-kacemi\/"]}]},{"@type":"BreadcrumbList","@id":"https:\/\/www.visit-ulcinj.com\/blog\/2015\/01\/21\/karamanaga-ovako-je-pocelo-na-nasoj-kacemi\/#breadcrumb","itemListElement":[{"@type":"ListItem","position":1,"name":"Karamanaga: Ovako je po\u010delo na na\u0161oj &#8220;Kacemi&#8221;"}]},{"@type":"Person","@id":"https:\/\/www.visit-ulcinj.com\/blog\/#\/schema\/person\/dcab619c614d3038751c63bc2aadc06d","name":"ulqini","sameAs":["http:\/\/www.visit-ulcinj.com"],"url":"https:\/\/www.visit-ulcinj.com\/blog\/author\/admin\/"}]}},"jetpack_featured_media_url":"","jetpack_sharing_enabled":true,"jetpack_shortlink":"https:\/\/wp.me\/pe6lTn-mUf","_links":{"self":[{"href":"https:\/\/www.visit-ulcinj.com\/blog\/wp-json\/wp\/v2\/posts\/88055"}],"collection":[{"href":"https:\/\/www.visit-ulcinj.com\/blog\/wp-json\/wp\/v2\/posts"}],"about":[{"href":"https:\/\/www.visit-ulcinj.com\/blog\/wp-json\/wp\/v2\/types\/post"}],"author":[{"embeddable":true,"href":"https:\/\/www.visit-ulcinj.com\/blog\/wp-json\/wp\/v2\/users\/1"}],"replies":[{"embeddable":true,"href":"https:\/\/www.visit-ulcinj.com\/blog\/wp-json\/wp\/v2\/comments?post=88055"}],"version-history":[{"count":1,"href":"https:\/\/www.visit-ulcinj.com\/blog\/wp-json\/wp\/v2\/posts\/88055\/revisions"}],"predecessor-version":[{"id":88057,"href":"https:\/\/www.visit-ulcinj.com\/blog\/wp-json\/wp\/v2\/posts\/88055\/revisions\/88057"}],"wp:attachment":[{"href":"https:\/\/www.visit-ulcinj.com\/blog\/wp-json\/wp\/v2\/media?parent=88055"}],"wp:term":[{"taxonomy":"category","embeddable":true,"href":"https:\/\/www.visit-ulcinj.com\/blog\/wp-json\/wp\/v2\/categories?post=88055"},{"taxonomy":"post_tag","embeddable":true,"href":"https:\/\/www.visit-ulcinj.com\/blog\/wp-json\/wp\/v2\/tags?post=88055"}],"curies":[{"name":"wp","href":"https:\/\/api.w.org\/{rel}","templated":true}]}}