{"id":88060,"date":"2015-01-22T01:03:54","date_gmt":"2015-01-22T00:03:54","guid":{"rendered":"http:\/\/www.visit-ulcinj.com\/blog\/?p=88060"},"modified":"2015-01-22T01:03:54","modified_gmt":"2015-01-22T00:03:54","slug":"art-club-te-beje-perurimin-e-librit-zhdukja-e-heshtur-te-autorit-hajredin-kovaci","status":"publish","type":"post","link":"https:\/\/www.visit-ulcinj.com\/blog\/2015\/01\/22\/art-club-te-beje-perurimin-e-librit-zhdukja-e-heshtur-te-autorit-hajredin-kovaci\/","title":{"rendered":"\u201cArt Club\u201d do t\u00eb b\u00ebj\u00eb p\u00ebrurimin e librit \u201cZhdukja e heshtur\u201d t\u00eb autorit Hajredin Kova\u00e7i."},"content":{"rendered":"<p><a href=\"http:\/\/www.visit-ulcinj.com\/blog\/wp-content\/uploads\/2015\/01\/Zhdukja-e-heshtur-t\u00eb-autorit-Hajredin-Kovaci.jpg\"><img loading=\"lazy\" class=\"alignleft wp-image-88061\" src=\"http:\/\/www.visit-ulcinj.com\/blog\/wp-content\/uploads\/2015\/01\/Zhdukja-e-heshtur-t\u00eb-autorit-Hajredin-Kovaci.jpg\" alt=\"Zhdukja e heshtur t\u00eb autorit Hajredin Kovaci\" width=\"508\" height=\"225\" srcset=\"https:\/\/www.visit-ulcinj.com\/blog\/wp-content\/uploads\/2015\/01\/Zhdukja-e-heshtur-t\u00eb-autorit-Hajredin-Kovaci.jpg 1000w, https:\/\/www.visit-ulcinj.com\/blog\/wp-content\/uploads\/2015\/01\/Zhdukja-e-heshtur-t\u00eb-autorit-Hajredin-Kovaci-300x132.jpg 300w\" sizes=\"(max-width: 508px) 100vw, 508px\" \/><\/a>Shoqata e Artist\u00ebve dhe Intelektual\u00ebve \u201cArt Club\u201d do t\u00eb b\u00ebj\u00eb p\u00ebrurimin e librit \u201cZhdukja e heshtur\u201d t\u00eb autorit Hajredin Kova\u00e7i.<\/p>\n<p>P\u00ebrurimi do t\u00eb mbahet n\u00eb sall\u00ebn e konferencave t\u00eb Hotelit \u201cMediteran\u201d, t\u00eb shtun\u00ebn, m\u00eb 24 janar 2015, n\u00eb or\u00ebn 19.00.<\/p>\n","protected":false},"excerpt":{"rendered":"<p>Shoqata e Artist\u00ebve dhe Intelektual\u00ebve \u201cArt Club\u201d do t\u00eb b\u00ebj\u00eb p\u00ebrurimin e librit \u201cZhdukja e heshtur\u201d t\u00eb autorit Hajredin Kova\u00e7i. P\u00ebrurimi do t\u00eb mbahet n\u00eb sall\u00ebn e konferencave t\u00eb Hotelit \u201cMediteran\u201d, t\u00eb shtun\u00ebn, m\u00eb 24 janar 2015, n\u00eb or\u00ebn 19.00.<\/p>\n","protected":false},"author":1,"featured_media":0,"comment_status":"closed","ping_status":"closed","sticky":false,"template":"","format":"standard","meta":{"spay_email":"","jetpack_publicize_message":"","jetpack_is_tweetstorm":false,"jetpack_publicize_feature_enabled":true},"categories":[4],"tags":[],"jetpack_publicize_connections":[],"yoast_head":"<!-- This site is optimized with the Yoast SEO plugin v19.1 - https:\/\/yoast.com\/wordpress\/plugins\/seo\/ -->\n<title>\u201cArt Club\u201d do t\u00eb b\u00ebj\u00eb p\u00ebrurimin e librit \u201cZhdukja e heshtur\u201d t\u00eb autorit Hajredin Kova\u00e7i. - Lajme nga Ulqini<\/title>\n<meta name=\"description\" content=\"Shoqata e Artist\u00ebve dhe Intelektual\u00ebve \u201cArt Club\u201d do t\u00eb b\u00ebj\u00eb p\u00ebrurimin e librit \u201cZhdukja e heshtur\u201d t\u00eb autorit Hajredin Kova\u00e7i. P\u00ebrurimi do t\u00eb mbahet n\u00eb\" \/>\n<meta name=\"robots\" content=\"index, follow, max-snippet:-1, max-image-preview:large, max-video-preview:-1\" \/>\n<link rel=\"canonical\" href=\"https:\/\/www.visit-ulcinj.com\/blog\/2015\/01\/22\/art-club-te-beje-perurimin-e-librit-zhdukja-e-heshtur-te-autorit-hajredin-kovaci\/\" \/>\n<meta property=\"og:locale\" content=\"en_US\" \/>\n<meta property=\"og:type\" content=\"article\" \/>\n<meta property=\"og:title\" content=\"\u201cArt Club\u201d do t\u00eb b\u00ebj\u00eb p\u00ebrurimin e librit \u201cZhdukja e heshtur\u201d t\u00eb autorit Hajredin Kova\u00e7i. - Lajme nga Ulqini\" \/>\n<meta property=\"og:description\" content=\"Shoqata e Artist\u00ebve dhe Intelektual\u00ebve \u201cArt Club\u201d do t\u00eb b\u00ebj\u00eb p\u00ebrurimin e librit \u201cZhdukja e heshtur\u201d t\u00eb autorit Hajredin Kova\u00e7i. P\u00ebrurimi do t\u00eb mbahet n\u00eb\" \/>\n<meta property=\"og:url\" content=\"https:\/\/www.visit-ulcinj.com\/blog\/2015\/01\/22\/art-club-te-beje-perurimin-e-librit-zhdukja-e-heshtur-te-autorit-hajredin-kovaci\/\" \/>\n<meta property=\"og:site_name\" content=\"Lajme nga Ulqini\" \/>\n<meta property=\"article:published_time\" content=\"2015-01-22T00:03:54+00:00\" \/>\n<meta name=\"twitter:label1\" content=\"Written by\" \/>\n\t<meta name=\"twitter:data1\" content=\"ulqini\" \/>\n<script type=\"application\/ld+json\" class=\"yoast-schema-graph\">{\"@context\":\"https:\/\/schema.org\",\"@graph\":[{\"@type\":\"WebSite\",\"@id\":\"https:\/\/www.visit-ulcinj.com\/blog\/#website\",\"url\":\"https:\/\/www.visit-ulcinj.com\/blog\/\",\"name\":\"Lajme nga Ulqini\",\"description\":\"Lajme,Vijesti,Ulqini,Ulqin,Crna Gora,Mali i Zi\",\"potentialAction\":[{\"@type\":\"SearchAction\",\"target\":{\"@type\":\"EntryPoint\",\"urlTemplate\":\"https:\/\/www.visit-ulcinj.com\/blog\/?s={search_term_string}\"},\"query-input\":\"required name=search_term_string\"}],\"inLanguage\":\"en-US\"},{\"@type\":\"WebPage\",\"@id\":\"https:\/\/www.visit-ulcinj.com\/blog\/2015\/01\/22\/art-club-te-beje-perurimin-e-librit-zhdukja-e-heshtur-te-autorit-hajredin-kovaci\/#webpage\",\"url\":\"https:\/\/www.visit-ulcinj.com\/blog\/2015\/01\/22\/art-club-te-beje-perurimin-e-librit-zhdukja-e-heshtur-te-autorit-hajredin-kovaci\/\",\"name\":\"\u201cArt Club\u201d do t\u00eb b\u00ebj\u00eb p\u00ebrurimin e librit \u201cZhdukja e heshtur\u201d t\u00eb autorit Hajredin Kova\u00e7i. - Lajme nga Ulqini\",\"isPartOf\":{\"@id\":\"https:\/\/www.visit-ulcinj.com\/blog\/#website\"},\"datePublished\":\"2015-01-22T00:03:54+00:00\",\"dateModified\":\"2015-01-22T00:03:54+00:00\",\"author\":{\"@id\":\"https:\/\/www.visit-ulcinj.com\/blog\/#\/schema\/person\/dcab619c614d3038751c63bc2aadc06d\"},\"description\":\"Shoqata e Artist\u00ebve dhe Intelektual\u00ebve \u201cArt Club\u201d do t\u00eb b\u00ebj\u00eb p\u00ebrurimin e librit \u201cZhdukja e heshtur\u201d t\u00eb autorit Hajredin Kova\u00e7i. P\u00ebrurimi do t\u00eb mbahet n\u00eb\",\"breadcrumb\":{\"@id\":\"https:\/\/www.visit-ulcinj.com\/blog\/2015\/01\/22\/art-club-te-beje-perurimin-e-librit-zhdukja-e-heshtur-te-autorit-hajredin-kovaci\/#breadcrumb\"},\"inLanguage\":\"en-US\",\"potentialAction\":[{\"@type\":\"ReadAction\",\"target\":[\"https:\/\/www.visit-ulcinj.com\/blog\/2015\/01\/22\/art-club-te-beje-perurimin-e-librit-zhdukja-e-heshtur-te-autorit-hajredin-kovaci\/\"]}]},{\"@type\":\"BreadcrumbList\",\"@id\":\"https:\/\/www.visit-ulcinj.com\/blog\/2015\/01\/22\/art-club-te-beje-perurimin-e-librit-zhdukja-e-heshtur-te-autorit-hajredin-kovaci\/#breadcrumb\",\"itemListElement\":[{\"@type\":\"ListItem\",\"position\":1,\"name\":\"\u201cArt Club\u201d do t\u00eb b\u00ebj\u00eb p\u00ebrurimin e librit \u201cZhdukja e heshtur\u201d t\u00eb autorit Hajredin Kova\u00e7i.\"}]},{\"@type\":\"Person\",\"@id\":\"https:\/\/www.visit-ulcinj.com\/blog\/#\/schema\/person\/dcab619c614d3038751c63bc2aadc06d\",\"name\":\"ulqini\",\"sameAs\":[\"http:\/\/www.visit-ulcinj.com\"],\"url\":\"https:\/\/www.visit-ulcinj.com\/blog\/author\/admin\/\"}]}<\/script>\n<!-- \/ Yoast SEO plugin. -->","yoast_head_json":{"title":"\u201cArt Club\u201d do t\u00eb b\u00ebj\u00eb p\u00ebrurimin e librit \u201cZhdukja e heshtur\u201d t\u00eb autorit Hajredin Kova\u00e7i. - Lajme nga Ulqini","description":"Shoqata e Artist\u00ebve dhe Intelektual\u00ebve \u201cArt Club\u201d do t\u00eb b\u00ebj\u00eb p\u00ebrurimin e librit \u201cZhdukja e heshtur\u201d t\u00eb autorit Hajredin Kova\u00e7i. P\u00ebrurimi do t\u00eb mbahet n\u00eb","robots":{"index":"index","follow":"follow","max-snippet":"max-snippet:-1","max-image-preview":"max-image-preview:large","max-video-preview":"max-video-preview:-1"},"canonical":"https:\/\/www.visit-ulcinj.com\/blog\/2015\/01\/22\/art-club-te-beje-perurimin-e-librit-zhdukja-e-heshtur-te-autorit-hajredin-kovaci\/","og_locale":"en_US","og_type":"article","og_title":"\u201cArt Club\u201d do t\u00eb b\u00ebj\u00eb p\u00ebrurimin e librit \u201cZhdukja e heshtur\u201d t\u00eb autorit Hajredin Kova\u00e7i. - Lajme nga Ulqini","og_description":"Shoqata e Artist\u00ebve dhe Intelektual\u00ebve \u201cArt Club\u201d do t\u00eb b\u00ebj\u00eb p\u00ebrurimin e librit \u201cZhdukja e heshtur\u201d t\u00eb autorit Hajredin Kova\u00e7i. P\u00ebrurimi do t\u00eb mbahet n\u00eb","og_url":"https:\/\/www.visit-ulcinj.com\/blog\/2015\/01\/22\/art-club-te-beje-perurimin-e-librit-zhdukja-e-heshtur-te-autorit-hajredin-kovaci\/","og_site_name":"Lajme nga Ulqini","article_published_time":"2015-01-22T00:03:54+00:00","twitter_misc":{"Written by":"ulqini"},"schema":{"@context":"https:\/\/schema.org","@graph":[{"@type":"WebSite","@id":"https:\/\/www.visit-ulcinj.com\/blog\/#website","url":"https:\/\/www.visit-ulcinj.com\/blog\/","name":"Lajme nga Ulqini","description":"Lajme,Vijesti,Ulqini,Ulqin,Crna Gora,Mali i Zi","potentialAction":[{"@type":"SearchAction","target":{"@type":"EntryPoint","urlTemplate":"https:\/\/www.visit-ulcinj.com\/blog\/?s={search_term_string}"},"query-input":"required name=search_term_string"}],"inLanguage":"en-US"},{"@type":"WebPage","@id":"https:\/\/www.visit-ulcinj.com\/blog\/2015\/01\/22\/art-club-te-beje-perurimin-e-librit-zhdukja-e-heshtur-te-autorit-hajredin-kovaci\/#webpage","url":"https:\/\/www.visit-ulcinj.com\/blog\/2015\/01\/22\/art-club-te-beje-perurimin-e-librit-zhdukja-e-heshtur-te-autorit-hajredin-kovaci\/","name":"\u201cArt Club\u201d do t\u00eb b\u00ebj\u00eb p\u00ebrurimin e librit \u201cZhdukja e heshtur\u201d t\u00eb autorit Hajredin Kova\u00e7i. - Lajme nga Ulqini","isPartOf":{"@id":"https:\/\/www.visit-ulcinj.com\/blog\/#website"},"datePublished":"2015-01-22T00:03:54+00:00","dateModified":"2015-01-22T00:03:54+00:00","author":{"@id":"https:\/\/www.visit-ulcinj.com\/blog\/#\/schema\/person\/dcab619c614d3038751c63bc2aadc06d"},"description":"Shoqata e Artist\u00ebve dhe Intelektual\u00ebve \u201cArt Club\u201d do t\u00eb b\u00ebj\u00eb p\u00ebrurimin e librit \u201cZhdukja e heshtur\u201d t\u00eb autorit Hajredin Kova\u00e7i. P\u00ebrurimi do t\u00eb mbahet n\u00eb","breadcrumb":{"@id":"https:\/\/www.visit-ulcinj.com\/blog\/2015\/01\/22\/art-club-te-beje-perurimin-e-librit-zhdukja-e-heshtur-te-autorit-hajredin-kovaci\/#breadcrumb"},"inLanguage":"en-US","potentialAction":[{"@type":"ReadAction","target":["https:\/\/www.visit-ulcinj.com\/blog\/2015\/01\/22\/art-club-te-beje-perurimin-e-librit-zhdukja-e-heshtur-te-autorit-hajredin-kovaci\/"]}]},{"@type":"BreadcrumbList","@id":"https:\/\/www.visit-ulcinj.com\/blog\/2015\/01\/22\/art-club-te-beje-perurimin-e-librit-zhdukja-e-heshtur-te-autorit-hajredin-kovaci\/#breadcrumb","itemListElement":[{"@type":"ListItem","position":1,"name":"\u201cArt Club\u201d do t\u00eb b\u00ebj\u00eb p\u00ebrurimin e librit \u201cZhdukja e heshtur\u201d t\u00eb autorit Hajredin Kova\u00e7i."}]},{"@type":"Person","@id":"https:\/\/www.visit-ulcinj.com\/blog\/#\/schema\/person\/dcab619c614d3038751c63bc2aadc06d","name":"ulqini","sameAs":["http:\/\/www.visit-ulcinj.com"],"url":"https:\/\/www.visit-ulcinj.com\/blog\/author\/admin\/"}]}},"jetpack_featured_media_url":"","jetpack_sharing_enabled":true,"jetpack_shortlink":"https:\/\/wp.me\/pe6lTn-mUk","_links":{"self":[{"href":"https:\/\/www.visit-ulcinj.com\/blog\/wp-json\/wp\/v2\/posts\/88060"}],"collection":[{"href":"https:\/\/www.visit-ulcinj.com\/blog\/wp-json\/wp\/v2\/posts"}],"about":[{"href":"https:\/\/www.visit-ulcinj.com\/blog\/wp-json\/wp\/v2\/types\/post"}],"author":[{"embeddable":true,"href":"https:\/\/www.visit-ulcinj.com\/blog\/wp-json\/wp\/v2\/users\/1"}],"replies":[{"embeddable":true,"href":"https:\/\/www.visit-ulcinj.com\/blog\/wp-json\/wp\/v2\/comments?post=88060"}],"version-history":[{"count":1,"href":"https:\/\/www.visit-ulcinj.com\/blog\/wp-json\/wp\/v2\/posts\/88060\/revisions"}],"predecessor-version":[{"id":88062,"href":"https:\/\/www.visit-ulcinj.com\/blog\/wp-json\/wp\/v2\/posts\/88060\/revisions\/88062"}],"wp:attachment":[{"href":"https:\/\/www.visit-ulcinj.com\/blog\/wp-json\/wp\/v2\/media?parent=88060"}],"wp:term":[{"taxonomy":"category","embeddable":true,"href":"https:\/\/www.visit-ulcinj.com\/blog\/wp-json\/wp\/v2\/categories?post=88060"},{"taxonomy":"post_tag","embeddable":true,"href":"https:\/\/www.visit-ulcinj.com\/blog\/wp-json\/wp\/v2\/tags?post=88060"}],"curies":[{"name":"wp","href":"https:\/\/api.w.org\/{rel}","templated":true}]}}