{"id":88070,"date":"2015-01-22T10:05:14","date_gmt":"2015-01-22T09:05:14","guid":{"rendered":"http:\/\/www.visit-ulcinj.com\/blog\/?p=88070"},"modified":"2015-01-22T10:07:49","modified_gmt":"2015-01-22T09:07:49","slug":"demiri-komisioni-per-vleresimin-e-demeve","status":"publish","type":"post","link":"https:\/\/www.visit-ulcinj.com\/blog\/2015\/01\/22\/demiri-komisioni-per-vleresimin-e-demeve\/","title":{"rendered":"Demiri: Komisioni p\u00ebr vler\u00ebsimin e d\u00ebmeve natyrore n\u00eb An\u00eb t\u00eb Malit jo transparent"},"content":{"rendered":"<p><a href=\"http:\/\/www.visit-ulcinj.com\/blog\/wp-content\/uploads\/2015\/01\/Valdet-Demiri.jpg\"><img loading=\"lazy\" class=\"alignleft wp-image-88072 size-thumbnail\" src=\"http:\/\/www.visit-ulcinj.com\/blog\/wp-content\/uploads\/2015\/01\/Valdet-Demiri-150x150.jpg\" alt=\"Valdet Demiri\" width=\"150\" height=\"150\" srcset=\"https:\/\/www.visit-ulcinj.com\/blog\/wp-content\/uploads\/2015\/01\/Valdet-Demiri-150x150.jpg 150w, https:\/\/www.visit-ulcinj.com\/blog\/wp-content\/uploads\/2015\/01\/Valdet-Demiri-300x300.jpg 300w, https:\/\/www.visit-ulcinj.com\/blog\/wp-content\/uploads\/2015\/01\/Valdet-Demiri.jpg 960w\" sizes=\"(max-width: 150px) 100vw, 150px\" \/><\/a>Kur jane votimet, politika e sotit vjen neper cdo shtepi per te pyetur njerzit per problemet qe kane. Ndersa kur ndodhe ndonje fatkeqesi natyrore per demet e bera pushtetaret e ngrisin komisonin qe te dalin ne teren per te verifiku problemet qe jane shkaktuar. Kurse komisioni i nderuar shkon e verifikon problemet e hamendesuara e jo ato qe me te vertet jane shkaktuar nga fatkeqsite natyrore. Pra me nje fjale shkojne e verifikojne te shendoshtin e jo ate me probleme.<br \/>\nKeshtu <span class=\"text_exposed_show\">ka ndodhur edhe ne kohen e bresherit para disa viteve qe u prishen shume sera, e shumica e atyre qe fituan ishin ato familje qe s&#8217;kishin pasur deme ose me shkurt qe s&#8217;kishin pas as sera. E njejta gje ndodhe edhe me fatkeqesin e ndodhur para disa diteve ku komisioni i ngritur per verifikimin e problemeveve te ndodhura me shume shpija u vizituan qe skishin asnje problem ndersa ato qe kishin probleme nuk u vizituan nga komisioni i nderuar. <\/span><\/p>\n<p><span class=\"text_exposed_show\"><br \/>\nVALLE A DO MESOHEMI NDONJEHERE QE TE JEMI KORREKT DHE TE DREJTE NE PUNE.<\/span><\/p>\n<p><strong><a id=\"js_y\" href=\"https:\/\/www.facebook.com\/valdet.demiri?fref=photo\" data-hovercard=\"\/ajax\/hovercard\/user.php?id=100001093061381\">Valdet Demiri<\/a> Facebook<\/strong><\/p>\n","protected":false},"excerpt":{"rendered":"<p>Kur jane votimet, politika e sotit vjen neper cdo shtepi per te pyetur njerzit per problemet qe kane. Ndersa kur ndodhe ndonje fatkeqesi natyrore per demet e bera pushtetaret e ngrisin komisonin qe te dalin ne teren per te verifiku problemet qe jane shkaktuar. Kurse komisioni i nderuar shkon e verifikon problemet e hamendesuara e [&hellip;]<\/p>\n","protected":false},"author":1,"featured_media":0,"comment_status":"closed","ping_status":"closed","sticky":false,"template":"","format":"standard","meta":{"spay_email":"","jetpack_publicize_message":"","jetpack_is_tweetstorm":false,"jetpack_publicize_feature_enabled":true},"categories":[14],"tags":[],"jetpack_publicize_connections":[],"yoast_head":"<!-- This site is optimized with the Yoast SEO plugin v19.1 - https:\/\/yoast.com\/wordpress\/plugins\/seo\/ -->\n<title>Demiri: Komisioni p\u00ebr vler\u00ebsimin e d\u00ebmeve natyrore n\u00eb An\u00eb t\u00eb Malit jo transparent - Lajme nga Ulqini<\/title>\n<meta name=\"description\" content=\"Kur jane votimet, politika e sotit vjen neper cdo shtepi per te pyetur njerzit per problemet qe kane. Ndersa kur ndodhe ndonje fatkeqesi natyrore per\" \/>\n<meta name=\"robots\" content=\"index, follow, max-snippet:-1, max-image-preview:large, max-video-preview:-1\" \/>\n<link rel=\"canonical\" href=\"https:\/\/www.visit-ulcinj.com\/blog\/2015\/01\/22\/demiri-komisioni-per-vleresimin-e-demeve\/\" \/>\n<meta property=\"og:locale\" content=\"en_US\" \/>\n<meta property=\"og:type\" content=\"article\" \/>\n<meta property=\"og:title\" content=\"Demiri: Komisioni p\u00ebr vler\u00ebsimin e d\u00ebmeve natyrore n\u00eb An\u00eb t\u00eb Malit jo transparent - Lajme nga Ulqini\" \/>\n<meta property=\"og:description\" content=\"Kur jane votimet, politika e sotit vjen neper cdo shtepi per te pyetur njerzit per problemet qe kane. Ndersa kur ndodhe ndonje fatkeqesi natyrore per\" \/>\n<meta property=\"og:url\" content=\"https:\/\/www.visit-ulcinj.com\/blog\/2015\/01\/22\/demiri-komisioni-per-vleresimin-e-demeve\/\" \/>\n<meta property=\"og:site_name\" content=\"Lajme nga Ulqini\" \/>\n<meta property=\"article:published_time\" content=\"2015-01-22T09:05:14+00:00\" \/>\n<meta property=\"article:modified_time\" content=\"2015-01-22T09:07:49+00:00\" \/>\n<meta property=\"og:image\" content=\"http:\/\/www.visit-ulcinj.com\/blog\/wp-content\/uploads\/2015\/01\/Valdet-Demiri-150x150.jpg\" \/>\n<meta name=\"twitter:label1\" content=\"Written by\" \/>\n\t<meta name=\"twitter:data1\" content=\"ulqini\" \/>\n\t<meta name=\"twitter:label2\" content=\"Est. reading time\" \/>\n\t<meta name=\"twitter:data2\" content=\"1 minute\" \/>\n<script type=\"application\/ld+json\" class=\"yoast-schema-graph\">{\"@context\":\"https:\/\/schema.org\",\"@graph\":[{\"@type\":\"WebSite\",\"@id\":\"https:\/\/www.visit-ulcinj.com\/blog\/#website\",\"url\":\"https:\/\/www.visit-ulcinj.com\/blog\/\",\"name\":\"Lajme nga Ulqini\",\"description\":\"Lajme,Vijesti,Ulqini,Ulqin,Crna Gora,Mali i Zi\",\"potentialAction\":[{\"@type\":\"SearchAction\",\"target\":{\"@type\":\"EntryPoint\",\"urlTemplate\":\"https:\/\/www.visit-ulcinj.com\/blog\/?s={search_term_string}\"},\"query-input\":\"required name=search_term_string\"}],\"inLanguage\":\"en-US\"},{\"@type\":\"ImageObject\",\"inLanguage\":\"en-US\",\"@id\":\"https:\/\/www.visit-ulcinj.com\/blog\/2015\/01\/22\/demiri-komisioni-per-vleresimin-e-demeve\/#primaryimage\",\"url\":\"https:\/\/www.visit-ulcinj.com\/blog\/wp-content\/uploads\/2015\/01\/Valdet-Demiri.jpg\",\"contentUrl\":\"https:\/\/www.visit-ulcinj.com\/blog\/wp-content\/uploads\/2015\/01\/Valdet-Demiri.jpg\",\"width\":960,\"height\":960},{\"@type\":\"WebPage\",\"@id\":\"https:\/\/www.visit-ulcinj.com\/blog\/2015\/01\/22\/demiri-komisioni-per-vleresimin-e-demeve\/#webpage\",\"url\":\"https:\/\/www.visit-ulcinj.com\/blog\/2015\/01\/22\/demiri-komisioni-per-vleresimin-e-demeve\/\",\"name\":\"Demiri: Komisioni p\u00ebr vler\u00ebsimin e d\u00ebmeve natyrore n\u00eb An\u00eb t\u00eb Malit jo transparent - Lajme nga Ulqini\",\"isPartOf\":{\"@id\":\"https:\/\/www.visit-ulcinj.com\/blog\/#website\"},\"primaryImageOfPage\":{\"@id\":\"https:\/\/www.visit-ulcinj.com\/blog\/2015\/01\/22\/demiri-komisioni-per-vleresimin-e-demeve\/#primaryimage\"},\"datePublished\":\"2015-01-22T09:05:14+00:00\",\"dateModified\":\"2015-01-22T09:07:49+00:00\",\"author\":{\"@id\":\"https:\/\/www.visit-ulcinj.com\/blog\/#\/schema\/person\/dcab619c614d3038751c63bc2aadc06d\"},\"description\":\"Kur jane votimet, politika e sotit vjen neper cdo shtepi per te pyetur njerzit per problemet qe kane. Ndersa kur ndodhe ndonje fatkeqesi natyrore per\",\"breadcrumb\":{\"@id\":\"https:\/\/www.visit-ulcinj.com\/blog\/2015\/01\/22\/demiri-komisioni-per-vleresimin-e-demeve\/#breadcrumb\"},\"inLanguage\":\"en-US\",\"potentialAction\":[{\"@type\":\"ReadAction\",\"target\":[\"https:\/\/www.visit-ulcinj.com\/blog\/2015\/01\/22\/demiri-komisioni-per-vleresimin-e-demeve\/\"]}]},{\"@type\":\"BreadcrumbList\",\"@id\":\"https:\/\/www.visit-ulcinj.com\/blog\/2015\/01\/22\/demiri-komisioni-per-vleresimin-e-demeve\/#breadcrumb\",\"itemListElement\":[{\"@type\":\"ListItem\",\"position\":1,\"name\":\"Demiri: Komisioni p\u00ebr vler\u00ebsimin e d\u00ebmeve natyrore n\u00eb An\u00eb t\u00eb Malit jo transparent\"}]},{\"@type\":\"Person\",\"@id\":\"https:\/\/www.visit-ulcinj.com\/blog\/#\/schema\/person\/dcab619c614d3038751c63bc2aadc06d\",\"name\":\"ulqini\",\"sameAs\":[\"http:\/\/www.visit-ulcinj.com\"],\"url\":\"https:\/\/www.visit-ulcinj.com\/blog\/author\/admin\/\"}]}<\/script>\n<!-- \/ Yoast SEO plugin. -->","yoast_head_json":{"title":"Demiri: Komisioni p\u00ebr vler\u00ebsimin e d\u00ebmeve natyrore n\u00eb An\u00eb t\u00eb Malit jo transparent - Lajme nga Ulqini","description":"Kur jane votimet, politika e sotit vjen neper cdo shtepi per te pyetur njerzit per problemet qe kane. Ndersa kur ndodhe ndonje fatkeqesi natyrore per","robots":{"index":"index","follow":"follow","max-snippet":"max-snippet:-1","max-image-preview":"max-image-preview:large","max-video-preview":"max-video-preview:-1"},"canonical":"https:\/\/www.visit-ulcinj.com\/blog\/2015\/01\/22\/demiri-komisioni-per-vleresimin-e-demeve\/","og_locale":"en_US","og_type":"article","og_title":"Demiri: Komisioni p\u00ebr vler\u00ebsimin e d\u00ebmeve natyrore n\u00eb An\u00eb t\u00eb Malit jo transparent - Lajme nga Ulqini","og_description":"Kur jane votimet, politika e sotit vjen neper cdo shtepi per te pyetur njerzit per problemet qe kane. Ndersa kur ndodhe ndonje fatkeqesi natyrore per","og_url":"https:\/\/www.visit-ulcinj.com\/blog\/2015\/01\/22\/demiri-komisioni-per-vleresimin-e-demeve\/","og_site_name":"Lajme nga Ulqini","article_published_time":"2015-01-22T09:05:14+00:00","article_modified_time":"2015-01-22T09:07:49+00:00","og_image":[{"url":"http:\/\/www.visit-ulcinj.com\/blog\/wp-content\/uploads\/2015\/01\/Valdet-Demiri-150x150.jpg"}],"twitter_misc":{"Written by":"ulqini","Est. reading time":"1 minute"},"schema":{"@context":"https:\/\/schema.org","@graph":[{"@type":"WebSite","@id":"https:\/\/www.visit-ulcinj.com\/blog\/#website","url":"https:\/\/www.visit-ulcinj.com\/blog\/","name":"Lajme nga Ulqini","description":"Lajme,Vijesti,Ulqini,Ulqin,Crna Gora,Mali i Zi","potentialAction":[{"@type":"SearchAction","target":{"@type":"EntryPoint","urlTemplate":"https:\/\/www.visit-ulcinj.com\/blog\/?s={search_term_string}"},"query-input":"required name=search_term_string"}],"inLanguage":"en-US"},{"@type":"ImageObject","inLanguage":"en-US","@id":"https:\/\/www.visit-ulcinj.com\/blog\/2015\/01\/22\/demiri-komisioni-per-vleresimin-e-demeve\/#primaryimage","url":"https:\/\/www.visit-ulcinj.com\/blog\/wp-content\/uploads\/2015\/01\/Valdet-Demiri.jpg","contentUrl":"https:\/\/www.visit-ulcinj.com\/blog\/wp-content\/uploads\/2015\/01\/Valdet-Demiri.jpg","width":960,"height":960},{"@type":"WebPage","@id":"https:\/\/www.visit-ulcinj.com\/blog\/2015\/01\/22\/demiri-komisioni-per-vleresimin-e-demeve\/#webpage","url":"https:\/\/www.visit-ulcinj.com\/blog\/2015\/01\/22\/demiri-komisioni-per-vleresimin-e-demeve\/","name":"Demiri: Komisioni p\u00ebr vler\u00ebsimin e d\u00ebmeve natyrore n\u00eb An\u00eb t\u00eb Malit jo transparent - Lajme nga Ulqini","isPartOf":{"@id":"https:\/\/www.visit-ulcinj.com\/blog\/#website"},"primaryImageOfPage":{"@id":"https:\/\/www.visit-ulcinj.com\/blog\/2015\/01\/22\/demiri-komisioni-per-vleresimin-e-demeve\/#primaryimage"},"datePublished":"2015-01-22T09:05:14+00:00","dateModified":"2015-01-22T09:07:49+00:00","author":{"@id":"https:\/\/www.visit-ulcinj.com\/blog\/#\/schema\/person\/dcab619c614d3038751c63bc2aadc06d"},"description":"Kur jane votimet, politika e sotit vjen neper cdo shtepi per te pyetur njerzit per problemet qe kane. Ndersa kur ndodhe ndonje fatkeqesi natyrore per","breadcrumb":{"@id":"https:\/\/www.visit-ulcinj.com\/blog\/2015\/01\/22\/demiri-komisioni-per-vleresimin-e-demeve\/#breadcrumb"},"inLanguage":"en-US","potentialAction":[{"@type":"ReadAction","target":["https:\/\/www.visit-ulcinj.com\/blog\/2015\/01\/22\/demiri-komisioni-per-vleresimin-e-demeve\/"]}]},{"@type":"BreadcrumbList","@id":"https:\/\/www.visit-ulcinj.com\/blog\/2015\/01\/22\/demiri-komisioni-per-vleresimin-e-demeve\/#breadcrumb","itemListElement":[{"@type":"ListItem","position":1,"name":"Demiri: Komisioni p\u00ebr vler\u00ebsimin e d\u00ebmeve natyrore n\u00eb An\u00eb t\u00eb Malit jo transparent"}]},{"@type":"Person","@id":"https:\/\/www.visit-ulcinj.com\/blog\/#\/schema\/person\/dcab619c614d3038751c63bc2aadc06d","name":"ulqini","sameAs":["http:\/\/www.visit-ulcinj.com"],"url":"https:\/\/www.visit-ulcinj.com\/blog\/author\/admin\/"}]}},"jetpack_featured_media_url":"","jetpack_sharing_enabled":true,"jetpack_shortlink":"https:\/\/wp.me\/pe6lTn-mUu","_links":{"self":[{"href":"https:\/\/www.visit-ulcinj.com\/blog\/wp-json\/wp\/v2\/posts\/88070"}],"collection":[{"href":"https:\/\/www.visit-ulcinj.com\/blog\/wp-json\/wp\/v2\/posts"}],"about":[{"href":"https:\/\/www.visit-ulcinj.com\/blog\/wp-json\/wp\/v2\/types\/post"}],"author":[{"embeddable":true,"href":"https:\/\/www.visit-ulcinj.com\/blog\/wp-json\/wp\/v2\/users\/1"}],"replies":[{"embeddable":true,"href":"https:\/\/www.visit-ulcinj.com\/blog\/wp-json\/wp\/v2\/comments?post=88070"}],"version-history":[{"count":2,"href":"https:\/\/www.visit-ulcinj.com\/blog\/wp-json\/wp\/v2\/posts\/88070\/revisions"}],"predecessor-version":[{"id":88073,"href":"https:\/\/www.visit-ulcinj.com\/blog\/wp-json\/wp\/v2\/posts\/88070\/revisions\/88073"}],"wp:attachment":[{"href":"https:\/\/www.visit-ulcinj.com\/blog\/wp-json\/wp\/v2\/media?parent=88070"}],"wp:term":[{"taxonomy":"category","embeddable":true,"href":"https:\/\/www.visit-ulcinj.com\/blog\/wp-json\/wp\/v2\/categories?post=88070"},{"taxonomy":"post_tag","embeddable":true,"href":"https:\/\/www.visit-ulcinj.com\/blog\/wp-json\/wp\/v2\/tags?post=88070"}],"curies":[{"name":"wp","href":"https:\/\/api.w.org\/{rel}","templated":true}]}}