{"id":88074,"date":"2015-01-22T10:11:30","date_gmt":"2015-01-22T09:11:30","guid":{"rendered":"http:\/\/www.visit-ulcinj.com\/blog\/?p=88074"},"modified":"2015-01-22T10:11:30","modified_gmt":"2015-01-22T09:11:30","slug":"mustafa-demet-te-medha-se-pritshmeria","status":"publish","type":"post","link":"https:\/\/www.visit-ulcinj.com\/blog\/2015\/01\/22\/mustafa-demet-te-medha-se-pritshmeria\/","title":{"rendered":"Mustafa:  D\u00ebmet m\u00eb t\u00eb m\u00ebdha se pritshm\u00ebria"},"content":{"rendered":"<p><a href=\"http:\/\/www.visit-ulcinj.com\/blog\/wp-content\/uploads\/2013\/12\/Miljazim-Mustafa.jpg\"><img loading=\"lazy\" class=\"alignleft wp-image-77370 size-full\" src=\"http:\/\/www.visit-ulcinj.com\/blog\/wp-content\/uploads\/2013\/12\/Miljazim-Mustafa.jpg\" alt=\"Miljazim Mustafa\" width=\"508\" height=\"337\" srcset=\"https:\/\/www.visit-ulcinj.com\/blog\/wp-content\/uploads\/2013\/12\/Miljazim-Mustafa.jpg 508w, https:\/\/www.visit-ulcinj.com\/blog\/wp-content\/uploads\/2013\/12\/Miljazim-Mustafa-300x199.jpg 300w\" sizes=\"(max-width: 508px) 100vw, 508px\" \/><\/a>Pasojat nga era e fort\u00eb q\u00eb ka prekur zon\u00ebn e An\u00ebs s\u00eb Malit t\u00eb diel\u00ebn mbr\u00ebma me 11 janar, jan\u00eb shum\u00eb m\u00eb t\u00eb m\u00ebdha se \u00e7 kemi menduar-deklaroi p\u00ebr televizion Teuta, kryetari i komisionit p\u00ebr vler\u00ebsimin e d\u00ebmeve nga fatkeq\u00ebsit\u00eb elementare \u2013Milazim Mustafa, raporton Portali Tv Teuta.<\/p>\n<p>\u201cGjer m\u00eb tani n\u00eb sekretariatin ton\u00eb kan\u00eb arritur mbi 125 k\u00ebrkesa,ku jan\u00eb kryer 90 \u2013t\u00eb.Kemi pritur q\u00eb t\u00eb kemi shum\u00eb m\u00eb pak d\u00ebme,po si duket d\u00ebmet jan\u00eb shum\u00eb m\u00eb t\u00eb m\u00ebdha nga pritshm\u00ebria jon\u00eb\u201c-shprehet Mustafa<\/p>\n<p>Komisioni akoma \u00ebsht\u00eb n\u00eb terren duke evituar d\u00ebmet e shkatuara k\u00ebshtu q\u00eb presim edhe t\u00eb rritet numri i k\u00ebrkesave.Vler\u00ebsimi i d\u00ebmeve poashtu pritet t\u00eb b\u00ebhet shum\u00eb shpejt.<\/p>\n","protected":false},"excerpt":{"rendered":"<p>Pasojat nga era e fort\u00eb q\u00eb ka prekur zon\u00ebn e An\u00ebs s\u00eb Malit t\u00eb diel\u00ebn mbr\u00ebma me 11 janar, jan\u00eb shum\u00eb m\u00eb t\u00eb m\u00ebdha se \u00e7 kemi menduar-deklaroi p\u00ebr televizion Teuta, kryetari i komisionit p\u00ebr vler\u00ebsimin e d\u00ebmeve nga fatkeq\u00ebsit\u00eb elementare \u2013Milazim Mustafa, raporton Portali Tv Teuta. \u201cGjer m\u00eb tani n\u00eb sekretariatin ton\u00eb kan\u00eb arritur [&hellip;]<\/p>\n","protected":false},"author":1,"featured_media":0,"comment_status":"closed","ping_status":"closed","sticky":false,"template":"","format":"standard","meta":{"spay_email":"","jetpack_publicize_message":"","jetpack_is_tweetstorm":false,"jetpack_publicize_feature_enabled":true},"categories":[6950],"tags":[],"jetpack_publicize_connections":[],"yoast_head":"<!-- This site is optimized with the Yoast SEO plugin v19.1 - https:\/\/yoast.com\/wordpress\/plugins\/seo\/ -->\n<title>Mustafa: D\u00ebmet m\u00eb t\u00eb m\u00ebdha se pritshm\u00ebria - Lajme nga Ulqini<\/title>\n<meta name=\"description\" content=\"Pasojat nga era e fort\u00eb q\u00eb ka prekur zon\u00ebn e An\u00ebs s\u00eb Malit t\u00eb diel\u00ebn mbr\u00ebma me 11 janar, jan\u00eb shum\u00eb m\u00eb t\u00eb m\u00ebdha se \u00e7 kemi menduar-deklaroi p\u00ebr televizion\" \/>\n<meta name=\"robots\" content=\"index, follow, max-snippet:-1, max-image-preview:large, max-video-preview:-1\" \/>\n<link rel=\"canonical\" href=\"https:\/\/www.visit-ulcinj.com\/blog\/2015\/01\/22\/mustafa-demet-te-medha-se-pritshmeria\/\" \/>\n<meta property=\"og:locale\" content=\"en_US\" \/>\n<meta property=\"og:type\" content=\"article\" \/>\n<meta property=\"og:title\" content=\"Mustafa: D\u00ebmet m\u00eb t\u00eb m\u00ebdha se pritshm\u00ebria - Lajme nga Ulqini\" \/>\n<meta property=\"og:description\" content=\"Pasojat nga era e fort\u00eb q\u00eb ka prekur zon\u00ebn e An\u00ebs s\u00eb Malit t\u00eb diel\u00ebn mbr\u00ebma me 11 janar, jan\u00eb shum\u00eb m\u00eb t\u00eb m\u00ebdha se \u00e7 kemi menduar-deklaroi p\u00ebr televizion\" \/>\n<meta property=\"og:url\" content=\"https:\/\/www.visit-ulcinj.com\/blog\/2015\/01\/22\/mustafa-demet-te-medha-se-pritshmeria\/\" \/>\n<meta property=\"og:site_name\" content=\"Lajme nga Ulqini\" \/>\n<meta property=\"article:published_time\" content=\"2015-01-22T09:11:30+00:00\" \/>\n<meta property=\"og:image\" content=\"http:\/\/www.visit-ulcinj.com\/blog\/wp-content\/uploads\/2013\/12\/Miljazim-Mustafa.jpg\" \/>\n<meta name=\"twitter:label1\" content=\"Written by\" \/>\n\t<meta name=\"twitter:data1\" content=\"ulqini\" \/>\n\t<meta name=\"twitter:label2\" content=\"Est. reading time\" \/>\n\t<meta name=\"twitter:data2\" content=\"1 minute\" \/>\n<script type=\"application\/ld+json\" class=\"yoast-schema-graph\">{\"@context\":\"https:\/\/schema.org\",\"@graph\":[{\"@type\":\"WebSite\",\"@id\":\"https:\/\/www.visit-ulcinj.com\/blog\/#website\",\"url\":\"https:\/\/www.visit-ulcinj.com\/blog\/\",\"name\":\"Lajme nga Ulqini\",\"description\":\"Lajme,Vijesti,Ulqini,Ulqin,Crna Gora,Mali i Zi\",\"potentialAction\":[{\"@type\":\"SearchAction\",\"target\":{\"@type\":\"EntryPoint\",\"urlTemplate\":\"https:\/\/www.visit-ulcinj.com\/blog\/?s={search_term_string}\"},\"query-input\":\"required name=search_term_string\"}],\"inLanguage\":\"en-US\"},{\"@type\":\"ImageObject\",\"inLanguage\":\"en-US\",\"@id\":\"https:\/\/www.visit-ulcinj.com\/blog\/2015\/01\/22\/mustafa-demet-te-medha-se-pritshmeria\/#primaryimage\",\"url\":\"https:\/\/www.visit-ulcinj.com\/blog\/wp-content\/uploads\/2013\/12\/Miljazim-Mustafa.jpg\",\"contentUrl\":\"https:\/\/www.visit-ulcinj.com\/blog\/wp-content\/uploads\/2013\/12\/Miljazim-Mustafa.jpg\",\"width\":508,\"height\":337},{\"@type\":\"WebPage\",\"@id\":\"https:\/\/www.visit-ulcinj.com\/blog\/2015\/01\/22\/mustafa-demet-te-medha-se-pritshmeria\/#webpage\",\"url\":\"https:\/\/www.visit-ulcinj.com\/blog\/2015\/01\/22\/mustafa-demet-te-medha-se-pritshmeria\/\",\"name\":\"Mustafa: D\u00ebmet m\u00eb t\u00eb m\u00ebdha se pritshm\u00ebria - Lajme nga Ulqini\",\"isPartOf\":{\"@id\":\"https:\/\/www.visit-ulcinj.com\/blog\/#website\"},\"primaryImageOfPage\":{\"@id\":\"https:\/\/www.visit-ulcinj.com\/blog\/2015\/01\/22\/mustafa-demet-te-medha-se-pritshmeria\/#primaryimage\"},\"datePublished\":\"2015-01-22T09:11:30+00:00\",\"dateModified\":\"2015-01-22T09:11:30+00:00\",\"author\":{\"@id\":\"https:\/\/www.visit-ulcinj.com\/blog\/#\/schema\/person\/dcab619c614d3038751c63bc2aadc06d\"},\"description\":\"Pasojat nga era e fort\u00eb q\u00eb ka prekur zon\u00ebn e An\u00ebs s\u00eb Malit t\u00eb diel\u00ebn mbr\u00ebma me 11 janar, jan\u00eb shum\u00eb m\u00eb t\u00eb m\u00ebdha se \u00e7 kemi menduar-deklaroi p\u00ebr televizion\",\"breadcrumb\":{\"@id\":\"https:\/\/www.visit-ulcinj.com\/blog\/2015\/01\/22\/mustafa-demet-te-medha-se-pritshmeria\/#breadcrumb\"},\"inLanguage\":\"en-US\",\"potentialAction\":[{\"@type\":\"ReadAction\",\"target\":[\"https:\/\/www.visit-ulcinj.com\/blog\/2015\/01\/22\/mustafa-demet-te-medha-se-pritshmeria\/\"]}]},{\"@type\":\"BreadcrumbList\",\"@id\":\"https:\/\/www.visit-ulcinj.com\/blog\/2015\/01\/22\/mustafa-demet-te-medha-se-pritshmeria\/#breadcrumb\",\"itemListElement\":[{\"@type\":\"ListItem\",\"position\":1,\"name\":\"Mustafa: D\u00ebmet m\u00eb t\u00eb m\u00ebdha se pritshm\u00ebria\"}]},{\"@type\":\"Person\",\"@id\":\"https:\/\/www.visit-ulcinj.com\/blog\/#\/schema\/person\/dcab619c614d3038751c63bc2aadc06d\",\"name\":\"ulqini\",\"sameAs\":[\"http:\/\/www.visit-ulcinj.com\"],\"url\":\"https:\/\/www.visit-ulcinj.com\/blog\/author\/admin\/\"}]}<\/script>\n<!-- \/ Yoast SEO plugin. -->","yoast_head_json":{"title":"Mustafa: D\u00ebmet m\u00eb t\u00eb m\u00ebdha se pritshm\u00ebria - Lajme nga Ulqini","description":"Pasojat nga era e fort\u00eb q\u00eb ka prekur zon\u00ebn e An\u00ebs s\u00eb Malit t\u00eb diel\u00ebn mbr\u00ebma me 11 janar, jan\u00eb shum\u00eb m\u00eb t\u00eb m\u00ebdha se \u00e7 kemi menduar-deklaroi p\u00ebr televizion","robots":{"index":"index","follow":"follow","max-snippet":"max-snippet:-1","max-image-preview":"max-image-preview:large","max-video-preview":"max-video-preview:-1"},"canonical":"https:\/\/www.visit-ulcinj.com\/blog\/2015\/01\/22\/mustafa-demet-te-medha-se-pritshmeria\/","og_locale":"en_US","og_type":"article","og_title":"Mustafa: D\u00ebmet m\u00eb t\u00eb m\u00ebdha se pritshm\u00ebria - Lajme nga Ulqini","og_description":"Pasojat nga era e fort\u00eb q\u00eb ka prekur zon\u00ebn e An\u00ebs s\u00eb Malit t\u00eb diel\u00ebn mbr\u00ebma me 11 janar, jan\u00eb shum\u00eb m\u00eb t\u00eb m\u00ebdha se \u00e7 kemi menduar-deklaroi p\u00ebr televizion","og_url":"https:\/\/www.visit-ulcinj.com\/blog\/2015\/01\/22\/mustafa-demet-te-medha-se-pritshmeria\/","og_site_name":"Lajme nga Ulqini","article_published_time":"2015-01-22T09:11:30+00:00","og_image":[{"url":"http:\/\/www.visit-ulcinj.com\/blog\/wp-content\/uploads\/2013\/12\/Miljazim-Mustafa.jpg"}],"twitter_misc":{"Written by":"ulqini","Est. reading time":"1 minute"},"schema":{"@context":"https:\/\/schema.org","@graph":[{"@type":"WebSite","@id":"https:\/\/www.visit-ulcinj.com\/blog\/#website","url":"https:\/\/www.visit-ulcinj.com\/blog\/","name":"Lajme nga Ulqini","description":"Lajme,Vijesti,Ulqini,Ulqin,Crna Gora,Mali i Zi","potentialAction":[{"@type":"SearchAction","target":{"@type":"EntryPoint","urlTemplate":"https:\/\/www.visit-ulcinj.com\/blog\/?s={search_term_string}"},"query-input":"required name=search_term_string"}],"inLanguage":"en-US"},{"@type":"ImageObject","inLanguage":"en-US","@id":"https:\/\/www.visit-ulcinj.com\/blog\/2015\/01\/22\/mustafa-demet-te-medha-se-pritshmeria\/#primaryimage","url":"https:\/\/www.visit-ulcinj.com\/blog\/wp-content\/uploads\/2013\/12\/Miljazim-Mustafa.jpg","contentUrl":"https:\/\/www.visit-ulcinj.com\/blog\/wp-content\/uploads\/2013\/12\/Miljazim-Mustafa.jpg","width":508,"height":337},{"@type":"WebPage","@id":"https:\/\/www.visit-ulcinj.com\/blog\/2015\/01\/22\/mustafa-demet-te-medha-se-pritshmeria\/#webpage","url":"https:\/\/www.visit-ulcinj.com\/blog\/2015\/01\/22\/mustafa-demet-te-medha-se-pritshmeria\/","name":"Mustafa: D\u00ebmet m\u00eb t\u00eb m\u00ebdha se pritshm\u00ebria - Lajme nga Ulqini","isPartOf":{"@id":"https:\/\/www.visit-ulcinj.com\/blog\/#website"},"primaryImageOfPage":{"@id":"https:\/\/www.visit-ulcinj.com\/blog\/2015\/01\/22\/mustafa-demet-te-medha-se-pritshmeria\/#primaryimage"},"datePublished":"2015-01-22T09:11:30+00:00","dateModified":"2015-01-22T09:11:30+00:00","author":{"@id":"https:\/\/www.visit-ulcinj.com\/blog\/#\/schema\/person\/dcab619c614d3038751c63bc2aadc06d"},"description":"Pasojat nga era e fort\u00eb q\u00eb ka prekur zon\u00ebn e An\u00ebs s\u00eb Malit t\u00eb diel\u00ebn mbr\u00ebma me 11 janar, jan\u00eb shum\u00eb m\u00eb t\u00eb m\u00ebdha se \u00e7 kemi menduar-deklaroi p\u00ebr televizion","breadcrumb":{"@id":"https:\/\/www.visit-ulcinj.com\/blog\/2015\/01\/22\/mustafa-demet-te-medha-se-pritshmeria\/#breadcrumb"},"inLanguage":"en-US","potentialAction":[{"@type":"ReadAction","target":["https:\/\/www.visit-ulcinj.com\/blog\/2015\/01\/22\/mustafa-demet-te-medha-se-pritshmeria\/"]}]},{"@type":"BreadcrumbList","@id":"https:\/\/www.visit-ulcinj.com\/blog\/2015\/01\/22\/mustafa-demet-te-medha-se-pritshmeria\/#breadcrumb","itemListElement":[{"@type":"ListItem","position":1,"name":"Mustafa: D\u00ebmet m\u00eb t\u00eb m\u00ebdha se pritshm\u00ebria"}]},{"@type":"Person","@id":"https:\/\/www.visit-ulcinj.com\/blog\/#\/schema\/person\/dcab619c614d3038751c63bc2aadc06d","name":"ulqini","sameAs":["http:\/\/www.visit-ulcinj.com"],"url":"https:\/\/www.visit-ulcinj.com\/blog\/author\/admin\/"}]}},"jetpack_featured_media_url":"","jetpack_sharing_enabled":true,"jetpack_shortlink":"https:\/\/wp.me\/pe6lTn-mUy","_links":{"self":[{"href":"https:\/\/www.visit-ulcinj.com\/blog\/wp-json\/wp\/v2\/posts\/88074"}],"collection":[{"href":"https:\/\/www.visit-ulcinj.com\/blog\/wp-json\/wp\/v2\/posts"}],"about":[{"href":"https:\/\/www.visit-ulcinj.com\/blog\/wp-json\/wp\/v2\/types\/post"}],"author":[{"embeddable":true,"href":"https:\/\/www.visit-ulcinj.com\/blog\/wp-json\/wp\/v2\/users\/1"}],"replies":[{"embeddable":true,"href":"https:\/\/www.visit-ulcinj.com\/blog\/wp-json\/wp\/v2\/comments?post=88074"}],"version-history":[{"count":1,"href":"https:\/\/www.visit-ulcinj.com\/blog\/wp-json\/wp\/v2\/posts\/88074\/revisions"}],"predecessor-version":[{"id":88075,"href":"https:\/\/www.visit-ulcinj.com\/blog\/wp-json\/wp\/v2\/posts\/88074\/revisions\/88075"}],"wp:attachment":[{"href":"https:\/\/www.visit-ulcinj.com\/blog\/wp-json\/wp\/v2\/media?parent=88074"}],"wp:term":[{"taxonomy":"category","embeddable":true,"href":"https:\/\/www.visit-ulcinj.com\/blog\/wp-json\/wp\/v2\/categories?post=88074"},{"taxonomy":"post_tag","embeddable":true,"href":"https:\/\/www.visit-ulcinj.com\/blog\/wp-json\/wp\/v2\/tags?post=88074"}],"curies":[{"name":"wp","href":"https:\/\/api.w.org\/{rel}","templated":true}]}}