{"id":88090,"date":"2015-01-22T12:38:14","date_gmt":"2015-01-22T11:38:14","guid":{"rendered":"http:\/\/www.visit-ulcinj.com\/blog\/?p=88090"},"modified":"2015-01-22T15:07:35","modified_gmt":"2015-01-22T14:07:35","slug":"mustafa-canka-funksionet-privilegjet-dhe-parat-vlejne-pak-se-besa","status":"publish","type":"post","link":"https:\/\/www.visit-ulcinj.com\/blog\/2015\/01\/22\/mustafa-canka-funksionet-privilegjet-dhe-parat-vlejne-pak-se-besa\/","title":{"rendered":"Mustafa Canka: Funksionet, privilegjet dhe parat vlejn\u00eb m\u00eb pak se besa"},"content":{"rendered":"<p><a href=\"http:\/\/www.visit-ulcinj.com\/blog\/wp-content\/uploads\/2015\/01\/Mustafa-Canka.jpg\"><img loading=\"lazy\" class=\"alignleft wp-image-88091\" src=\"http:\/\/www.visit-ulcinj.com\/blog\/wp-content\/uploads\/2015\/01\/Mustafa-Canka.jpg\" alt=\"Mustafa-Canka\" width=\"508\" height=\"339\" srcset=\"https:\/\/www.visit-ulcinj.com\/blog\/wp-content\/uploads\/2015\/01\/Mustafa-Canka.jpg 960w, https:\/\/www.visit-ulcinj.com\/blog\/wp-content\/uploads\/2015\/01\/Mustafa-Canka-300x200.jpg 300w\" sizes=\"(max-width: 508px) 100vw, 508px\" \/><\/a>T\u00eb kuptohemi menj\u00ebher\u00eb: absolutisht nuk i p\u00ebrkrah veprimet t\u00eb cilat i b\u00ebn\u00eb Forca e re demokratike rreth rotacionit t\u00eb deputet\u00ebve n\u00eb Kuvendin e Malit t\u00eb Zi. Sepse ky veprim, p\u00ebrve\u00e7 zvog\u00eblimit t\u00eb m\u00ebtejm\u00eb t\u00eb besimit t\u00eb Shqiptar\u00ebve n\u00eb partit\u00eb nacionale shqiptare, para s\u00eb gjithash do t\u00eb zvog\u00ebloj\u00eb deri n\u00eb panjohshm\u00ebri autoritetin dhe integritetin e Genci Nimanbegut, t\u00eb vetmit politikan t\u00eb besuesh\u00ebm n\u00eb maj\u00ebn e k\u00ebsaj parti, raporton portali Ul.info.<\/p>\n<p>Por, n\u00ebse Forca ka t\u00eb pakt\u00ebn formalisht nj\u00ebfar\u00eb arsye, (sepse Sinishtaj nuk \u00ebsht\u00eb unifikuar me ato deri n\u00eb qershor t\u00eb vitit 2013), k\u00ebt\u00eb kurrsesi nuk e ka Nik Gjeloshaj. Prandaj arsyetimet e tija jan\u00eb jo bind\u00ebse, t\u00eb zbehta dhe qesharake. T\u00eb thuash se ai TANI nuk d\u00ebshiron t\u00eb respektoj\u00eb marr\u00ebveshjen nga 2012-ta p\u00ebr shkak se Mehmet Bardhi k\u00ebt\u00eb gj\u00eb, gjoja, nuk e b\u00ebri me marr\u00ebveshjen nga viti 2009 \u00ebsht\u00eb e turpshme.<\/p>\n<p>N\u00eb k\u00ebt\u00eb m\u00ebnyr\u00eb Alternativa shqiptare dhe Gjeloshaj, gati sigurt, ja mbyllen der\u00ebn \u00e7do lloj koalicioni n\u00eb t\u00eb ardhmen me Partin\u00eb demokratike t\u00eb Fatmir Gjekes, n\u00eb \u201cshpin\u00ebn\u201d e t\u00eb cilit, ai fillimisht \u00ebsht\u00eb b\u00ebr\u00eb ndihm\u00ebs minist\u00ebr i arsimit, dhe tash gati nj\u00eb vit deputet. Me 350 vota t\u00eb plota!?<\/p>\n<p>P\u00ebrse t\u00eb \u00e7uditemi pastaj kur me k\u00ebsi lloj sjellje t\u00eb p\u00ebrfaq\u00ebsuesve politik, Shqiptar\u00ebt m\u00eb nuk jan\u00eb asnj\u00ebfar\u00eb faktori i r\u00ebnd\u00ebsish\u00ebm politik n\u00eb Mal t\u00eb Zi, q\u00eb nuk kan\u00eb minist\u00ebr n\u00eb Qeveri, ndihm\u00ebs ministra, q\u00eb Mal\u00ebsia me qend\u00ebr n\u00eb Tuz deri sa t\u00eb jen\u00eb ato, k\u00ebshtu si\u00e7 jan\u00eb, asnj\u00ebher\u00eb nuk do t\u00eb jet\u00eb komun\u00eb \u2026<\/p>\n<p>E do t\u00eb jet\u00eb vet\u00ebm at\u00ebher\u00eb kur ta kuptojn\u00eb nj\u00eb gj\u00eb t\u00eb thjesht\u00eb: q\u00eb bashk\u00eb jan\u00eb m\u00eb t\u00eb fort\u00eb dhe q\u00eb bashk\u00ebri nuk ka pa besim. E besimi nuk nd\u00ebrtohet me shkelje t\u00eb marr\u00ebveshjeve!<\/p>\n<p>Edhe t\u00eb p\u00ebrfundoj\u00eb: \u00ebsht\u00eb m\u00eb mir\u00eb t\u00eb humben edhe funksionet edhe privilegjet edhe parat se sa besimin. Vet\u00ebm at\u00ebher\u00eb kur t\u00eb jen\u00eb njer\u00ebz t\u00eb BES\u00cbS, politikan\u00ebt shqiptar n\u00eb Mal t\u00eb Zi do t\u00eb mund t\u00eb ngiten deri n\u00eb lart\u00ebsit\u00eb m\u00eb t\u00eb m\u00ebdha.<\/p>\n","protected":false},"excerpt":{"rendered":"<p>T\u00eb kuptohemi menj\u00ebher\u00eb: absolutisht nuk i p\u00ebrkrah veprimet t\u00eb cilat i b\u00ebn\u00eb Forca e re demokratike rreth rotacionit t\u00eb deputet\u00ebve n\u00eb Kuvendin e Malit t\u00eb Zi. Sepse ky veprim, p\u00ebrve\u00e7 zvog\u00eblimit t\u00eb m\u00ebtejm\u00eb t\u00eb besimit t\u00eb Shqiptar\u00ebve n\u00eb partit\u00eb nacionale shqiptare, para s\u00eb gjithash do t\u00eb zvog\u00ebloj\u00eb deri n\u00eb panjohshm\u00ebri autoritetin dhe integritetin e Genci [&hellip;]<\/p>\n","protected":false},"author":1,"featured_media":0,"comment_status":"closed","ping_status":"closed","sticky":false,"template":"","format":"standard","meta":{"spay_email":"","jetpack_publicize_message":"","jetpack_is_tweetstorm":false,"jetpack_publicize_feature_enabled":true},"categories":[1,12],"tags":[],"jetpack_publicize_connections":[],"yoast_head":"<!-- This site is optimized with the Yoast SEO plugin v19.1 - https:\/\/yoast.com\/wordpress\/plugins\/seo\/ -->\n<title>Mustafa Canka: Funksionet, privilegjet dhe parat vlejn\u00eb m\u00eb pak se besa - Lajme nga Ulqini<\/title>\n<meta name=\"description\" content=\"T\u00eb kuptohemi menj\u00ebher\u00eb: absolutisht nuk i p\u00ebrkrah veprimet t\u00eb cilat i b\u00ebn\u00eb Forca e re demokratike rreth rotacionit t\u00eb deputet\u00ebve n\u00eb Kuvendin e Malit t\u00eb\" \/>\n<meta name=\"robots\" content=\"index, follow, max-snippet:-1, max-image-preview:large, max-video-preview:-1\" \/>\n<link rel=\"canonical\" href=\"https:\/\/www.visit-ulcinj.com\/blog\/2015\/01\/22\/mustafa-canka-funksionet-privilegjet-dhe-parat-vlejne-pak-se-besa\/\" \/>\n<meta property=\"og:locale\" content=\"en_US\" \/>\n<meta property=\"og:type\" content=\"article\" \/>\n<meta property=\"og:title\" content=\"Mustafa Canka: Funksionet, privilegjet dhe parat vlejn\u00eb m\u00eb pak se besa - Lajme nga Ulqini\" \/>\n<meta property=\"og:description\" content=\"T\u00eb kuptohemi menj\u00ebher\u00eb: absolutisht nuk i p\u00ebrkrah veprimet t\u00eb cilat i b\u00ebn\u00eb Forca e re demokratike rreth rotacionit t\u00eb deputet\u00ebve n\u00eb Kuvendin e Malit t\u00eb\" \/>\n<meta property=\"og:url\" content=\"https:\/\/www.visit-ulcinj.com\/blog\/2015\/01\/22\/mustafa-canka-funksionet-privilegjet-dhe-parat-vlejne-pak-se-besa\/\" \/>\n<meta property=\"og:site_name\" content=\"Lajme nga Ulqini\" \/>\n<meta property=\"article:published_time\" content=\"2015-01-22T11:38:14+00:00\" \/>\n<meta property=\"article:modified_time\" content=\"2015-01-22T14:07:35+00:00\" \/>\n<meta property=\"og:image\" content=\"http:\/\/www.visit-ulcinj.com\/blog\/wp-content\/uploads\/2015\/01\/Mustafa-Canka.jpg\" \/>\n<meta name=\"twitter:label1\" content=\"Written by\" \/>\n\t<meta name=\"twitter:data1\" content=\"ulqini\" \/>\n\t<meta name=\"twitter:label2\" content=\"Est. reading time\" \/>\n\t<meta name=\"twitter:data2\" content=\"2 minutes\" \/>\n<script type=\"application\/ld+json\" class=\"yoast-schema-graph\">{\"@context\":\"https:\/\/schema.org\",\"@graph\":[{\"@type\":\"WebSite\",\"@id\":\"https:\/\/www.visit-ulcinj.com\/blog\/#website\",\"url\":\"https:\/\/www.visit-ulcinj.com\/blog\/\",\"name\":\"Lajme nga Ulqini\",\"description\":\"Lajme,Vijesti,Ulqini,Ulqin,Crna Gora,Mali i Zi\",\"potentialAction\":[{\"@type\":\"SearchAction\",\"target\":{\"@type\":\"EntryPoint\",\"urlTemplate\":\"https:\/\/www.visit-ulcinj.com\/blog\/?s={search_term_string}\"},\"query-input\":\"required name=search_term_string\"}],\"inLanguage\":\"en-US\"},{\"@type\":\"ImageObject\",\"inLanguage\":\"en-US\",\"@id\":\"https:\/\/www.visit-ulcinj.com\/blog\/2015\/01\/22\/mustafa-canka-funksionet-privilegjet-dhe-parat-vlejne-pak-se-besa\/#primaryimage\",\"url\":\"https:\/\/www.visit-ulcinj.com\/blog\/wp-content\/uploads\/2015\/01\/Mustafa-Canka.jpg\",\"contentUrl\":\"https:\/\/www.visit-ulcinj.com\/blog\/wp-content\/uploads\/2015\/01\/Mustafa-Canka.jpg\",\"width\":960,\"height\":640},{\"@type\":\"WebPage\",\"@id\":\"https:\/\/www.visit-ulcinj.com\/blog\/2015\/01\/22\/mustafa-canka-funksionet-privilegjet-dhe-parat-vlejne-pak-se-besa\/#webpage\",\"url\":\"https:\/\/www.visit-ulcinj.com\/blog\/2015\/01\/22\/mustafa-canka-funksionet-privilegjet-dhe-parat-vlejne-pak-se-besa\/\",\"name\":\"Mustafa Canka: Funksionet, privilegjet dhe parat vlejn\u00eb m\u00eb pak se besa - Lajme nga Ulqini\",\"isPartOf\":{\"@id\":\"https:\/\/www.visit-ulcinj.com\/blog\/#website\"},\"primaryImageOfPage\":{\"@id\":\"https:\/\/www.visit-ulcinj.com\/blog\/2015\/01\/22\/mustafa-canka-funksionet-privilegjet-dhe-parat-vlejne-pak-se-besa\/#primaryimage\"},\"datePublished\":\"2015-01-22T11:38:14+00:00\",\"dateModified\":\"2015-01-22T14:07:35+00:00\",\"author\":{\"@id\":\"https:\/\/www.visit-ulcinj.com\/blog\/#\/schema\/person\/dcab619c614d3038751c63bc2aadc06d\"},\"description\":\"T\u00eb kuptohemi menj\u00ebher\u00eb: absolutisht nuk i p\u00ebrkrah veprimet t\u00eb cilat i b\u00ebn\u00eb Forca e re demokratike rreth rotacionit t\u00eb deputet\u00ebve n\u00eb Kuvendin e Malit t\u00eb\",\"breadcrumb\":{\"@id\":\"https:\/\/www.visit-ulcinj.com\/blog\/2015\/01\/22\/mustafa-canka-funksionet-privilegjet-dhe-parat-vlejne-pak-se-besa\/#breadcrumb\"},\"inLanguage\":\"en-US\",\"potentialAction\":[{\"@type\":\"ReadAction\",\"target\":[\"https:\/\/www.visit-ulcinj.com\/blog\/2015\/01\/22\/mustafa-canka-funksionet-privilegjet-dhe-parat-vlejne-pak-se-besa\/\"]}]},{\"@type\":\"BreadcrumbList\",\"@id\":\"https:\/\/www.visit-ulcinj.com\/blog\/2015\/01\/22\/mustafa-canka-funksionet-privilegjet-dhe-parat-vlejne-pak-se-besa\/#breadcrumb\",\"itemListElement\":[{\"@type\":\"ListItem\",\"position\":1,\"name\":\"Mustafa Canka: Funksionet, privilegjet dhe parat vlejn\u00eb m\u00eb pak se besa\"}]},{\"@type\":\"Person\",\"@id\":\"https:\/\/www.visit-ulcinj.com\/blog\/#\/schema\/person\/dcab619c614d3038751c63bc2aadc06d\",\"name\":\"ulqini\",\"sameAs\":[\"http:\/\/www.visit-ulcinj.com\"],\"url\":\"https:\/\/www.visit-ulcinj.com\/blog\/author\/admin\/\"}]}<\/script>\n<!-- \/ Yoast SEO plugin. -->","yoast_head_json":{"title":"Mustafa Canka: Funksionet, privilegjet dhe parat vlejn\u00eb m\u00eb pak se besa - Lajme nga Ulqini","description":"T\u00eb kuptohemi menj\u00ebher\u00eb: absolutisht nuk i p\u00ebrkrah veprimet t\u00eb cilat i b\u00ebn\u00eb Forca e re demokratike rreth rotacionit t\u00eb deputet\u00ebve n\u00eb Kuvendin e Malit t\u00eb","robots":{"index":"index","follow":"follow","max-snippet":"max-snippet:-1","max-image-preview":"max-image-preview:large","max-video-preview":"max-video-preview:-1"},"canonical":"https:\/\/www.visit-ulcinj.com\/blog\/2015\/01\/22\/mustafa-canka-funksionet-privilegjet-dhe-parat-vlejne-pak-se-besa\/","og_locale":"en_US","og_type":"article","og_title":"Mustafa Canka: Funksionet, privilegjet dhe parat vlejn\u00eb m\u00eb pak se besa - Lajme nga Ulqini","og_description":"T\u00eb kuptohemi menj\u00ebher\u00eb: absolutisht nuk i p\u00ebrkrah veprimet t\u00eb cilat i b\u00ebn\u00eb Forca e re demokratike rreth rotacionit t\u00eb deputet\u00ebve n\u00eb Kuvendin e Malit t\u00eb","og_url":"https:\/\/www.visit-ulcinj.com\/blog\/2015\/01\/22\/mustafa-canka-funksionet-privilegjet-dhe-parat-vlejne-pak-se-besa\/","og_site_name":"Lajme nga Ulqini","article_published_time":"2015-01-22T11:38:14+00:00","article_modified_time":"2015-01-22T14:07:35+00:00","og_image":[{"url":"http:\/\/www.visit-ulcinj.com\/blog\/wp-content\/uploads\/2015\/01\/Mustafa-Canka.jpg"}],"twitter_misc":{"Written by":"ulqini","Est. reading time":"2 minutes"},"schema":{"@context":"https:\/\/schema.org","@graph":[{"@type":"WebSite","@id":"https:\/\/www.visit-ulcinj.com\/blog\/#website","url":"https:\/\/www.visit-ulcinj.com\/blog\/","name":"Lajme nga Ulqini","description":"Lajme,Vijesti,Ulqini,Ulqin,Crna Gora,Mali i Zi","potentialAction":[{"@type":"SearchAction","target":{"@type":"EntryPoint","urlTemplate":"https:\/\/www.visit-ulcinj.com\/blog\/?s={search_term_string}"},"query-input":"required name=search_term_string"}],"inLanguage":"en-US"},{"@type":"ImageObject","inLanguage":"en-US","@id":"https:\/\/www.visit-ulcinj.com\/blog\/2015\/01\/22\/mustafa-canka-funksionet-privilegjet-dhe-parat-vlejne-pak-se-besa\/#primaryimage","url":"https:\/\/www.visit-ulcinj.com\/blog\/wp-content\/uploads\/2015\/01\/Mustafa-Canka.jpg","contentUrl":"https:\/\/www.visit-ulcinj.com\/blog\/wp-content\/uploads\/2015\/01\/Mustafa-Canka.jpg","width":960,"height":640},{"@type":"WebPage","@id":"https:\/\/www.visit-ulcinj.com\/blog\/2015\/01\/22\/mustafa-canka-funksionet-privilegjet-dhe-parat-vlejne-pak-se-besa\/#webpage","url":"https:\/\/www.visit-ulcinj.com\/blog\/2015\/01\/22\/mustafa-canka-funksionet-privilegjet-dhe-parat-vlejne-pak-se-besa\/","name":"Mustafa Canka: Funksionet, privilegjet dhe parat vlejn\u00eb m\u00eb pak se besa - Lajme nga Ulqini","isPartOf":{"@id":"https:\/\/www.visit-ulcinj.com\/blog\/#website"},"primaryImageOfPage":{"@id":"https:\/\/www.visit-ulcinj.com\/blog\/2015\/01\/22\/mustafa-canka-funksionet-privilegjet-dhe-parat-vlejne-pak-se-besa\/#primaryimage"},"datePublished":"2015-01-22T11:38:14+00:00","dateModified":"2015-01-22T14:07:35+00:00","author":{"@id":"https:\/\/www.visit-ulcinj.com\/blog\/#\/schema\/person\/dcab619c614d3038751c63bc2aadc06d"},"description":"T\u00eb kuptohemi menj\u00ebher\u00eb: absolutisht nuk i p\u00ebrkrah veprimet t\u00eb cilat i b\u00ebn\u00eb Forca e re demokratike rreth rotacionit t\u00eb deputet\u00ebve n\u00eb Kuvendin e Malit t\u00eb","breadcrumb":{"@id":"https:\/\/www.visit-ulcinj.com\/blog\/2015\/01\/22\/mustafa-canka-funksionet-privilegjet-dhe-parat-vlejne-pak-se-besa\/#breadcrumb"},"inLanguage":"en-US","potentialAction":[{"@type":"ReadAction","target":["https:\/\/www.visit-ulcinj.com\/blog\/2015\/01\/22\/mustafa-canka-funksionet-privilegjet-dhe-parat-vlejne-pak-se-besa\/"]}]},{"@type":"BreadcrumbList","@id":"https:\/\/www.visit-ulcinj.com\/blog\/2015\/01\/22\/mustafa-canka-funksionet-privilegjet-dhe-parat-vlejne-pak-se-besa\/#breadcrumb","itemListElement":[{"@type":"ListItem","position":1,"name":"Mustafa Canka: Funksionet, privilegjet dhe parat vlejn\u00eb m\u00eb pak se besa"}]},{"@type":"Person","@id":"https:\/\/www.visit-ulcinj.com\/blog\/#\/schema\/person\/dcab619c614d3038751c63bc2aadc06d","name":"ulqini","sameAs":["http:\/\/www.visit-ulcinj.com"],"url":"https:\/\/www.visit-ulcinj.com\/blog\/author\/admin\/"}]}},"jetpack_featured_media_url":"","jetpack_sharing_enabled":true,"jetpack_shortlink":"https:\/\/wp.me\/pe6lTn-mUO","_links":{"self":[{"href":"https:\/\/www.visit-ulcinj.com\/blog\/wp-json\/wp\/v2\/posts\/88090"}],"collection":[{"href":"https:\/\/www.visit-ulcinj.com\/blog\/wp-json\/wp\/v2\/posts"}],"about":[{"href":"https:\/\/www.visit-ulcinj.com\/blog\/wp-json\/wp\/v2\/types\/post"}],"author":[{"embeddable":true,"href":"https:\/\/www.visit-ulcinj.com\/blog\/wp-json\/wp\/v2\/users\/1"}],"replies":[{"embeddable":true,"href":"https:\/\/www.visit-ulcinj.com\/blog\/wp-json\/wp\/v2\/comments?post=88090"}],"version-history":[{"count":1,"href":"https:\/\/www.visit-ulcinj.com\/blog\/wp-json\/wp\/v2\/posts\/88090\/revisions"}],"predecessor-version":[{"id":88092,"href":"https:\/\/www.visit-ulcinj.com\/blog\/wp-json\/wp\/v2\/posts\/88090\/revisions\/88092"}],"wp:attachment":[{"href":"https:\/\/www.visit-ulcinj.com\/blog\/wp-json\/wp\/v2\/media?parent=88090"}],"wp:term":[{"taxonomy":"category","embeddable":true,"href":"https:\/\/www.visit-ulcinj.com\/blog\/wp-json\/wp\/v2\/categories?post=88090"},{"taxonomy":"post_tag","embeddable":true,"href":"https:\/\/www.visit-ulcinj.com\/blog\/wp-json\/wp\/v2\/tags?post=88090"}],"curies":[{"name":"wp","href":"https:\/\/api.w.org\/{rel}","templated":true}]}}