{"id":88093,"date":"2015-01-22T14:50:54","date_gmt":"2015-01-22T13:50:54","guid":{"rendered":"http:\/\/www.visit-ulcinj.com\/blog\/?p=88093"},"modified":"2015-01-22T14:50:54","modified_gmt":"2015-01-22T13:50:54","slug":"draga-presidenti-te-zgjidhet-nga-populli-e-jo-nga-kuvendi","status":"publish","type":"post","link":"https:\/\/www.visit-ulcinj.com\/blog\/2015\/01\/22\/draga-presidenti-te-zgjidhet-nga-populli-e-jo-nga-kuvendi\/","title":{"rendered":"Draga: Presidenti t\u00eb zgjidhet nga populli e jo nga kuvendi"},"content":{"rendered":"<p><strong><a href=\"http:\/\/www.visit-ulcinj.com\/blog\/wp-content\/uploads\/2013\/06\/NAIL-DRAGA-ULQIN.jpg\"><img loading=\"lazy\" class=\"alignleft wp-image-72099 size-thumbnail\" src=\"http:\/\/www.visit-ulcinj.com\/blog\/wp-content\/uploads\/2013\/06\/NAIL-DRAGA-ULQIN-150x150.jpg\" alt=\"NAIL-DRAGA-ULQIN\" width=\"150\" height=\"150\" \/><\/a>Diskurisi politik<\/strong><\/p>\n<p><em>Vet\u00ebm me zgjedhje t\u00eb drejtp\u00ebrdrejta nga ana e popullit presidenti apo presidentja edhe pse me ingerenca t\u00eb kufizuara n\u00eb nj\u00eb sistem shum\u00ebpartiak, mund t\u00eb jet p\u00ebrfaq\u00ebsues i t\u00eb gjith\u00eb qytetar\u00ebve e jo si deri m\u00eb tash, t\u00eb jet\u00eb p\u00ebrfaq\u00ebsues i shumic\u00ebs parlamentare, ku Shqip\u00ebria e Kosova, jan\u00eb rast tipik n\u00eb regjion q\u00eb nuk \u00ebsht\u00eb n\u00eb favor t\u00eb demokracis\u00eb, p\u00ebrkat\u00ebsisht t\u00eb vot\u00ebs popullore<\/em><\/p>\n<p><strong>Nail Draga<\/strong><\/p>\n<p>Zgjedhja e president\u00ebs s\u00eb Kroacis\u00eb(Kolinda Grabar-Kitaroviq) nga ana e qytetar\u00ebve me 11 janar 2015 ishte ngjarje e dit\u00ebs jo vet\u00ebm tek opinioni kroat por edhe m\u00eb gjer\u00eb nga vet fakti se p\u00ebr t\u00eb par\u00ebn her\u00eb presidente u zgjodh nj\u00eb fem\u00ebr dhe e dyta se ajo vinte nga partia opozitare n\u00eb ket\u00eb vend.<\/p>\n<p>Pik\u00ebrisht duke par\u00eb ket\u00eb mbeshtetje nga ana e qytetar\u00ebve kroat, n\u00eb nj\u00eb duel pothuaj t\u00eb barabart\u00eb, fitorja e zonj\u00ebs me nj\u00eb rezultat t\u00eb ngusht\u00eb madje me diferenc\u00eb n\u00ebn 1%, d\u00ebshmoj vlerat e demokracis\u00eb p\u00ebrkat\u00ebsisht te vot\u00ebs popullore.Me ket\u00eb fitore, Kroacia fitoj president\u00ebn e par\u00eb fem\u00ebr t\u00eb zgjedhur n\u00eb Europ\u00ebn Juglindore, duke u b\u00ebr\u00eb sh\u00ebmbull edhe p\u00ebr t\u00eb tjer\u00ebt.<\/p>\n<p>Var\u00ebsisht prej vendeve t\u00eb ndryshme presidenti zgjidhet n\u00eb dy forma ate t\u00eb votimit nga populli dhe nga kuvendi.Kjo tem\u00eb ka koh\u00eb q\u00eb debatohet n\u00eb debatet e ndryshme politike, t\u00eb shoq\u00ebria civile por edhe n\u00eb mediumet shqiptare si n\u00eb Kosov\u00eb e Shqip\u00ebri. Var\u00ebsisht prej preferencave politike jan\u00eb edhe qasjet n\u00eb lidhje me ket\u00eb \u00e7\u00ebshtje e cila \u00ebsht\u00eb e pranishme sidomos kur afati i predisentit i vjen fundi, apo kur e kemi t\u00eb njohur publikisht list\u00ebn e kandidat\u00ebve t\u00eb ndrysh\u00ebm p\u00ebr t\u00eb parin e vendit.<\/p>\n<p><strong>N\u00eb Kosov\u00eb presidentja u zgjodh nga zarfi <\/strong><\/p>\n<p>Rasti i zgjedhjes se presidentit p\u00ebrkat\u00ebsisht president\u00ebs n\u00eb Kosov\u00eb, A.Jahjaga \u00ebsht\u00eb specifik, madje i rrall\u00eb p\u00ebr koh\u00ebn ton\u00eb, sepse deri para zgjedhjes ajo ishte anonime p\u00ebr opinionin e gjer\u00eb, madje thuhet se nuk gjindej as n\u00eb \u201cgoogle\u201d. Por, opinioni e kishte t\u00eb qart\u00eb se ajo u zgjodh n\u00eb saj\u00eb t\u00eb pazar\u00ebve politike t\u00eb tre subjekteve politike(PDK, LDK,\u00a0\u00a0\u00a0\u00a0 AKR), nd\u00ebrsa m\u00eb pas u votua n\u00eb Kuvendin e Kosov\u00ebs. Votimi n\u00eb kuvend krjoj legalitetin e duhur, sepse deputetet i ka votuar populli, andaj ajo n\u00eb m\u00ebnyr\u00eb formale kishte legjitimitetin e duhur. Por, zgjedhja e saj do t\u00eb mbes\u00eb e sh\u00ebnuar n\u00eb analet e zgjedhjeve jo vet\u00ebm n\u00eb Kosov\u00eb por edhe m\u00eb gjer\u00eb sepse tashm\u00eb p\u00ebr opinion \u00ebsht\u00eb e njohur se ajo ishte e preferuara e ish ambasadorit amerikan , Dell, n\u00eb Kosov\u00eb, duke qen\u00eb kandidate e vetme e dal\u00eb nga zarfi i diplomatit amerikan.<\/p>\n<p>Por, edhe pas zgjedhjeve parlamentare n\u00eb Kosov\u00eb, t\u00eb mbajtura vitin e kaluar(qershor 2014), dhe t\u00eb konstituimit t\u00eb Kuvendit e formimit t\u00eb qeveris\u00eb gjasht\u00eb muaj pas zgjedhjeve(!!), n\u00eb lidhje me presidentin e ardhsh\u00ebm jan\u00eb b\u00ebr\u00eb pazare n\u00eb mes subjekteve politike t\u00eb shumic\u00ebs parlamentare(PDK-LDK), p\u00ebr t\u00eb zgjedhur presidentin n\u00eb Kuvend e ate nga radha e PDK. Se si do t\u00eb rrjedhin ngjarjet deri n\u00eb vitin 2016, kur do t\u00eb zgjidhet presidenti. mbetet p\u00ebr t\u00eb par\u00eb, por nj\u00eb gj\u00eb dihet ate nuk do ta zgjedhin qytetar\u00ebt e Kosov\u00ebs, por kuvendi si deri m\u00eb tash, q\u00eb \u00ebsht\u00eb veprim i tejkaluar q\u00eb i gjason koh\u00ebs s\u00eb monizmit.<\/p>\n<p><strong>N\u00eb Shqip\u00ebri &#8211; presidenti konsensual <\/strong><\/p>\n<p>Edhe pse n\u00eb Shqip\u00ebri shum\u00eb her\u00eb \u00ebsht\u00eb debatuar n\u00eb lidhje me ket\u00eb \u00e7\u00ebshtje, dy partit\u00eb e m\u00ebdha nuk kan\u00eb treguar interesimin e duhur q\u00eb kjo \u00e7\u00ebshtje t\u00eb debatohet n\u00eb parlamentin shqiptar. Fillimisht, n\u00eb Kuvend duhet t\u00eb ndryshohen nenet e Kushtetut\u00ebs p\u00ebr zgjedhjen e presidentit nga populli, por nuk ekziston disponim as nga pozita e as nga opozita parlamentare.Nj\u00eb qendrim i till\u00eb e ka zen\u00eb peng d\u00ebshir\u00ebn e popullit p\u00ebr t\u00eb zgjedhur kandidatin e tyre e jo ate t\u00eb cilin iu imponon parlamenti, me sintagm\u00ebn \u201dpresidenti konsensual\u201d. Kujtoj me ket\u00eb rast pazar\u00ebt politike me rastin e kandidimit dhe zgjedhjen e A.Moisiut(2002-2007), B.Topit (2007-2012) dhe s\u00eb fundit B.Nishanin.<\/p>\n<p>Pik\u00ebrisht duke marr\u00eb parasysh ket\u00eb form\u00eb t\u00eb zgjedhj\u00ebs presidenti nuk ka autoritetin e duhur, sepse shumica e tashme parlamentare(PS-LSI), mund ta shkarkoj\u00eb ate nga posti i presidentit kur t\u00eb d\u00ebshirojn\u00eb sepse i kan\u00eb votat e mjaftueshme. Andaj, n\u00eb rastin konkret \u00e7do gj\u00eb var\u00ebt nga disponimi i shumic\u00ebs parlamentare, e jo nga institucioni i presidentit me kompetenca t\u00eb plota p\u00ebr mandatin e zgjedhur.Nga kjo del qart\u00eb se presidenti si institucion shtet\u00ebror ka dy kufizime, e para pa komptetenca t\u00eb mjaftueshme dhe e dyta \u00ebsht\u00eb aty pa vot\u00ebn e qytetar\u00ebve. Andaj duke qen\u00eb i zgjedhur n\u00eb at\u00eb post pa vot\u00ebn e qytetar\u00ebve, me ose pa dashje keqp\u00ebrdor\u00ebt apo b\u00ebhet marionet\u00eb i shumic\u00ebs parlamentare, q\u00eb nuk \u00ebsht\u00eb n\u00eb favor t\u00eb demokracis\u00eb parlamentare.<\/p>\n<p><strong>Test p\u00ebr partit\u00eb politike dhe individ\u00ebt<\/strong><\/p>\n<p>Dy jan\u00eb \u00e7\u00ebshtjet kryesore t\u00eb cilat jan\u00eb p\u00ebrcaktuese p\u00ebr zgjedhjen e presidentit nga ana e popullit.<\/p>\n<p>E para iu jepet mund\u00ebsia qytetar\u00ebve t\u00eb zgjedhin presidentin m\u00eb vot\u00eb t\u00eb drejtp\u00ebdrejt\u00eb pa iu imponuar dhe e dyta t\u00eb zgjedhin kandidatin q\u00eb e vler\u00ebsojn\u00eb m\u00eb shum\u00eb, duke anashkaluar mund\u00ebsin\u00eb e imponimit partiak, qoft\u00eb ai nga shumica apo pakica parlamentare.<\/p>\n<p>N\u00eb ket\u00eb m\u00ebnyr\u00eb presidenti nuk mund t\u00eb konsiderohet marionet\u00eb e shumic\u00ebs parlamentare e votuar n\u00eb kuvend, sepse ai i p\u00ebrgjigjet popullit e jo gishtave t\u00eb deputet\u00ebve qe e kan\u00eb votuar. N\u00eb ket\u00eb m\u00ebnyr\u00eb edhe deputet do t\u00eb kishin me tep\u00ebr respekt p\u00ebr presidentin, sepse ai nuk var\u00ebt nga votat e tyre kuvend.<\/p>\n<p>Pik\u00ebrisht n\u00eb ket\u00eb aspekt kemi nj\u00eb sh\u00ebmbull tipik, sikurse ishte rasti i zgjedhj\u00ebs s\u00eb presidentit t\u00eb Kroacis\u00eb z.Stipe Mesiq(2000-2010) qe ishte rast tipik i vler\u00ebsimit popullor.Edhe pse ai kandidohej nga nj\u00eb parti e vog\u00ebl, me gjasa minimale p\u00ebr t\u00eb fituar, por ishte personaliteti tij me rejting\u00a0\u00a0 popullor, q\u00eb eliminoj paragjykimet duke fituar bindsh\u00ebm si president i vendit. Nuk ka dilem\u00eb se nj\u00eb veprim i till\u00eb paraqet nj\u00eb test praktik p\u00ebr partit\u00eb politike dhe individ\u00ebt t\u00eb cil\u00ebt konkurojn\u00eb p\u00ebr gar\u00ebn e presidentit t\u00eb vendit.<\/p>\n<p><strong>Kush i frigohet popullit do ta p\u00ebsoj\u00eb prej tij<\/strong><\/p>\n<p>Nuk thuhet kot se t\u00eb urtit m\u00ebsojn\u00eb nga t\u00eb tjer\u00ebt. Por, nj\u00eb th\u00ebnie e till\u00eb ka pesh\u00eb vet\u00ebm n\u00eb mjediset demokratike, e ajo nuk vlen kur n\u00eb rend t\u00eb par\u00eb jan\u00eb interesat e ngushta personale, klanore e partiake. Sepse nuk kemi si t\u00eb themi ndryshe, kur me k\u00ebmb\u00ebngulje vazhdohet t\u00eb thuhet se presidentin do ta zgjedhim nga kuvendi. Qendrimi i till\u00eb n\u00eb ket\u00eb aspekt, d\u00ebshmon\u00eb qart\u00eb se ata i frigohen popullit, sepse ka gjasa qe kandidati i tyre t\u00eb mos kaloj\u00eb, duke marr\u00eb parasysh se si p\u00ebrcaktohen kandidaturat nga subjekt\u00ebt politike. Po t\u00eb vler\u00ebsohej me realiz\u00ebm nj\u00eb \u00e7\u00ebshtje e till\u00eb, nuk ka asnj\u00eb arsy t\u00eb mos b\u00ebh\u00ebn ndryshimet e nevojshme t\u00eb Kushtetut\u00ebs kur \u00ebsht\u00eb n\u00eb pyetje zgjedhja e presidentit.<\/p>\n<p>Si n\u00eb Kosov\u00eb e Shqip\u00ebri, jo rrall\u00eb her\u00eb thuhet se presidenti nuk ka ingerenca t\u00eb m\u00ebdha andaj nuk ia vlen t\u00eb zgjidhet nga populli. Nj\u00eb deklarim i till\u00eb \u00ebsht\u00eb joserioz, \u00e7ka b\u00ebn n\u00ebn\u00e7mimin e insitucionit t\u00eb president n\u00eb syt\u00eb qytetar\u00ebve. Nga ana tjet\u00ebr harrojn\u00eb se vendet e ndryshme n\u00eb regjion, p\u00ebrkat\u00ebsisht fqinj\u00ebt tan\u00eb (Mali i Zi, Maqedonia etj.) e zgjedhin nga populli, athu se atje ka m\u00eb shum\u00eb ingerenca.<\/p>\n<p>Por, e v\u00ebrteta qendron n\u00eb ate se shumica parlamentare p\u00ebrmes Qeveris\u00eb d\u00ebshiron t\u00eb ket\u00eb monopolin n\u00eb t\u00eb gjitha dimensionet e pushtetit, duke anashkaluar apo minimizuar deri n\u00eb maksimum rolin dhe pesh\u00ebn e presidentit.<\/p>\n<p><strong>P\u00ebrfundim<\/strong><\/p>\n<p>Nga nj\u00eb qendrim i till\u00eb del qart\u00eb se kemi t\u00eb b\u00ebjm\u00eb me nj\u00eb loj\u00eb perfide te partive politike t\u00eb shumic\u00ebs parlamentare, duke i rezervuar t\u00eb drejt\u00ebn vet\u00ebs p\u00ebr t\u00eb vendosur sipas interesave t\u00eb tyre, madje duke n\u00ebn\u00e7muar rolin dhe funksionin e presidentit. Edhe pse nj\u00eb veprim i till\u00eb nuk \u00ebsht\u00eb n\u00eb favor t\u00eb demokracis\u00eb funksionale, n\u00eb ket\u00eb pik\u00eb si pozita dhe opozita kan\u00eb pik\u00ebpamje t\u00eb nj\u00ebjta. Por, b\u00ebsoj se \u00ebsht\u00eb koha e fundit t\u00eb b\u00ebh\u00ebn ndryshime cil\u00ebsore n\u00eb favor t\u00eb demokracis\u00eb parlamentare, sepse kush i frigohet popullit sa do von\u00eb do ta p\u00ebsoj\u00eb prej tij.<\/p>\n","protected":false},"excerpt":{"rendered":"<p>Diskurisi politik Vet\u00ebm me zgjedhje t\u00eb drejtp\u00ebrdrejta nga ana e popullit presidenti apo presidentja edhe pse me ingerenca t\u00eb kufizuara n\u00eb nj\u00eb sistem shum\u00ebpartiak, mund t\u00eb jet p\u00ebrfaq\u00ebsues i t\u00eb gjith\u00eb qytetar\u00ebve e jo si deri m\u00eb tash, t\u00eb jet\u00eb p\u00ebrfaq\u00ebsues i shumic\u00ebs parlamentare, ku Shqip\u00ebria e Kosova, jan\u00eb rast tipik n\u00eb regjion q\u00eb nuk [&hellip;]<\/p>\n","protected":false},"author":1,"featured_media":0,"comment_status":"closed","ping_status":"closed","sticky":false,"template":"","format":"standard","meta":{"spay_email":"","jetpack_publicize_message":"","jetpack_is_tweetstorm":false,"jetpack_publicize_feature_enabled":true},"categories":[2451],"tags":[],"jetpack_publicize_connections":[],"yoast_head":"<!-- This site is optimized with the Yoast SEO plugin v19.1 - https:\/\/yoast.com\/wordpress\/plugins\/seo\/ -->\n<title>Draga: Presidenti t\u00eb zgjidhet nga populli e jo nga kuvendi - Lajme nga Ulqini<\/title>\n<meta name=\"description\" content=\"Diskurisi politik Vet\u00ebm me zgjedhje t\u00eb drejtp\u00ebrdrejta nga ana e popullit presidenti apo presidentja edhe pse me ingerenca t\u00eb kufizuara n\u00eb nj\u00eb sistem\" \/>\n<meta name=\"robots\" content=\"index, follow, max-snippet:-1, max-image-preview:large, max-video-preview:-1\" \/>\n<link rel=\"canonical\" href=\"https:\/\/www.visit-ulcinj.com\/blog\/2015\/01\/22\/draga-presidenti-te-zgjidhet-nga-populli-e-jo-nga-kuvendi\/\" \/>\n<meta property=\"og:locale\" content=\"en_US\" \/>\n<meta property=\"og:type\" content=\"article\" \/>\n<meta property=\"og:title\" content=\"Draga: Presidenti t\u00eb zgjidhet nga populli e jo nga kuvendi - Lajme nga Ulqini\" \/>\n<meta property=\"og:description\" content=\"Diskurisi politik Vet\u00ebm me zgjedhje t\u00eb drejtp\u00ebrdrejta nga ana e popullit presidenti apo presidentja edhe pse me ingerenca t\u00eb kufizuara n\u00eb nj\u00eb sistem\" \/>\n<meta property=\"og:url\" content=\"https:\/\/www.visit-ulcinj.com\/blog\/2015\/01\/22\/draga-presidenti-te-zgjidhet-nga-populli-e-jo-nga-kuvendi\/\" \/>\n<meta property=\"og:site_name\" content=\"Lajme nga Ulqini\" \/>\n<meta property=\"article:published_time\" content=\"2015-01-22T13:50:54+00:00\" \/>\n<meta property=\"og:image\" content=\"http:\/\/www.visit-ulcinj.com\/blog\/wp-content\/uploads\/2013\/06\/NAIL-DRAGA-ULQIN-150x150.jpg\" \/>\n<meta name=\"twitter:label1\" content=\"Written by\" \/>\n\t<meta name=\"twitter:data1\" content=\"ulqini\" \/>\n\t<meta name=\"twitter:label2\" content=\"Est. reading time\" \/>\n\t<meta name=\"twitter:data2\" content=\"7 minutes\" \/>\n<script type=\"application\/ld+json\" class=\"yoast-schema-graph\">{\"@context\":\"https:\/\/schema.org\",\"@graph\":[{\"@type\":\"WebSite\",\"@id\":\"https:\/\/www.visit-ulcinj.com\/blog\/#website\",\"url\":\"https:\/\/www.visit-ulcinj.com\/blog\/\",\"name\":\"Lajme nga Ulqini\",\"description\":\"Lajme,Vijesti,Ulqini,Ulqin,Crna Gora,Mali i Zi\",\"potentialAction\":[{\"@type\":\"SearchAction\",\"target\":{\"@type\":\"EntryPoint\",\"urlTemplate\":\"https:\/\/www.visit-ulcinj.com\/blog\/?s={search_term_string}\"},\"query-input\":\"required name=search_term_string\"}],\"inLanguage\":\"en-US\"},{\"@type\":\"ImageObject\",\"inLanguage\":\"en-US\",\"@id\":\"https:\/\/www.visit-ulcinj.com\/blog\/2015\/01\/22\/draga-presidenti-te-zgjidhet-nga-populli-e-jo-nga-kuvendi\/#primaryimage\",\"url\":\"https:\/\/www.visit-ulcinj.com\/blog\/wp-content\/uploads\/2013\/06\/NAIL-DRAGA-ULQIN.jpg\",\"contentUrl\":\"https:\/\/www.visit-ulcinj.com\/blog\/wp-content\/uploads\/2013\/06\/NAIL-DRAGA-ULQIN.jpg\",\"width\":540,\"height\":396},{\"@type\":\"WebPage\",\"@id\":\"https:\/\/www.visit-ulcinj.com\/blog\/2015\/01\/22\/draga-presidenti-te-zgjidhet-nga-populli-e-jo-nga-kuvendi\/#webpage\",\"url\":\"https:\/\/www.visit-ulcinj.com\/blog\/2015\/01\/22\/draga-presidenti-te-zgjidhet-nga-populli-e-jo-nga-kuvendi\/\",\"name\":\"Draga: Presidenti t\u00eb zgjidhet nga populli e jo nga kuvendi - Lajme nga Ulqini\",\"isPartOf\":{\"@id\":\"https:\/\/www.visit-ulcinj.com\/blog\/#website\"},\"primaryImageOfPage\":{\"@id\":\"https:\/\/www.visit-ulcinj.com\/blog\/2015\/01\/22\/draga-presidenti-te-zgjidhet-nga-populli-e-jo-nga-kuvendi\/#primaryimage\"},\"datePublished\":\"2015-01-22T13:50:54+00:00\",\"dateModified\":\"2015-01-22T13:50:54+00:00\",\"author\":{\"@id\":\"https:\/\/www.visit-ulcinj.com\/blog\/#\/schema\/person\/dcab619c614d3038751c63bc2aadc06d\"},\"description\":\"Diskurisi politik Vet\u00ebm me zgjedhje t\u00eb drejtp\u00ebrdrejta nga ana e popullit presidenti apo presidentja edhe pse me ingerenca t\u00eb kufizuara n\u00eb nj\u00eb sistem\",\"breadcrumb\":{\"@id\":\"https:\/\/www.visit-ulcinj.com\/blog\/2015\/01\/22\/draga-presidenti-te-zgjidhet-nga-populli-e-jo-nga-kuvendi\/#breadcrumb\"},\"inLanguage\":\"en-US\",\"potentialAction\":[{\"@type\":\"ReadAction\",\"target\":[\"https:\/\/www.visit-ulcinj.com\/blog\/2015\/01\/22\/draga-presidenti-te-zgjidhet-nga-populli-e-jo-nga-kuvendi\/\"]}]},{\"@type\":\"BreadcrumbList\",\"@id\":\"https:\/\/www.visit-ulcinj.com\/blog\/2015\/01\/22\/draga-presidenti-te-zgjidhet-nga-populli-e-jo-nga-kuvendi\/#breadcrumb\",\"itemListElement\":[{\"@type\":\"ListItem\",\"position\":1,\"name\":\"Draga: Presidenti t\u00eb zgjidhet nga populli e jo nga kuvendi\"}]},{\"@type\":\"Person\",\"@id\":\"https:\/\/www.visit-ulcinj.com\/blog\/#\/schema\/person\/dcab619c614d3038751c63bc2aadc06d\",\"name\":\"ulqini\",\"sameAs\":[\"http:\/\/www.visit-ulcinj.com\"],\"url\":\"https:\/\/www.visit-ulcinj.com\/blog\/author\/admin\/\"}]}<\/script>\n<!-- \/ Yoast SEO plugin. -->","yoast_head_json":{"title":"Draga: Presidenti t\u00eb zgjidhet nga populli e jo nga kuvendi - Lajme nga Ulqini","description":"Diskurisi politik Vet\u00ebm me zgjedhje t\u00eb drejtp\u00ebrdrejta nga ana e popullit presidenti apo presidentja edhe pse me ingerenca t\u00eb kufizuara n\u00eb nj\u00eb sistem","robots":{"index":"index","follow":"follow","max-snippet":"max-snippet:-1","max-image-preview":"max-image-preview:large","max-video-preview":"max-video-preview:-1"},"canonical":"https:\/\/www.visit-ulcinj.com\/blog\/2015\/01\/22\/draga-presidenti-te-zgjidhet-nga-populli-e-jo-nga-kuvendi\/","og_locale":"en_US","og_type":"article","og_title":"Draga: Presidenti t\u00eb zgjidhet nga populli e jo nga kuvendi - Lajme nga Ulqini","og_description":"Diskurisi politik Vet\u00ebm me zgjedhje t\u00eb drejtp\u00ebrdrejta nga ana e popullit presidenti apo presidentja edhe pse me ingerenca t\u00eb kufizuara n\u00eb nj\u00eb sistem","og_url":"https:\/\/www.visit-ulcinj.com\/blog\/2015\/01\/22\/draga-presidenti-te-zgjidhet-nga-populli-e-jo-nga-kuvendi\/","og_site_name":"Lajme nga Ulqini","article_published_time":"2015-01-22T13:50:54+00:00","og_image":[{"url":"http:\/\/www.visit-ulcinj.com\/blog\/wp-content\/uploads\/2013\/06\/NAIL-DRAGA-ULQIN-150x150.jpg"}],"twitter_misc":{"Written by":"ulqini","Est. reading time":"7 minutes"},"schema":{"@context":"https:\/\/schema.org","@graph":[{"@type":"WebSite","@id":"https:\/\/www.visit-ulcinj.com\/blog\/#website","url":"https:\/\/www.visit-ulcinj.com\/blog\/","name":"Lajme nga Ulqini","description":"Lajme,Vijesti,Ulqini,Ulqin,Crna Gora,Mali i Zi","potentialAction":[{"@type":"SearchAction","target":{"@type":"EntryPoint","urlTemplate":"https:\/\/www.visit-ulcinj.com\/blog\/?s={search_term_string}"},"query-input":"required name=search_term_string"}],"inLanguage":"en-US"},{"@type":"ImageObject","inLanguage":"en-US","@id":"https:\/\/www.visit-ulcinj.com\/blog\/2015\/01\/22\/draga-presidenti-te-zgjidhet-nga-populli-e-jo-nga-kuvendi\/#primaryimage","url":"https:\/\/www.visit-ulcinj.com\/blog\/wp-content\/uploads\/2013\/06\/NAIL-DRAGA-ULQIN.jpg","contentUrl":"https:\/\/www.visit-ulcinj.com\/blog\/wp-content\/uploads\/2013\/06\/NAIL-DRAGA-ULQIN.jpg","width":540,"height":396},{"@type":"WebPage","@id":"https:\/\/www.visit-ulcinj.com\/blog\/2015\/01\/22\/draga-presidenti-te-zgjidhet-nga-populli-e-jo-nga-kuvendi\/#webpage","url":"https:\/\/www.visit-ulcinj.com\/blog\/2015\/01\/22\/draga-presidenti-te-zgjidhet-nga-populli-e-jo-nga-kuvendi\/","name":"Draga: Presidenti t\u00eb zgjidhet nga populli e jo nga kuvendi - Lajme nga Ulqini","isPartOf":{"@id":"https:\/\/www.visit-ulcinj.com\/blog\/#website"},"primaryImageOfPage":{"@id":"https:\/\/www.visit-ulcinj.com\/blog\/2015\/01\/22\/draga-presidenti-te-zgjidhet-nga-populli-e-jo-nga-kuvendi\/#primaryimage"},"datePublished":"2015-01-22T13:50:54+00:00","dateModified":"2015-01-22T13:50:54+00:00","author":{"@id":"https:\/\/www.visit-ulcinj.com\/blog\/#\/schema\/person\/dcab619c614d3038751c63bc2aadc06d"},"description":"Diskurisi politik Vet\u00ebm me zgjedhje t\u00eb drejtp\u00ebrdrejta nga ana e popullit presidenti apo presidentja edhe pse me ingerenca t\u00eb kufizuara n\u00eb nj\u00eb sistem","breadcrumb":{"@id":"https:\/\/www.visit-ulcinj.com\/blog\/2015\/01\/22\/draga-presidenti-te-zgjidhet-nga-populli-e-jo-nga-kuvendi\/#breadcrumb"},"inLanguage":"en-US","potentialAction":[{"@type":"ReadAction","target":["https:\/\/www.visit-ulcinj.com\/blog\/2015\/01\/22\/draga-presidenti-te-zgjidhet-nga-populli-e-jo-nga-kuvendi\/"]}]},{"@type":"BreadcrumbList","@id":"https:\/\/www.visit-ulcinj.com\/blog\/2015\/01\/22\/draga-presidenti-te-zgjidhet-nga-populli-e-jo-nga-kuvendi\/#breadcrumb","itemListElement":[{"@type":"ListItem","position":1,"name":"Draga: Presidenti t\u00eb zgjidhet nga populli e jo nga kuvendi"}]},{"@type":"Person","@id":"https:\/\/www.visit-ulcinj.com\/blog\/#\/schema\/person\/dcab619c614d3038751c63bc2aadc06d","name":"ulqini","sameAs":["http:\/\/www.visit-ulcinj.com"],"url":"https:\/\/www.visit-ulcinj.com\/blog\/author\/admin\/"}]}},"jetpack_featured_media_url":"","jetpack_sharing_enabled":true,"jetpack_shortlink":"https:\/\/wp.me\/pe6lTn-mUR","_links":{"self":[{"href":"https:\/\/www.visit-ulcinj.com\/blog\/wp-json\/wp\/v2\/posts\/88093"}],"collection":[{"href":"https:\/\/www.visit-ulcinj.com\/blog\/wp-json\/wp\/v2\/posts"}],"about":[{"href":"https:\/\/www.visit-ulcinj.com\/blog\/wp-json\/wp\/v2\/types\/post"}],"author":[{"embeddable":true,"href":"https:\/\/www.visit-ulcinj.com\/blog\/wp-json\/wp\/v2\/users\/1"}],"replies":[{"embeddable":true,"href":"https:\/\/www.visit-ulcinj.com\/blog\/wp-json\/wp\/v2\/comments?post=88093"}],"version-history":[{"count":1,"href":"https:\/\/www.visit-ulcinj.com\/blog\/wp-json\/wp\/v2\/posts\/88093\/revisions"}],"predecessor-version":[{"id":88094,"href":"https:\/\/www.visit-ulcinj.com\/blog\/wp-json\/wp\/v2\/posts\/88093\/revisions\/88094"}],"wp:attachment":[{"href":"https:\/\/www.visit-ulcinj.com\/blog\/wp-json\/wp\/v2\/media?parent=88093"}],"wp:term":[{"taxonomy":"category","embeddable":true,"href":"https:\/\/www.visit-ulcinj.com\/blog\/wp-json\/wp\/v2\/categories?post=88093"},{"taxonomy":"post_tag","embeddable":true,"href":"https:\/\/www.visit-ulcinj.com\/blog\/wp-json\/wp\/v2\/tags?post=88093"}],"curies":[{"name":"wp","href":"https:\/\/api.w.org\/{rel}","templated":true}]}}