{"id":88095,"date":"2015-01-22T15:03:51","date_gmt":"2015-01-22T14:03:51","guid":{"rendered":"http:\/\/www.visit-ulcinj.com\/blog\/?p=88095"},"modified":"2015-01-22T22:14:19","modified_gmt":"2015-01-22T21:14:19","slug":"gjeloshaj-pergjigjet-cankes-je-sherbetori-fatmir-gjekes-per-dezinformata","status":"publish","type":"post","link":"https:\/\/www.visit-ulcinj.com\/blog\/2015\/01\/22\/gjeloshaj-pergjigjet-cankes-je-sherbetori-fatmir-gjekes-per-dezinformata\/","title":{"rendered":"Gjeloshaj i p\u00ebrgjigjet Cank\u00ebs: \u201eJe sh\u00ebrb\u00ebtori i Fatmir Gjek\u00ebs p\u00ebr dezinformata\u201c"},"content":{"rendered":"<p><a href=\"http:\/\/www.visit-ulcinj.com\/blog\/wp-content\/uploads\/2015\/01\/Nik-Gjeloshaj.jpg\"><img loading=\"lazy\" class=\"alignleft wp-image-88096\" src=\"http:\/\/www.visit-ulcinj.com\/blog\/wp-content\/uploads\/2015\/01\/Nik-Gjeloshaj.jpg\" alt=\"Nik-Gjeloshaj\" width=\"508\" height=\"339\" srcset=\"https:\/\/www.visit-ulcinj.com\/blog\/wp-content\/uploads\/2015\/01\/Nik-Gjeloshaj.jpg 960w, https:\/\/www.visit-ulcinj.com\/blog\/wp-content\/uploads\/2015\/01\/Nik-Gjeloshaj-300x200.jpg 300w\" sizes=\"(max-width: 508px) 100vw, 508px\" \/><\/a>N\u00eb nj\u00eb deklarat\u00eb t\u00eb tij n\u00eb Facebook, deputeti i ASH-s\u00eb<strong> Nik\u00eb Gjeloshaj<\/strong>, ka sulmuar ashp\u00ebr kryetarin e komun\u00ebs s\u00eb Ulqinit <strong>Fatmir Gjek\u00ebn<\/strong> dhe gazetarin <strong>Mustafa Cank\u00ebn<\/strong>.<\/p>\n<p><strong>\u201cDuke par\u00eb se FGJ e paska leshuar n\u00eb gjah\u00eb sh\u00ebrb\u00ebtorin e tij p\u00ebr dezinformata MC, edhe disa fakte shtes:\u201d<\/strong> \u2013 shkruan ne faqen e tij n\u00eb facebook Gjeloshaj.<\/p>\n<p>Reagimi i Gjeloshajt duket se ka ardhur nga nj\u00eb tekst n\u00eb portalin e Cank\u00ebs (Ul-info) ku aludohet se refuzimi i tij p\u00ebr t\u00eb respektuar marr\u00ebveshjen nuk ka t\u00eb b\u00ebj\u00eb me bes\u00ebn por me ruajtjen e karriges dhe privilegjeve. N\u00eb tekst poashtu thuhet se partia e Gjeloshaj i ka sjellur koalicionit vet\u00ebm 350 vota t\u00eb marra n\u00eb zgjedhjet parlamentare t\u00eb vitit 2012, me t\u00eb cilat ai \u00ebsht\u00eb b\u00ebr\u00eb deputet.<\/p>\n<p>M\u00eb tej ai ka rradhitur nj\u00eb list\u00eb prej 11 pikash ku arsyeton vendimin e tij p\u00ebr mos l\u00ebshimin e postit t\u00eb deputetit K\u00ebt\u00eb list\u00eb po e japim ashtu si\u00e7 \u00ebsht\u00eb n\u00eb origjinal n\u00eb facebook.<\/p>\n<p><strong>1<\/strong>.N\u00eb zgjedhjet Parlamentare t\u00eb vitit 2012 Alternativa Shqiptare nuk ka qen\u00eb dakord p\u00ebr marr\u00ebveshje me LD, k\u00ebt\u00eb e ka konfirmuar edhe vet Bardhi n\u00eb nje emision n\u00eb RTMZ. Ne nuk kemi dasht asnj\u00eb lloj marr\u00ebveshje me LD, p\u00ebr arsye se ai na kishte tradhtuar dhe nuk kishte respektuar asnj\u00eb pik\u00eb t\u00eb marr\u00ebeshj\u00ebs s\u00eb 2009, at\u00ebher\u00eb kur e b\u00ebm\u00eb deputet edhe pse as vet\u00eb partia e tij nuk e donte. Kemi n\u00ebnshkruar k\u00ebt\u00eb marr\u00ebveshje vet\u00ebm pas takimit me Fatmir Gjek\u00ebn\u2026<br \/>\n<strong>2<\/strong>. Kemi qen\u00eb p\u00ebr marr\u00ebveshje me deg\u00ebt m\u00eb t\u00eb votuara t\u00eb LD, at\u00eb t\u00eb Mal\u00ebsis\u00eb dhe Plav\u00eb. K\u00ebto dy deg\u00eb n\u00eb zgjedhjet parlamentare nuk p\u00ebrkrah\u00ebn koalicionin ton\u00eb, dhe doli ajo q\u00eb ne kishim th\u00ebn\u00eb dhe tradh\u00ebtia e Bardhit ndaj koalicionit.<br \/>\n<strong>3.<\/strong> Kur kjo marr\u00ebveshje u b\u00eb faktike dhe kryetaret e deg\u00ebve t\u00eb Mal\u00ebsis\u00eb dhe Plav\u00ebs nuk ishin pjes\u00eb e list\u00ebs zgjedhore, ASH u gjend n\u00eb nj\u00eb pozit t\u00eb v\u00ebshtir, u rreshtua prap pas Mehmet Bardhit, Mehmetin q\u00eb as t\u00eb vetet nuk e duan.<br \/>\n<strong>4<\/strong>. ASH n\u00eb zgjedhjet e vitit 2012 u mbet i vet\u00ebm, pa asnj\u00eb p\u00ebrkrahje nga partneret, edhe ato q\u00eb na takonin na i mor\u00ebn.<br \/>\n<strong>5<\/strong>. ASH edhe pse e befasuar, pranon vendimin e Gjek\u00ebs p\u00ebr tu b\u00ebr\u00eb pjes\u00eb e qeveris\u00eb, me artikulimin se do p\u00ebrmir\u00ebsohet dhe do levizin gj\u00ebrat, pas 10 muajsh pranuam edhe detyr\u00ebn n\u00eb ministrin\u00eb e arsimit.<br \/>\n<strong>6.<\/strong> Me dat\u00ebn 6 n\u00ebntor 2013 sipas marr\u00ebveshj\u00ebs q\u00eb sot t\u00eb gjith\u00eb e din\u00eb, z. Gjeka i p\u00ebrfundon mandati, por ne nuk b\u00ebm\u00eb cirk mediatik dhe nuk qah\u00ebshim, ishim t\u00eb gatsh\u00ebm ti lenim z. Gjek\u00ebs pjes\u00ebn e mandatit se nuk kerkojm\u00eb hokej p\u00ebrfaq\u00ebsimi politik, por faktorizim t\u00eb c\u00ebshtjeve, duke mos u nd\u00ebrruar disa her\u00eb n\u00eb nj\u00eb mandat.<br \/>\n<strong>7<\/strong>. Fatmir Gjeka zgjedhet Kryetar Komune, jep dor\u00ebheqje, Gjergj Camaj i takon posti i deputetit, por ai b\u00ebn\u00eb at\u00eb q\u00eb se ka b\u00ebr\u00eb asnj\u00eb politikan deri m\u00eb tani, i l\u00ebshon postin nj\u00eb m\u00eb t\u00eb riu.<br \/>\n<strong>8<\/strong>. Nik Gjeloshaj merr\u00eb detyren e deputetit, me shum\u00eb m\u00ebdyshje, por bindet me BES\u00cb .<br \/>\n<strong>9.<\/strong> N\u00eb fund n\u00ebse nuk vlen BESA e respektohet marr\u00ebveshja q\u00eb ka ASH t\u00eb shkruar e n\u00ebnshkruar me PD, Nik Gjeloshaj duhet t\u00eb jepte dor\u00ebheqje n\u00eb korrik t\u00eb 2005. P\u00ebr at\u00eb k\u00ebta zhurmaxhi, vec se e shtyjn\u00eb k\u00ebt\u00eb dat\u00eb. Dor\u00ebheqje p\u00ebr tu b\u00ebr\u00eb Mehmet Bardhi deputet kurr\u00eb nuk do t\u00eb jap, me k\u00ebt\u00eb b\u00ebj\u00eb nd\u00ebr veprat m\u00eb t\u00eb m\u00ebdha komb\u00ebtare.<br \/>\n<strong>10.<\/strong> Pjesa m\u00eb e madhe e dijn\u00eb q\u00eb Nik Gjeloshaj nuk \u00ebsht\u00eb b\u00ebr\u00eb deputet p\u00ebr rrog\u00eb dhe nuk e mban k\u00ebt\u00eb pozit p\u00ebr rrog\u00eb, sic do b\u00ebnte pretendenti tjeter, k\u00ebt\u00eb do e d\u00ebshmoj n\u00eb ditet n\u00eb vazhdim.<br \/>\n<strong>11.<\/strong> Jezu Krishti thot\u00eb \u201cFali o Zot se nuk din cfar\u00eb b\u00ebjn\u00eb\u201d un\u00eb i them atij q\u00eb m\u00eb ka prer\u00eb n\u00eb Bes\u00eb \u201cT\u00eb fali, se nuk jam i sigurt se din\u00eb cfar\u00eb b\u00ebn\u00eb\u201d. Edhe pse kam arsye, nuk mund t\u00eb m\u00eb ngel hatri, un\u00eb e mbaj bes\u00ebn dhe fjal\u00ebn e dh\u00ebn\u00eb, me Nik\u00ebn nuk mund t\u00eb luash. N\u00eb mes t\u00eb Mehmetit dhe Niket (dhe BESES) zgjodhe Mehmetin, ta g\u00ebzofsh.<br \/>\nNik Gjeloshaj<\/p>\n<p class=\"_5pbw\" data-ft=\"{&quot;tn&quot;:&quot;C&quot;}\"><strong><span class=\"fwb fcg\" data-ft=\"{&quot;tn&quot;:&quot;k&quot;}\"><a id=\"js_3o\" href=\"https:\/\/www.facebook.com\/pages\/Nik-Gjeloshaj\/638633769597292?fref=nf\" data-hovercard=\"\/ajax\/hovercard\/page.php?id=638633769597292&amp;extragetparams=%7B%22fref%22%3A%22nf%22%7D\">Nik Gjeloshaj Facebook<\/a><\/span><\/strong><\/p>\n<p>Alternativa Shqiptare ka paraqitur edhe nj\u00eb kopje t\u00eb marr\u00ebveshjes n\u00eb mes LD n\u00eb MZ dhe ASH t\u00eb n\u00ebnshkruar n\u00eb vitin 2009.<\/p>\n<p><span data-ft=\"{&quot;tn&quot;:&quot;K&quot;}\" data-reactid=\".dv.1:3:1:$comment852562348120686_852565718120349:0.0.$right.0.$left.0.0.1:$comment-body\"><span class=\"UFICommentBody\" data-reactid=\".dv.1:3:1:$comment852562348120686_852565718120349:0.0.$right.0.$left.0.0.1:$comment-body.0\"><span data-reactid=\".dv.1:3:1:$comment852562348120686_852565718120349:0.0.$right.0.$left.0.0.1:$comment-body.0.$end:0:$0:0\">Edhe nj\u00eb Sqarim tjet\u00ebr p\u00ebr mjetet e informimit. inicialet FGJ kan\u00eb t\u00eb b\u00ebjn\u00eb me kryetarin e komun\u00ebs s\u00eb Ulqinit FATMIR GJEK\u00cbN, kurse MC, p\u00ebr &#8220;analistin e pavarur&#8221; dhe sh\u00ebrb\u00ebtorin e tij MUSTAFA CANKA !<\/span><\/span><\/span><br \/>\n1.<br \/>\n<a href=\"http:\/\/www.visit-ulcinj.com\/blog\/wp-content\/uploads\/2015\/01\/Marveshja-e-koalicionit.jpg\"><img loading=\"lazy\" class=\"alignleft wp-image-88099\" src=\"http:\/\/www.visit-ulcinj.com\/blog\/wp-content\/uploads\/2015\/01\/Marveshja-e-koalicionit.jpg\" alt=\"Marveshja e koalicionit\" width=\"508\" height=\"626\" srcset=\"https:\/\/www.visit-ulcinj.com\/blog\/wp-content\/uploads\/2015\/01\/Marveshja-e-koalicionit.jpg 779w, https:\/\/www.visit-ulcinj.com\/blog\/wp-content\/uploads\/2015\/01\/Marveshja-e-koalicionit-243x300.jpg 243w\" sizes=\"(max-width: 508px) 100vw, 508px\" \/><\/a><br \/>\n2.<a href=\"http:\/\/www.visit-ulcinj.com\/blog\/wp-content\/uploads\/2015\/01\/Marveshja-e-koalicionit-1.jpg\"><img loading=\"lazy\" class=\"alignleft wp-image-88101\" src=\"http:\/\/www.visit-ulcinj.com\/blog\/wp-content\/uploads\/2015\/01\/Marveshja-e-koalicionit-1.jpg\" alt=\"Marveshja e koalicionit-1\" width=\"508\" height=\"691\" srcset=\"https:\/\/www.visit-ulcinj.com\/blog\/wp-content\/uploads\/2015\/01\/Marveshja-e-koalicionit-1.jpg 706w, https:\/\/www.visit-ulcinj.com\/blog\/wp-content\/uploads\/2015\/01\/Marveshja-e-koalicionit-1-220x300.jpg 220w\" sizes=\"(max-width: 508px) 100vw, 508px\" \/><\/a><\/p>\n","protected":false},"excerpt":{"rendered":"<p>N\u00eb nj\u00eb deklarat\u00eb t\u00eb tij n\u00eb Facebook, deputeti i ASH-s\u00eb Nik\u00eb Gjeloshaj, ka sulmuar ashp\u00ebr kryetarin e komun\u00ebs s\u00eb Ulqinit Fatmir Gjek\u00ebn dhe gazetarin Mustafa Cank\u00ebn. \u201cDuke par\u00eb se FGJ e paska leshuar n\u00eb gjah\u00eb sh\u00ebrb\u00ebtorin e tij p\u00ebr dezinformata MC, edhe disa fakte shtes:\u201d \u2013 shkruan ne faqen e tij n\u00eb facebook Gjeloshaj. Reagimi [&hellip;]<\/p>\n","protected":false},"author":1,"featured_media":0,"comment_status":"closed","ping_status":"closed","sticky":false,"template":"","format":"standard","meta":{"spay_email":"","jetpack_publicize_message":"","jetpack_is_tweetstorm":false,"jetpack_publicize_feature_enabled":true},"categories":[1,2451],"tags":[],"jetpack_publicize_connections":[],"yoast_head":"<!-- This site is optimized with the Yoast SEO plugin v19.1 - https:\/\/yoast.com\/wordpress\/plugins\/seo\/ -->\n<title>Gjeloshaj i p\u00ebrgjigjet Cank\u00ebs: \u201eJe sh\u00ebrb\u00ebtori i Fatmir Gjek\u00ebs p\u00ebr dezinformata\u201c - Lajme nga Ulqini<\/title>\n<meta name=\"description\" content=\"N\u00eb nj\u00eb deklarat\u00eb t\u00eb tij n\u00eb Facebook, deputeti i ASH-s\u00eb Nik\u00eb Gjeloshaj, ka sulmuar ashp\u00ebr kryetarin e komun\u00ebs s\u00eb Ulqinit Fatmir Gjek\u00ebn dhe gazetarin\" \/>\n<meta name=\"robots\" content=\"index, follow, max-snippet:-1, max-image-preview:large, max-video-preview:-1\" \/>\n<link rel=\"canonical\" href=\"https:\/\/www.visit-ulcinj.com\/blog\/2015\/01\/22\/gjeloshaj-pergjigjet-cankes-je-sherbetori-fatmir-gjekes-per-dezinformata\/\" \/>\n<meta property=\"og:locale\" content=\"en_US\" \/>\n<meta property=\"og:type\" content=\"article\" \/>\n<meta property=\"og:title\" content=\"Gjeloshaj i p\u00ebrgjigjet Cank\u00ebs: \u201eJe sh\u00ebrb\u00ebtori i Fatmir Gjek\u00ebs p\u00ebr dezinformata\u201c - Lajme nga Ulqini\" \/>\n<meta property=\"og:description\" content=\"N\u00eb nj\u00eb deklarat\u00eb t\u00eb tij n\u00eb Facebook, deputeti i ASH-s\u00eb Nik\u00eb Gjeloshaj, ka sulmuar ashp\u00ebr kryetarin e komun\u00ebs s\u00eb Ulqinit Fatmir Gjek\u00ebn dhe gazetarin\" \/>\n<meta property=\"og:url\" content=\"https:\/\/www.visit-ulcinj.com\/blog\/2015\/01\/22\/gjeloshaj-pergjigjet-cankes-je-sherbetori-fatmir-gjekes-per-dezinformata\/\" \/>\n<meta property=\"og:site_name\" content=\"Lajme nga Ulqini\" \/>\n<meta property=\"article:published_time\" content=\"2015-01-22T14:03:51+00:00\" \/>\n<meta property=\"article:modified_time\" content=\"2015-01-22T21:14:19+00:00\" \/>\n<meta property=\"og:image\" content=\"http:\/\/www.visit-ulcinj.com\/blog\/wp-content\/uploads\/2015\/01\/Nik-Gjeloshaj.jpg\" \/>\n<meta name=\"twitter:label1\" content=\"Written by\" \/>\n\t<meta name=\"twitter:data1\" content=\"ulqini\" \/>\n\t<meta name=\"twitter:label2\" content=\"Est. reading time\" \/>\n\t<meta name=\"twitter:data2\" content=\"4 minutes\" \/>\n<script type=\"application\/ld+json\" class=\"yoast-schema-graph\">{\"@context\":\"https:\/\/schema.org\",\"@graph\":[{\"@type\":\"WebSite\",\"@id\":\"https:\/\/www.visit-ulcinj.com\/blog\/#website\",\"url\":\"https:\/\/www.visit-ulcinj.com\/blog\/\",\"name\":\"Lajme nga Ulqini\",\"description\":\"Lajme,Vijesti,Ulqini,Ulqin,Crna Gora,Mali i Zi\",\"potentialAction\":[{\"@type\":\"SearchAction\",\"target\":{\"@type\":\"EntryPoint\",\"urlTemplate\":\"https:\/\/www.visit-ulcinj.com\/blog\/?s={search_term_string}\"},\"query-input\":\"required name=search_term_string\"}],\"inLanguage\":\"en-US\"},{\"@type\":\"ImageObject\",\"inLanguage\":\"en-US\",\"@id\":\"https:\/\/www.visit-ulcinj.com\/blog\/2015\/01\/22\/gjeloshaj-pergjigjet-cankes-je-sherbetori-fatmir-gjekes-per-dezinformata\/#primaryimage\",\"url\":\"https:\/\/www.visit-ulcinj.com\/blog\/wp-content\/uploads\/2015\/01\/Nik-Gjeloshaj.jpg\",\"contentUrl\":\"https:\/\/www.visit-ulcinj.com\/blog\/wp-content\/uploads\/2015\/01\/Nik-Gjeloshaj.jpg\",\"width\":960,\"height\":640},{\"@type\":\"WebPage\",\"@id\":\"https:\/\/www.visit-ulcinj.com\/blog\/2015\/01\/22\/gjeloshaj-pergjigjet-cankes-je-sherbetori-fatmir-gjekes-per-dezinformata\/#webpage\",\"url\":\"https:\/\/www.visit-ulcinj.com\/blog\/2015\/01\/22\/gjeloshaj-pergjigjet-cankes-je-sherbetori-fatmir-gjekes-per-dezinformata\/\",\"name\":\"Gjeloshaj i p\u00ebrgjigjet Cank\u00ebs: \u201eJe sh\u00ebrb\u00ebtori i Fatmir Gjek\u00ebs p\u00ebr dezinformata\u201c - Lajme nga Ulqini\",\"isPartOf\":{\"@id\":\"https:\/\/www.visit-ulcinj.com\/blog\/#website\"},\"primaryImageOfPage\":{\"@id\":\"https:\/\/www.visit-ulcinj.com\/blog\/2015\/01\/22\/gjeloshaj-pergjigjet-cankes-je-sherbetori-fatmir-gjekes-per-dezinformata\/#primaryimage\"},\"datePublished\":\"2015-01-22T14:03:51+00:00\",\"dateModified\":\"2015-01-22T21:14:19+00:00\",\"author\":{\"@id\":\"https:\/\/www.visit-ulcinj.com\/blog\/#\/schema\/person\/dcab619c614d3038751c63bc2aadc06d\"},\"description\":\"N\u00eb nj\u00eb deklarat\u00eb t\u00eb tij n\u00eb Facebook, deputeti i ASH-s\u00eb Nik\u00eb Gjeloshaj, ka sulmuar ashp\u00ebr kryetarin e komun\u00ebs s\u00eb Ulqinit Fatmir Gjek\u00ebn dhe gazetarin\",\"breadcrumb\":{\"@id\":\"https:\/\/www.visit-ulcinj.com\/blog\/2015\/01\/22\/gjeloshaj-pergjigjet-cankes-je-sherbetori-fatmir-gjekes-per-dezinformata\/#breadcrumb\"},\"inLanguage\":\"en-US\",\"potentialAction\":[{\"@type\":\"ReadAction\",\"target\":[\"https:\/\/www.visit-ulcinj.com\/blog\/2015\/01\/22\/gjeloshaj-pergjigjet-cankes-je-sherbetori-fatmir-gjekes-per-dezinformata\/\"]}]},{\"@type\":\"BreadcrumbList\",\"@id\":\"https:\/\/www.visit-ulcinj.com\/blog\/2015\/01\/22\/gjeloshaj-pergjigjet-cankes-je-sherbetori-fatmir-gjekes-per-dezinformata\/#breadcrumb\",\"itemListElement\":[{\"@type\":\"ListItem\",\"position\":1,\"name\":\"Gjeloshaj i p\u00ebrgjigjet Cank\u00ebs: \u201eJe sh\u00ebrb\u00ebtori i Fatmir Gjek\u00ebs p\u00ebr dezinformata\u201c\"}]},{\"@type\":\"Person\",\"@id\":\"https:\/\/www.visit-ulcinj.com\/blog\/#\/schema\/person\/dcab619c614d3038751c63bc2aadc06d\",\"name\":\"ulqini\",\"sameAs\":[\"http:\/\/www.visit-ulcinj.com\"],\"url\":\"https:\/\/www.visit-ulcinj.com\/blog\/author\/admin\/\"}]}<\/script>\n<!-- \/ Yoast SEO plugin. -->","yoast_head_json":{"title":"Gjeloshaj i p\u00ebrgjigjet Cank\u00ebs: \u201eJe sh\u00ebrb\u00ebtori i Fatmir Gjek\u00ebs p\u00ebr dezinformata\u201c - Lajme nga Ulqini","description":"N\u00eb nj\u00eb deklarat\u00eb t\u00eb tij n\u00eb Facebook, deputeti i ASH-s\u00eb Nik\u00eb Gjeloshaj, ka sulmuar ashp\u00ebr kryetarin e komun\u00ebs s\u00eb Ulqinit Fatmir Gjek\u00ebn dhe gazetarin","robots":{"index":"index","follow":"follow","max-snippet":"max-snippet:-1","max-image-preview":"max-image-preview:large","max-video-preview":"max-video-preview:-1"},"canonical":"https:\/\/www.visit-ulcinj.com\/blog\/2015\/01\/22\/gjeloshaj-pergjigjet-cankes-je-sherbetori-fatmir-gjekes-per-dezinformata\/","og_locale":"en_US","og_type":"article","og_title":"Gjeloshaj i p\u00ebrgjigjet Cank\u00ebs: \u201eJe sh\u00ebrb\u00ebtori i Fatmir Gjek\u00ebs p\u00ebr dezinformata\u201c - Lajme nga Ulqini","og_description":"N\u00eb nj\u00eb deklarat\u00eb t\u00eb tij n\u00eb Facebook, deputeti i ASH-s\u00eb Nik\u00eb Gjeloshaj, ka sulmuar ashp\u00ebr kryetarin e komun\u00ebs s\u00eb Ulqinit Fatmir Gjek\u00ebn dhe gazetarin","og_url":"https:\/\/www.visit-ulcinj.com\/blog\/2015\/01\/22\/gjeloshaj-pergjigjet-cankes-je-sherbetori-fatmir-gjekes-per-dezinformata\/","og_site_name":"Lajme nga Ulqini","article_published_time":"2015-01-22T14:03:51+00:00","article_modified_time":"2015-01-22T21:14:19+00:00","og_image":[{"url":"http:\/\/www.visit-ulcinj.com\/blog\/wp-content\/uploads\/2015\/01\/Nik-Gjeloshaj.jpg"}],"twitter_misc":{"Written by":"ulqini","Est. reading time":"4 minutes"},"schema":{"@context":"https:\/\/schema.org","@graph":[{"@type":"WebSite","@id":"https:\/\/www.visit-ulcinj.com\/blog\/#website","url":"https:\/\/www.visit-ulcinj.com\/blog\/","name":"Lajme nga Ulqini","description":"Lajme,Vijesti,Ulqini,Ulqin,Crna Gora,Mali i Zi","potentialAction":[{"@type":"SearchAction","target":{"@type":"EntryPoint","urlTemplate":"https:\/\/www.visit-ulcinj.com\/blog\/?s={search_term_string}"},"query-input":"required name=search_term_string"}],"inLanguage":"en-US"},{"@type":"ImageObject","inLanguage":"en-US","@id":"https:\/\/www.visit-ulcinj.com\/blog\/2015\/01\/22\/gjeloshaj-pergjigjet-cankes-je-sherbetori-fatmir-gjekes-per-dezinformata\/#primaryimage","url":"https:\/\/www.visit-ulcinj.com\/blog\/wp-content\/uploads\/2015\/01\/Nik-Gjeloshaj.jpg","contentUrl":"https:\/\/www.visit-ulcinj.com\/blog\/wp-content\/uploads\/2015\/01\/Nik-Gjeloshaj.jpg","width":960,"height":640},{"@type":"WebPage","@id":"https:\/\/www.visit-ulcinj.com\/blog\/2015\/01\/22\/gjeloshaj-pergjigjet-cankes-je-sherbetori-fatmir-gjekes-per-dezinformata\/#webpage","url":"https:\/\/www.visit-ulcinj.com\/blog\/2015\/01\/22\/gjeloshaj-pergjigjet-cankes-je-sherbetori-fatmir-gjekes-per-dezinformata\/","name":"Gjeloshaj i p\u00ebrgjigjet Cank\u00ebs: \u201eJe sh\u00ebrb\u00ebtori i Fatmir Gjek\u00ebs p\u00ebr dezinformata\u201c - Lajme nga Ulqini","isPartOf":{"@id":"https:\/\/www.visit-ulcinj.com\/blog\/#website"},"primaryImageOfPage":{"@id":"https:\/\/www.visit-ulcinj.com\/blog\/2015\/01\/22\/gjeloshaj-pergjigjet-cankes-je-sherbetori-fatmir-gjekes-per-dezinformata\/#primaryimage"},"datePublished":"2015-01-22T14:03:51+00:00","dateModified":"2015-01-22T21:14:19+00:00","author":{"@id":"https:\/\/www.visit-ulcinj.com\/blog\/#\/schema\/person\/dcab619c614d3038751c63bc2aadc06d"},"description":"N\u00eb nj\u00eb deklarat\u00eb t\u00eb tij n\u00eb Facebook, deputeti i ASH-s\u00eb Nik\u00eb Gjeloshaj, ka sulmuar ashp\u00ebr kryetarin e komun\u00ebs s\u00eb Ulqinit Fatmir Gjek\u00ebn dhe gazetarin","breadcrumb":{"@id":"https:\/\/www.visit-ulcinj.com\/blog\/2015\/01\/22\/gjeloshaj-pergjigjet-cankes-je-sherbetori-fatmir-gjekes-per-dezinformata\/#breadcrumb"},"inLanguage":"en-US","potentialAction":[{"@type":"ReadAction","target":["https:\/\/www.visit-ulcinj.com\/blog\/2015\/01\/22\/gjeloshaj-pergjigjet-cankes-je-sherbetori-fatmir-gjekes-per-dezinformata\/"]}]},{"@type":"BreadcrumbList","@id":"https:\/\/www.visit-ulcinj.com\/blog\/2015\/01\/22\/gjeloshaj-pergjigjet-cankes-je-sherbetori-fatmir-gjekes-per-dezinformata\/#breadcrumb","itemListElement":[{"@type":"ListItem","position":1,"name":"Gjeloshaj i p\u00ebrgjigjet Cank\u00ebs: \u201eJe sh\u00ebrb\u00ebtori i Fatmir Gjek\u00ebs p\u00ebr dezinformata\u201c"}]},{"@type":"Person","@id":"https:\/\/www.visit-ulcinj.com\/blog\/#\/schema\/person\/dcab619c614d3038751c63bc2aadc06d","name":"ulqini","sameAs":["http:\/\/www.visit-ulcinj.com"],"url":"https:\/\/www.visit-ulcinj.com\/blog\/author\/admin\/"}]}},"jetpack_featured_media_url":"","jetpack_sharing_enabled":true,"jetpack_shortlink":"https:\/\/wp.me\/pe6lTn-mUT","_links":{"self":[{"href":"https:\/\/www.visit-ulcinj.com\/blog\/wp-json\/wp\/v2\/posts\/88095"}],"collection":[{"href":"https:\/\/www.visit-ulcinj.com\/blog\/wp-json\/wp\/v2\/posts"}],"about":[{"href":"https:\/\/www.visit-ulcinj.com\/blog\/wp-json\/wp\/v2\/types\/post"}],"author":[{"embeddable":true,"href":"https:\/\/www.visit-ulcinj.com\/blog\/wp-json\/wp\/v2\/users\/1"}],"replies":[{"embeddable":true,"href":"https:\/\/www.visit-ulcinj.com\/blog\/wp-json\/wp\/v2\/comments?post=88095"}],"version-history":[{"count":3,"href":"https:\/\/www.visit-ulcinj.com\/blog\/wp-json\/wp\/v2\/posts\/88095\/revisions"}],"predecessor-version":[{"id":88102,"href":"https:\/\/www.visit-ulcinj.com\/blog\/wp-json\/wp\/v2\/posts\/88095\/revisions\/88102"}],"wp:attachment":[{"href":"https:\/\/www.visit-ulcinj.com\/blog\/wp-json\/wp\/v2\/media?parent=88095"}],"wp:term":[{"taxonomy":"category","embeddable":true,"href":"https:\/\/www.visit-ulcinj.com\/blog\/wp-json\/wp\/v2\/categories?post=88095"},{"taxonomy":"post_tag","embeddable":true,"href":"https:\/\/www.visit-ulcinj.com\/blog\/wp-json\/wp\/v2\/tags?post=88095"}],"curies":[{"name":"wp","href":"https:\/\/api.w.org\/{rel}","templated":true}]}}