{"id":88103,"date":"2015-01-22T21:45:41","date_gmt":"2015-01-22T20:45:41","guid":{"rendered":"http:\/\/www.visit-ulcinj.com\/blog\/?p=88103"},"modified":"2015-01-23T09:52:29","modified_gmt":"2015-01-23T08:52:29","slug":"silver-korda-formula-percaj-e-sundo-ende-gjen-zbatim-te-shqiptaret-e-mal-te-zi","status":"publish","type":"post","link":"https:\/\/www.visit-ulcinj.com\/blog\/2015\/01\/22\/silver-korda-formula-percaj-e-sundo-ende-gjen-zbatim-te-shqiptaret-e-mal-te-zi\/","title":{"rendered":"Silver Korda: Formula &#8220;P\u00ebr\u00e7aj e Sundo&#8221; ende gjen zbatim te shqiptar\u00ebt e Mal t\u00eb Zi"},"content":{"rendered":"<p><a href=\"http:\/\/www.visit-ulcinj.com\/blog\/wp-content\/uploads\/2013\/03\/silver-korda.jpg\"><img loading=\"lazy\" class=\"alignleft wp-image-69712\" src=\"http:\/\/www.visit-ulcinj.com\/blog\/wp-content\/uploads\/2013\/03\/silver-korda.jpg\" alt=\"silver korda\" width=\"508\" height=\"339\" srcset=\"https:\/\/www.visit-ulcinj.com\/blog\/wp-content\/uploads\/2013\/03\/silver-korda.jpg 960w, https:\/\/www.visit-ulcinj.com\/blog\/wp-content\/uploads\/2013\/03\/silver-korda-300x200.jpg 300w\" sizes=\"(max-width: 508px) 100vw, 508px\" \/><\/a>K\u00ebsi tragjikomedi politike n\u00eb sken\u00ebn politike t\u00eb Malit t\u00eb Zi (Ulqinit), \u201egjuajtje\u201c, akuza t\u00eb politikanve ve\u00e7 e ve\u00e7 me nj\u00eb q\u00ebllim: interesat personale, ruajtje t\u00eb koltuqeve\/fotelave, luft e domosdoshme p\u00ebr grabitjen e sa m\u00eb shum\u00eb kapitali, (n\u00eb gjitha format: patundshm\u00ebri, pasuri t\u00eb leviz\u00ebshme, parash, profit statusor) gjat\u00eb zgjatjes\u00eb s\u00eb madateve parlamentare, komunale, delegate, partiake-klanore, (legale, gjys\u00ebmlegale, t\u00eb tejdukshme, kushrinore, shoq\u00ebrore<span class=\"text_exposed_show\">), ndjekje (verbale) secili kund\u00ebr secilit, shpifje, rrena, (pa u kuqur ndokujt f\u00ebtyra p\u00ebr kte), insinuata arrogante dhe injorante, pa denigruar faktet dhe provat&#8230; hipokrizi dhe zbatim konsekuent t\u00eb ineresave tyre familjare, mahalle, biznesi&#8230; mbi kurrizin e njer\u00ebzve, bashkis\u00eb, qyteteve, komuniteti, \u00ebsht\u00eb b\u00ebr\u00eb nj\u00eb e p\u00ebrditshme &#8220;normale&#8221;, fenomen n\u00eb kasabat malazeze (sidomos n\u00eb Ulqin); mentaliteti bashibozuk, injorimi total i interesave t\u00eb rinis\u00eb, gjenerat\u00ebs s\u00eb elit\u00ebs intelektuale pa pun\u00eb dhe perspektiv\u00eb, rrezikim i ardh\u00ebmeris\u00eb dhe eksistenc\u00ebs s\u00eb tyre, shkaku moszbatimit, mosrepsektimit dhe l\u00ebnjes\u00eb pas dore, mosrespektimit, t\u00eb neglizhenc\u00ebs dhe shp\u00ebrfilljes s\u00eb dispozitave ligjore p\u00ebr pun\u00ebsim, mos zabtimit t\u00eb projekteve konkrete p\u00ebr integrimin dhe ky\u00e7jen e tyre n\u00eb zhvillimin e shoq\u00ebris\u00eb dhe bashkis\u00eb, mos sigurimi i ardh\u00ebmeris\u00eb s\u00eb tyre (gjegj\u00ebsisht) t\u00eb zhvillimit t\u00eb komun\u00ebs dhe shtetit.<\/span><\/p>\n<div class=\"text_exposed_show\">\n<p>T\u00eb gjitha k\u00ebto premisa jan\u00eb t\u00eb p\u00ebrcaktuara, t\u00eb rranjosura dhe t\u00eb ky\u00e7ura n\u00eb kushtetut\u00ebn, statutet komunale dhe regjionale, n\u00eb p\u00ebrcaktimet dhe udh\u00ebdrejtimet ligjore p\u00ebr zhvillimin konkret t\u00eb projekteve dhe perspektivave p\u00ebr rini dhe t\u00eb rinj&#8230;<\/p>\n<p>Por, populli, shoq\u00ebria, votuesit jan\u00eb b\u00ebr\u00eb t\u00eb verb\u00ebr (kan\u00eb qerru) \u201eme dy sy n\u00eb ball\u201c \u2026 politikan\u00ebt t\u00eb gjith\u00eb kolorit dhe mustrash ia kan\u00eb \u201etrullu trurin), nuk i funkcionon perceptimi dhe analizimi logjik, nuk dijn m\u00eb as vet\u00eb se \u00e7`t\u00eb b\u00ebrin&#8230;<br \/>\ntruri iu \u00ebsht\u00eb turbullu si deti gjat\u00eb stuhis\u00eb&#8230; Politikan\u00ebt jan\u00eb ato \u201epeshkatar\u201c q\u00eb<br \/>\nz\u00ebjn\u00eb peshk n\u00eb uj\u00ebrat e trazuara, premtojn male dhe fusha, ia ulin yjet nga qielli, e shn\u00ebdrojn Ulqinin her\u00eb n\u00eb \u201eDubai\u201c e her\u00eb \u201eKalifornie\u201c, premtojn me mendeleht\u00ebsi dhe naivitet hapje t\u00eb vendeve t\u00eb reja t\u00eb pun\u00ebs, perspektiva fiktive p\u00ebr t\u00eb rinj\u00ebt, nd\u00ebrtonin kullat e kartonit, e n\u00eb realitet, e kan\u00eb kthyer Ulqinin n\u00eb nj\u00eb tallje dhe mjerimit (p\u00ebr faqe t\u00eb zez\u00eb)!!!<\/p>\n<p>Plazhet e Ulqinit, pasurit natyrore, bujq\u00ebsore, resurset turistike, ekonomike: zalli i Ulqinit, klima e Ulqinit.. nuk eksiston as n\u00eb Duabi as n\u00eb Kalifornie as n\u00eb Europ\u00eb&#8230; Por, Ulqini ka fatkeq\u00ebsisht, numrin m\u00eb t\u00eb madh\u00eb t\u00eb analfabet\u00ebsh me diploma univerzitare, nivelin m\u00eb t\u00eb ul\u00ebt t\u00eb vet\u00ebdijes\u00eb politike t\u00eb votuesve, t\u00eb cilit zgjedhin \u201ezotrat politik\u201c lokal me (mos)kultur\u00ebn m\u00eb t\u00eb ul\u00ebt, t\u00eb cilit nuk e njohin as ABC-d\u00ebn (abetaren) e kodeksit politik, t\u00eb sjelljeve, veprimit korrekt, moralit dhe dinjitetit; (respekt p\u00ebrjashtimeve t\u00eb pakt\u00eb)!!!<br \/>\nP\u00ebr fat t\u00eb keq, nj\u00eb dall\u00ebndyshja nuk e \u00e7el pranver\u00ebn!!!!<\/p>\n<p>&nbsp;<\/p>\n<p id=\"js_11\" class=\"_5pbw\" data-ft=\"{&quot;tn&quot;:&quot;C&quot;}\"><strong><span class=\"fwb fcg\" data-ft=\"{&quot;tn&quot;:&quot;;&quot;}\"><a id=\"js_1p\" href=\"https:\/\/www.facebook.com\/profile.php?id=100002258040793&amp;fref=nf\" data-hovercard=\"\/ajax\/hovercard\/user.php?id=100002258040793&amp;extragetparams=%7B%22fref%22%3A%22nf%22%7D\">Silver Korda Kordic Facebook<\/a><\/span><\/strong><\/p>\n<\/div>\n","protected":false},"excerpt":{"rendered":"<p>K\u00ebsi tragjikomedi politike n\u00eb sken\u00ebn politike t\u00eb Malit t\u00eb Zi (Ulqinit), \u201egjuajtje\u201c, akuza t\u00eb politikanve ve\u00e7 e ve\u00e7 me nj\u00eb q\u00ebllim: interesat personale, ruajtje t\u00eb koltuqeve\/fotelave, luft e domosdoshme p\u00ebr grabitjen e sa m\u00eb shum\u00eb kapitali, (n\u00eb gjitha format: patundshm\u00ebri, pasuri t\u00eb leviz\u00ebshme, parash, profit statusor) gjat\u00eb zgjatjes\u00eb s\u00eb madateve parlamentare, komunale, delegate, partiake-klanore, (legale, [&hellip;]<\/p>\n","protected":false},"author":1,"featured_media":0,"comment_status":"closed","ping_status":"closed","sticky":false,"template":"","format":"standard","meta":{"spay_email":"","jetpack_publicize_message":"","jetpack_is_tweetstorm":false,"jetpack_publicize_feature_enabled":true},"categories":[1,2451],"tags":[],"jetpack_publicize_connections":[],"yoast_head":"<!-- This site is optimized with the Yoast SEO plugin v19.1 - https:\/\/yoast.com\/wordpress\/plugins\/seo\/ -->\n<title>Silver Korda: Formula &quot;P\u00ebr\u00e7aj e Sundo&quot; ende gjen zbatim te shqiptar\u00ebt e Mal t\u00eb Zi - Lajme nga Ulqini<\/title>\n<meta name=\"description\" content=\"K\u00ebsi tragjikomedi politike n\u00eb sken\u00ebn politike t\u00eb Malit t\u00eb Zi (Ulqinit), \u201egjuajtje\u201c, akuza t\u00eb politikanve ve\u00e7 e ve\u00e7 me nj\u00eb q\u00ebllim: interesat personale,\" \/>\n<meta name=\"robots\" content=\"index, follow, max-snippet:-1, max-image-preview:large, max-video-preview:-1\" \/>\n<link rel=\"canonical\" href=\"https:\/\/www.visit-ulcinj.com\/blog\/2015\/01\/22\/silver-korda-formula-percaj-e-sundo-ende-gjen-zbatim-te-shqiptaret-e-mal-te-zi\/\" \/>\n<meta property=\"og:locale\" content=\"en_US\" \/>\n<meta property=\"og:type\" content=\"article\" \/>\n<meta property=\"og:title\" content=\"Silver Korda: Formula &quot;P\u00ebr\u00e7aj e Sundo&quot; ende gjen zbatim te shqiptar\u00ebt e Mal t\u00eb Zi - Lajme nga Ulqini\" \/>\n<meta property=\"og:description\" content=\"K\u00ebsi tragjikomedi politike n\u00eb sken\u00ebn politike t\u00eb Malit t\u00eb Zi (Ulqinit), \u201egjuajtje\u201c, akuza t\u00eb politikanve ve\u00e7 e ve\u00e7 me nj\u00eb q\u00ebllim: interesat personale,\" \/>\n<meta property=\"og:url\" content=\"https:\/\/www.visit-ulcinj.com\/blog\/2015\/01\/22\/silver-korda-formula-percaj-e-sundo-ende-gjen-zbatim-te-shqiptaret-e-mal-te-zi\/\" \/>\n<meta property=\"og:site_name\" content=\"Lajme nga Ulqini\" \/>\n<meta property=\"article:published_time\" content=\"2015-01-22T20:45:41+00:00\" \/>\n<meta property=\"article:modified_time\" content=\"2015-01-23T08:52:29+00:00\" \/>\n<meta property=\"og:image\" content=\"http:\/\/www.visit-ulcinj.com\/blog\/wp-content\/uploads\/2013\/03\/silver-korda.jpg\" \/>\n<meta name=\"twitter:label1\" content=\"Written by\" \/>\n\t<meta name=\"twitter:data1\" content=\"ulqini\" \/>\n\t<meta name=\"twitter:label2\" content=\"Est. reading time\" \/>\n\t<meta name=\"twitter:data2\" content=\"2 minutes\" \/>\n<script type=\"application\/ld+json\" class=\"yoast-schema-graph\">{\"@context\":\"https:\/\/schema.org\",\"@graph\":[{\"@type\":\"WebSite\",\"@id\":\"https:\/\/www.visit-ulcinj.com\/blog\/#website\",\"url\":\"https:\/\/www.visit-ulcinj.com\/blog\/\",\"name\":\"Lajme nga Ulqini\",\"description\":\"Lajme,Vijesti,Ulqini,Ulqin,Crna Gora,Mali i Zi\",\"potentialAction\":[{\"@type\":\"SearchAction\",\"target\":{\"@type\":\"EntryPoint\",\"urlTemplate\":\"https:\/\/www.visit-ulcinj.com\/blog\/?s={search_term_string}\"},\"query-input\":\"required name=search_term_string\"}],\"inLanguage\":\"en-US\"},{\"@type\":\"ImageObject\",\"inLanguage\":\"en-US\",\"@id\":\"https:\/\/www.visit-ulcinj.com\/blog\/2015\/01\/22\/silver-korda-formula-percaj-e-sundo-ende-gjen-zbatim-te-shqiptaret-e-mal-te-zi\/#primaryimage\",\"url\":\"https:\/\/www.visit-ulcinj.com\/blog\/wp-content\/uploads\/2013\/03\/silver-korda.jpg\",\"contentUrl\":\"https:\/\/www.visit-ulcinj.com\/blog\/wp-content\/uploads\/2013\/03\/silver-korda.jpg\",\"width\":960,\"height\":640},{\"@type\":\"WebPage\",\"@id\":\"https:\/\/www.visit-ulcinj.com\/blog\/2015\/01\/22\/silver-korda-formula-percaj-e-sundo-ende-gjen-zbatim-te-shqiptaret-e-mal-te-zi\/#webpage\",\"url\":\"https:\/\/www.visit-ulcinj.com\/blog\/2015\/01\/22\/silver-korda-formula-percaj-e-sundo-ende-gjen-zbatim-te-shqiptaret-e-mal-te-zi\/\",\"name\":\"Silver Korda: Formula \\\"P\u00ebr\u00e7aj e Sundo\\\" ende gjen zbatim te shqiptar\u00ebt e Mal t\u00eb Zi - Lajme nga Ulqini\",\"isPartOf\":{\"@id\":\"https:\/\/www.visit-ulcinj.com\/blog\/#website\"},\"primaryImageOfPage\":{\"@id\":\"https:\/\/www.visit-ulcinj.com\/blog\/2015\/01\/22\/silver-korda-formula-percaj-e-sundo-ende-gjen-zbatim-te-shqiptaret-e-mal-te-zi\/#primaryimage\"},\"datePublished\":\"2015-01-22T20:45:41+00:00\",\"dateModified\":\"2015-01-23T08:52:29+00:00\",\"author\":{\"@id\":\"https:\/\/www.visit-ulcinj.com\/blog\/#\/schema\/person\/dcab619c614d3038751c63bc2aadc06d\"},\"description\":\"K\u00ebsi tragjikomedi politike n\u00eb sken\u00ebn politike t\u00eb Malit t\u00eb Zi (Ulqinit), \u201egjuajtje\u201c, akuza t\u00eb politikanve ve\u00e7 e ve\u00e7 me nj\u00eb q\u00ebllim: interesat personale,\",\"breadcrumb\":{\"@id\":\"https:\/\/www.visit-ulcinj.com\/blog\/2015\/01\/22\/silver-korda-formula-percaj-e-sundo-ende-gjen-zbatim-te-shqiptaret-e-mal-te-zi\/#breadcrumb\"},\"inLanguage\":\"en-US\",\"potentialAction\":[{\"@type\":\"ReadAction\",\"target\":[\"https:\/\/www.visit-ulcinj.com\/blog\/2015\/01\/22\/silver-korda-formula-percaj-e-sundo-ende-gjen-zbatim-te-shqiptaret-e-mal-te-zi\/\"]}]},{\"@type\":\"BreadcrumbList\",\"@id\":\"https:\/\/www.visit-ulcinj.com\/blog\/2015\/01\/22\/silver-korda-formula-percaj-e-sundo-ende-gjen-zbatim-te-shqiptaret-e-mal-te-zi\/#breadcrumb\",\"itemListElement\":[{\"@type\":\"ListItem\",\"position\":1,\"name\":\"Silver Korda: Formula &#8220;P\u00ebr\u00e7aj e Sundo&#8221; ende gjen zbatim te shqiptar\u00ebt e Mal t\u00eb Zi\"}]},{\"@type\":\"Person\",\"@id\":\"https:\/\/www.visit-ulcinj.com\/blog\/#\/schema\/person\/dcab619c614d3038751c63bc2aadc06d\",\"name\":\"ulqini\",\"sameAs\":[\"http:\/\/www.visit-ulcinj.com\"],\"url\":\"https:\/\/www.visit-ulcinj.com\/blog\/author\/admin\/\"}]}<\/script>\n<!-- \/ Yoast SEO plugin. -->","yoast_head_json":{"title":"Silver Korda: Formula \"P\u00ebr\u00e7aj e Sundo\" ende gjen zbatim te shqiptar\u00ebt e Mal t\u00eb Zi - Lajme nga Ulqini","description":"K\u00ebsi tragjikomedi politike n\u00eb sken\u00ebn politike t\u00eb Malit t\u00eb Zi (Ulqinit), \u201egjuajtje\u201c, akuza t\u00eb politikanve ve\u00e7 e ve\u00e7 me nj\u00eb q\u00ebllim: interesat personale,","robots":{"index":"index","follow":"follow","max-snippet":"max-snippet:-1","max-image-preview":"max-image-preview:large","max-video-preview":"max-video-preview:-1"},"canonical":"https:\/\/www.visit-ulcinj.com\/blog\/2015\/01\/22\/silver-korda-formula-percaj-e-sundo-ende-gjen-zbatim-te-shqiptaret-e-mal-te-zi\/","og_locale":"en_US","og_type":"article","og_title":"Silver Korda: Formula \"P\u00ebr\u00e7aj e Sundo\" ende gjen zbatim te shqiptar\u00ebt e Mal t\u00eb Zi - Lajme nga Ulqini","og_description":"K\u00ebsi tragjikomedi politike n\u00eb sken\u00ebn politike t\u00eb Malit t\u00eb Zi (Ulqinit), \u201egjuajtje\u201c, akuza t\u00eb politikanve ve\u00e7 e ve\u00e7 me nj\u00eb q\u00ebllim: interesat personale,","og_url":"https:\/\/www.visit-ulcinj.com\/blog\/2015\/01\/22\/silver-korda-formula-percaj-e-sundo-ende-gjen-zbatim-te-shqiptaret-e-mal-te-zi\/","og_site_name":"Lajme nga Ulqini","article_published_time":"2015-01-22T20:45:41+00:00","article_modified_time":"2015-01-23T08:52:29+00:00","og_image":[{"url":"http:\/\/www.visit-ulcinj.com\/blog\/wp-content\/uploads\/2013\/03\/silver-korda.jpg"}],"twitter_misc":{"Written by":"ulqini","Est. reading time":"2 minutes"},"schema":{"@context":"https:\/\/schema.org","@graph":[{"@type":"WebSite","@id":"https:\/\/www.visit-ulcinj.com\/blog\/#website","url":"https:\/\/www.visit-ulcinj.com\/blog\/","name":"Lajme nga Ulqini","description":"Lajme,Vijesti,Ulqini,Ulqin,Crna Gora,Mali i Zi","potentialAction":[{"@type":"SearchAction","target":{"@type":"EntryPoint","urlTemplate":"https:\/\/www.visit-ulcinj.com\/blog\/?s={search_term_string}"},"query-input":"required name=search_term_string"}],"inLanguage":"en-US"},{"@type":"ImageObject","inLanguage":"en-US","@id":"https:\/\/www.visit-ulcinj.com\/blog\/2015\/01\/22\/silver-korda-formula-percaj-e-sundo-ende-gjen-zbatim-te-shqiptaret-e-mal-te-zi\/#primaryimage","url":"https:\/\/www.visit-ulcinj.com\/blog\/wp-content\/uploads\/2013\/03\/silver-korda.jpg","contentUrl":"https:\/\/www.visit-ulcinj.com\/blog\/wp-content\/uploads\/2013\/03\/silver-korda.jpg","width":960,"height":640},{"@type":"WebPage","@id":"https:\/\/www.visit-ulcinj.com\/blog\/2015\/01\/22\/silver-korda-formula-percaj-e-sundo-ende-gjen-zbatim-te-shqiptaret-e-mal-te-zi\/#webpage","url":"https:\/\/www.visit-ulcinj.com\/blog\/2015\/01\/22\/silver-korda-formula-percaj-e-sundo-ende-gjen-zbatim-te-shqiptaret-e-mal-te-zi\/","name":"Silver Korda: Formula \"P\u00ebr\u00e7aj e Sundo\" ende gjen zbatim te shqiptar\u00ebt e Mal t\u00eb Zi - Lajme nga Ulqini","isPartOf":{"@id":"https:\/\/www.visit-ulcinj.com\/blog\/#website"},"primaryImageOfPage":{"@id":"https:\/\/www.visit-ulcinj.com\/blog\/2015\/01\/22\/silver-korda-formula-percaj-e-sundo-ende-gjen-zbatim-te-shqiptaret-e-mal-te-zi\/#primaryimage"},"datePublished":"2015-01-22T20:45:41+00:00","dateModified":"2015-01-23T08:52:29+00:00","author":{"@id":"https:\/\/www.visit-ulcinj.com\/blog\/#\/schema\/person\/dcab619c614d3038751c63bc2aadc06d"},"description":"K\u00ebsi tragjikomedi politike n\u00eb sken\u00ebn politike t\u00eb Malit t\u00eb Zi (Ulqinit), \u201egjuajtje\u201c, akuza t\u00eb politikanve ve\u00e7 e ve\u00e7 me nj\u00eb q\u00ebllim: interesat personale,","breadcrumb":{"@id":"https:\/\/www.visit-ulcinj.com\/blog\/2015\/01\/22\/silver-korda-formula-percaj-e-sundo-ende-gjen-zbatim-te-shqiptaret-e-mal-te-zi\/#breadcrumb"},"inLanguage":"en-US","potentialAction":[{"@type":"ReadAction","target":["https:\/\/www.visit-ulcinj.com\/blog\/2015\/01\/22\/silver-korda-formula-percaj-e-sundo-ende-gjen-zbatim-te-shqiptaret-e-mal-te-zi\/"]}]},{"@type":"BreadcrumbList","@id":"https:\/\/www.visit-ulcinj.com\/blog\/2015\/01\/22\/silver-korda-formula-percaj-e-sundo-ende-gjen-zbatim-te-shqiptaret-e-mal-te-zi\/#breadcrumb","itemListElement":[{"@type":"ListItem","position":1,"name":"Silver Korda: Formula &#8220;P\u00ebr\u00e7aj e Sundo&#8221; ende gjen zbatim te shqiptar\u00ebt e Mal t\u00eb Zi"}]},{"@type":"Person","@id":"https:\/\/www.visit-ulcinj.com\/blog\/#\/schema\/person\/dcab619c614d3038751c63bc2aadc06d","name":"ulqini","sameAs":["http:\/\/www.visit-ulcinj.com"],"url":"https:\/\/www.visit-ulcinj.com\/blog\/author\/admin\/"}]}},"jetpack_featured_media_url":"","jetpack_sharing_enabled":true,"jetpack_shortlink":"https:\/\/wp.me\/pe6lTn-mV1","_links":{"self":[{"href":"https:\/\/www.visit-ulcinj.com\/blog\/wp-json\/wp\/v2\/posts\/88103"}],"collection":[{"href":"https:\/\/www.visit-ulcinj.com\/blog\/wp-json\/wp\/v2\/posts"}],"about":[{"href":"https:\/\/www.visit-ulcinj.com\/blog\/wp-json\/wp\/v2\/types\/post"}],"author":[{"embeddable":true,"href":"https:\/\/www.visit-ulcinj.com\/blog\/wp-json\/wp\/v2\/users\/1"}],"replies":[{"embeddable":true,"href":"https:\/\/www.visit-ulcinj.com\/blog\/wp-json\/wp\/v2\/comments?post=88103"}],"version-history":[{"count":2,"href":"https:\/\/www.visit-ulcinj.com\/blog\/wp-json\/wp\/v2\/posts\/88103\/revisions"}],"predecessor-version":[{"id":88105,"href":"https:\/\/www.visit-ulcinj.com\/blog\/wp-json\/wp\/v2\/posts\/88103\/revisions\/88105"}],"wp:attachment":[{"href":"https:\/\/www.visit-ulcinj.com\/blog\/wp-json\/wp\/v2\/media?parent=88103"}],"wp:term":[{"taxonomy":"category","embeddable":true,"href":"https:\/\/www.visit-ulcinj.com\/blog\/wp-json\/wp\/v2\/categories?post=88103"},{"taxonomy":"post_tag","embeddable":true,"href":"https:\/\/www.visit-ulcinj.com\/blog\/wp-json\/wp\/v2\/tags?post=88103"}],"curies":[{"name":"wp","href":"https:\/\/api.w.org\/{rel}","templated":true}]}}