{"id":88106,"date":"2015-01-22T21:51:17","date_gmt":"2015-01-22T20:51:17","guid":{"rendered":"http:\/\/www.visit-ulcinj.com\/blog\/?p=88106"},"modified":"2015-01-22T21:52:23","modified_gmt":"2015-01-22T20:52:23","slug":"kordic-zavadi-pa-vladaj","status":"publish","type":"post","link":"https:\/\/www.visit-ulcinj.com\/blog\/2015\/01\/22\/kordic-zavadi-pa-vladaj\/","title":{"rendered":"Kordic: &#8220;Zavadi pa vladaj&#8221;"},"content":{"rendered":"<p><a href=\"http:\/\/www.visit-ulcinj.com\/blog\/wp-content\/uploads\/2014\/01\/Silver-Korda-Kordic1.jpg\"><img loading=\"lazy\" class=\"alignleft wp-image-78625\" src=\"http:\/\/www.visit-ulcinj.com\/blog\/wp-content\/uploads\/2014\/01\/Silver-Korda-Kordic1.jpg\" alt=\"Silver Korda Kordic\" width=\"508\" height=\"379\" srcset=\"https:\/\/www.visit-ulcinj.com\/blog\/wp-content\/uploads\/2014\/01\/Silver-Korda-Kordic1.jpg 640w, https:\/\/www.visit-ulcinj.com\/blog\/wp-content\/uploads\/2014\/01\/Silver-Korda-Kordic1-300x224.jpg 300w\" sizes=\"(max-width: 508px) 100vw, 508px\" \/><\/a>Ovakve politi\u010dke tragikomedije na politi\u010dkoj sceni Crne Gore (Ulcinja), ispucavanje politi\u010dara sa samo jednim ciljem: li\u010dni innteresi, \u010duvanje stolica\/fotelja, gr\u010devita borba za grabljenje \u0161to vi\u0161e kapitala (u svim pokretnim i nepokretnim oblicima, nov\u010dano i statusno) tokom trajanja njihovih parlamentarskih, op\u0161tinskih, poslani\u010dkih, partijsko-klanskih (legalnih, polulegalnih, providnih, ro\u0111a\u010dkih, drugarskih,) mandata; neobzirna hajka svakog protiv svakog, difamiranje, laganje (bez da ko pocrveni zbog toga), drske i primitivne insinuacije, klevetanje bez \u010dinjenica i dokaznog materijala\u2026 licemjerno i konsekventno sprovo\u0111enje svojih familjarnih, mahalskih, seoskih, preduzetni\u010dkih, bizniskih interesa na grba\u010du naroda, dru\u0161tva, grada, zajednice, postalo je svakodnevnica i \u201enormalna\u201c pojava u crnogorskim kasabama (specijalno u Ulcinju\u2026), ba\u0161ibuzu\u010dki mentalitet, totalno ignorisanje interesa mladih, ugro\u017eavanje njihove budu\u0107nosti i egzistencije zbog zapostavljanja i nepo\u0161tovanja zakonskih odredbi o zapo\u0161ljavanju, konkretnih razvojnih projekata za njihovu integraciju i uklju\u010denje u razvoj dru\u0161tva i zajednice, osigurnja njihove (odnosno) budu\u0107nosti op\u0161tina i dr\u017eave\u2026<br \/>\nSve je to ucrtano, usidreno i zaklju\u010deno u ustavu, op\u0161tinskim i regionalnim statutima, zakonskim odredbama i odrednicama za konkretnan razvoja projekata i perspektiva za mlade\u2026<br \/>\nAli, narod, dru\u0161tvo, bira\u010di\/glasa\u010di, postali su slijepi \u201esa dva oka u glavu\u201c\u2026 Politi\u010dari svih kolora i mustri su im \u201ezavr\u0107eli mozak\u201c, ne funkcioni\u0161e im vi\u0161e logi\u010dko razmi\u0161ljanje, ne znaju vi\u0161e ni sami \u0161to da rade\u2026 mozak im se pomutio ka more za vrijeme bure.. Politi\u010dari su ti \u201eribari\u201c, koji upravo love u mutnome, obe\u0107avaju brda i doline, skidanje zvijezde sa neba, pretvaraju Ulcinj \u010das u \u201eDubai\u201c \u010das u \u201eKaliforniju\u201c, naivno i lakomisleno obe\u0107avaju otvaranje novih radnih mjesta, perspektive za mlade, grade kule od karata, a u stvari pretvorili su ga u ruglo i bjedu.<br \/>\nUlcinjske pla\u017ee, ulcinjsko prirodno bogatstvo, privredni i ekonomski resursi su jedinstveni, ulcinjski pjesak, ulcinjsku klimu\u2026 nemaju ih ni Dubai, ni Kalifornija, nijedna zemlja Evrope, . Na\u017ealost, Ulcinj imai najve\u0107i broj analfabeta sa univerzitetskim diplomama, najni\u017ei nivo politi\u010dke svijesti bira\u010da, koji biraju lokalne \u201epoliti\u010dke bogove\u201c sa najni\u017eom politi\u010dkom (ne)kulturom, koji ne znaju ni ABC-du (azbuku) politi\u010dkog kodeksa, pona\u0161anja, djelovanja, morala i dostojanstva; (svaka \u010dast malim izuzetcima)!!! Na\u017ealost, jedna lasta ne \u010dini prole\u0107e.<br \/>\nU poslednjih 20 i kusur godina, politika je postala narodni sport i najunosniji hobi u Ulcinju (i Crnoj Gori); mnogi &#8220;biznismeni&#8221;, &#8220;retori\u010dari&#8221; sa malo &#8220;ubje\u0111iva\u010dkog&#8221; talenta, koji su nanju\u0161ili \u0161ansu i trenutak situacije, dali su se &#8220;i srcem i du\u0161om&#8221; politici, jer su primjetili da je to najbolji i najunosniji &#8220;biznis&#8221; za brzo zgrtanje kapitala, pletenja svoje politi\u010dke mre\u017ee, a istovremeno stvaranja karijere i dizanja svojih &#8220;nivoa&#8221;, odnosno lije\u010denja svojih kompleksa ni\u017ee vrijednosti. Istovremeno je to bio najbolji na\u010din zapo\u0161ljavanja i osiguravanja mjese\u010dne plate (a vi\u0161e od svega &#8220;grama vlasti&#8221;- bolje no grama zlata)&#8230;.<br \/>\nNema sre\u0107e od takvih politi\u010dara a jo\u0161 manje od njihove neproduktivne, odnosno totalno \u0161teto\u010dinske politike, koju sprovode ve\u0107 decenijama, a koja ima i ima\u0107e posledice i u slede\u0107ih 50 godina&#8230;<\/p>\n<p>&nbsp;<\/p>\n<p class=\"_5pbw\" data-ft=\"{&quot;tn&quot;:&quot;C&quot;}\"><strong><span class=\"fwb fcg\" data-ft=\"{&quot;tn&quot;:&quot;;&quot;}\"><a id=\"js_1s\" href=\"https:\/\/www.facebook.com\/profile.php?id=100002258040793&amp;fref=nf\" data-hovercard=\"\/ajax\/hovercard\/user.php?id=100002258040793&amp;extragetparams=%7B%22fref%22%3A%22nf%22%7D\">Silver Korda Kordic Facebook<\/a><\/span><\/strong><\/p>\n","protected":false},"excerpt":{"rendered":"<p>Ovakve politi\u010dke tragikomedije na politi\u010dkoj sceni Crne Gore (Ulcinja), ispucavanje politi\u010dara sa samo jednim ciljem: li\u010dni innteresi, \u010duvanje stolica\/fotelja, gr\u010devita borba za grabljenje \u0161to vi\u0161e kapitala (u svim pokretnim i nepokretnim oblicima, nov\u010dano i statusno) tokom trajanja njihovih parlamentarskih, op\u0161tinskih, poslani\u010dkih, partijsko-klanskih (legalnih, polulegalnih, providnih, ro\u0111a\u010dkih, drugarskih,) mandata; neobzirna hajka svakog protiv svakog, difamiranje, laganje [&hellip;]<\/p>\n","protected":false},"author":1,"featured_media":0,"comment_status":"closed","ping_status":"closed","sticky":false,"template":"","format":"standard","meta":{"spay_email":"","jetpack_publicize_message":"","jetpack_is_tweetstorm":false,"jetpack_publicize_feature_enabled":true},"categories":[8337],"tags":[],"jetpack_publicize_connections":[],"yoast_head":"<!-- This site is optimized with the Yoast SEO plugin v19.1 - https:\/\/yoast.com\/wordpress\/plugins\/seo\/ -->\n<title>Kordic: &quot;Zavadi pa vladaj&quot; - Lajme nga Ulqini<\/title>\n<meta name=\"description\" content=\"Ovakve politi\u010dke tragikomedije na politi\u010dkoj sceni Crne Gore (Ulcinja), ispucavanje politi\u010dara sa samo jednim ciljem: li\u010dni innteresi, \u010duvanje\" \/>\n<meta name=\"robots\" content=\"index, follow, max-snippet:-1, max-image-preview:large, max-video-preview:-1\" \/>\n<link rel=\"canonical\" href=\"https:\/\/www.visit-ulcinj.com\/blog\/2015\/01\/22\/kordic-zavadi-pa-vladaj\/\" \/>\n<meta property=\"og:locale\" content=\"en_US\" \/>\n<meta property=\"og:type\" content=\"article\" \/>\n<meta property=\"og:title\" content=\"Kordic: &quot;Zavadi pa vladaj&quot; - Lajme nga Ulqini\" \/>\n<meta property=\"og:description\" content=\"Ovakve politi\u010dke tragikomedije na politi\u010dkoj sceni Crne Gore (Ulcinja), ispucavanje politi\u010dara sa samo jednim ciljem: li\u010dni innteresi, \u010duvanje\" \/>\n<meta property=\"og:url\" content=\"https:\/\/www.visit-ulcinj.com\/blog\/2015\/01\/22\/kordic-zavadi-pa-vladaj\/\" \/>\n<meta property=\"og:site_name\" content=\"Lajme nga Ulqini\" \/>\n<meta property=\"article:published_time\" content=\"2015-01-22T20:51:17+00:00\" \/>\n<meta property=\"article:modified_time\" content=\"2015-01-22T20:52:23+00:00\" \/>\n<meta property=\"og:image\" content=\"http:\/\/www.visit-ulcinj.com\/blog\/wp-content\/uploads\/2014\/01\/Silver-Korda-Kordic1.jpg\" \/>\n<meta name=\"twitter:label1\" content=\"Written by\" \/>\n\t<meta name=\"twitter:data1\" content=\"ulqini\" \/>\n\t<meta name=\"twitter:label2\" content=\"Est. reading time\" \/>\n\t<meta name=\"twitter:data2\" content=\"3 minutes\" \/>\n<script type=\"application\/ld+json\" class=\"yoast-schema-graph\">{\"@context\":\"https:\/\/schema.org\",\"@graph\":[{\"@type\":\"WebSite\",\"@id\":\"https:\/\/www.visit-ulcinj.com\/blog\/#website\",\"url\":\"https:\/\/www.visit-ulcinj.com\/blog\/\",\"name\":\"Lajme nga Ulqini\",\"description\":\"Lajme,Vijesti,Ulqini,Ulqin,Crna Gora,Mali i Zi\",\"potentialAction\":[{\"@type\":\"SearchAction\",\"target\":{\"@type\":\"EntryPoint\",\"urlTemplate\":\"https:\/\/www.visit-ulcinj.com\/blog\/?s={search_term_string}\"},\"query-input\":\"required name=search_term_string\"}],\"inLanguage\":\"en-US\"},{\"@type\":\"ImageObject\",\"inLanguage\":\"en-US\",\"@id\":\"https:\/\/www.visit-ulcinj.com\/blog\/2015\/01\/22\/kordic-zavadi-pa-vladaj\/#primaryimage\",\"url\":\"https:\/\/www.visit-ulcinj.com\/blog\/wp-content\/uploads\/2014\/01\/Silver-Korda-Kordic1.jpg\",\"contentUrl\":\"https:\/\/www.visit-ulcinj.com\/blog\/wp-content\/uploads\/2014\/01\/Silver-Korda-Kordic1.jpg\",\"width\":640,\"height\":478},{\"@type\":\"WebPage\",\"@id\":\"https:\/\/www.visit-ulcinj.com\/blog\/2015\/01\/22\/kordic-zavadi-pa-vladaj\/#webpage\",\"url\":\"https:\/\/www.visit-ulcinj.com\/blog\/2015\/01\/22\/kordic-zavadi-pa-vladaj\/\",\"name\":\"Kordic: \\\"Zavadi pa vladaj\\\" - Lajme nga Ulqini\",\"isPartOf\":{\"@id\":\"https:\/\/www.visit-ulcinj.com\/blog\/#website\"},\"primaryImageOfPage\":{\"@id\":\"https:\/\/www.visit-ulcinj.com\/blog\/2015\/01\/22\/kordic-zavadi-pa-vladaj\/#primaryimage\"},\"datePublished\":\"2015-01-22T20:51:17+00:00\",\"dateModified\":\"2015-01-22T20:52:23+00:00\",\"author\":{\"@id\":\"https:\/\/www.visit-ulcinj.com\/blog\/#\/schema\/person\/dcab619c614d3038751c63bc2aadc06d\"},\"description\":\"Ovakve politi\u010dke tragikomedije na politi\u010dkoj sceni Crne Gore (Ulcinja), ispucavanje politi\u010dara sa samo jednim ciljem: li\u010dni innteresi, \u010duvanje\",\"breadcrumb\":{\"@id\":\"https:\/\/www.visit-ulcinj.com\/blog\/2015\/01\/22\/kordic-zavadi-pa-vladaj\/#breadcrumb\"},\"inLanguage\":\"en-US\",\"potentialAction\":[{\"@type\":\"ReadAction\",\"target\":[\"https:\/\/www.visit-ulcinj.com\/blog\/2015\/01\/22\/kordic-zavadi-pa-vladaj\/\"]}]},{\"@type\":\"BreadcrumbList\",\"@id\":\"https:\/\/www.visit-ulcinj.com\/blog\/2015\/01\/22\/kordic-zavadi-pa-vladaj\/#breadcrumb\",\"itemListElement\":[{\"@type\":\"ListItem\",\"position\":1,\"name\":\"Kordic: &#8220;Zavadi pa vladaj&#8221;\"}]},{\"@type\":\"Person\",\"@id\":\"https:\/\/www.visit-ulcinj.com\/blog\/#\/schema\/person\/dcab619c614d3038751c63bc2aadc06d\",\"name\":\"ulqini\",\"sameAs\":[\"http:\/\/www.visit-ulcinj.com\"],\"url\":\"https:\/\/www.visit-ulcinj.com\/blog\/author\/admin\/\"}]}<\/script>\n<!-- \/ Yoast SEO plugin. -->","yoast_head_json":{"title":"Kordic: \"Zavadi pa vladaj\" - Lajme nga Ulqini","description":"Ovakve politi\u010dke tragikomedije na politi\u010dkoj sceni Crne Gore (Ulcinja), ispucavanje politi\u010dara sa samo jednim ciljem: li\u010dni innteresi, \u010duvanje","robots":{"index":"index","follow":"follow","max-snippet":"max-snippet:-1","max-image-preview":"max-image-preview:large","max-video-preview":"max-video-preview:-1"},"canonical":"https:\/\/www.visit-ulcinj.com\/blog\/2015\/01\/22\/kordic-zavadi-pa-vladaj\/","og_locale":"en_US","og_type":"article","og_title":"Kordic: \"Zavadi pa vladaj\" - Lajme nga Ulqini","og_description":"Ovakve politi\u010dke tragikomedije na politi\u010dkoj sceni Crne Gore (Ulcinja), ispucavanje politi\u010dara sa samo jednim ciljem: li\u010dni innteresi, \u010duvanje","og_url":"https:\/\/www.visit-ulcinj.com\/blog\/2015\/01\/22\/kordic-zavadi-pa-vladaj\/","og_site_name":"Lajme nga Ulqini","article_published_time":"2015-01-22T20:51:17+00:00","article_modified_time":"2015-01-22T20:52:23+00:00","og_image":[{"url":"http:\/\/www.visit-ulcinj.com\/blog\/wp-content\/uploads\/2014\/01\/Silver-Korda-Kordic1.jpg"}],"twitter_misc":{"Written by":"ulqini","Est. reading time":"3 minutes"},"schema":{"@context":"https:\/\/schema.org","@graph":[{"@type":"WebSite","@id":"https:\/\/www.visit-ulcinj.com\/blog\/#website","url":"https:\/\/www.visit-ulcinj.com\/blog\/","name":"Lajme nga Ulqini","description":"Lajme,Vijesti,Ulqini,Ulqin,Crna Gora,Mali i Zi","potentialAction":[{"@type":"SearchAction","target":{"@type":"EntryPoint","urlTemplate":"https:\/\/www.visit-ulcinj.com\/blog\/?s={search_term_string}"},"query-input":"required name=search_term_string"}],"inLanguage":"en-US"},{"@type":"ImageObject","inLanguage":"en-US","@id":"https:\/\/www.visit-ulcinj.com\/blog\/2015\/01\/22\/kordic-zavadi-pa-vladaj\/#primaryimage","url":"https:\/\/www.visit-ulcinj.com\/blog\/wp-content\/uploads\/2014\/01\/Silver-Korda-Kordic1.jpg","contentUrl":"https:\/\/www.visit-ulcinj.com\/blog\/wp-content\/uploads\/2014\/01\/Silver-Korda-Kordic1.jpg","width":640,"height":478},{"@type":"WebPage","@id":"https:\/\/www.visit-ulcinj.com\/blog\/2015\/01\/22\/kordic-zavadi-pa-vladaj\/#webpage","url":"https:\/\/www.visit-ulcinj.com\/blog\/2015\/01\/22\/kordic-zavadi-pa-vladaj\/","name":"Kordic: \"Zavadi pa vladaj\" - Lajme nga Ulqini","isPartOf":{"@id":"https:\/\/www.visit-ulcinj.com\/blog\/#website"},"primaryImageOfPage":{"@id":"https:\/\/www.visit-ulcinj.com\/blog\/2015\/01\/22\/kordic-zavadi-pa-vladaj\/#primaryimage"},"datePublished":"2015-01-22T20:51:17+00:00","dateModified":"2015-01-22T20:52:23+00:00","author":{"@id":"https:\/\/www.visit-ulcinj.com\/blog\/#\/schema\/person\/dcab619c614d3038751c63bc2aadc06d"},"description":"Ovakve politi\u010dke tragikomedije na politi\u010dkoj sceni Crne Gore (Ulcinja), ispucavanje politi\u010dara sa samo jednim ciljem: li\u010dni innteresi, \u010duvanje","breadcrumb":{"@id":"https:\/\/www.visit-ulcinj.com\/blog\/2015\/01\/22\/kordic-zavadi-pa-vladaj\/#breadcrumb"},"inLanguage":"en-US","potentialAction":[{"@type":"ReadAction","target":["https:\/\/www.visit-ulcinj.com\/blog\/2015\/01\/22\/kordic-zavadi-pa-vladaj\/"]}]},{"@type":"BreadcrumbList","@id":"https:\/\/www.visit-ulcinj.com\/blog\/2015\/01\/22\/kordic-zavadi-pa-vladaj\/#breadcrumb","itemListElement":[{"@type":"ListItem","position":1,"name":"Kordic: &#8220;Zavadi pa vladaj&#8221;"}]},{"@type":"Person","@id":"https:\/\/www.visit-ulcinj.com\/blog\/#\/schema\/person\/dcab619c614d3038751c63bc2aadc06d","name":"ulqini","sameAs":["http:\/\/www.visit-ulcinj.com"],"url":"https:\/\/www.visit-ulcinj.com\/blog\/author\/admin\/"}]}},"jetpack_featured_media_url":"","jetpack_sharing_enabled":true,"jetpack_shortlink":"https:\/\/wp.me\/pe6lTn-mV4","_links":{"self":[{"href":"https:\/\/www.visit-ulcinj.com\/blog\/wp-json\/wp\/v2\/posts\/88106"}],"collection":[{"href":"https:\/\/www.visit-ulcinj.com\/blog\/wp-json\/wp\/v2\/posts"}],"about":[{"href":"https:\/\/www.visit-ulcinj.com\/blog\/wp-json\/wp\/v2\/types\/post"}],"author":[{"embeddable":true,"href":"https:\/\/www.visit-ulcinj.com\/blog\/wp-json\/wp\/v2\/users\/1"}],"replies":[{"embeddable":true,"href":"https:\/\/www.visit-ulcinj.com\/blog\/wp-json\/wp\/v2\/comments?post=88106"}],"version-history":[{"count":2,"href":"https:\/\/www.visit-ulcinj.com\/blog\/wp-json\/wp\/v2\/posts\/88106\/revisions"}],"predecessor-version":[{"id":88108,"href":"https:\/\/www.visit-ulcinj.com\/blog\/wp-json\/wp\/v2\/posts\/88106\/revisions\/88108"}],"wp:attachment":[{"href":"https:\/\/www.visit-ulcinj.com\/blog\/wp-json\/wp\/v2\/media?parent=88106"}],"wp:term":[{"taxonomy":"category","embeddable":true,"href":"https:\/\/www.visit-ulcinj.com\/blog\/wp-json\/wp\/v2\/categories?post=88106"},{"taxonomy":"post_tag","embeddable":true,"href":"https:\/\/www.visit-ulcinj.com\/blog\/wp-json\/wp\/v2\/tags?post=88106"}],"curies":[{"name":"wp","href":"https:\/\/api.w.org\/{rel}","templated":true}]}}