{"id":88109,"date":"2015-01-22T22:04:51","date_gmt":"2015-01-22T21:04:51","guid":{"rendered":"http:\/\/www.visit-ulcinj.com\/blog\/?p=88109"},"modified":"2015-01-22T22:05:14","modified_gmt":"2015-01-22T21:05:14","slug":"karamanaga-kush-eshte-nik-gjeloshaj","status":"publish","type":"post","link":"https:\/\/www.visit-ulcinj.com\/blog\/2015\/01\/22\/karamanaga-kush-eshte-nik-gjeloshaj\/","title":{"rendered":"Karamanaga: Kush \u00ebsht\u00eb Nik Gjeloshaj?"},"content":{"rendered":"<p><a href=\"http:\/\/www.visit-ulcinj.com\/blog\/wp-content\/uploads\/2009\/06\/ismet-karamanaga.jpg\"><img loading=\"lazy\" class=\"alignleft wp-image-22640\" src=\"http:\/\/www.visit-ulcinj.com\/blog\/wp-content\/uploads\/2009\/06\/ismet-karamanaga.jpg\" alt=\"ismet-karamanaga\" width=\"508\" height=\"259\" srcset=\"https:\/\/www.visit-ulcinj.com\/blog\/wp-content\/uploads\/2009\/06\/ismet-karamanaga.jpg 692w, https:\/\/www.visit-ulcinj.com\/blog\/wp-content\/uploads\/2009\/06\/ismet-karamanaga-300x153.jpg 300w\" sizes=\"(max-width: 508px) 100vw, 508px\" \/><\/a>N\u00eb nj\u00eb postim t\u00eb vetin n\u00eb FB prof. Ismet Karamanaga pyet se kur deputeti i cili \u00ebsht\u00eb duke e uzurpuar postin n\u00eb Parlamentin e Malit t\u00eb Zi Nik Gjeloshaj, foli di\u00e7ka n\u00eb at\u00eb institucion t\u00eb lart\u00eb.<\/p>\n<p>\u201cNuk kam d\u00ebshir\u00eb me u marr\u00eb me politik\u00eb, pasi q\u00eb politikan\u00ebt e tipit t\u00eb Nik GJELOSHAJ, dhe politika e k\u00ebtij niveli, e kan\u00eb ulur rejtingun e popullit ton\u00eb n\u00eb nivel t\u00eb mjeruesh\u00ebm. Nuk e kam lexuar fare tekstin apo deklarat\u00ebn e k\u00ebtij zot\u00ebrie, pasi q\u00eb nuk e meriton me u lodh\u00eb me te. T\u00eb them t\u00eb drejt\u00ebn, nuk e kam ditur se \u00ebsht\u00eb n\u00eb Parlament dhe nuk e njoh, pastaj nuk kam d\u00ebgjuar se e ka \u00e7el ndonj\u00ebher\u00eb goj\u00ebn n\u00eb Parlamentin e Malit t\u00eb Zi. Kam d\u00ebgjuar se nuk don\u00eb t\u2019ia lirojn\u00eb vendin M. Bardhit i cili i vetmi me trim\u00ebrin\u00eb dhe dijen e tij, mundet me na zbardhu faqen\u201d, shkruan Karamanaga dhe shton: \u201cTa quajn\u00eb Mustaf\u00eb Cank\u00ebn sh\u00ebrb\u00ebtor, \u00ebsht\u00eb di\u00e7ka irracionale. Ky zot\u00ebri nuk ka kapacitet, as dije t\u00eb kapet m\u00eb nj\u00eb nd\u00ebr intelektual\u00ebt dhe analist\u00ebt m\u00eb t\u00eb fort\u00eb tek ne si\u00e7 \u00ebsht\u00eb Mustaf\u00eb Canka\u201d.<\/p>\n<p class=\"_5pbw\" data-ft=\"{&quot;tn&quot;:&quot;C&quot;}\"><strong><span class=\"fcg\"><span class=\"fwb\"><a id=\"js_36\" class=\"profileLink\" href=\"https:\/\/www.facebook.com\/ismet.karamanaga\" data-ft=\"{&quot;tn&quot;:&quot;l&quot;}\" data-hovercard=\"\/ajax\/hovercard\/user.php?id=1359492972\">Ismet Karamanaga Facebook<\/a><\/span><\/span><\/strong><\/p>\n","protected":false},"excerpt":{"rendered":"<p>N\u00eb nj\u00eb postim t\u00eb vetin n\u00eb FB prof. Ismet Karamanaga pyet se kur deputeti i cili \u00ebsht\u00eb duke e uzurpuar postin n\u00eb Parlamentin e Malit t\u00eb Zi Nik Gjeloshaj, foli di\u00e7ka n\u00eb at\u00eb institucion t\u00eb lart\u00eb. \u201cNuk kam d\u00ebshir\u00eb me u marr\u00eb me politik\u00eb, pasi q\u00eb politikan\u00ebt e tipit t\u00eb Nik GJELOSHAJ, dhe politika e [&hellip;]<\/p>\n","protected":false},"author":1,"featured_media":0,"comment_status":"closed","ping_status":"closed","sticky":false,"template":"","format":"standard","meta":{"spay_email":"","jetpack_publicize_message":"","jetpack_is_tweetstorm":false,"jetpack_publicize_feature_enabled":true},"categories":[6950],"tags":[],"jetpack_publicize_connections":[],"yoast_head":"<!-- This site is optimized with the Yoast SEO plugin v19.1 - https:\/\/yoast.com\/wordpress\/plugins\/seo\/ -->\n<title>Karamanaga: Kush \u00ebsht\u00eb Nik Gjeloshaj? - Lajme nga Ulqini<\/title>\n<meta name=\"description\" content=\"N\u00eb nj\u00eb postim t\u00eb vetin n\u00eb FB prof. Ismet Karamanaga pyet se kur deputeti i cili \u00ebsht\u00eb duke e uzurpuar postin n\u00eb Parlamentin e Malit t\u00eb Zi Nik Gjeloshaj,\" \/>\n<meta name=\"robots\" content=\"index, follow, max-snippet:-1, max-image-preview:large, max-video-preview:-1\" \/>\n<link rel=\"canonical\" href=\"https:\/\/www.visit-ulcinj.com\/blog\/2015\/01\/22\/karamanaga-kush-eshte-nik-gjeloshaj\/\" \/>\n<meta property=\"og:locale\" content=\"en_US\" \/>\n<meta property=\"og:type\" content=\"article\" \/>\n<meta property=\"og:title\" content=\"Karamanaga: Kush \u00ebsht\u00eb Nik Gjeloshaj? - Lajme nga Ulqini\" \/>\n<meta property=\"og:description\" content=\"N\u00eb nj\u00eb postim t\u00eb vetin n\u00eb FB prof. Ismet Karamanaga pyet se kur deputeti i cili \u00ebsht\u00eb duke e uzurpuar postin n\u00eb Parlamentin e Malit t\u00eb Zi Nik Gjeloshaj,\" \/>\n<meta property=\"og:url\" content=\"https:\/\/www.visit-ulcinj.com\/blog\/2015\/01\/22\/karamanaga-kush-eshte-nik-gjeloshaj\/\" \/>\n<meta property=\"og:site_name\" content=\"Lajme nga Ulqini\" \/>\n<meta property=\"article:published_time\" content=\"2015-01-22T21:04:51+00:00\" \/>\n<meta property=\"article:modified_time\" content=\"2015-01-22T21:05:14+00:00\" \/>\n<meta property=\"og:image\" content=\"http:\/\/www.visit-ulcinj.com\/blog\/wp-content\/uploads\/2009\/06\/ismet-karamanaga.jpg\" \/>\n<meta name=\"twitter:label1\" content=\"Written by\" \/>\n\t<meta name=\"twitter:data1\" content=\"ulqini\" \/>\n\t<meta name=\"twitter:label2\" content=\"Est. reading time\" \/>\n\t<meta name=\"twitter:data2\" content=\"1 minute\" \/>\n<script type=\"application\/ld+json\" class=\"yoast-schema-graph\">{\"@context\":\"https:\/\/schema.org\",\"@graph\":[{\"@type\":\"WebSite\",\"@id\":\"https:\/\/www.visit-ulcinj.com\/blog\/#website\",\"url\":\"https:\/\/www.visit-ulcinj.com\/blog\/\",\"name\":\"Lajme nga Ulqini\",\"description\":\"Lajme,Vijesti,Ulqini,Ulqin,Crna Gora,Mali i Zi\",\"potentialAction\":[{\"@type\":\"SearchAction\",\"target\":{\"@type\":\"EntryPoint\",\"urlTemplate\":\"https:\/\/www.visit-ulcinj.com\/blog\/?s={search_term_string}\"},\"query-input\":\"required name=search_term_string\"}],\"inLanguage\":\"en-US\"},{\"@type\":\"ImageObject\",\"inLanguage\":\"en-US\",\"@id\":\"https:\/\/www.visit-ulcinj.com\/blog\/2015\/01\/22\/karamanaga-kush-eshte-nik-gjeloshaj\/#primaryimage\",\"url\":\"https:\/\/www.visit-ulcinj.com\/blog\/wp-content\/uploads\/2009\/06\/ismet-karamanaga.jpg\",\"contentUrl\":\"https:\/\/www.visit-ulcinj.com\/blog\/wp-content\/uploads\/2009\/06\/ismet-karamanaga.jpg\",\"width\":\"692\",\"height\":\"353\"},{\"@type\":\"WebPage\",\"@id\":\"https:\/\/www.visit-ulcinj.com\/blog\/2015\/01\/22\/karamanaga-kush-eshte-nik-gjeloshaj\/#webpage\",\"url\":\"https:\/\/www.visit-ulcinj.com\/blog\/2015\/01\/22\/karamanaga-kush-eshte-nik-gjeloshaj\/\",\"name\":\"Karamanaga: Kush \u00ebsht\u00eb Nik Gjeloshaj? - Lajme nga Ulqini\",\"isPartOf\":{\"@id\":\"https:\/\/www.visit-ulcinj.com\/blog\/#website\"},\"primaryImageOfPage\":{\"@id\":\"https:\/\/www.visit-ulcinj.com\/blog\/2015\/01\/22\/karamanaga-kush-eshte-nik-gjeloshaj\/#primaryimage\"},\"datePublished\":\"2015-01-22T21:04:51+00:00\",\"dateModified\":\"2015-01-22T21:05:14+00:00\",\"author\":{\"@id\":\"https:\/\/www.visit-ulcinj.com\/blog\/#\/schema\/person\/dcab619c614d3038751c63bc2aadc06d\"},\"description\":\"N\u00eb nj\u00eb postim t\u00eb vetin n\u00eb FB prof. Ismet Karamanaga pyet se kur deputeti i cili \u00ebsht\u00eb duke e uzurpuar postin n\u00eb Parlamentin e Malit t\u00eb Zi Nik Gjeloshaj,\",\"breadcrumb\":{\"@id\":\"https:\/\/www.visit-ulcinj.com\/blog\/2015\/01\/22\/karamanaga-kush-eshte-nik-gjeloshaj\/#breadcrumb\"},\"inLanguage\":\"en-US\",\"potentialAction\":[{\"@type\":\"ReadAction\",\"target\":[\"https:\/\/www.visit-ulcinj.com\/blog\/2015\/01\/22\/karamanaga-kush-eshte-nik-gjeloshaj\/\"]}]},{\"@type\":\"BreadcrumbList\",\"@id\":\"https:\/\/www.visit-ulcinj.com\/blog\/2015\/01\/22\/karamanaga-kush-eshte-nik-gjeloshaj\/#breadcrumb\",\"itemListElement\":[{\"@type\":\"ListItem\",\"position\":1,\"name\":\"Karamanaga: Kush \u00ebsht\u00eb Nik Gjeloshaj?\"}]},{\"@type\":\"Person\",\"@id\":\"https:\/\/www.visit-ulcinj.com\/blog\/#\/schema\/person\/dcab619c614d3038751c63bc2aadc06d\",\"name\":\"ulqini\",\"sameAs\":[\"http:\/\/www.visit-ulcinj.com\"],\"url\":\"https:\/\/www.visit-ulcinj.com\/blog\/author\/admin\/\"}]}<\/script>\n<!-- \/ Yoast SEO plugin. -->","yoast_head_json":{"title":"Karamanaga: Kush \u00ebsht\u00eb Nik Gjeloshaj? - Lajme nga Ulqini","description":"N\u00eb nj\u00eb postim t\u00eb vetin n\u00eb FB prof. Ismet Karamanaga pyet se kur deputeti i cili \u00ebsht\u00eb duke e uzurpuar postin n\u00eb Parlamentin e Malit t\u00eb Zi Nik Gjeloshaj,","robots":{"index":"index","follow":"follow","max-snippet":"max-snippet:-1","max-image-preview":"max-image-preview:large","max-video-preview":"max-video-preview:-1"},"canonical":"https:\/\/www.visit-ulcinj.com\/blog\/2015\/01\/22\/karamanaga-kush-eshte-nik-gjeloshaj\/","og_locale":"en_US","og_type":"article","og_title":"Karamanaga: Kush \u00ebsht\u00eb Nik Gjeloshaj? - Lajme nga Ulqini","og_description":"N\u00eb nj\u00eb postim t\u00eb vetin n\u00eb FB prof. Ismet Karamanaga pyet se kur deputeti i cili \u00ebsht\u00eb duke e uzurpuar postin n\u00eb Parlamentin e Malit t\u00eb Zi Nik Gjeloshaj,","og_url":"https:\/\/www.visit-ulcinj.com\/blog\/2015\/01\/22\/karamanaga-kush-eshte-nik-gjeloshaj\/","og_site_name":"Lajme nga Ulqini","article_published_time":"2015-01-22T21:04:51+00:00","article_modified_time":"2015-01-22T21:05:14+00:00","og_image":[{"url":"http:\/\/www.visit-ulcinj.com\/blog\/wp-content\/uploads\/2009\/06\/ismet-karamanaga.jpg"}],"twitter_misc":{"Written by":"ulqini","Est. reading time":"1 minute"},"schema":{"@context":"https:\/\/schema.org","@graph":[{"@type":"WebSite","@id":"https:\/\/www.visit-ulcinj.com\/blog\/#website","url":"https:\/\/www.visit-ulcinj.com\/blog\/","name":"Lajme nga Ulqini","description":"Lajme,Vijesti,Ulqini,Ulqin,Crna Gora,Mali i Zi","potentialAction":[{"@type":"SearchAction","target":{"@type":"EntryPoint","urlTemplate":"https:\/\/www.visit-ulcinj.com\/blog\/?s={search_term_string}"},"query-input":"required name=search_term_string"}],"inLanguage":"en-US"},{"@type":"ImageObject","inLanguage":"en-US","@id":"https:\/\/www.visit-ulcinj.com\/blog\/2015\/01\/22\/karamanaga-kush-eshte-nik-gjeloshaj\/#primaryimage","url":"https:\/\/www.visit-ulcinj.com\/blog\/wp-content\/uploads\/2009\/06\/ismet-karamanaga.jpg","contentUrl":"https:\/\/www.visit-ulcinj.com\/blog\/wp-content\/uploads\/2009\/06\/ismet-karamanaga.jpg","width":"692","height":"353"},{"@type":"WebPage","@id":"https:\/\/www.visit-ulcinj.com\/blog\/2015\/01\/22\/karamanaga-kush-eshte-nik-gjeloshaj\/#webpage","url":"https:\/\/www.visit-ulcinj.com\/blog\/2015\/01\/22\/karamanaga-kush-eshte-nik-gjeloshaj\/","name":"Karamanaga: Kush \u00ebsht\u00eb Nik Gjeloshaj? - Lajme nga Ulqini","isPartOf":{"@id":"https:\/\/www.visit-ulcinj.com\/blog\/#website"},"primaryImageOfPage":{"@id":"https:\/\/www.visit-ulcinj.com\/blog\/2015\/01\/22\/karamanaga-kush-eshte-nik-gjeloshaj\/#primaryimage"},"datePublished":"2015-01-22T21:04:51+00:00","dateModified":"2015-01-22T21:05:14+00:00","author":{"@id":"https:\/\/www.visit-ulcinj.com\/blog\/#\/schema\/person\/dcab619c614d3038751c63bc2aadc06d"},"description":"N\u00eb nj\u00eb postim t\u00eb vetin n\u00eb FB prof. Ismet Karamanaga pyet se kur deputeti i cili \u00ebsht\u00eb duke e uzurpuar postin n\u00eb Parlamentin e Malit t\u00eb Zi Nik Gjeloshaj,","breadcrumb":{"@id":"https:\/\/www.visit-ulcinj.com\/blog\/2015\/01\/22\/karamanaga-kush-eshte-nik-gjeloshaj\/#breadcrumb"},"inLanguage":"en-US","potentialAction":[{"@type":"ReadAction","target":["https:\/\/www.visit-ulcinj.com\/blog\/2015\/01\/22\/karamanaga-kush-eshte-nik-gjeloshaj\/"]}]},{"@type":"BreadcrumbList","@id":"https:\/\/www.visit-ulcinj.com\/blog\/2015\/01\/22\/karamanaga-kush-eshte-nik-gjeloshaj\/#breadcrumb","itemListElement":[{"@type":"ListItem","position":1,"name":"Karamanaga: Kush \u00ebsht\u00eb Nik Gjeloshaj?"}]},{"@type":"Person","@id":"https:\/\/www.visit-ulcinj.com\/blog\/#\/schema\/person\/dcab619c614d3038751c63bc2aadc06d","name":"ulqini","sameAs":["http:\/\/www.visit-ulcinj.com"],"url":"https:\/\/www.visit-ulcinj.com\/blog\/author\/admin\/"}]}},"jetpack_featured_media_url":"","jetpack_sharing_enabled":true,"jetpack_shortlink":"https:\/\/wp.me\/pe6lTn-mV7","_links":{"self":[{"href":"https:\/\/www.visit-ulcinj.com\/blog\/wp-json\/wp\/v2\/posts\/88109"}],"collection":[{"href":"https:\/\/www.visit-ulcinj.com\/blog\/wp-json\/wp\/v2\/posts"}],"about":[{"href":"https:\/\/www.visit-ulcinj.com\/blog\/wp-json\/wp\/v2\/types\/post"}],"author":[{"embeddable":true,"href":"https:\/\/www.visit-ulcinj.com\/blog\/wp-json\/wp\/v2\/users\/1"}],"replies":[{"embeddable":true,"href":"https:\/\/www.visit-ulcinj.com\/blog\/wp-json\/wp\/v2\/comments?post=88109"}],"version-history":[{"count":2,"href":"https:\/\/www.visit-ulcinj.com\/blog\/wp-json\/wp\/v2\/posts\/88109\/revisions"}],"predecessor-version":[{"id":88111,"href":"https:\/\/www.visit-ulcinj.com\/blog\/wp-json\/wp\/v2\/posts\/88109\/revisions\/88111"}],"wp:attachment":[{"href":"https:\/\/www.visit-ulcinj.com\/blog\/wp-json\/wp\/v2\/media?parent=88109"}],"wp:term":[{"taxonomy":"category","embeddable":true,"href":"https:\/\/www.visit-ulcinj.com\/blog\/wp-json\/wp\/v2\/categories?post=88109"},{"taxonomy":"post_tag","embeddable":true,"href":"https:\/\/www.visit-ulcinj.com\/blog\/wp-json\/wp\/v2\/tags?post=88109"}],"curies":[{"name":"wp","href":"https:\/\/api.w.org\/{rel}","templated":true}]}}