{"id":88122,"date":"2015-01-23T09:30:23","date_gmt":"2015-01-23T08:30:23","guid":{"rendered":"http:\/\/www.visit-ulcinj.com\/blog\/?p=88122"},"modified":"2015-01-23T09:30:23","modified_gmt":"2015-01-23T08:30:23","slug":"bardhi-gjeloshaj-duhet-te-denohet","status":"publish","type":"post","link":"https:\/\/www.visit-ulcinj.com\/blog\/2015\/01\/23\/bardhi-gjeloshaj-duhet-te-denohet\/","title":{"rendered":"Bardhi: Gjeloshaj duhet t\u00eb d\u00ebnohet"},"content":{"rendered":"<p><a href=\"http:\/\/www.visit-ulcinj.com\/blog\/wp-content\/uploads\/2014\/01\/Mehmet-Bardhi.jpg\"><img loading=\"lazy\" class=\"alignleft wp-image-79087\" src=\"http:\/\/www.visit-ulcinj.com\/blog\/wp-content\/uploads\/2014\/01\/Mehmet-Bardhi.jpg\" alt=\"Mehmet-Bardhi\" width=\"508\" height=\"336\" srcset=\"https:\/\/www.visit-ulcinj.com\/blog\/wp-content\/uploads\/2014\/01\/Mehmet-Bardhi.jpg 731w, https:\/\/www.visit-ulcinj.com\/blog\/wp-content\/uploads\/2014\/01\/Mehmet-Bardhi-300x198.jpg 300w\" sizes=\"(max-width: 508px) 100vw, 508px\" \/><\/a>Lideri i Lidhjes demokratike n\u00eb Mal t\u00eb Zi Mehmet Bardhi tha se vendimi i deputetit t\u00eb Alternativ\u00ebs shqiptare n\u00eb Kuvendin e Malit t\u00eb Zi Nik Gjeloshaj q\u00eb t\u00eb mos jap dor\u00ebheqje n\u00eb k\u00ebt\u00eb funksion dhe t\u00eb l\u00ebshoj\u00eb vendin \u00ebsht\u00eb \u201ctentim q\u00eb me dhun\u00eb, fuqi, muskuj dhe mashtrim ta mbaj\u00eb k\u00ebt\u00eb vend\u201d, raporton Portali infoshqip.me.<\/p>\n<p>Bardhi p\u00ebr Portalin Analitika tha se Gjeloshaj duhet t\u00eb sanksionohet, sepse, si\u00e7 thot\u00eb ai, vendimi i tij \u00ebsht\u00eb i paperceptuesh\u00ebm. \u201cMendoj se mosrespektimi i marr\u00ebveshjes nuk \u00ebsht\u00eb shenj i mir\u00eb, para s\u00eb gjithash p\u00ebr ne Shqiptar\u00ebt. N\u00ebse ne n\u00eb mes veti nuk i respektojm\u00eb marr\u00ebveshjet, at\u00ebher\u00eb kush tjet\u00ebr duhet t\u2019i respektoj\u00eb. Vendimi i Gjeloshajt \u00ebsht\u00eb po ashtu edhe tregues i keq p\u00ebr sistemin zgjedhor. Marr\u00ebveshjet jan\u00eb n\u00ebnshkruar p\u00ebr tu respektuar, e jo q\u00eb t\u00eb mos respektohen\u201d, theksoi Bardhi.<\/p>\n<p>I pyetur se \u00e7ka do t\u00eb nd\u00ebrmarr\u00eb lidhur me k\u00ebt\u00eb \u00e7\u00ebshtje, lideri i LD n\u00eb MZ tha se partia e tij do t\u00eb analizoj\u00eb situat\u00ebn momentale dhe t\u00eb pres p\u00ebr hapat e veta t\u00eb m\u00ebtejme, por thekson se k\u00ebto do t\u00eb jen\u00eb hapa q\u00eb do t\u00eb b\u00ebhen n\u00eb korniza administrative dhe ligjore.<\/p>\n","protected":false},"excerpt":{"rendered":"<p>Lideri i Lidhjes demokratike n\u00eb Mal t\u00eb Zi Mehmet Bardhi tha se vendimi i deputetit t\u00eb Alternativ\u00ebs shqiptare n\u00eb Kuvendin e Malit t\u00eb Zi Nik Gjeloshaj q\u00eb t\u00eb mos jap dor\u00ebheqje n\u00eb k\u00ebt\u00eb funksion dhe t\u00eb l\u00ebshoj\u00eb vendin \u00ebsht\u00eb \u201ctentim q\u00eb me dhun\u00eb, fuqi, muskuj dhe mashtrim ta mbaj\u00eb k\u00ebt\u00eb vend\u201d, raporton Portali infoshqip.me. Bardhi [&hellip;]<\/p>\n","protected":false},"author":1,"featured_media":0,"comment_status":"closed","ping_status":"closed","sticky":false,"template":"","format":"standard","meta":{"spay_email":"","jetpack_publicize_message":"","jetpack_is_tweetstorm":false,"jetpack_publicize_feature_enabled":true},"categories":[6],"tags":[],"jetpack_publicize_connections":[],"yoast_head":"<!-- This site is optimized with the Yoast SEO plugin v19.1 - https:\/\/yoast.com\/wordpress\/plugins\/seo\/ -->\n<title>Bardhi: Gjeloshaj duhet t\u00eb d\u00ebnohet - Lajme nga Ulqini<\/title>\n<meta name=\"description\" content=\"Lideri i Lidhjes demokratike n\u00eb Mal t\u00eb Zi Mehmet Bardhi tha se vendimi i deputetit t\u00eb Alternativ\u00ebs shqiptare n\u00eb Kuvendin e Malit t\u00eb Zi Nik Gjeloshaj q\u00eb t\u00eb\" \/>\n<meta name=\"robots\" content=\"index, follow, max-snippet:-1, max-image-preview:large, max-video-preview:-1\" \/>\n<link rel=\"canonical\" href=\"https:\/\/www.visit-ulcinj.com\/blog\/2015\/01\/23\/bardhi-gjeloshaj-duhet-te-denohet\/\" \/>\n<meta property=\"og:locale\" content=\"en_US\" \/>\n<meta property=\"og:type\" content=\"article\" \/>\n<meta property=\"og:title\" content=\"Bardhi: Gjeloshaj duhet t\u00eb d\u00ebnohet - Lajme nga Ulqini\" \/>\n<meta property=\"og:description\" content=\"Lideri i Lidhjes demokratike n\u00eb Mal t\u00eb Zi Mehmet Bardhi tha se vendimi i deputetit t\u00eb Alternativ\u00ebs shqiptare n\u00eb Kuvendin e Malit t\u00eb Zi Nik Gjeloshaj q\u00eb t\u00eb\" \/>\n<meta property=\"og:url\" content=\"https:\/\/www.visit-ulcinj.com\/blog\/2015\/01\/23\/bardhi-gjeloshaj-duhet-te-denohet\/\" \/>\n<meta property=\"og:site_name\" content=\"Lajme nga Ulqini\" \/>\n<meta property=\"article:published_time\" content=\"2015-01-23T08:30:23+00:00\" \/>\n<meta property=\"og:image\" content=\"http:\/\/www.visit-ulcinj.com\/blog\/wp-content\/uploads\/2014\/01\/Mehmet-Bardhi.jpg\" \/>\n<meta name=\"twitter:label1\" content=\"Written by\" \/>\n\t<meta name=\"twitter:data1\" content=\"ulqini\" \/>\n\t<meta name=\"twitter:label2\" content=\"Est. reading time\" \/>\n\t<meta name=\"twitter:data2\" content=\"1 minute\" \/>\n<script type=\"application\/ld+json\" class=\"yoast-schema-graph\">{\"@context\":\"https:\/\/schema.org\",\"@graph\":[{\"@type\":\"WebSite\",\"@id\":\"https:\/\/www.visit-ulcinj.com\/blog\/#website\",\"url\":\"https:\/\/www.visit-ulcinj.com\/blog\/\",\"name\":\"Lajme nga Ulqini\",\"description\":\"Lajme,Vijesti,Ulqini,Ulqin,Crna Gora,Mali i Zi\",\"potentialAction\":[{\"@type\":\"SearchAction\",\"target\":{\"@type\":\"EntryPoint\",\"urlTemplate\":\"https:\/\/www.visit-ulcinj.com\/blog\/?s={search_term_string}\"},\"query-input\":\"required name=search_term_string\"}],\"inLanguage\":\"en-US\"},{\"@type\":\"ImageObject\",\"inLanguage\":\"en-US\",\"@id\":\"https:\/\/www.visit-ulcinj.com\/blog\/2015\/01\/23\/bardhi-gjeloshaj-duhet-te-denohet\/#primaryimage\",\"url\":\"https:\/\/www.visit-ulcinj.com\/blog\/wp-content\/uploads\/2014\/01\/Mehmet-Bardhi.jpg\",\"contentUrl\":\"https:\/\/www.visit-ulcinj.com\/blog\/wp-content\/uploads\/2014\/01\/Mehmet-Bardhi.jpg\",\"width\":731,\"height\":483},{\"@type\":\"WebPage\",\"@id\":\"https:\/\/www.visit-ulcinj.com\/blog\/2015\/01\/23\/bardhi-gjeloshaj-duhet-te-denohet\/#webpage\",\"url\":\"https:\/\/www.visit-ulcinj.com\/blog\/2015\/01\/23\/bardhi-gjeloshaj-duhet-te-denohet\/\",\"name\":\"Bardhi: Gjeloshaj duhet t\u00eb d\u00ebnohet - Lajme nga Ulqini\",\"isPartOf\":{\"@id\":\"https:\/\/www.visit-ulcinj.com\/blog\/#website\"},\"primaryImageOfPage\":{\"@id\":\"https:\/\/www.visit-ulcinj.com\/blog\/2015\/01\/23\/bardhi-gjeloshaj-duhet-te-denohet\/#primaryimage\"},\"datePublished\":\"2015-01-23T08:30:23+00:00\",\"dateModified\":\"2015-01-23T08:30:23+00:00\",\"author\":{\"@id\":\"https:\/\/www.visit-ulcinj.com\/blog\/#\/schema\/person\/dcab619c614d3038751c63bc2aadc06d\"},\"description\":\"Lideri i Lidhjes demokratike n\u00eb Mal t\u00eb Zi Mehmet Bardhi tha se vendimi i deputetit t\u00eb Alternativ\u00ebs shqiptare n\u00eb Kuvendin e Malit t\u00eb Zi Nik Gjeloshaj q\u00eb t\u00eb\",\"breadcrumb\":{\"@id\":\"https:\/\/www.visit-ulcinj.com\/blog\/2015\/01\/23\/bardhi-gjeloshaj-duhet-te-denohet\/#breadcrumb\"},\"inLanguage\":\"en-US\",\"potentialAction\":[{\"@type\":\"ReadAction\",\"target\":[\"https:\/\/www.visit-ulcinj.com\/blog\/2015\/01\/23\/bardhi-gjeloshaj-duhet-te-denohet\/\"]}]},{\"@type\":\"BreadcrumbList\",\"@id\":\"https:\/\/www.visit-ulcinj.com\/blog\/2015\/01\/23\/bardhi-gjeloshaj-duhet-te-denohet\/#breadcrumb\",\"itemListElement\":[{\"@type\":\"ListItem\",\"position\":1,\"name\":\"Bardhi: Gjeloshaj duhet t\u00eb d\u00ebnohet\"}]},{\"@type\":\"Person\",\"@id\":\"https:\/\/www.visit-ulcinj.com\/blog\/#\/schema\/person\/dcab619c614d3038751c63bc2aadc06d\",\"name\":\"ulqini\",\"sameAs\":[\"http:\/\/www.visit-ulcinj.com\"],\"url\":\"https:\/\/www.visit-ulcinj.com\/blog\/author\/admin\/\"}]}<\/script>\n<!-- \/ Yoast SEO plugin. -->","yoast_head_json":{"title":"Bardhi: Gjeloshaj duhet t\u00eb d\u00ebnohet - Lajme nga Ulqini","description":"Lideri i Lidhjes demokratike n\u00eb Mal t\u00eb Zi Mehmet Bardhi tha se vendimi i deputetit t\u00eb Alternativ\u00ebs shqiptare n\u00eb Kuvendin e Malit t\u00eb Zi Nik Gjeloshaj q\u00eb t\u00eb","robots":{"index":"index","follow":"follow","max-snippet":"max-snippet:-1","max-image-preview":"max-image-preview:large","max-video-preview":"max-video-preview:-1"},"canonical":"https:\/\/www.visit-ulcinj.com\/blog\/2015\/01\/23\/bardhi-gjeloshaj-duhet-te-denohet\/","og_locale":"en_US","og_type":"article","og_title":"Bardhi: Gjeloshaj duhet t\u00eb d\u00ebnohet - Lajme nga Ulqini","og_description":"Lideri i Lidhjes demokratike n\u00eb Mal t\u00eb Zi Mehmet Bardhi tha se vendimi i deputetit t\u00eb Alternativ\u00ebs shqiptare n\u00eb Kuvendin e Malit t\u00eb Zi Nik Gjeloshaj q\u00eb t\u00eb","og_url":"https:\/\/www.visit-ulcinj.com\/blog\/2015\/01\/23\/bardhi-gjeloshaj-duhet-te-denohet\/","og_site_name":"Lajme nga Ulqini","article_published_time":"2015-01-23T08:30:23+00:00","og_image":[{"url":"http:\/\/www.visit-ulcinj.com\/blog\/wp-content\/uploads\/2014\/01\/Mehmet-Bardhi.jpg"}],"twitter_misc":{"Written by":"ulqini","Est. reading time":"1 minute"},"schema":{"@context":"https:\/\/schema.org","@graph":[{"@type":"WebSite","@id":"https:\/\/www.visit-ulcinj.com\/blog\/#website","url":"https:\/\/www.visit-ulcinj.com\/blog\/","name":"Lajme nga Ulqini","description":"Lajme,Vijesti,Ulqini,Ulqin,Crna Gora,Mali i Zi","potentialAction":[{"@type":"SearchAction","target":{"@type":"EntryPoint","urlTemplate":"https:\/\/www.visit-ulcinj.com\/blog\/?s={search_term_string}"},"query-input":"required name=search_term_string"}],"inLanguage":"en-US"},{"@type":"ImageObject","inLanguage":"en-US","@id":"https:\/\/www.visit-ulcinj.com\/blog\/2015\/01\/23\/bardhi-gjeloshaj-duhet-te-denohet\/#primaryimage","url":"https:\/\/www.visit-ulcinj.com\/blog\/wp-content\/uploads\/2014\/01\/Mehmet-Bardhi.jpg","contentUrl":"https:\/\/www.visit-ulcinj.com\/blog\/wp-content\/uploads\/2014\/01\/Mehmet-Bardhi.jpg","width":731,"height":483},{"@type":"WebPage","@id":"https:\/\/www.visit-ulcinj.com\/blog\/2015\/01\/23\/bardhi-gjeloshaj-duhet-te-denohet\/#webpage","url":"https:\/\/www.visit-ulcinj.com\/blog\/2015\/01\/23\/bardhi-gjeloshaj-duhet-te-denohet\/","name":"Bardhi: Gjeloshaj duhet t\u00eb d\u00ebnohet - Lajme nga Ulqini","isPartOf":{"@id":"https:\/\/www.visit-ulcinj.com\/blog\/#website"},"primaryImageOfPage":{"@id":"https:\/\/www.visit-ulcinj.com\/blog\/2015\/01\/23\/bardhi-gjeloshaj-duhet-te-denohet\/#primaryimage"},"datePublished":"2015-01-23T08:30:23+00:00","dateModified":"2015-01-23T08:30:23+00:00","author":{"@id":"https:\/\/www.visit-ulcinj.com\/blog\/#\/schema\/person\/dcab619c614d3038751c63bc2aadc06d"},"description":"Lideri i Lidhjes demokratike n\u00eb Mal t\u00eb Zi Mehmet Bardhi tha se vendimi i deputetit t\u00eb Alternativ\u00ebs shqiptare n\u00eb Kuvendin e Malit t\u00eb Zi Nik Gjeloshaj q\u00eb t\u00eb","breadcrumb":{"@id":"https:\/\/www.visit-ulcinj.com\/blog\/2015\/01\/23\/bardhi-gjeloshaj-duhet-te-denohet\/#breadcrumb"},"inLanguage":"en-US","potentialAction":[{"@type":"ReadAction","target":["https:\/\/www.visit-ulcinj.com\/blog\/2015\/01\/23\/bardhi-gjeloshaj-duhet-te-denohet\/"]}]},{"@type":"BreadcrumbList","@id":"https:\/\/www.visit-ulcinj.com\/blog\/2015\/01\/23\/bardhi-gjeloshaj-duhet-te-denohet\/#breadcrumb","itemListElement":[{"@type":"ListItem","position":1,"name":"Bardhi: Gjeloshaj duhet t\u00eb d\u00ebnohet"}]},{"@type":"Person","@id":"https:\/\/www.visit-ulcinj.com\/blog\/#\/schema\/person\/dcab619c614d3038751c63bc2aadc06d","name":"ulqini","sameAs":["http:\/\/www.visit-ulcinj.com"],"url":"https:\/\/www.visit-ulcinj.com\/blog\/author\/admin\/"}]}},"jetpack_featured_media_url":"","jetpack_sharing_enabled":true,"jetpack_shortlink":"https:\/\/wp.me\/pe6lTn-mVk","_links":{"self":[{"href":"https:\/\/www.visit-ulcinj.com\/blog\/wp-json\/wp\/v2\/posts\/88122"}],"collection":[{"href":"https:\/\/www.visit-ulcinj.com\/blog\/wp-json\/wp\/v2\/posts"}],"about":[{"href":"https:\/\/www.visit-ulcinj.com\/blog\/wp-json\/wp\/v2\/types\/post"}],"author":[{"embeddable":true,"href":"https:\/\/www.visit-ulcinj.com\/blog\/wp-json\/wp\/v2\/users\/1"}],"replies":[{"embeddable":true,"href":"https:\/\/www.visit-ulcinj.com\/blog\/wp-json\/wp\/v2\/comments?post=88122"}],"version-history":[{"count":1,"href":"https:\/\/www.visit-ulcinj.com\/blog\/wp-json\/wp\/v2\/posts\/88122\/revisions"}],"predecessor-version":[{"id":88123,"href":"https:\/\/www.visit-ulcinj.com\/blog\/wp-json\/wp\/v2\/posts\/88122\/revisions\/88123"}],"wp:attachment":[{"href":"https:\/\/www.visit-ulcinj.com\/blog\/wp-json\/wp\/v2\/media?parent=88122"}],"wp:term":[{"taxonomy":"category","embeddable":true,"href":"https:\/\/www.visit-ulcinj.com\/blog\/wp-json\/wp\/v2\/categories?post=88122"},{"taxonomy":"post_tag","embeddable":true,"href":"https:\/\/www.visit-ulcinj.com\/blog\/wp-json\/wp\/v2\/tags?post=88122"}],"curies":[{"name":"wp","href":"https:\/\/api.w.org\/{rel}","templated":true}]}}