{"id":88131,"date":"2015-01-23T14:42:49","date_gmt":"2015-01-23T13:42:49","guid":{"rendered":"http:\/\/www.visit-ulcinj.com\/blog\/?p=88131"},"modified":"2015-01-26T19:19:11","modified_gmt":"2015-01-26T18:19:11","slug":"nika-gjendja-e-trasheguar-ne-qendren-e-kultures-dhe-si-e-lac-pas-4-viteve-e-gjysme","status":"publish","type":"post","link":"https:\/\/www.visit-ulcinj.com\/blog\/2015\/01\/23\/nika-gjendja-e-trasheguar-ne-qendren-e-kultures-dhe-si-e-lac-pas-4-viteve-e-gjysme\/","title":{"rendered":"Nika: Gjendja e trash\u00ebguar n\u00eb qendr\u00ebn e kultur\u00ebs dhe si e la\u00e7 pas 4 viteve e gjysm\u00eb"},"content":{"rendered":"<p><strong><a href=\"http:\/\/www.visit-ulcinj.com\/blog\/wp-content\/uploads\/2014\/11\/Muhamet-Nika.jpg\"><img loading=\"lazy\" class=\"alignleft wp-image-86143 size-full\" src=\"http:\/\/www.visit-ulcinj.com\/blog\/wp-content\/uploads\/2014\/11\/Muhamet-Nika.jpg\" alt=\"Muhamet Nika\" width=\"256\" height=\"319\" srcset=\"https:\/\/www.visit-ulcinj.com\/blog\/wp-content\/uploads\/2014\/11\/Muhamet-Nika.jpg 256w, https:\/\/www.visit-ulcinj.com\/blog\/wp-content\/uploads\/2014\/11\/Muhamet-Nika-240x300.jpg 240w\" sizes=\"(max-width: 256px) 100vw, 256px\" \/><\/a>Shkruan Muhamet Nika<\/strong><\/p>\n<p>Kur u em\u00ebrova drejtor i institucionit t\u00eb kultur\u00ebs gj\u00ebja e par\u00eb q\u00eb b\u00ebra , ishte analiza n\u00eb detaje e aktit t\u00eb themelimit dhe e veprimtarive t\u00eb regjistruara n\u00eb gjyqin ekonomik q\u00eb pritja t\u00eb ushtroja duke siguruar daljen nga situata e v\u00ebshtir\u00eb financiare e k\u00ebsaj nd\u00ebrmarrjeje. Aty pash q\u00eb p\u00ebrve\u00e7 teatrit, filmit , koncerteve etj&#8230; , ishin t\u00eb regjistruara edhe nj\u00eb num\u00ebr i veprimtarive ekonomike deri t\u00eb hapja e veprimtarive hotelerike p\u00ebr t\u00eb cilat sot disa mund t\u00eb paragjykojn\u00eb duke m\u00eb akuzuar.<\/p>\n<p>Kur t\u00eb un\u00eb , pas gjith\u00eb k\u00ebsaj q\u00eb ceka,u formatizua t\u00ebr\u00ebsisht koncepti i ri q\u00eb sht\u00ebpia e kultur\u00ebs i binte t\u00eb ishte nj\u00eb minier\u00eb parash duke fjetur mbi to, nisa \u201ctrazimin e gjendjes\u201d, p\u00ebr t\u00eb mundur kaosin kulturor q\u00eb b\u00ebnte ligjin atje. Dhe q\u00eb isha i vet\u00ebdijsh\u00ebm, se ishte tep\u00ebr v\u00ebshtir\u00eb ta fitosh at\u00eb , sepse ai ka do ligje t\u00eb mbret\u00ebris\u00eb s\u00eb vet me t\u00eb cilat sundon.<\/p>\n<p>Fati im n\u00eb k\u00ebto situata ishte edh struktura e an\u00ebtar\u00ebve t\u00eb k\u00ebshillit drejtues (shum\u00ebpartiake), t\u00eb cil\u00ebt ishin kalibra t\u00eb formatizuar p\u00ebr rolin q\u00eb kishin dhe lirisht mund t\u2019i b\u00ebnin oponenc\u00eb \u00e7do nj\u00ebrit , pra edhe brenda partis\u00eb s\u00eb vet , kur ishte n\u00eb pyetje interesi p\u00ebrgjithsh\u00ebm n\u00eb kultur\u00eb.<\/p>\n<p>Gjendja e trash\u00ebguar n\u00eb fillim t\u00eb mandatit dhe e l\u00ebn\u00eb pas 4 viteve \u2013shkurt ishte kjo:<\/p>\n<ul>\n<li>Numri i t\u00eb pun\u00ebsuarve i nj\u00ebjt\u00eb, si n\u00eb fillim ashtu edhe n\u00eb fund, duke mos pun\u00ebsuar pa nevoj\u00eb n\u00eb var\u00ebsi prej situat\u00ebs..<\/li>\n<li>Shpenzimet e drejtorit, p\u00ebr 4 vite: p\u00ebr m\u00ebditje brenda e jasht\u00eb vendit n\u00eb vit , ishin barazi me -0,reprezentacioni -0, benzini dhe mir\u00ebmbajtja\u00a0\u00a0 e makin\u00ebs-0,telefonit 20 e n\u00eb muaj.<\/li>\n<\/ul>\n<p>Po thuajse shpenzimet e k\u00ebtilla, ishin t\u00eb ngjashme edhe kur ushtroja postin e deputetit, sekretarit t\u00eb lidhjes (me n\u00ebnshkrim t\u00eb deponuar)- kryetarit t\u00eb kuvendit, n\u00ebnkryetarit t\u00eb komun\u00ebs, dhe kryeshefit&#8230;.?!!!<\/p>\n<ul>\n<li>Nga 6 rrogat e pa shlyera n\u00eb fillim t\u00eb mandatit , n\u00eb fund t\u00eb tij i prura n\u00eb gjendjen zero, duke mos l\u00ebn\u00eb asnj\u00eb cent borxh, plus u l\u00ebshua n\u00eb funksion pallati i ri i saj.<\/li>\n<li>Shlyerja e borxhit n\u00eb rrym\u00eb q\u00eb ishte rreth 100 mij\u00eb euro e q\u00eb p\u00ebrfundimisht n\u00eb fund t\u00eb mandatit u prua n\u00eb gjendjen zero.<\/li>\n<li>Fitimi i t\u00eb gjitha proceseve gjyq\u00ebsore rreth pron\u00ebsis\u00eb etj , ku vet\u00ebm 5 prej tyre ishin t\u00eb humbura n\u00eb gjykat\u00ebn e shkall\u00ebs s\u00eb par\u00eb- pra edhe t\u00eb pron\u00ebs s\u00eb vet\u00eb kinemas\u00eb verore q\u00eb sot diskutohet&#8230;?!!!<\/li>\n<li>Shend\u00ebrrimin e Ulqinit n\u00eb metropol\u00eb kulturore ndaj stin\u00ebs s\u00eb ver\u00ebs -mbi 400 fjetje e pansione t\u00eb siguruara p\u00ebr yjet e estrad\u00ebs artit dhe muzik\u00ebs shqiptare.<\/li>\n<\/ul>\n<p>Fal\u00ebnderoj p\u00ebr sigurim t\u00eb pansioneve t\u00eb festivalit, ish drejtorin e Rivier\u00ebs \u2013 Zhelko Rolloviqin dhe at\u00eb t\u00eb Albatrosit \u2013Luigj Shkrelin,kuptohet bashk\u00eb me k\u00ebshillin drejtues ,ku pa p\u00ebrkrahjen e tyre suksesi do kish munguar&#8230;?!!!<\/p>\n<ul>\n<li>DEKLAROJ q\u00eb t\u00eb gjith\u00eb krijuesit e Ulqnit , ishin t\u00eb k\u00ebnaqur me veprimtarin\u00eb e qendr\u00ebs( ma gjeni vet\u00ebm nj\u00eb prej tyre, q\u00eb d\u00ebshmon t\u00eb kud\u00ebrt\u00ebn)- dhe t\u00eb thot\u00eb se un\u00eb nuk e kam p\u00ebrkrahur e nuk e kam ndihmuar , kur m\u00eb ka trokitur n\u00eb der\u00eb..?!!!<\/li>\n<li>Tjet\u00ebr, shtoj se edhe padit\u00eb dhe akuzat, p\u00ebr k\u00ebto \u00e7\u00ebshtje , n\u00eb prokurori ( kuptohet t\u00eb b\u00ebra at\u00ebher\u00eb \u2013 posht\u00eb e lart), nuk u pin\u00eb uj\u00eb dhe u gjuajt\u00ebn n\u00eb kosh&#8230;?!!!!<\/li>\n<\/ul>\n<p>Nuk \u00ebsht\u00eb e tep\u00ebrt t\u00eb fal\u00ebnderoj t\u00eb gjith\u00eb t\u00eb pun\u00ebsuarit e sht\u00ebpis\u00eb \u00eb kultur\u00ebs , q\u00eb para se t\u00eb kaloja n\u00eb postin e ri, n\u00eb m\u00ebnyr\u00eb spontane kishin organizuar nj\u00eb dark\u00eb p\u00ebrcjell\u00ebse n\u00eb Bun\u00eb, duke m\u00eb fal\u00ebnderuar e bler\u00eb edhe nga ndonj\u00eb dhurat\u00eb simbolike. Fjala \u00ebsht\u00eb , p\u00ebr ata t\u00eb pun\u00ebsuar q\u00eb para disa koh\u00ebve, protestonin e protestojn\u00eb p\u00ebr rroga t\u00eb pa marra, para sht\u00ebpis\u00eb s\u00eb kultur\u00ebs dhe para komun\u00ebs<strong>. Pra nuk than\u00eb p\u00ebr drejtor, zakonisht si\u00e7 thuhet n\u00eb Ulqin, kur shkon:\u201c Ia theft\u00eb dreqi , qaf\u00ebn&#8230;\u201c?!!!<\/strong><br \/>\n<!--YouTube Error: bad URL entered--><br \/>\n<strong>\u00a0<\/strong><\/p>\n<p><strong>Ja edhe nj\u00eb ekstrat procesverbali -Vendimi i k\u00ebshillit drejtues p\u00ebr dh\u00ebnien e Kinemas\u00eb verore me qira i n\u00ebnshkruar dhe i protokolluar, bashk\u00eb me vendimin p\u00ebr t\u00eb mbrojtur hap\u00ebsirat e grabitura t\u00eb saja.<\/strong><\/p>\n<p><a href=\"http:\/\/www.visit-ulcinj.com\/blog\/wp-content\/uploads\/2015\/01\/Regjistri-i-Qendres-Per-Kultur-Ulqin-2005.jpg\"><img loading=\"lazy\" class=\"alignleft wp-image-88132\" src=\"http:\/\/www.visit-ulcinj.com\/blog\/wp-content\/uploads\/2015\/01\/Regjistri-i-Qendres-Per-Kultur-Ulqin-2005.jpg\" alt=\"Regjistri-i-Qendres-Per-Kultur-Ulqin-2005\" width=\"508\" height=\"489\" srcset=\"https:\/\/www.visit-ulcinj.com\/blog\/wp-content\/uploads\/2015\/01\/Regjistri-i-Qendres-Per-Kultur-Ulqin-2005.jpg 623w, https:\/\/www.visit-ulcinj.com\/blog\/wp-content\/uploads\/2015\/01\/Regjistri-i-Qendres-Per-Kultur-Ulqin-2005-300x288.jpg 300w\" sizes=\"(max-width: 508px) 100vw, 508px\" \/><\/a><\/p>\n<p><strong>Ja akti i gjyqit ekonomik ku shihen vet\u00ebm disave nga veprimtarit\u00eb e regjistruara, q\u00eb kish t\u00eb drejt\u00eb dhe obligim ligjor t\u00eb ushtroj\u00eb qendra.<\/strong><br \/>\n<a href=\"http:\/\/www.visit-ulcinj.com\/blog\/wp-content\/uploads\/2015\/01\/Regjistri-i-Qendres-Per-Kultur-Ulqin-2005-1.jpg\"><img loading=\"lazy\" class=\"alignleft wp-image-88133\" src=\"http:\/\/www.visit-ulcinj.com\/blog\/wp-content\/uploads\/2015\/01\/Regjistri-i-Qendres-Per-Kultur-Ulqin-2005-1.jpg\" alt=\"Regjistri-i-Qendres-Per-Kultur-Ulqin-2005-1\" width=\"508\" height=\"544\" srcset=\"https:\/\/www.visit-ulcinj.com\/blog\/wp-content\/uploads\/2015\/01\/Regjistri-i-Qendres-Per-Kultur-Ulqin-2005-1.jpg 627w, https:\/\/www.visit-ulcinj.com\/blog\/wp-content\/uploads\/2015\/01\/Regjistri-i-Qendres-Per-Kultur-Ulqin-2005-1-280x300.jpg 280w\" sizes=\"(max-width: 508px) 100vw, 508px\" \/><\/a><\/p>\n<p><strong>Fund<\/strong><\/p>\n","protected":false},"excerpt":{"rendered":"<p>Shkruan Muhamet Nika Kur u em\u00ebrova drejtor i institucionit t\u00eb kultur\u00ebs gj\u00ebja e par\u00eb q\u00eb b\u00ebra , ishte analiza n\u00eb detaje e aktit t\u00eb themelimit dhe e veprimtarive t\u00eb regjistruara n\u00eb gjyqin ekonomik q\u00eb pritja t\u00eb ushtroja duke siguruar daljen nga situata e v\u00ebshtir\u00eb financiare e k\u00ebsaj nd\u00ebrmarrjeje. Aty pash q\u00eb p\u00ebrve\u00e7 teatrit, filmit , [&hellip;]<\/p>\n","protected":false},"author":1,"featured_media":0,"comment_status":"closed","ping_status":"closed","sticky":false,"template":"","format":"standard","meta":{"spay_email":"","jetpack_publicize_message":"","jetpack_is_tweetstorm":false,"jetpack_publicize_feature_enabled":true},"categories":[4,14249],"tags":[],"jetpack_publicize_connections":[],"yoast_head":"<!-- This site is optimized with the Yoast SEO plugin v19.1 - https:\/\/yoast.com\/wordpress\/plugins\/seo\/ -->\n<title>Nika: Gjendja e trash\u00ebguar n\u00eb qendr\u00ebn e kultur\u00ebs dhe si e la\u00e7 pas 4 viteve e gjysm\u00eb - Lajme nga Ulqini<\/title>\n<meta name=\"description\" content=\"Shkruan Muhamet Nika Kur u em\u00ebrova drejtor i institucionit t\u00eb kultur\u00ebs gj\u00ebja e par\u00eb q\u00eb b\u00ebra , ishte analiza n\u00eb detaje e aktit t\u00eb themelimit dhe e\" \/>\n<meta name=\"robots\" content=\"index, follow, max-snippet:-1, max-image-preview:large, max-video-preview:-1\" \/>\n<link rel=\"canonical\" href=\"https:\/\/www.visit-ulcinj.com\/blog\/2015\/01\/23\/nika-gjendja-e-trasheguar-ne-qendren-e-kultures-dhe-si-e-lac-pas-4-viteve-e-gjysme\/\" \/>\n<meta property=\"og:locale\" content=\"en_US\" \/>\n<meta property=\"og:type\" content=\"article\" \/>\n<meta property=\"og:title\" content=\"Nika: Gjendja e trash\u00ebguar n\u00eb qendr\u00ebn e kultur\u00ebs dhe si e la\u00e7 pas 4 viteve e gjysm\u00eb - Lajme nga Ulqini\" \/>\n<meta property=\"og:description\" content=\"Shkruan Muhamet Nika Kur u em\u00ebrova drejtor i institucionit t\u00eb kultur\u00ebs gj\u00ebja e par\u00eb q\u00eb b\u00ebra , ishte analiza n\u00eb detaje e aktit t\u00eb themelimit dhe e\" \/>\n<meta property=\"og:url\" content=\"https:\/\/www.visit-ulcinj.com\/blog\/2015\/01\/23\/nika-gjendja-e-trasheguar-ne-qendren-e-kultures-dhe-si-e-lac-pas-4-viteve-e-gjysme\/\" \/>\n<meta property=\"og:site_name\" content=\"Lajme nga Ulqini\" \/>\n<meta property=\"article:published_time\" content=\"2015-01-23T13:42:49+00:00\" \/>\n<meta property=\"article:modified_time\" content=\"2015-01-26T18:19:11+00:00\" \/>\n<meta property=\"og:image\" content=\"http:\/\/www.visit-ulcinj.com\/blog\/wp-content\/uploads\/2014\/11\/Muhamet-Nika.jpg\" \/>\n<meta name=\"twitter:label1\" content=\"Written by\" \/>\n\t<meta name=\"twitter:data1\" content=\"ulqini\" \/>\n\t<meta name=\"twitter:label2\" content=\"Est. reading time\" \/>\n\t<meta name=\"twitter:data2\" content=\"4 minutes\" \/>\n<script type=\"application\/ld+json\" class=\"yoast-schema-graph\">{\"@context\":\"https:\/\/schema.org\",\"@graph\":[{\"@type\":\"WebSite\",\"@id\":\"https:\/\/www.visit-ulcinj.com\/blog\/#website\",\"url\":\"https:\/\/www.visit-ulcinj.com\/blog\/\",\"name\":\"Lajme nga Ulqini\",\"description\":\"Lajme,Vijesti,Ulqini,Ulqin,Crna Gora,Mali i Zi\",\"potentialAction\":[{\"@type\":\"SearchAction\",\"target\":{\"@type\":\"EntryPoint\",\"urlTemplate\":\"https:\/\/www.visit-ulcinj.com\/blog\/?s={search_term_string}\"},\"query-input\":\"required name=search_term_string\"}],\"inLanguage\":\"en-US\"},{\"@type\":\"ImageObject\",\"inLanguage\":\"en-US\",\"@id\":\"https:\/\/www.visit-ulcinj.com\/blog\/2015\/01\/23\/nika-gjendja-e-trasheguar-ne-qendren-e-kultures-dhe-si-e-lac-pas-4-viteve-e-gjysme\/#primaryimage\",\"url\":\"https:\/\/www.visit-ulcinj.com\/blog\/wp-content\/uploads\/2014\/11\/Muhamet-Nika.jpg\",\"contentUrl\":\"https:\/\/www.visit-ulcinj.com\/blog\/wp-content\/uploads\/2014\/11\/Muhamet-Nika.jpg\",\"width\":256,\"height\":319},{\"@type\":\"WebPage\",\"@id\":\"https:\/\/www.visit-ulcinj.com\/blog\/2015\/01\/23\/nika-gjendja-e-trasheguar-ne-qendren-e-kultures-dhe-si-e-lac-pas-4-viteve-e-gjysme\/#webpage\",\"url\":\"https:\/\/www.visit-ulcinj.com\/blog\/2015\/01\/23\/nika-gjendja-e-trasheguar-ne-qendren-e-kultures-dhe-si-e-lac-pas-4-viteve-e-gjysme\/\",\"name\":\"Nika: Gjendja e trash\u00ebguar n\u00eb qendr\u00ebn e kultur\u00ebs dhe si e la\u00e7 pas 4 viteve e gjysm\u00eb - Lajme nga Ulqini\",\"isPartOf\":{\"@id\":\"https:\/\/www.visit-ulcinj.com\/blog\/#website\"},\"primaryImageOfPage\":{\"@id\":\"https:\/\/www.visit-ulcinj.com\/blog\/2015\/01\/23\/nika-gjendja-e-trasheguar-ne-qendren-e-kultures-dhe-si-e-lac-pas-4-viteve-e-gjysme\/#primaryimage\"},\"datePublished\":\"2015-01-23T13:42:49+00:00\",\"dateModified\":\"2015-01-26T18:19:11+00:00\",\"author\":{\"@id\":\"https:\/\/www.visit-ulcinj.com\/blog\/#\/schema\/person\/dcab619c614d3038751c63bc2aadc06d\"},\"description\":\"Shkruan Muhamet Nika Kur u em\u00ebrova drejtor i institucionit t\u00eb kultur\u00ebs gj\u00ebja e par\u00eb q\u00eb b\u00ebra , ishte analiza n\u00eb detaje e aktit t\u00eb themelimit dhe e\",\"breadcrumb\":{\"@id\":\"https:\/\/www.visit-ulcinj.com\/blog\/2015\/01\/23\/nika-gjendja-e-trasheguar-ne-qendren-e-kultures-dhe-si-e-lac-pas-4-viteve-e-gjysme\/#breadcrumb\"},\"inLanguage\":\"en-US\",\"potentialAction\":[{\"@type\":\"ReadAction\",\"target\":[\"https:\/\/www.visit-ulcinj.com\/blog\/2015\/01\/23\/nika-gjendja-e-trasheguar-ne-qendren-e-kultures-dhe-si-e-lac-pas-4-viteve-e-gjysme\/\"]}]},{\"@type\":\"BreadcrumbList\",\"@id\":\"https:\/\/www.visit-ulcinj.com\/blog\/2015\/01\/23\/nika-gjendja-e-trasheguar-ne-qendren-e-kultures-dhe-si-e-lac-pas-4-viteve-e-gjysme\/#breadcrumb\",\"itemListElement\":[{\"@type\":\"ListItem\",\"position\":1,\"name\":\"Nika: Gjendja e trash\u00ebguar n\u00eb qendr\u00ebn e kultur\u00ebs dhe si e la\u00e7 pas 4 viteve e gjysm\u00eb\"}]},{\"@type\":\"Person\",\"@id\":\"https:\/\/www.visit-ulcinj.com\/blog\/#\/schema\/person\/dcab619c614d3038751c63bc2aadc06d\",\"name\":\"ulqini\",\"sameAs\":[\"http:\/\/www.visit-ulcinj.com\"],\"url\":\"https:\/\/www.visit-ulcinj.com\/blog\/author\/admin\/\"}]}<\/script>\n<!-- \/ Yoast SEO plugin. -->","yoast_head_json":{"title":"Nika: Gjendja e trash\u00ebguar n\u00eb qendr\u00ebn e kultur\u00ebs dhe si e la\u00e7 pas 4 viteve e gjysm\u00eb - Lajme nga Ulqini","description":"Shkruan Muhamet Nika Kur u em\u00ebrova drejtor i institucionit t\u00eb kultur\u00ebs gj\u00ebja e par\u00eb q\u00eb b\u00ebra , ishte analiza n\u00eb detaje e aktit t\u00eb themelimit dhe e","robots":{"index":"index","follow":"follow","max-snippet":"max-snippet:-1","max-image-preview":"max-image-preview:large","max-video-preview":"max-video-preview:-1"},"canonical":"https:\/\/www.visit-ulcinj.com\/blog\/2015\/01\/23\/nika-gjendja-e-trasheguar-ne-qendren-e-kultures-dhe-si-e-lac-pas-4-viteve-e-gjysme\/","og_locale":"en_US","og_type":"article","og_title":"Nika: Gjendja e trash\u00ebguar n\u00eb qendr\u00ebn e kultur\u00ebs dhe si e la\u00e7 pas 4 viteve e gjysm\u00eb - Lajme nga Ulqini","og_description":"Shkruan Muhamet Nika Kur u em\u00ebrova drejtor i institucionit t\u00eb kultur\u00ebs gj\u00ebja e par\u00eb q\u00eb b\u00ebra , ishte analiza n\u00eb detaje e aktit t\u00eb themelimit dhe e","og_url":"https:\/\/www.visit-ulcinj.com\/blog\/2015\/01\/23\/nika-gjendja-e-trasheguar-ne-qendren-e-kultures-dhe-si-e-lac-pas-4-viteve-e-gjysme\/","og_site_name":"Lajme nga Ulqini","article_published_time":"2015-01-23T13:42:49+00:00","article_modified_time":"2015-01-26T18:19:11+00:00","og_image":[{"url":"http:\/\/www.visit-ulcinj.com\/blog\/wp-content\/uploads\/2014\/11\/Muhamet-Nika.jpg"}],"twitter_misc":{"Written by":"ulqini","Est. reading time":"4 minutes"},"schema":{"@context":"https:\/\/schema.org","@graph":[{"@type":"WebSite","@id":"https:\/\/www.visit-ulcinj.com\/blog\/#website","url":"https:\/\/www.visit-ulcinj.com\/blog\/","name":"Lajme nga Ulqini","description":"Lajme,Vijesti,Ulqini,Ulqin,Crna Gora,Mali i Zi","potentialAction":[{"@type":"SearchAction","target":{"@type":"EntryPoint","urlTemplate":"https:\/\/www.visit-ulcinj.com\/blog\/?s={search_term_string}"},"query-input":"required name=search_term_string"}],"inLanguage":"en-US"},{"@type":"ImageObject","inLanguage":"en-US","@id":"https:\/\/www.visit-ulcinj.com\/blog\/2015\/01\/23\/nika-gjendja-e-trasheguar-ne-qendren-e-kultures-dhe-si-e-lac-pas-4-viteve-e-gjysme\/#primaryimage","url":"https:\/\/www.visit-ulcinj.com\/blog\/wp-content\/uploads\/2014\/11\/Muhamet-Nika.jpg","contentUrl":"https:\/\/www.visit-ulcinj.com\/blog\/wp-content\/uploads\/2014\/11\/Muhamet-Nika.jpg","width":256,"height":319},{"@type":"WebPage","@id":"https:\/\/www.visit-ulcinj.com\/blog\/2015\/01\/23\/nika-gjendja-e-trasheguar-ne-qendren-e-kultures-dhe-si-e-lac-pas-4-viteve-e-gjysme\/#webpage","url":"https:\/\/www.visit-ulcinj.com\/blog\/2015\/01\/23\/nika-gjendja-e-trasheguar-ne-qendren-e-kultures-dhe-si-e-lac-pas-4-viteve-e-gjysme\/","name":"Nika: Gjendja e trash\u00ebguar n\u00eb qendr\u00ebn e kultur\u00ebs dhe si e la\u00e7 pas 4 viteve e gjysm\u00eb - Lajme nga Ulqini","isPartOf":{"@id":"https:\/\/www.visit-ulcinj.com\/blog\/#website"},"primaryImageOfPage":{"@id":"https:\/\/www.visit-ulcinj.com\/blog\/2015\/01\/23\/nika-gjendja-e-trasheguar-ne-qendren-e-kultures-dhe-si-e-lac-pas-4-viteve-e-gjysme\/#primaryimage"},"datePublished":"2015-01-23T13:42:49+00:00","dateModified":"2015-01-26T18:19:11+00:00","author":{"@id":"https:\/\/www.visit-ulcinj.com\/blog\/#\/schema\/person\/dcab619c614d3038751c63bc2aadc06d"},"description":"Shkruan Muhamet Nika Kur u em\u00ebrova drejtor i institucionit t\u00eb kultur\u00ebs gj\u00ebja e par\u00eb q\u00eb b\u00ebra , ishte analiza n\u00eb detaje e aktit t\u00eb themelimit dhe e","breadcrumb":{"@id":"https:\/\/www.visit-ulcinj.com\/blog\/2015\/01\/23\/nika-gjendja-e-trasheguar-ne-qendren-e-kultures-dhe-si-e-lac-pas-4-viteve-e-gjysme\/#breadcrumb"},"inLanguage":"en-US","potentialAction":[{"@type":"ReadAction","target":["https:\/\/www.visit-ulcinj.com\/blog\/2015\/01\/23\/nika-gjendja-e-trasheguar-ne-qendren-e-kultures-dhe-si-e-lac-pas-4-viteve-e-gjysme\/"]}]},{"@type":"BreadcrumbList","@id":"https:\/\/www.visit-ulcinj.com\/blog\/2015\/01\/23\/nika-gjendja-e-trasheguar-ne-qendren-e-kultures-dhe-si-e-lac-pas-4-viteve-e-gjysme\/#breadcrumb","itemListElement":[{"@type":"ListItem","position":1,"name":"Nika: Gjendja e trash\u00ebguar n\u00eb qendr\u00ebn e kultur\u00ebs dhe si e la\u00e7 pas 4 viteve e gjysm\u00eb"}]},{"@type":"Person","@id":"https:\/\/www.visit-ulcinj.com\/blog\/#\/schema\/person\/dcab619c614d3038751c63bc2aadc06d","name":"ulqini","sameAs":["http:\/\/www.visit-ulcinj.com"],"url":"https:\/\/www.visit-ulcinj.com\/blog\/author\/admin\/"}]}},"jetpack_featured_media_url":"","jetpack_sharing_enabled":true,"jetpack_shortlink":"https:\/\/wp.me\/pe6lTn-mVt","_links":{"self":[{"href":"https:\/\/www.visit-ulcinj.com\/blog\/wp-json\/wp\/v2\/posts\/88131"}],"collection":[{"href":"https:\/\/www.visit-ulcinj.com\/blog\/wp-json\/wp\/v2\/posts"}],"about":[{"href":"https:\/\/www.visit-ulcinj.com\/blog\/wp-json\/wp\/v2\/types\/post"}],"author":[{"embeddable":true,"href":"https:\/\/www.visit-ulcinj.com\/blog\/wp-json\/wp\/v2\/users\/1"}],"replies":[{"embeddable":true,"href":"https:\/\/www.visit-ulcinj.com\/blog\/wp-json\/wp\/v2\/comments?post=88131"}],"version-history":[{"count":2,"href":"https:\/\/www.visit-ulcinj.com\/blog\/wp-json\/wp\/v2\/posts\/88131\/revisions"}],"predecessor-version":[{"id":88217,"href":"https:\/\/www.visit-ulcinj.com\/blog\/wp-json\/wp\/v2\/posts\/88131\/revisions\/88217"}],"wp:attachment":[{"href":"https:\/\/www.visit-ulcinj.com\/blog\/wp-json\/wp\/v2\/media?parent=88131"}],"wp:term":[{"taxonomy":"category","embeddable":true,"href":"https:\/\/www.visit-ulcinj.com\/blog\/wp-json\/wp\/v2\/categories?post=88131"},{"taxonomy":"post_tag","embeddable":true,"href":"https:\/\/www.visit-ulcinj.com\/blog\/wp-json\/wp\/v2\/tags?post=88131"}],"curies":[{"name":"wp","href":"https:\/\/api.w.org\/{rel}","templated":true}]}}