{"id":88144,"date":"2015-01-24T09:13:34","date_gmt":"2015-01-24T08:13:34","guid":{"rendered":"http:\/\/www.visit-ulcinj.com\/blog\/?p=88144"},"modified":"2015-01-24T09:13:34","modified_gmt":"2015-01-24T08:13:34","slug":"pd-dhe-ldmz-te-njoftojme-cdo-adrese-per-sjelljen-e-nik-gjeloshaj","status":"publish","type":"post","link":"https:\/\/www.visit-ulcinj.com\/blog\/2015\/01\/24\/pd-dhe-ldmz-te-njoftojme-cdo-adrese-per-sjelljen-e-nik-gjeloshaj\/","title":{"rendered":"PD dhe LDMZ: Do t\u00eb njoftojm\u00eb \u00e7do adres\u00eb p\u00ebr sjelljen e Nik Gjeloshaj"},"content":{"rendered":"<p><a href=\"http:\/\/www.visit-ulcinj.com\/blog\/wp-content\/uploads\/2015\/01\/PD-LDMZ-ULQIN.jpg\"><img loading=\"lazy\" class=\"alignleft wp-image-88145\" src=\"http:\/\/www.visit-ulcinj.com\/blog\/wp-content\/uploads\/2015\/01\/PD-LDMZ-ULQIN.jpg\" alt=\"PD-LDMZ-ULQIN\" width=\"508\" height=\"338\" srcset=\"https:\/\/www.visit-ulcinj.com\/blog\/wp-content\/uploads\/2015\/01\/PD-LDMZ-ULQIN.jpg 960w, https:\/\/www.visit-ulcinj.com\/blog\/wp-content\/uploads\/2015\/01\/PD-LDMZ-ULQIN-300x199.jpg 300w\" sizes=\"(max-width: 508px) 100vw, 508px\" \/><\/a>Kryetari i Lidhjes demokratike n\u00eb Mal t\u00eb Zi (LD n\u00eb MZ) Mehmet Bardhi i d\u00ebrgoi, n\u00ebp\u00ebrmjet Ambasad\u00ebs s\u00eb Republik\u00ebs s\u00eb Shqip\u00ebris\u00eb n\u00eb Podgoric\u00eb, let\u00ebr Ministris\u00eb s\u00eb pun\u00ebve t\u00eb jashtme t\u00eb k\u00ebtij vend me t\u00eb cil\u00ebn holl\u00ebsisht i ka njoftuar mbi shkeljen e marr\u00ebveshjes p\u00ebr rotacion t\u00eb deputet\u00ebve n\u00eb Kuvendin e Malit t\u00eb Zi t\u00eb cil\u00ebn tash gati tre muaj e b\u00ebn\u00eb Alternativa shqiptare (ASH) dhe deputeti Nik Gjeloshaj, raporton Portali Infoshqip.me.<\/p>\n<p>Nj\u00ebkoh\u00ebsisht, n\u00ebnshkruesi i marr\u00ebveshjes me ASH dhe kryetari i Partis\u00eb demokratike Fatmir Gjeka dje n\u00eb Podgoric\u00eb ka njoftuar kryetarin e Kuvendit t\u00eb Malit t\u00eb Zi Ranko Krivokapiq p\u00ebr mosrespektimin e marr\u00ebveshjes nga ana e Gjeloshajt.<\/p>\n<p>N\u00eb delegacion me liderin e PD-s\u00eb ishte dhe an\u00ebtari i Kryesis\u00eb s\u00eb LD n\u00eb MZ Hajrullah Hajdari.<\/p>\n<p>Mbasi q\u00eb t\u00eb m\u00ebrkur\u00ebn ka d\u00ebshtuar tentativa e fundit e Gjek\u00ebs n\u00eb Tuz q\u00eb Gjeloshajn ta bind p\u00ebr nevoj\u00ebn e respektimit t\u00eb marr\u00ebveshjes s\u00eb n\u00ebnshkruar, pritet q\u00eb t\u00eb diel\u00ebn K\u00ebshilli qendror i PD-s\u00eb t\u00eb sjell vendimin p\u00ebr shk\u00ebputjen e koalicionit me ASH.<\/p>\n","protected":false},"excerpt":{"rendered":"<p>Kryetari i Lidhjes demokratike n\u00eb Mal t\u00eb Zi (LD n\u00eb MZ) Mehmet Bardhi i d\u00ebrgoi, n\u00ebp\u00ebrmjet Ambasad\u00ebs s\u00eb Republik\u00ebs s\u00eb Shqip\u00ebris\u00eb n\u00eb Podgoric\u00eb, let\u00ebr Ministris\u00eb s\u00eb pun\u00ebve t\u00eb jashtme t\u00eb k\u00ebtij vend me t\u00eb cil\u00ebn holl\u00ebsisht i ka njoftuar mbi shkeljen e marr\u00ebveshjes p\u00ebr rotacion t\u00eb deputet\u00ebve n\u00eb Kuvendin e Malit t\u00eb Zi t\u00eb cil\u00ebn [&hellip;]<\/p>\n","protected":false},"author":1,"featured_media":0,"comment_status":"closed","ping_status":"closed","sticky":false,"template":"","format":"standard","meta":{"spay_email":"","jetpack_publicize_message":"","jetpack_is_tweetstorm":false,"jetpack_publicize_feature_enabled":true},"categories":[12],"tags":[],"jetpack_publicize_connections":[],"yoast_head":"<!-- This site is optimized with the Yoast SEO plugin v19.1 - https:\/\/yoast.com\/wordpress\/plugins\/seo\/ -->\n<title>PD dhe LDMZ: Do t\u00eb njoftojm\u00eb \u00e7do adres\u00eb p\u00ebr sjelljen e Nik Gjeloshaj - Lajme nga Ulqini<\/title>\n<meta name=\"description\" content=\"Kryetari i Lidhjes demokratike n\u00eb Mal t\u00eb Zi (LD n\u00eb MZ) Mehmet Bardhi i d\u00ebrgoi, n\u00ebp\u00ebrmjet Ambasad\u00ebs s\u00eb Republik\u00ebs s\u00eb Shqip\u00ebris\u00eb n\u00eb Podgoric\u00eb, let\u00ebr\" \/>\n<meta name=\"robots\" content=\"index, follow, max-snippet:-1, max-image-preview:large, max-video-preview:-1\" \/>\n<link rel=\"canonical\" href=\"https:\/\/www.visit-ulcinj.com\/blog\/2015\/01\/24\/pd-dhe-ldmz-te-njoftojme-cdo-adrese-per-sjelljen-e-nik-gjeloshaj\/\" \/>\n<meta property=\"og:locale\" content=\"en_US\" \/>\n<meta property=\"og:type\" content=\"article\" \/>\n<meta property=\"og:title\" content=\"PD dhe LDMZ: Do t\u00eb njoftojm\u00eb \u00e7do adres\u00eb p\u00ebr sjelljen e Nik Gjeloshaj - Lajme nga Ulqini\" \/>\n<meta property=\"og:description\" content=\"Kryetari i Lidhjes demokratike n\u00eb Mal t\u00eb Zi (LD n\u00eb MZ) Mehmet Bardhi i d\u00ebrgoi, n\u00ebp\u00ebrmjet Ambasad\u00ebs s\u00eb Republik\u00ebs s\u00eb Shqip\u00ebris\u00eb n\u00eb Podgoric\u00eb, let\u00ebr\" \/>\n<meta property=\"og:url\" content=\"https:\/\/www.visit-ulcinj.com\/blog\/2015\/01\/24\/pd-dhe-ldmz-te-njoftojme-cdo-adrese-per-sjelljen-e-nik-gjeloshaj\/\" \/>\n<meta property=\"og:site_name\" content=\"Lajme nga Ulqini\" \/>\n<meta property=\"article:published_time\" content=\"2015-01-24T08:13:34+00:00\" \/>\n<meta property=\"og:image\" content=\"http:\/\/www.visit-ulcinj.com\/blog\/wp-content\/uploads\/2015\/01\/PD-LDMZ-ULQIN.jpg\" \/>\n<meta name=\"twitter:label1\" content=\"Written by\" \/>\n\t<meta name=\"twitter:data1\" content=\"ulqini\" \/>\n\t<meta name=\"twitter:label2\" content=\"Est. reading time\" \/>\n\t<meta name=\"twitter:data2\" content=\"1 minute\" \/>\n<script type=\"application\/ld+json\" class=\"yoast-schema-graph\">{\"@context\":\"https:\/\/schema.org\",\"@graph\":[{\"@type\":\"WebSite\",\"@id\":\"https:\/\/www.visit-ulcinj.com\/blog\/#website\",\"url\":\"https:\/\/www.visit-ulcinj.com\/blog\/\",\"name\":\"Lajme nga Ulqini\",\"description\":\"Lajme,Vijesti,Ulqini,Ulqin,Crna Gora,Mali i Zi\",\"potentialAction\":[{\"@type\":\"SearchAction\",\"target\":{\"@type\":\"EntryPoint\",\"urlTemplate\":\"https:\/\/www.visit-ulcinj.com\/blog\/?s={search_term_string}\"},\"query-input\":\"required name=search_term_string\"}],\"inLanguage\":\"en-US\"},{\"@type\":\"ImageObject\",\"inLanguage\":\"en-US\",\"@id\":\"https:\/\/www.visit-ulcinj.com\/blog\/2015\/01\/24\/pd-dhe-ldmz-te-njoftojme-cdo-adrese-per-sjelljen-e-nik-gjeloshaj\/#primaryimage\",\"url\":\"https:\/\/www.visit-ulcinj.com\/blog\/wp-content\/uploads\/2015\/01\/PD-LDMZ-ULQIN.jpg\",\"contentUrl\":\"https:\/\/www.visit-ulcinj.com\/blog\/wp-content\/uploads\/2015\/01\/PD-LDMZ-ULQIN.jpg\",\"width\":960,\"height\":638},{\"@type\":\"WebPage\",\"@id\":\"https:\/\/www.visit-ulcinj.com\/blog\/2015\/01\/24\/pd-dhe-ldmz-te-njoftojme-cdo-adrese-per-sjelljen-e-nik-gjeloshaj\/#webpage\",\"url\":\"https:\/\/www.visit-ulcinj.com\/blog\/2015\/01\/24\/pd-dhe-ldmz-te-njoftojme-cdo-adrese-per-sjelljen-e-nik-gjeloshaj\/\",\"name\":\"PD dhe LDMZ: Do t\u00eb njoftojm\u00eb \u00e7do adres\u00eb p\u00ebr sjelljen e Nik Gjeloshaj - Lajme nga Ulqini\",\"isPartOf\":{\"@id\":\"https:\/\/www.visit-ulcinj.com\/blog\/#website\"},\"primaryImageOfPage\":{\"@id\":\"https:\/\/www.visit-ulcinj.com\/blog\/2015\/01\/24\/pd-dhe-ldmz-te-njoftojme-cdo-adrese-per-sjelljen-e-nik-gjeloshaj\/#primaryimage\"},\"datePublished\":\"2015-01-24T08:13:34+00:00\",\"dateModified\":\"2015-01-24T08:13:34+00:00\",\"author\":{\"@id\":\"https:\/\/www.visit-ulcinj.com\/blog\/#\/schema\/person\/dcab619c614d3038751c63bc2aadc06d\"},\"description\":\"Kryetari i Lidhjes demokratike n\u00eb Mal t\u00eb Zi (LD n\u00eb MZ) Mehmet Bardhi i d\u00ebrgoi, n\u00ebp\u00ebrmjet Ambasad\u00ebs s\u00eb Republik\u00ebs s\u00eb Shqip\u00ebris\u00eb n\u00eb Podgoric\u00eb, let\u00ebr\",\"breadcrumb\":{\"@id\":\"https:\/\/www.visit-ulcinj.com\/blog\/2015\/01\/24\/pd-dhe-ldmz-te-njoftojme-cdo-adrese-per-sjelljen-e-nik-gjeloshaj\/#breadcrumb\"},\"inLanguage\":\"en-US\",\"potentialAction\":[{\"@type\":\"ReadAction\",\"target\":[\"https:\/\/www.visit-ulcinj.com\/blog\/2015\/01\/24\/pd-dhe-ldmz-te-njoftojme-cdo-adrese-per-sjelljen-e-nik-gjeloshaj\/\"]}]},{\"@type\":\"BreadcrumbList\",\"@id\":\"https:\/\/www.visit-ulcinj.com\/blog\/2015\/01\/24\/pd-dhe-ldmz-te-njoftojme-cdo-adrese-per-sjelljen-e-nik-gjeloshaj\/#breadcrumb\",\"itemListElement\":[{\"@type\":\"ListItem\",\"position\":1,\"name\":\"PD dhe LDMZ: Do t\u00eb njoftojm\u00eb \u00e7do adres\u00eb p\u00ebr sjelljen e Nik Gjeloshaj\"}]},{\"@type\":\"Person\",\"@id\":\"https:\/\/www.visit-ulcinj.com\/blog\/#\/schema\/person\/dcab619c614d3038751c63bc2aadc06d\",\"name\":\"ulqini\",\"sameAs\":[\"http:\/\/www.visit-ulcinj.com\"],\"url\":\"https:\/\/www.visit-ulcinj.com\/blog\/author\/admin\/\"}]}<\/script>\n<!-- \/ Yoast SEO plugin. -->","yoast_head_json":{"title":"PD dhe LDMZ: Do t\u00eb njoftojm\u00eb \u00e7do adres\u00eb p\u00ebr sjelljen e Nik Gjeloshaj - Lajme nga Ulqini","description":"Kryetari i Lidhjes demokratike n\u00eb Mal t\u00eb Zi (LD n\u00eb MZ) Mehmet Bardhi i d\u00ebrgoi, n\u00ebp\u00ebrmjet Ambasad\u00ebs s\u00eb Republik\u00ebs s\u00eb Shqip\u00ebris\u00eb n\u00eb Podgoric\u00eb, let\u00ebr","robots":{"index":"index","follow":"follow","max-snippet":"max-snippet:-1","max-image-preview":"max-image-preview:large","max-video-preview":"max-video-preview:-1"},"canonical":"https:\/\/www.visit-ulcinj.com\/blog\/2015\/01\/24\/pd-dhe-ldmz-te-njoftojme-cdo-adrese-per-sjelljen-e-nik-gjeloshaj\/","og_locale":"en_US","og_type":"article","og_title":"PD dhe LDMZ: Do t\u00eb njoftojm\u00eb \u00e7do adres\u00eb p\u00ebr sjelljen e Nik Gjeloshaj - Lajme nga Ulqini","og_description":"Kryetari i Lidhjes demokratike n\u00eb Mal t\u00eb Zi (LD n\u00eb MZ) Mehmet Bardhi i d\u00ebrgoi, n\u00ebp\u00ebrmjet Ambasad\u00ebs s\u00eb Republik\u00ebs s\u00eb Shqip\u00ebris\u00eb n\u00eb Podgoric\u00eb, let\u00ebr","og_url":"https:\/\/www.visit-ulcinj.com\/blog\/2015\/01\/24\/pd-dhe-ldmz-te-njoftojme-cdo-adrese-per-sjelljen-e-nik-gjeloshaj\/","og_site_name":"Lajme nga Ulqini","article_published_time":"2015-01-24T08:13:34+00:00","og_image":[{"url":"http:\/\/www.visit-ulcinj.com\/blog\/wp-content\/uploads\/2015\/01\/PD-LDMZ-ULQIN.jpg"}],"twitter_misc":{"Written by":"ulqini","Est. reading time":"1 minute"},"schema":{"@context":"https:\/\/schema.org","@graph":[{"@type":"WebSite","@id":"https:\/\/www.visit-ulcinj.com\/blog\/#website","url":"https:\/\/www.visit-ulcinj.com\/blog\/","name":"Lajme nga Ulqini","description":"Lajme,Vijesti,Ulqini,Ulqin,Crna Gora,Mali i Zi","potentialAction":[{"@type":"SearchAction","target":{"@type":"EntryPoint","urlTemplate":"https:\/\/www.visit-ulcinj.com\/blog\/?s={search_term_string}"},"query-input":"required name=search_term_string"}],"inLanguage":"en-US"},{"@type":"ImageObject","inLanguage":"en-US","@id":"https:\/\/www.visit-ulcinj.com\/blog\/2015\/01\/24\/pd-dhe-ldmz-te-njoftojme-cdo-adrese-per-sjelljen-e-nik-gjeloshaj\/#primaryimage","url":"https:\/\/www.visit-ulcinj.com\/blog\/wp-content\/uploads\/2015\/01\/PD-LDMZ-ULQIN.jpg","contentUrl":"https:\/\/www.visit-ulcinj.com\/blog\/wp-content\/uploads\/2015\/01\/PD-LDMZ-ULQIN.jpg","width":960,"height":638},{"@type":"WebPage","@id":"https:\/\/www.visit-ulcinj.com\/blog\/2015\/01\/24\/pd-dhe-ldmz-te-njoftojme-cdo-adrese-per-sjelljen-e-nik-gjeloshaj\/#webpage","url":"https:\/\/www.visit-ulcinj.com\/blog\/2015\/01\/24\/pd-dhe-ldmz-te-njoftojme-cdo-adrese-per-sjelljen-e-nik-gjeloshaj\/","name":"PD dhe LDMZ: Do t\u00eb njoftojm\u00eb \u00e7do adres\u00eb p\u00ebr sjelljen e Nik Gjeloshaj - Lajme nga Ulqini","isPartOf":{"@id":"https:\/\/www.visit-ulcinj.com\/blog\/#website"},"primaryImageOfPage":{"@id":"https:\/\/www.visit-ulcinj.com\/blog\/2015\/01\/24\/pd-dhe-ldmz-te-njoftojme-cdo-adrese-per-sjelljen-e-nik-gjeloshaj\/#primaryimage"},"datePublished":"2015-01-24T08:13:34+00:00","dateModified":"2015-01-24T08:13:34+00:00","author":{"@id":"https:\/\/www.visit-ulcinj.com\/blog\/#\/schema\/person\/dcab619c614d3038751c63bc2aadc06d"},"description":"Kryetari i Lidhjes demokratike n\u00eb Mal t\u00eb Zi (LD n\u00eb MZ) Mehmet Bardhi i d\u00ebrgoi, n\u00ebp\u00ebrmjet Ambasad\u00ebs s\u00eb Republik\u00ebs s\u00eb Shqip\u00ebris\u00eb n\u00eb Podgoric\u00eb, let\u00ebr","breadcrumb":{"@id":"https:\/\/www.visit-ulcinj.com\/blog\/2015\/01\/24\/pd-dhe-ldmz-te-njoftojme-cdo-adrese-per-sjelljen-e-nik-gjeloshaj\/#breadcrumb"},"inLanguage":"en-US","potentialAction":[{"@type":"ReadAction","target":["https:\/\/www.visit-ulcinj.com\/blog\/2015\/01\/24\/pd-dhe-ldmz-te-njoftojme-cdo-adrese-per-sjelljen-e-nik-gjeloshaj\/"]}]},{"@type":"BreadcrumbList","@id":"https:\/\/www.visit-ulcinj.com\/blog\/2015\/01\/24\/pd-dhe-ldmz-te-njoftojme-cdo-adrese-per-sjelljen-e-nik-gjeloshaj\/#breadcrumb","itemListElement":[{"@type":"ListItem","position":1,"name":"PD dhe LDMZ: Do t\u00eb njoftojm\u00eb \u00e7do adres\u00eb p\u00ebr sjelljen e Nik Gjeloshaj"}]},{"@type":"Person","@id":"https:\/\/www.visit-ulcinj.com\/blog\/#\/schema\/person\/dcab619c614d3038751c63bc2aadc06d","name":"ulqini","sameAs":["http:\/\/www.visit-ulcinj.com"],"url":"https:\/\/www.visit-ulcinj.com\/blog\/author\/admin\/"}]}},"jetpack_featured_media_url":"","jetpack_sharing_enabled":true,"jetpack_shortlink":"https:\/\/wp.me\/pe6lTn-mVG","_links":{"self":[{"href":"https:\/\/www.visit-ulcinj.com\/blog\/wp-json\/wp\/v2\/posts\/88144"}],"collection":[{"href":"https:\/\/www.visit-ulcinj.com\/blog\/wp-json\/wp\/v2\/posts"}],"about":[{"href":"https:\/\/www.visit-ulcinj.com\/blog\/wp-json\/wp\/v2\/types\/post"}],"author":[{"embeddable":true,"href":"https:\/\/www.visit-ulcinj.com\/blog\/wp-json\/wp\/v2\/users\/1"}],"replies":[{"embeddable":true,"href":"https:\/\/www.visit-ulcinj.com\/blog\/wp-json\/wp\/v2\/comments?post=88144"}],"version-history":[{"count":1,"href":"https:\/\/www.visit-ulcinj.com\/blog\/wp-json\/wp\/v2\/posts\/88144\/revisions"}],"predecessor-version":[{"id":88146,"href":"https:\/\/www.visit-ulcinj.com\/blog\/wp-json\/wp\/v2\/posts\/88144\/revisions\/88146"}],"wp:attachment":[{"href":"https:\/\/www.visit-ulcinj.com\/blog\/wp-json\/wp\/v2\/media?parent=88144"}],"wp:term":[{"taxonomy":"category","embeddable":true,"href":"https:\/\/www.visit-ulcinj.com\/blog\/wp-json\/wp\/v2\/categories?post=88144"},{"taxonomy":"post_tag","embeddable":true,"href":"https:\/\/www.visit-ulcinj.com\/blog\/wp-json\/wp\/v2\/tags?post=88144"}],"curies":[{"name":"wp","href":"https:\/\/api.w.org\/{rel}","templated":true}]}}