{"id":88165,"date":"2015-01-24T18:09:40","date_gmt":"2015-01-24T17:09:40","guid":{"rendered":"http:\/\/www.visit-ulcinj.com\/blog\/?p=88165"},"modified":"2015-01-25T09:03:00","modified_gmt":"2015-01-25T08:03:00","slug":"peza-shqiptaret-ne-mal-te-zi-kane-nevoje-per-doren-tone-te-ngrohte","status":"publish","type":"post","link":"https:\/\/www.visit-ulcinj.com\/blog\/2015\/01\/24\/peza-shqiptaret-ne-mal-te-zi-kane-nevoje-per-doren-tone-te-ngrohte\/","title":{"rendered":"Peza: Shqiptar\u00ebt n\u00eb Mal t\u00eb Zi kan\u00eb nevoj\u00eb p\u00ebr dor\u00ebn ton\u00eb t\u00eb ngroht\u00eb"},"content":{"rendered":"<p><a href=\"http:\/\/www.visit-ulcinj.com\/blog\/wp-content\/uploads\/2015\/01\/Luftulla-Peza.jpg\"><img loading=\"lazy\" class=\"alignleft wp-image-88166\" src=\"http:\/\/www.visit-ulcinj.com\/blog\/wp-content\/uploads\/2015\/01\/Luftulla-Peza.jpg\" alt=\"Luftulla Peza\" width=\"508\" height=\"440\" \/><\/a><strong>Skruan: Luftulla Peza<\/strong><\/p>\n<p>Shkak p\u00ebr k\u00ebt\u00eb shkrimi u b\u00eb deklarata mjaft e \u00e7uditshme dhe e pa pranueshme e ministrit shqiptar\u00eb t\u00eb pun\u00ebve t\u00eb jashtme Ditmir Bushati. Gjat\u00eb muajit n\u00ebntor 2014 n\u00eb Tiran\u00eb u organizuar nj\u00eb mbledhje nd\u00ebrkomb\u00ebtare , ku m\u00eb pas ministri shqiptar i jasht\u00ebm dhe ministri i jasht\u00ebm malazez mbajt\u00ebn konferenc\u00eb shtypi. N\u00eb konferenc\u00eb ministri Bushati marr\u00ebdh\u00ebniet Shqip\u00ebri-Mali i Zi i quajti \u201ct\u00eb shk\u00eblqyera\u201d dhe nuk i p\u00ebrmendi fare shqiptar\u00ebt, q\u00eb atje jetojn\u00eb n\u00ebn dhun\u00eb t\u00eb p\u00ebrhershme. Nga ana e tij ministri i jasht\u00ebm malazez e p\u00ebrs\u00ebriti se marr\u00ebdh\u00ebniet midis dy vendeve jan\u00eb n\u00eb nivelin m\u00eb t\u00eb lart\u00eb dhe me hipokrizi shtoj\u00eb se qeveria e tij interesohet shum\u00eb p\u00ebr integrimin e shqiptar\u00ebve n\u00eb shoq\u00ebrin\u00eb malazeze.<br \/>\nT\u00eb dy ministrat g\u00ebnjyen opinionin publik, sepse gjendja e shqiptar\u00ebve n\u00eb Mal t\u00eb Zi \u00ebsht\u00eb diskriminuese dhe gjithmon\u00eb ata k\u00ebrkojn\u00eb dor\u00ebn e ngroht\u00eb t\u00eb shtetin am\u00eb, q\u00eb t\u00eb fitojn\u00eb t\u00eb drejtat e tyre t\u00eb plota dhe t\u00eb rrojn\u00eb n\u00eb truallin st\u00ebrgjyshor t\u00eb lir\u00eb dhe t\u00eb lumtur. Deklarata e m\u00ebsip\u00ebrme e ministrit Bushati tregon se ai nuk e njeh fare gjendjen e shqiptar\u00ebve n\u00eb Mal t\u00eb Zi dhe as q\u00eb interesohet p\u00ebr to. Gazetat shqiptare dhe sidomos gazeta mbar\u00eb komb\u00ebtare \u201cBota Sot\u201d, ka sjell mjaft artikuj, ku autor\u00eb t\u00eb ndrysh\u00ebm shkruajn\u00eb p\u00ebr hallet e shqiptar\u00ebve n\u00eb k\u00ebt\u00eb republik\u00eb t\u00eb vog\u00ebl t\u00eb Ballkanit, q\u00eb duhen lexuar dhe t\u00eb nxirren m\u00ebsime prej tyre.<br \/>\nShkrime shqet\u00ebsuese p\u00ebr jet\u00ebn e shqiptar\u00ebve ka nga Tuzi, Ulqini, Plava dhe Gucia etj. Jeta e shqiptar\u00ebve n\u00eb Mal t\u00eb Zi rrezikohet shum\u00eb, sepse qeveria malazeze ndjek politik\u00ebn e largimit t\u00eb shqiptar\u00ebve nga Mali i Zi, t\u00eb keq trajtimit t\u00eb tyre, rritjen e madhe t\u00eb papun\u00ebsis\u00eb n\u00eb rajonet e banuara nga shqiptar\u00ebt, pengesa t\u00eb m\u00ebdha p\u00ebr shkollat dhe kultur\u00ebn shqipe, n\u00eb keqtrajtimin e biznese shqiptare etj. Shqiptar\u00ebt n\u00eb Mal t\u00eb Zi dhe n\u00eb Serbi nuk kan\u00eb as t\u00eb drejt\u00ebn elementare t\u00eb mbajn\u00eb flamurin e tyre kuq e zi me shqiponj\u00ebn dy krenore. Dhe kur shqiptar\u00ebt k\u00ebrkojn\u00eb t\u00eb drejtat e tyre ndaj autoritete t\u00eb vendin, ata paditen dhe d\u00ebnohen padrejt\u00ebsisht nga gjykatat si prish\u00ebs t\u00eb rendit dhe kriminel\u00eb. Ministria jon\u00eb e jashtme hesht!<br \/>\nS\u00eb pari ministri Bushati dhe t\u00eb gjith\u00eb ata, q\u00eb jan\u00eb n\u00eb drejtim t\u00eb shtetit, duhet t\u00eb njohin mir\u00eb historin\u00eb. Trojet shqiptare dhe popullsia shqiptare jan\u00eb shum\u00eb m\u00eb tep\u00ebr se sa Shqip\u00ebria e cunguar e sotme. Territori i banuar nga shqiptar\u00ebt gjat\u00eb koh\u00ebs s\u00eb Perandoris\u00eb Osmane, nga viti 1850 deri n\u00eb shpalljen e pavar\u00ebsis\u00eb m\u00eb 28 N\u00ebntor 1912 p\u00ebrb\u00ebhej nga 4 rajone t\u00eb gjera (vilajete):<br \/>\n1. i Shkodr\u00ebs, ku p\u00ebrfshihej Tuzi, Lezha, Puka, Mirdita, Kruja, Durr\u00ebsi, Tirana etj.<br \/>\n2. I Kosov\u00ebs ,ku p\u00ebrve\u00e7 Kosov\u00ebs s\u00eb sotme, p\u00ebrfshiheshin e dhe Shkupi, Kumanova, Tetova,Gucia, Mitrovica, Sanxhaku, Pazari i Ri, Kolashini, lugina e Preshev\u00ebs etj.<br \/>\n3. I Manastirit, ku b\u00ebnin pjes\u00eb rajonet e Manastirit, Ohrit, Elbasanit, Dibr\u00ebs etj. dhe<br \/>\n4. I Janin\u00ebs, ku b\u00ebnin pjes\u00eb rajonet e Janin\u00ebs, Preveza, Paramithia, Korfuzi, Konica, Filati, Gjirokastra, P\u00ebrmeti, Tepelena, Berati, Vlora , Skrapari etj. Sip\u00ebrfaqja e p\u00ebrgjithshme e t\u00eb kat\u00ebr vilajeteve shqiptare n\u00ebn qeverin\u00eb e Vlor\u00ebs ishte 92.000 km2 , nd\u00ebrsa popullsia e k\u00ebtyre vilajeteve ishte n\u00eb vitin banor\u00eb, nd\u00ebrsa n\u00eb vitin 1912 arriti n\u00eb 2.354.000 banor\u00eb dhe ajo p\u00ebrb\u00ebhej m\u00eb tep\u00ebr se 80% nga shqiptar\u00eb.<br \/>\nHartat e m\u00eb poshtme e shprehin k\u00ebt\u00eb sip\u00ebrfaqe t\u00eb vitit 1912, q\u00eb administrohej nga qeveria e Vlor\u00ebs e Ismail Qemalit (M\u00eb t\u00eb plot\u00eb p\u00ebr k\u00ebt\u00eb tem\u00eb shih: D. Progni \u201cTrojet shqiptare gjat\u00eb shek. XIX, 2010).<br \/>\nPrandaj flamuri me dy strateg\u00ebt e pavar\u00ebsis\u00eb son\u00eb komb\u00ebtare Ismail Qemalin dhe Isa Boletinin dhe hart\u00ebn e trojeve shqiptare, nuk \u00ebsht\u00eb as Shqip\u00ebri e madhe dhe as nacionaliste, por ajo shpreh trojet natyrale t\u00eb shqiptar\u00ebve n\u00eb Ballkan n\u00eb koh\u00ebn e shpalljes s\u00eb pavar\u00ebsis\u00eb dhe ne nuk duhet ti harrojm\u00eb kurr\u00eb.<\/p>\n<p>M\u00eb pas truallit shqiptar nga fuqit\u00eb e m\u00ebdha, ju shk\u00ebput\u00ebn me forc\u00eb m\u00eb shum\u00eb e 2\/3 territori bashk\u00eb me popullsin\u00eb p\u00ebrkat\u00ebse dhe ju dhan\u00eb shteteve fqinj: Serbis\u00eb ju dha Kosova, Metohija dhe Sanxhaku dhe lugina e Preshev\u00ebs, territoret lindore ju dhan\u00eb Serbis\u00eb dhe Maqedonis\u00eb, Greqis\u00eb ju dha \u00c7am\u00ebria dhe pjesa tjet\u00ebr jug\u00eb\/lindore e vendit, Mali i Zi u zgjerua me tokat shqiptare veri\/per\u00ebndimore. Nga e gjith\u00eb kjo grabitje, populli shqiptar u ngushtua n\u00eb territorin e sot\u00ebm me 28 km2 nga rreth 92 mij\u00eb km2, q\u00eb kishte m\u00eb par\u00eb, me popullsi rreth gjysm\u00eb milioni banor\u00eb. Ky \u00ebsht\u00eb bilanci i tradhtis\u00eb s\u00eb fuqive europiane ndaj popullit shqiptar m\u00eb 1913 dhe m\u00eb pas dhe p\u00ebrfitime e m\u00ebdha t\u00eb shteteve fqinj n\u00eb kurriz t\u00eb popullit shqiptar. Prandaj e gjith\u00eb propaganda serbe, se \u201cKosova \u00ebsht\u00eb djepi i Serbis\u00eb\u201d \u00ebsht\u00eb g\u00ebnjesht\u00ebr e q\u00ebllimt\u00eb p\u00ebr t\u00eb mbajtur thonjt\u00eb e saj n\u00eb Kosov\u00eb, q\u00eb duhen luftuar me t\u00eb gjitha mjetet.<br \/>\nN\u00eb Kosov\u00eb u b\u00eb nj\u00eb luft\u00eb e madhe \u00e7lirimtare, n\u00eb saj\u00eb t\u00eb gjenocidit serb dhe me ndihm\u00ebn e NATO-s forcat pushtuese serbe bashk\u00eb me regjimin e Miloshevi\u00e7it u thyen dhe u larguan nga Kosova. Me kompromiset e Kosov\u00ebs me Serbin\u00eb, t\u00eb p\u00ebrfshira n\u00eb planin Ahtisari u rregulluan edhe marr\u00ebdh\u00ebniet midis tyre. Tani nuk duhet asnj\u00eb l\u00ebshim, q\u00eb d\u00ebmton interesat e popullit shqiptar t\u00eb Kosov\u00ebs. Kosova fitoj\u00eb luft\u00ebn ndaj Serbis\u00eb, por me l\u00ebshimet mjaft t\u00eb d\u00ebmshme p\u00ebr shqiptar\u00ebt, q\u00eb po i b\u00ebn asaj, e ndihmuar edhe nga Brukseli, po humbet paqen . me te. K\u00ebto l\u00ebshime anti shqiptare do t\u00eb \u00e7ojn\u00eb patjet\u00ebr n\u00eb tensione t\u00eb reja midis shqiptar\u00ebve dhe serb\u00ebve , prandaj duhet tu pritet rruga. N\u00eb se kryeministri i sot\u00ebm i Kosov\u00ebs Isa Mustafa e ka t\u00eb v\u00ebshtir\u00eb ta drejtoj\u00eb drejt\u00eb Kosov\u00ebn, \u00ebsht\u00eb m\u00eb mir\u00eb t\u00eb jap\u00eb dor\u00ebheqjen sa m\u00eb par\u00eb dhe t\u00eb mos e \u00e7oj\u00eb vendin e tij n\u00eb prehrin e Serbis\u00eb.<br \/>\nSot kan\u00eb ndryshuar rregullat e sjelljes midis shteteve, nuk lejohen ndryshmet e kufijve, sepse do t\u00eb \u00e7onin n\u00eb konflikte t\u00eb reja t\u00eb armatosura dhe gjakderdhje t\u00eb madhe. Por k\u00ebto rregulla nuk t\u00eb largojn\u00eb nga detyrimi, q\u00eb kemi ti ndihmojn\u00eb v\u00ebllez\u00ebrit tan\u00eb, q\u00eb ka n\u00eb ngelur jasht\u00eb kufijve, p\u00ebr t\u00eb jetuar m\u00eb mir\u00eb dhe p\u00ebr t\u00eb mbajtur t\u00eb gjall\u00eb gjuh\u00ebn dhe kultur\u00ebn komb\u00ebtare. Ky \u00ebsht\u00eb nj\u00eb detyrim i joni nga brezat e kaluar, t\u00eb tanish\u00ebm dhe t\u00eb ardhsh\u00ebm. Prandaj harta e m\u00ebsip\u00ebrme, ku jan\u00eb vij\u00ebzuar kufijt\u00eb shqiptar\u00ebt t\u00eb vitit 1912 duhet t\u00eb jet\u00eb e p\u00ebrhershme n\u00eb zemrat tona.<br \/>\nVizita e kryeministrit Rama n\u00eb Serbi mu duk e suksesshme. Ai ju a tha mjaft qart\u00eb serb\u00ebve, se Kosova \u00ebsht\u00eb e pavarur dhe sa m\u00eb shpejt ta njihni pavar\u00ebsin\u00eb e saj aq m\u00eb mir\u00eb p\u00ebr ju. Por kryeministri, presidenti dhe zyrtar\u00eb t\u00eb tjer\u00eb t\u00eb lart\u00eb t\u00eb Serbis\u00eb pas miloshevi\u00e7it, shpirtin e kan\u00eb ende tek Miloshevi\u00e7i, komandantin e tyre t\u00eb djesh\u00ebm. Q\u00ebndrimi i Ram\u00ebs qe burr\u00ebror\u00eb dhe i sinqert\u00eb dhe kjo e nxori nga shinat e gjykimit t\u00eb drejt\u00eb mikprit\u00ebsin e tij serb. Pritja, q\u00eb Ram\u00ebs ju rezervua n\u00eb Preshev\u00eb qe madh\u00ebshtore. Populli i k\u00ebsaj krahine shqiptare e shprehu me madh\u00ebshti respektin dhe dashurin\u00eb, q\u00eb ka p\u00ebr vendin e tyre am\u00eb. Kjo situat\u00eb u p\u00ebrs\u00ebrit edhe dit\u00ebt e fundit nga Ilir Meta n\u00eb Maqedoni, i cili k\u00ebrko me forc\u00eb nga autoritetet maqedone n\u00eb zbatimin e marr\u00ebveshjes s\u00eb Ohrit, p\u00ebr t\u00eb ndalur diskriminimin e shqiptar\u00ebve.<br \/>\nKudo q\u00eb t\u00eb shkoj\u00eb Rama apo Meta apo drejtuesit e tjer\u00eb shqiptar\u00eb, do t\u00eb priten me bujari dhe dashuri, sepse kudo shqiptar\u00ebt ruajn\u00eb ndjenjat m\u00eb t\u00eb pastra p\u00ebr vendin e tyre am\u00eb, dashurin\u00eb m\u00eb t\u00eb madhe p\u00ebr kultur\u00ebn dhe gjuh\u00ebn shqipe. Prandaj k\u00ebto ngjarje t\u00eb mos lihet t\u00eb vetmuar, por t\u00eb organizohet puna, q\u00eb ministrat t\u00eb shkojn\u00eb gjer\u00ebsisht t\u00eb takojn\u00eb me shqiptar\u00ebt, t\u00eb d\u00ebgjojn\u00eb hallet e tyre dhe tu japin atyre ndihm\u00eb. Me qen\u00eb q\u00eb po b\u00ebjm\u00eb fjal\u00eb p\u00ebr marr\u00ebdh\u00ebniet me k\u00ebto dy shtete, politika shqiptare duhet t\u00eb jet\u00eb e hap\u00ebt dhe e prer\u00eb. Serbis\u00eb duhet th\u00ebn\u00eb hapur dhe me vendosm\u00ebri t\u00eb heq\u00eb kthetrat nga Kosova dhe se marr\u00ebdh\u00ebniet e Shqip\u00ebris\u00eb t\u00eb varen nga sjelljet e Serbis\u00eb ndaj Kosov\u00ebn, q\u00eb t\u00eb mos b\u00ebj\u00eb asnj\u00eb nd\u00ebrhyrje n\u00eb pun\u00ebt e brendshme t\u00eb saj. Po k\u00ebshtu duhet b\u00ebr\u00eb qart\u00eb edhe Maqedonis\u00eb, q\u00eb t\u00eb zbatoj\u00eb Marr\u00ebveshjen e Ohrit, q\u00eb shqiptar\u00ebt t\u00eb ken\u00eb vendin q\u00eb meritojn\u00eb n\u00eb k\u00ebt\u00eb republik\u00eb. Deri tashti politika e jasht\u00ebm e Shqip\u00ebris\u00eb me k\u00ebto dy vende ka qen\u00eb asnjan\u00ebse, q\u00eb ju ka sjell\u00eb dobi t\u00eb madhe si Serbis\u00eb ashtu edhe sllavomaqedon\u00ebve. Nuk duhet lejuar t\u00eb formohet nj\u00eb mini shtet serb n\u00eb veri t\u00eb Kosov\u00ebs, nj\u00eb mini shtet grek n\u00eb jug\u00eb t\u00eb Shqip\u00ebris\u00eb dhe nj\u00eb mini shtet slavomaqedon n\u00eb lindje t\u00eb saj! K\u00ebto prishin raportet midis shqiptar\u00ebve vendas dhe t\u00eb ardhurve dhe do t\u00eb \u00e7ojn\u00eb patjet\u00ebr n\u00eb konflikte t\u00eb reja n\u00eb t\u00eb ardhme.<br \/>\nDit\u00ebt n\u00eb vijim pritet t\u00eb b\u00ebhet nj\u00eb takim midis ministrit t\u00eb jasht\u00ebm italian dhe atyre shqiptar\u00eb dhe serb n\u00eb Rom\u00eb. Rendin e dit\u00ebs nuk e di, por me siguri italian\u00ebt po gatuajn\u00eb ndonj\u00eb \u00e7orb\u00eb n\u00eb dobi t\u00eb Serbis\u00eb. T\u00eb shohim sa i p\u00ebrgati tur do t\u00eb jet\u00eb ministri yn\u00eb p\u00ebr t\u00eb mbrojtur interesat e shqiptar\u00ebve t\u00eb Shqip\u00ebris\u00eb, Kosov\u00ebs dhe n\u00eb rajon.<br \/>\nN\u00eb hart\u00ebn k\u00ebtu posht\u00eb, shihen qart\u00eb trojet shqiptare, q\u00eb u grabit\u00ebn m\u00eb 1913. Dikush e quan Shqip\u00ebria etnike, dikush tjet\u00ebr dashakeq\u00ebs , Shqip\u00ebria e Madhe. N\u00eb fakt kjo \u00ebsht\u00eb harta natyrale e Shqiptar\u00ebve as m\u00eb shum\u00eb e as m\u00eb pak, kur u shpall pavar\u00ebsia m\u00eb 28 n\u00ebntor 1912. Qeveria e Vlor\u00ebs e Ismail Qemalit e shpalli Pavar\u00ebsin\u00eb e vendit me hart\u00ebn e asaj date, d.m.th. t\u00eb trojeve shqiptare n\u00eb 4 vilajetet , si\u00e7 i p\u00ebrmenda m\u00eb sip\u00ebr.<\/p>\n<p>Historia e shqiptar\u00ebt \u00ebsht\u00eb mbushur me lot, dhimbje dhe gjak, sepse fqinj\u00ebt tan\u00eb gjithmon\u00eb i kan\u00eb lakmuar trojet tona dhe na kan\u00eb sulmuar p\u00ebr t\u00eb na grabitur dhe pushtuar. Harta e m\u00ebsip\u00ebrme e tregon mjaft qart\u00eb se si jemi ndrydhur gjat\u00eb 100 vjet\u00ebve t\u00eb fundit. Tragjedia e popullit ton\u00eb lidhet edhe me fajin ton\u00eb: kemi qen\u00eb t\u00eb p\u00ebr\u00e7ar\u00eb me nj\u00ebri tjetrin dhe nuk kemi ditur p\u00ebr t\u00eb luftuar si duhet. Po sot?<br \/>\nShqiptar\u00ebt t\u00eb shp\u00ebrndar\u00eb n\u00eb t\u00eb gjitha shtetet ballkanike, q\u00eb na rrethojn\u00eb dhe m\u00eb tej, p\u00ebrgjith\u00ebsisht nuk kan\u00eb qet\u00ebsi, shpesh detyrohen t\u00eb l\u00ebn\u00eb vendlindjen dhe t\u00eb largohen p\u00ebr gjithmon\u00eb nga trualli i tyre, p\u00ebr arsye ekonomike ose t\u00eb diskriminimit. Atyre shpesh ju mohohet gjuha amtare ose nuk kan\u00eb shkolla fare. Vendbanime me shumic\u00eb ose pakic\u00eb shqiptare kemi rreth e p\u00ebrqark Shqip\u00ebris\u00eb, Mali i Zi, Greqi, Serbi, dhe Maqedoni. Por vendbanime shqiptar\u00ebsh ka edhe n\u00eb Itali, Rumani, Bullgari, Ukrain\u00eb, Turqi, Palestin\u00eb etj. Shqip\u00ebria dhe Kosova duhet ta ken\u00eb detyrim, q\u00eb ti ndihmojn\u00eb shqiptar\u00ebt kudo ku jan\u00eb, p\u00ebr nj\u00eb jet\u00eb m\u00eb t\u00eb mir\u00eb dhe p\u00ebr t\u00eb mbajtur gjall\u00eb kultur\u00ebn dhe gjuh\u00ebs shqipe. Para 100 vjet\u00ebsh n\u00eb Shkup shqiptar\u00ebt p\u00ebrb\u00ebnin shumic\u00ebn, sot jan\u00eb pakic\u00eb. N\u00eb se nuk do t\u00eb dim\u00eb t\u00eb p\u00ebrmir\u00ebsojm\u00eb politik\u00ebn ton\u00eb n\u00eb drejtim e duhur, ti ndihmojm\u00eb bashkatdhetar\u00ebt tan\u00eb jasht\u00eb vendit, vitet q\u00eb vijn\u00eb do t\u00eb jen\u00eb kundra shqiptar\u00ebve dhe nga trojet shqiptare rreth e p\u00ebrqark vendit,me dhimbje n\u00eb shpirt e them, gjuha shqipe do t\u00eb zhduket dhe e gjith\u00eb kultura bashk\u00eb me te do t\u00eb tjet\u00ebrsohet. Probleme t\u00eb m\u00ebdha kan\u00eb edhe refugjat\u00ebt shqiptar n\u00eb Greqi, Itali e gjetk\u00eb, p\u00ebr t\u00eb cil\u00ebt partit\u00eb politike kan\u00eb interes t\u00eb madh gjat\u00eb fushat\u00ebs zgjedhore dhe m\u00eb pas i harrojn\u00eb.<br \/>\nP\u00ebr ta b\u00ebr\u00eb m\u00eb mir\u00eb pun\u00ebn n\u00eb dobi t\u00eb bashk\u00ebkomb\u00ebsve tan\u00eb jasht\u00eb kufijve, \u00ebsht\u00eb e domosdoshme, q\u00eb qeveria shqiptare t\u00eb ngrej\u00eb ministrin\u00eb p\u00ebr shqiptar\u00ebt jasht\u00eb atdheut. Kosova e ka nj\u00eb ministri t\u00eb till\u00eb, por fakti q\u00eb shqiptar\u00ebt e lugin\u00ebs s\u00eb Preshev\u00ebs ankohen p\u00ebr kujdes t\u00eb pak\u00ebt, tregon q\u00eb kjo ministri duhet t\u00eb realizoj\u00eb m\u00eb mir\u00eb detyrat e saj. \u00cbsht\u00eb me shum\u00eb vend q\u00eb p\u00ebr k\u00ebt\u00eb problem t\u00eb marrin shembull nga Serbia dhe Greqia, t\u00eb cilat \u00e7\u00ebshtjen e trajtimit t\u00eb qytetar\u00ebve t\u00eb tyre n\u00eb Kosov\u00eb ose Shqip\u00ebri i ndjekin me shum\u00eb vemendje dhe p\u00ebr k\u00ebt\u00eb japin ndihma t\u00eb m\u00ebdha n\u00eb t\u00eb gjitha aspektet.<br \/>\nProblemet themelore, q\u00eb k\u00ebrkojn\u00eb zgjidhje urgjente jan\u00eb: Kosova t\u00eb k\u00ebrkoj\u00eb nga Serbia t\u00eb heq\u00eb pa kushte nga kushtetuta e saj t\u00eb gjitha nenet q\u00eb lidhen me Kosov\u00ebn. Vet\u00ebm k\u00ebshtu nga ana juridike Kosova \u00e7lirohet nga Serbia dhe pa nj\u00eb hap t\u00eb till\u00eb ajo do ti ket\u00eb mjaft t\u00eb v\u00ebshtira marr\u00ebdh\u00ebniet me Serbin\u00eb. K\u00ebt\u00eb problem Serbis\u00eb ja ka k\u00ebrkuar edhe Bashkimi Europian, prandaj ajo k\u00ebtu duhet t\u00eb k\u00ebrkoj\u00eb me forc\u00eb, q\u00eb t\u00eb zbatohet. Duke pasur k\u00ebto nene n\u00eb kushtetut\u00ebn e saj, q\u00eb nga koha e Miloshevicit, Serbia n\u00eb shum\u00eb pik\u00ebpamje e trajton ende Kosov\u00ebn si provinc\u00eb t\u00eb saj dhe nga tregtar\u00ebt kosovar\u00eb, q\u00eb kalojn\u00eb n\u00ebp\u00ebr Serbi, ajo ju merr padrejt\u00ebsisht taksa dhe tashti s\u00eb fundi ka k\u00ebrkuar q\u00eb serb\u00ebt e Kosov\u00ebs ti paguajn\u00eb shpenzimet e rrym\u00ebs elektrike Serbis\u00eb, pavar\u00ebsisht se me rrym\u00eb ato furnizohet nga Kosova. K\u00ebto i sjellin d\u00ebm t\u00eb madhe ekonomik dhe politik Kosov\u00ebs, prandaj duhet t\u00eb priten. Kosova ka n\u00eb zbatim planin Ahtisari dhe nuk ka pse t\u00eb b\u00ebj\u00eb l\u00ebshime t\u00eb tjera n\u00eb dobi t\u00eb Serbis\u00eb<br \/>\nNga ana e saj Shqip\u00ebria duhet t\u00eb k\u00ebrkoj\u00eb nga Greqia t\u00eb heq\u00eb ligjin e luft\u00ebs me Shqip\u00ebrin\u00eb dhe t\u00eb njoh\u00eb pakicat komb\u00ebtare n\u00eb Greqi, p\u00ebrfshi edhe arvanit\u00ebt. K\u00ebto jan\u00eb dy probleme themelore, q\u00eb pengojn\u00eb njohjen e t\u00eb drejtave t\u00eb popullsis\u00eb \u00e7ame, q\u00eb t\u00eb marr\u00eb pronat e saj n\u00eb Greqi.<br \/>\nProblem i madh \u00ebsht\u00eb q\u00eb t\u00eb ruhet gjuha shqipe n\u00eb rajonet e banuara nga shqiptar\u00ebve. P\u00ebr k\u00ebt\u00eb k\u00ebrkohet ndihm\u00eb n\u00eb hapje shkollash, d\u00ebrgim librash, sidomos libra shkollor dhe t\u00eb p\u00ebrgatisim m\u00ebsues. Problem i r\u00ebnd\u00ebsish\u00ebm \u00ebsht\u00eb edhe organizimi i ndihmave humanitare, p\u00ebr ruajtjen e monumentet e kultur\u00ebs dhe historike n\u00eb k\u00ebto rajone dhe t\u00eb evidentohen edhe personat e shquar p\u00ebr atdhetari dhe art etj. si\u00e7 \u00ebsht\u00eb rasti i Josif Bagerit n\u00eb Maqedoni etj., p\u00ebr t\u00eb cilin mund t\u00eb b\u00ebhen studime dhe t\u00eb botohet vepra e tij.<br \/>\nMarin Mema me grupin e tij dhe TV Top Channel po b\u00ebjn\u00eb nj\u00eb pun\u00eb mjaft t\u00eb lavd\u00ebrueshme, duke na sjell\u00eb reportazhe qoft\u00eb nga vendet historike t\u00eb Shqip\u00ebris\u00eb n\u00eb rr\u00ebnim e sip\u00ebr, por edhe nga ngulmimet shqiptare jasht\u00eb atdheut. Ministrit\u00eb e kultur\u00ebs dhe t\u00eb arsimit n\u00eb Shqip\u00ebri dhe Kosov\u00eb duhet t\u00eb p\u00ebrkrahin k\u00ebto nisma, q\u00eb t\u00eb jen\u00eb m\u00eb t\u00eb shpeshta, p\u00ebr tu pasur si materiale q\u00eb k\u00ebrkojn\u00eb zgjidhje.<br \/>\nPolitika e Shqip\u00ebris\u00eb dhe e Kosov\u00ebs duhet t\u00eb jen\u00eb mjaft t\u00eb qarta n\u00eb favor t\u00eb shqiptar\u00ebve jasht\u00eb atdheut, kudo ku ato jan\u00eb. N\u00eb Palestin\u00eb, nj\u00eb vendbanim i lasht\u00eb pellazg dhe gjat\u00eb gjith\u00eb historis\u00eb shum\u00eb i banuar nga shqiptar\u00ebt edhe sot ka mjaft shqiptar, q\u00eb p\u00ebrb\u00ebjn\u00eb, sipas disa studimeve, nj\u00eb komunitet t\u00eb madhe etnik. Edhe vet\u00eb emri Palestin\u00eb tregon p\u00ebr nj\u00eb vendbanim t\u00eb lasht\u00eb pellazg dhe em\u00ebrtimi rrjedh po nga gjuha pellazge, q\u00eb shpjegohet mjaft mir\u00eb me gjuh\u00ebn shqipe, pasardh\u00ebse e gjuh\u00ebs pellazge: Pa Le Stin\u00eb d.m.th.,vend q\u00eb nuk ka stin\u00eb. P\u00ebrse at\u00ebher\u00eb Palestina nuk e njeh Kosov\u00ebn si shtet t\u00eb pavarur?. P\u00ebr mendimin tim faji \u00ebsht\u00eb tek politika shqiptare. Palestina, nj\u00eb vend mysliman dhe me shum\u00eb shqiptar\u00eb, ka marr\u00ebdh\u00ebnie shum\u00eb t\u00eb mira me Serbin\u00eb dhe mjaft t\u00eb ndera me Kosov\u00ebn dhe Shqip\u00ebrin\u00eb. Politika shqiptare duhet t\u00eb ndryshoj\u00eb ndaj popullit palestinez, ta p\u00ebrkrahim at\u00eb t\u00eb themeloj\u00eb shtetin e vet dhe t\u00eb kthehen n\u00eb vendlindje 2 milion\u00eb palestinez\u00eb t\u00eb p\u00ebrz\u00ebn\u00eb me forc\u00eb nga vatrat e tyre nga Izraeli.<br \/>\nK\u00ebto ishin vet\u00ebm disa nga problemet p\u00ebr tu ardh\u00eb n\u00eb ndihm\u00eb shqiptar\u00ebve jasht\u00eb atdheut, t\u00eb cilat n\u00eb se do t\u00eb kuptohen drejt\u00eb nga politika shqiptare, gjendja do t\u00eb sh\u00ebndoshet dhe do t\u00eb kemi dobi t\u00eb gjith\u00eb, n\u00eb t\u00eb kund\u00ebrt vitet n\u00eb vazhdim do t\u00eb jen\u00eb t\u00eb zymta p\u00ebr shqiptar\u00ebt n\u00eb p\u00ebrgjith\u00ebsi.<\/p>\n<p>Bota Sot<\/p>\n<p>&nbsp;<\/p>\n","protected":false},"excerpt":{"rendered":"<p>Skruan: Luftulla Peza Shkak p\u00ebr k\u00ebt\u00eb shkrimi u b\u00eb deklarata mjaft e \u00e7uditshme dhe e pa pranueshme e ministrit shqiptar\u00eb t\u00eb pun\u00ebve t\u00eb jashtme Ditmir Bushati. Gjat\u00eb muajit n\u00ebntor 2014 n\u00eb Tiran\u00eb u organizuar nj\u00eb mbledhje nd\u00ebrkomb\u00ebtare , ku m\u00eb pas ministri shqiptar i jasht\u00ebm dhe ministri i jasht\u00ebm malazez mbajt\u00ebn konferenc\u00eb shtypi. N\u00eb konferenc\u00eb [&hellip;]<\/p>\n","protected":false},"author":1,"featured_media":0,"comment_status":"closed","ping_status":"closed","sticky":false,"template":"","format":"standard","meta":{"spay_email":"","jetpack_publicize_message":"","jetpack_is_tweetstorm":false,"jetpack_publicize_feature_enabled":true},"categories":[1,13],"tags":[],"jetpack_publicize_connections":[],"yoast_head":"<!-- This site is optimized with the Yoast SEO plugin v19.1 - https:\/\/yoast.com\/wordpress\/plugins\/seo\/ -->\n<title>Peza: Shqiptar\u00ebt n\u00eb Mal t\u00eb Zi kan\u00eb nevoj\u00eb p\u00ebr dor\u00ebn ton\u00eb t\u00eb ngroht\u00eb - Lajme nga Ulqini<\/title>\n<meta name=\"description\" content=\"Skruan: Luftulla Peza Shkak p\u00ebr k\u00ebt\u00eb shkrimi u b\u00eb deklarata mjaft e \u00e7uditshme dhe e pa pranueshme e ministrit shqiptar\u00eb t\u00eb pun\u00ebve t\u00eb jashtme Ditmir\" \/>\n<meta name=\"robots\" content=\"index, follow, max-snippet:-1, max-image-preview:large, max-video-preview:-1\" \/>\n<link rel=\"canonical\" href=\"https:\/\/www.visit-ulcinj.com\/blog\/2015\/01\/24\/peza-shqiptaret-ne-mal-te-zi-kane-nevoje-per-doren-tone-te-ngrohte\/\" \/>\n<meta property=\"og:locale\" content=\"en_US\" \/>\n<meta property=\"og:type\" content=\"article\" \/>\n<meta property=\"og:title\" content=\"Peza: Shqiptar\u00ebt n\u00eb Mal t\u00eb Zi kan\u00eb nevoj\u00eb p\u00ebr dor\u00ebn ton\u00eb t\u00eb ngroht\u00eb - Lajme nga Ulqini\" \/>\n<meta property=\"og:description\" content=\"Skruan: Luftulla Peza Shkak p\u00ebr k\u00ebt\u00eb shkrimi u b\u00eb deklarata mjaft e \u00e7uditshme dhe e pa pranueshme e ministrit shqiptar\u00eb t\u00eb pun\u00ebve t\u00eb jashtme Ditmir\" \/>\n<meta property=\"og:url\" content=\"https:\/\/www.visit-ulcinj.com\/blog\/2015\/01\/24\/peza-shqiptaret-ne-mal-te-zi-kane-nevoje-per-doren-tone-te-ngrohte\/\" \/>\n<meta property=\"og:site_name\" content=\"Lajme nga Ulqini\" \/>\n<meta property=\"article:published_time\" content=\"2015-01-24T17:09:40+00:00\" \/>\n<meta property=\"article:modified_time\" content=\"2015-01-25T08:03:00+00:00\" \/>\n<meta property=\"og:image\" content=\"http:\/\/www.visit-ulcinj.com\/blog\/wp-content\/uploads\/2015\/01\/Luftulla-Peza.jpg\" \/>\n<meta name=\"twitter:label1\" content=\"Written by\" \/>\n\t<meta name=\"twitter:data1\" content=\"ulqini\" \/>\n\t<meta name=\"twitter:label2\" content=\"Est. reading time\" \/>\n\t<meta name=\"twitter:data2\" content=\"14 minutes\" \/>\n<script type=\"application\/ld+json\" class=\"yoast-schema-graph\">{\"@context\":\"https:\/\/schema.org\",\"@graph\":[{\"@type\":\"WebSite\",\"@id\":\"https:\/\/www.visit-ulcinj.com\/blog\/#website\",\"url\":\"https:\/\/www.visit-ulcinj.com\/blog\/\",\"name\":\"Lajme nga Ulqini\",\"description\":\"Lajme,Vijesti,Ulqini,Ulqin,Crna Gora,Mali i Zi\",\"potentialAction\":[{\"@type\":\"SearchAction\",\"target\":{\"@type\":\"EntryPoint\",\"urlTemplate\":\"https:\/\/www.visit-ulcinj.com\/blog\/?s={search_term_string}\"},\"query-input\":\"required name=search_term_string\"}],\"inLanguage\":\"en-US\"},{\"@type\":\"ImageObject\",\"inLanguage\":\"en-US\",\"@id\":\"https:\/\/www.visit-ulcinj.com\/blog\/2015\/01\/24\/peza-shqiptaret-ne-mal-te-zi-kane-nevoje-per-doren-tone-te-ngrohte\/#primaryimage\",\"url\":\"http:\/\/www.visit-ulcinj.com\/blog\/wp-content\/uploads\/2015\/01\/Luftulla-Peza.jpg\",\"contentUrl\":\"http:\/\/www.visit-ulcinj.com\/blog\/wp-content\/uploads\/2015\/01\/Luftulla-Peza.jpg\"},{\"@type\":\"WebPage\",\"@id\":\"https:\/\/www.visit-ulcinj.com\/blog\/2015\/01\/24\/peza-shqiptaret-ne-mal-te-zi-kane-nevoje-per-doren-tone-te-ngrohte\/#webpage\",\"url\":\"https:\/\/www.visit-ulcinj.com\/blog\/2015\/01\/24\/peza-shqiptaret-ne-mal-te-zi-kane-nevoje-per-doren-tone-te-ngrohte\/\",\"name\":\"Peza: Shqiptar\u00ebt n\u00eb Mal t\u00eb Zi kan\u00eb nevoj\u00eb p\u00ebr dor\u00ebn ton\u00eb t\u00eb ngroht\u00eb - Lajme nga Ulqini\",\"isPartOf\":{\"@id\":\"https:\/\/www.visit-ulcinj.com\/blog\/#website\"},\"primaryImageOfPage\":{\"@id\":\"https:\/\/www.visit-ulcinj.com\/blog\/2015\/01\/24\/peza-shqiptaret-ne-mal-te-zi-kane-nevoje-per-doren-tone-te-ngrohte\/#primaryimage\"},\"datePublished\":\"2015-01-24T17:09:40+00:00\",\"dateModified\":\"2015-01-25T08:03:00+00:00\",\"author\":{\"@id\":\"https:\/\/www.visit-ulcinj.com\/blog\/#\/schema\/person\/dcab619c614d3038751c63bc2aadc06d\"},\"description\":\"Skruan: Luftulla Peza Shkak p\u00ebr k\u00ebt\u00eb shkrimi u b\u00eb deklarata mjaft e \u00e7uditshme dhe e pa pranueshme e ministrit shqiptar\u00eb t\u00eb pun\u00ebve t\u00eb jashtme Ditmir\",\"breadcrumb\":{\"@id\":\"https:\/\/www.visit-ulcinj.com\/blog\/2015\/01\/24\/peza-shqiptaret-ne-mal-te-zi-kane-nevoje-per-doren-tone-te-ngrohte\/#breadcrumb\"},\"inLanguage\":\"en-US\",\"potentialAction\":[{\"@type\":\"ReadAction\",\"target\":[\"https:\/\/www.visit-ulcinj.com\/blog\/2015\/01\/24\/peza-shqiptaret-ne-mal-te-zi-kane-nevoje-per-doren-tone-te-ngrohte\/\"]}]},{\"@type\":\"BreadcrumbList\",\"@id\":\"https:\/\/www.visit-ulcinj.com\/blog\/2015\/01\/24\/peza-shqiptaret-ne-mal-te-zi-kane-nevoje-per-doren-tone-te-ngrohte\/#breadcrumb\",\"itemListElement\":[{\"@type\":\"ListItem\",\"position\":1,\"name\":\"Peza: Shqiptar\u00ebt n\u00eb Mal t\u00eb Zi kan\u00eb nevoj\u00eb p\u00ebr dor\u00ebn ton\u00eb t\u00eb ngroht\u00eb\"}]},{\"@type\":\"Person\",\"@id\":\"https:\/\/www.visit-ulcinj.com\/blog\/#\/schema\/person\/dcab619c614d3038751c63bc2aadc06d\",\"name\":\"ulqini\",\"sameAs\":[\"http:\/\/www.visit-ulcinj.com\"],\"url\":\"https:\/\/www.visit-ulcinj.com\/blog\/author\/admin\/\"}]}<\/script>\n<!-- \/ Yoast SEO plugin. -->","yoast_head_json":{"title":"Peza: Shqiptar\u00ebt n\u00eb Mal t\u00eb Zi kan\u00eb nevoj\u00eb p\u00ebr dor\u00ebn ton\u00eb t\u00eb ngroht\u00eb - Lajme nga Ulqini","description":"Skruan: Luftulla Peza Shkak p\u00ebr k\u00ebt\u00eb shkrimi u b\u00eb deklarata mjaft e \u00e7uditshme dhe e pa pranueshme e ministrit shqiptar\u00eb t\u00eb pun\u00ebve t\u00eb jashtme Ditmir","robots":{"index":"index","follow":"follow","max-snippet":"max-snippet:-1","max-image-preview":"max-image-preview:large","max-video-preview":"max-video-preview:-1"},"canonical":"https:\/\/www.visit-ulcinj.com\/blog\/2015\/01\/24\/peza-shqiptaret-ne-mal-te-zi-kane-nevoje-per-doren-tone-te-ngrohte\/","og_locale":"en_US","og_type":"article","og_title":"Peza: Shqiptar\u00ebt n\u00eb Mal t\u00eb Zi kan\u00eb nevoj\u00eb p\u00ebr dor\u00ebn ton\u00eb t\u00eb ngroht\u00eb - Lajme nga Ulqini","og_description":"Skruan: Luftulla Peza Shkak p\u00ebr k\u00ebt\u00eb shkrimi u b\u00eb deklarata mjaft e \u00e7uditshme dhe e pa pranueshme e ministrit shqiptar\u00eb t\u00eb pun\u00ebve t\u00eb jashtme Ditmir","og_url":"https:\/\/www.visit-ulcinj.com\/blog\/2015\/01\/24\/peza-shqiptaret-ne-mal-te-zi-kane-nevoje-per-doren-tone-te-ngrohte\/","og_site_name":"Lajme nga Ulqini","article_published_time":"2015-01-24T17:09:40+00:00","article_modified_time":"2015-01-25T08:03:00+00:00","og_image":[{"url":"http:\/\/www.visit-ulcinj.com\/blog\/wp-content\/uploads\/2015\/01\/Luftulla-Peza.jpg"}],"twitter_misc":{"Written by":"ulqini","Est. reading time":"14 minutes"},"schema":{"@context":"https:\/\/schema.org","@graph":[{"@type":"WebSite","@id":"https:\/\/www.visit-ulcinj.com\/blog\/#website","url":"https:\/\/www.visit-ulcinj.com\/blog\/","name":"Lajme nga Ulqini","description":"Lajme,Vijesti,Ulqini,Ulqin,Crna Gora,Mali i Zi","potentialAction":[{"@type":"SearchAction","target":{"@type":"EntryPoint","urlTemplate":"https:\/\/www.visit-ulcinj.com\/blog\/?s={search_term_string}"},"query-input":"required name=search_term_string"}],"inLanguage":"en-US"},{"@type":"ImageObject","inLanguage":"en-US","@id":"https:\/\/www.visit-ulcinj.com\/blog\/2015\/01\/24\/peza-shqiptaret-ne-mal-te-zi-kane-nevoje-per-doren-tone-te-ngrohte\/#primaryimage","url":"http:\/\/www.visit-ulcinj.com\/blog\/wp-content\/uploads\/2015\/01\/Luftulla-Peza.jpg","contentUrl":"http:\/\/www.visit-ulcinj.com\/blog\/wp-content\/uploads\/2015\/01\/Luftulla-Peza.jpg"},{"@type":"WebPage","@id":"https:\/\/www.visit-ulcinj.com\/blog\/2015\/01\/24\/peza-shqiptaret-ne-mal-te-zi-kane-nevoje-per-doren-tone-te-ngrohte\/#webpage","url":"https:\/\/www.visit-ulcinj.com\/blog\/2015\/01\/24\/peza-shqiptaret-ne-mal-te-zi-kane-nevoje-per-doren-tone-te-ngrohte\/","name":"Peza: Shqiptar\u00ebt n\u00eb Mal t\u00eb Zi kan\u00eb nevoj\u00eb p\u00ebr dor\u00ebn ton\u00eb t\u00eb ngroht\u00eb - Lajme nga Ulqini","isPartOf":{"@id":"https:\/\/www.visit-ulcinj.com\/blog\/#website"},"primaryImageOfPage":{"@id":"https:\/\/www.visit-ulcinj.com\/blog\/2015\/01\/24\/peza-shqiptaret-ne-mal-te-zi-kane-nevoje-per-doren-tone-te-ngrohte\/#primaryimage"},"datePublished":"2015-01-24T17:09:40+00:00","dateModified":"2015-01-25T08:03:00+00:00","author":{"@id":"https:\/\/www.visit-ulcinj.com\/blog\/#\/schema\/person\/dcab619c614d3038751c63bc2aadc06d"},"description":"Skruan: Luftulla Peza Shkak p\u00ebr k\u00ebt\u00eb shkrimi u b\u00eb deklarata mjaft e \u00e7uditshme dhe e pa pranueshme e ministrit shqiptar\u00eb t\u00eb pun\u00ebve t\u00eb jashtme Ditmir","breadcrumb":{"@id":"https:\/\/www.visit-ulcinj.com\/blog\/2015\/01\/24\/peza-shqiptaret-ne-mal-te-zi-kane-nevoje-per-doren-tone-te-ngrohte\/#breadcrumb"},"inLanguage":"en-US","potentialAction":[{"@type":"ReadAction","target":["https:\/\/www.visit-ulcinj.com\/blog\/2015\/01\/24\/peza-shqiptaret-ne-mal-te-zi-kane-nevoje-per-doren-tone-te-ngrohte\/"]}]},{"@type":"BreadcrumbList","@id":"https:\/\/www.visit-ulcinj.com\/blog\/2015\/01\/24\/peza-shqiptaret-ne-mal-te-zi-kane-nevoje-per-doren-tone-te-ngrohte\/#breadcrumb","itemListElement":[{"@type":"ListItem","position":1,"name":"Peza: Shqiptar\u00ebt n\u00eb Mal t\u00eb Zi kan\u00eb nevoj\u00eb p\u00ebr dor\u00ebn ton\u00eb t\u00eb ngroht\u00eb"}]},{"@type":"Person","@id":"https:\/\/www.visit-ulcinj.com\/blog\/#\/schema\/person\/dcab619c614d3038751c63bc2aadc06d","name":"ulqini","sameAs":["http:\/\/www.visit-ulcinj.com"],"url":"https:\/\/www.visit-ulcinj.com\/blog\/author\/admin\/"}]}},"jetpack_featured_media_url":"","jetpack_sharing_enabled":true,"jetpack_shortlink":"https:\/\/wp.me\/pe6lTn-mW1","_links":{"self":[{"href":"https:\/\/www.visit-ulcinj.com\/blog\/wp-json\/wp\/v2\/posts\/88165"}],"collection":[{"href":"https:\/\/www.visit-ulcinj.com\/blog\/wp-json\/wp\/v2\/posts"}],"about":[{"href":"https:\/\/www.visit-ulcinj.com\/blog\/wp-json\/wp\/v2\/types\/post"}],"author":[{"embeddable":true,"href":"https:\/\/www.visit-ulcinj.com\/blog\/wp-json\/wp\/v2\/users\/1"}],"replies":[{"embeddable":true,"href":"https:\/\/www.visit-ulcinj.com\/blog\/wp-json\/wp\/v2\/comments?post=88165"}],"version-history":[{"count":2,"href":"https:\/\/www.visit-ulcinj.com\/blog\/wp-json\/wp\/v2\/posts\/88165\/revisions"}],"predecessor-version":[{"id":88168,"href":"https:\/\/www.visit-ulcinj.com\/blog\/wp-json\/wp\/v2\/posts\/88165\/revisions\/88168"}],"wp:attachment":[{"href":"https:\/\/www.visit-ulcinj.com\/blog\/wp-json\/wp\/v2\/media?parent=88165"}],"wp:term":[{"taxonomy":"category","embeddable":true,"href":"https:\/\/www.visit-ulcinj.com\/blog\/wp-json\/wp\/v2\/categories?post=88165"},{"taxonomy":"post_tag","embeddable":true,"href":"https:\/\/www.visit-ulcinj.com\/blog\/wp-json\/wp\/v2\/tags?post=88165"}],"curies":[{"name":"wp","href":"https:\/\/api.w.org\/{rel}","templated":true}]}}