{"id":88172,"date":"2015-01-25T17:52:18","date_gmt":"2015-01-25T16:52:18","guid":{"rendered":"http:\/\/www.visit-ulcinj.com\/blog\/?p=88172"},"modified":"2015-01-25T22:28:34","modified_gmt":"2015-01-25T21:28:34","slug":"in-memoriam-muharrem-lemo-bajrami-nga-ulqini","status":"publish","type":"post","link":"https:\/\/www.visit-ulcinj.com\/blog\/2015\/01\/25\/in-memoriam-muharrem-lemo-bajrami-nga-ulqini\/","title":{"rendered":"In Memoriam Muharrem Lemo Bajrami nga Ulqini"},"content":{"rendered":"<p><a href=\"http:\/\/www.visit-ulcinj.com\/blog\/wp-content\/uploads\/2015\/01\/In-Memoriam-Lemo-Bajrami-Ulqin.jpg\"><img loading=\"lazy\" class=\"alignleft wp-image-88173\" src=\"http:\/\/www.visit-ulcinj.com\/blog\/wp-content\/uploads\/2015\/01\/In-Memoriam-Lemo-Bajrami-Ulqin.jpg\" alt=\"In Memoriam-Lemo-Bajrami-Ulqin\" width=\"508\" height=\"508\" srcset=\"https:\/\/www.visit-ulcinj.com\/blog\/wp-content\/uploads\/2015\/01\/In-Memoriam-Lemo-Bajrami-Ulqin.jpg 640w, https:\/\/www.visit-ulcinj.com\/blog\/wp-content\/uploads\/2015\/01\/In-Memoriam-Lemo-Bajrami-Ulqin-150x150.jpg 150w, https:\/\/www.visit-ulcinj.com\/blog\/wp-content\/uploads\/2015\/01\/In-Memoriam-Lemo-Bajrami-Ulqin-300x300.jpg 300w\" sizes=\"(max-width: 508px) 100vw, 508px\" \/><\/a>Njoftojme te gjithe lexuesit qe n\u00eb mosh\u00ebn 62 vje\u00e7are u nda nga jeta \u00a0dhe vdes\u00a0Muharrem Lemo Bajrami nga Ulqini.<\/p>\n<p>Vdekja e parakohshme e Lemit \u00ebsht\u00eb nj\u00eb humbje e madhe p\u00ebr familjen, p\u00ebr shok\u00ebt e miqt\u00eb e tij t\u00eb shumt\u00eb q\u00eb i ka pas\u00eb.<br \/>\nMuharrem Lemo Bajrami u nda prej nesh, por kujtimi i tij do t\u00eb mbetet i gdhendur n\u00eb mendjen e t\u00eb gjith\u00eb atyre q\u00eb e kan\u00eb njohur, ai do t\u00eb mbetet tek mendjet e zemrat e jona.<\/p>\n<p>Varrimi i t\u00eb ndjerit do b\u00ebhet n\u00eb Ulqin nes\u00ebr n\u00eb ora 16: 00.<\/p>\n<p>Te pikelluarit: Bashkeshortja Zdenka, djali\u00a0<span class=\"_5yl5\" data-reactid=\".14p.$mid=11422203186138=27274445426d65adc10.2:0.0.0.0.0\"><span data-reactid=\".14p.$mid=11422203186138=27274445426d65adc10.2:0.0.0.0.0.0\"><span data-reactid=\".14p.$mid=11422203186138=27274445426d65adc10.2:0.0.0.0.0.0.$end:0:$0:0\">Avdullah Bajrami<\/span><\/span><\/span> ,vajza <span class=\"_5yl5\" data-reactid=\".14p.$mid=11422203186138=27274445426d65adc10.2:0.0.0.0.0\"><span data-reactid=\".14p.$mid=11422203186138=27274445426d65adc10.2:0.0.0.0.0.0\"><span data-reactid=\".14p.$mid=11422203186138=27274445426d65adc10.2:0.0.0.0.0.0.$end:0:$0:0\">Aida Bajrami<\/span><\/span><\/span>,vellezerit <span class=\"_5yl5\" data-reactid=\".14p.$mid=11422203311571=272744454abde572946.2:0.0.0.0.0\"><span data-reactid=\".14p.$mid=11422203311571=272744454abde572946.2:0.0.0.0.0.0\"><span data-reactid=\".14p.$mid=11422203311571=272744454abde572946.2:0.0.0.0.0.0.$end:0:$0:0\">Suat Ati Bajrami<\/span><\/span><\/span>, <span class=\"_5yl5\" data-reactid=\".14p.$mid=11422203311571=272744454abde572946.2:0.0.0.0.0\"><span data-reactid=\".14p.$mid=11422203311571=272744454abde572946.2:0.0.0.0.0.0\"><span data-reactid=\".14p.$mid=11422203311571=272744454abde572946.2:0.0.0.0.0.0.$end:0:$0:0\">Shefki Bajrami, , motrat <span class=\"_5yl5\" data-reactid=\".14p.$mid=11422204099891=27274445421bb9ec527.2:0.0.0.0.0\"><span data-reactid=\".14p.$mid=11422204099891=27274445421bb9ec527.2:0.0.0.0.0.0\"><span data-reactid=\".14p.$mid=11422204099891=27274445421bb9ec527.2:0.0.0.0.0.0.$end:0:$0:0\">Tranajfile, Hydajetja dhe Hakilja<\/span><\/span><\/span>\u00a0<\/span><\/span><\/span> dhe mbare farefisi.<\/p>\n<p>Stafi i Lajmeve nga Ulqini dergon ngushllimet e sinqerta familjes\u00a0 Bajrami n\u00eb Ulqin.<\/p>\n<p><a href=\"http:\/\/www.visit-ulcinj.com\/blog\/wp-content\/uploads\/2015\/01\/Muharrem-Lemo-Bajrami-Ulqin.jpg\"><img loading=\"lazy\" class=\"alignleft size-full wp-image-88174\" src=\"http:\/\/www.visit-ulcinj.com\/blog\/wp-content\/uploads\/2015\/01\/Muharrem-Lemo-Bajrami-Ulqin.jpg\" alt=\"Muharrem-Lemo-Bajrami-Ulqin\" width=\"508\" height=\"400\" \/><\/a><br \/>\nIN: MEMORIAM<br \/>\nT\u00eb shtunen n\u00eb mosh\u00ebn 62 vje\u00e7are ndroi jet\u00eb Muharrem Lemo BAJRAMI. Lemi ka lindur n\u00eb Kalan\u00eb e Ulqinit, ku edhe ka jetuar deri ke t\u00ebrmeti katastrofal t\u00eb vitit 1979. Termeti ka qen\u00eb shkaku i shp\u00ebrnguljes nga Kalaja, pasi q\u00eb \u00ebsht\u00eb rrxuar sht\u00ebpia ku ka jetuar. Dua t\u00eb them\u00eb, se kurr\u00eb nuk \u00ebsht\u00eb adaptuar fare ambientit tjet\u00ebr, edhe p\u00ebr te edhe shumic\u00ebn e koh\u00ebs e ka kaluar n\u00eb Ran\u00eb dhe n\u00eb Kala.<br \/>\nLemi ka mbet\u00eb gjithmon\u00eb &#8220;Kalali&#8221;. Pavar\u00ebsisht se nj\u00eb koh\u00eb t\u00eb gjat\u00eb ka punuar n\u00eb bank, Lemi asnj\u00ebher\u00eb nuk e ka l\u00ebn\u00eb peshkun, barkat dhe sanallat. Dati, peshku dhe sanallat kan\u00eb qen\u00eb n\u00eb gjenezen e ti t\u00eb trashiguar nga babai i ti.<br \/>\nVdekja e parakohshme e Lemit \u00ebsht\u00eb nj\u00eb humbje e madhe p\u00ebr t\u00eb gjith\u00eb familien, p\u00ebr shok\u00ebt e miqt\u00eb e tij t\u00eb shumt\u00eb q\u00eb i ka pasur, posa\u00e7\u00ebrisht, \u00ebsht\u00eb nj\u00eb humbje e madhe p\u00ebr t\u00eb gjith\u00eb &#8220;kalalit&#8221;. Lemi \u00ebsht\u00eb nda prej nesh, por kujtimi n\u00eb figur\u00ebn e tij do t\u00eb mbes\u00eb n\u00eb mendjen dhe kujtes\u00ebn ton\u00eb p\u00ebr gjithmon\u00eb.<br \/>\nPrandaj, ngushllime p\u00ebr vdekjen e Lemit nga t\u00eb gjith\u00eb &#8220;kalalit&#8221;. Kujtimet e bukura t\u00eb cilat i ruajm n\u00eb zemrat tona \u00e7\u00eb nga f\u00ebm\u00ebria n\u00eb Kala, nuk do t\u00eb vdesin kurr\u00eb. U preht n\u00eb paqe n\u00eb Xhehnet shpirti i tij. Past rahmet.<br \/>\nU SUBOTU 24.01.2015. godine u 62 &#8211; goj godini \u017eivota preminuo je Muharem Lemo BAJRAMI. Ro\u0111en je me\u0111u drevne zidine Starog grada, gdje je i \u017eivio sve do katastrofalnog zemljotresa 1979 godine. Te\u0161ko se adaptirao novom ambijentu. lJEMO je u du\u0161i ostao vje\u010dito vezan za more, ribu i \u010damce. More, \u010damce i ribu je imao nasle\u0111eno u genima od svog oca, tako da je vrlo \u010desto i\u0161ao u ribolov. Svaki dan je nekoliko puta dnevno silazio na svom malom, karakteristi\u010dnom po zvuku &#8220;Tomos&#8221; motoru, do Pristana, gdje je uglavno sjedio sa prijateljima kod Suka ili kod Januza u &#8220;Marineru&#8221;. Bio je tih, miran i nenametliv \u010dovjek. Svima nama osta\u0107e u vje\u010ditoj uspomeni, posebno mje\u0161tanima Starog grada, gdje je i odrastao.<br \/>\n<strong><br \/>\nIsmet Karamanaga Facebook<\/strong><br \/>\n<a href=\"http:\/\/www.visit-ulcinj.com\/blog\/wp-content\/uploads\/2015\/01\/Suadi-Muharremi-Shefki-Bajrami.jpg\"><img loading=\"lazy\" class=\"alignleft size-full wp-image-88175\" src=\"http:\/\/www.visit-ulcinj.com\/blog\/wp-content\/uploads\/2015\/01\/Suadi-Muharremi-Shefki-Bajrami.jpg\" alt=\"Suadi-Muharremi-Shefki-Bajrami\" width=\"508\" height=\"400\" \/><\/a><\/p>\n","protected":false},"excerpt":{"rendered":"<p>Njoftojme te gjithe lexuesit qe n\u00eb mosh\u00ebn 62 vje\u00e7are u nda nga jeta \u00a0dhe vdes\u00a0Muharrem Lemo Bajrami nga Ulqini. Vdekja e parakohshme e Lemit \u00ebsht\u00eb nj\u00eb humbje e madhe p\u00ebr familjen, p\u00ebr shok\u00ebt e miqt\u00eb e tij t\u00eb shumt\u00eb q\u00eb i ka pas\u00eb. Muharrem Lemo Bajrami u nda prej nesh, por kujtimi i tij do [&hellip;]<\/p>\n","protected":false},"author":1,"featured_media":0,"comment_status":"closed","ping_status":"closed","sticky":false,"template":"","format":"standard","meta":{"spay_email":"","jetpack_publicize_message":"","jetpack_is_tweetstorm":false,"jetpack_publicize_feature_enabled":true},"categories":[6950],"tags":[],"jetpack_publicize_connections":[],"yoast_head":"<!-- This site is optimized with the Yoast SEO plugin v19.1 - https:\/\/yoast.com\/wordpress\/plugins\/seo\/ -->\n<title>In Memoriam Muharrem Lemo Bajrami nga Ulqini - Lajme nga Ulqini<\/title>\n<meta name=\"description\" content=\"Njoftojme te gjithe lexuesit qe n\u00eb mosh\u00ebn 62 vje\u00e7are u nda nga jeta \u00a0dhe vdes\u00a0Muharrem Lemo Bajrami nga Ulqini. Vdekja e parakohshme e Lemit \u00ebsht\u00eb nj\u00eb\" \/>\n<meta name=\"robots\" content=\"index, follow, max-snippet:-1, max-image-preview:large, max-video-preview:-1\" \/>\n<link rel=\"canonical\" href=\"https:\/\/www.visit-ulcinj.com\/blog\/2015\/01\/25\/in-memoriam-muharrem-lemo-bajrami-nga-ulqini\/\" \/>\n<meta property=\"og:locale\" content=\"en_US\" \/>\n<meta property=\"og:type\" content=\"article\" \/>\n<meta property=\"og:title\" content=\"In Memoriam Muharrem Lemo Bajrami nga Ulqini - Lajme nga Ulqini\" \/>\n<meta property=\"og:description\" content=\"Njoftojme te gjithe lexuesit qe n\u00eb mosh\u00ebn 62 vje\u00e7are u nda nga jeta \u00a0dhe vdes\u00a0Muharrem Lemo Bajrami nga Ulqini. Vdekja e parakohshme e Lemit \u00ebsht\u00eb nj\u00eb\" \/>\n<meta property=\"og:url\" content=\"https:\/\/www.visit-ulcinj.com\/blog\/2015\/01\/25\/in-memoriam-muharrem-lemo-bajrami-nga-ulqini\/\" \/>\n<meta property=\"og:site_name\" content=\"Lajme nga Ulqini\" \/>\n<meta property=\"article:published_time\" content=\"2015-01-25T16:52:18+00:00\" \/>\n<meta property=\"article:modified_time\" content=\"2015-01-25T21:28:34+00:00\" \/>\n<meta property=\"og:image\" content=\"http:\/\/www.visit-ulcinj.com\/blog\/wp-content\/uploads\/2015\/01\/In-Memoriam-Lemo-Bajrami-Ulqin.jpg\" \/>\n<meta name=\"twitter:label1\" content=\"Written by\" \/>\n\t<meta name=\"twitter:data1\" content=\"ulqini\" \/>\n\t<meta name=\"twitter:label2\" content=\"Est. reading time\" \/>\n\t<meta name=\"twitter:data2\" content=\"2 minutes\" \/>\n<script type=\"application\/ld+json\" class=\"yoast-schema-graph\">{\"@context\":\"https:\/\/schema.org\",\"@graph\":[{\"@type\":\"WebSite\",\"@id\":\"https:\/\/www.visit-ulcinj.com\/blog\/#website\",\"url\":\"https:\/\/www.visit-ulcinj.com\/blog\/\",\"name\":\"Lajme nga Ulqini\",\"description\":\"Lajme,Vijesti,Ulqini,Ulqin,Crna Gora,Mali i Zi\",\"potentialAction\":[{\"@type\":\"SearchAction\",\"target\":{\"@type\":\"EntryPoint\",\"urlTemplate\":\"https:\/\/www.visit-ulcinj.com\/blog\/?s={search_term_string}\"},\"query-input\":\"required name=search_term_string\"}],\"inLanguage\":\"en-US\"},{\"@type\":\"ImageObject\",\"inLanguage\":\"en-US\",\"@id\":\"https:\/\/www.visit-ulcinj.com\/blog\/2015\/01\/25\/in-memoriam-muharrem-lemo-bajrami-nga-ulqini\/#primaryimage\",\"url\":\"https:\/\/www.visit-ulcinj.com\/blog\/wp-content\/uploads\/2015\/01\/In-Memoriam-Lemo-Bajrami-Ulqin.jpg\",\"contentUrl\":\"https:\/\/www.visit-ulcinj.com\/blog\/wp-content\/uploads\/2015\/01\/In-Memoriam-Lemo-Bajrami-Ulqin.jpg\",\"width\":640,\"height\":640},{\"@type\":\"WebPage\",\"@id\":\"https:\/\/www.visit-ulcinj.com\/blog\/2015\/01\/25\/in-memoriam-muharrem-lemo-bajrami-nga-ulqini\/#webpage\",\"url\":\"https:\/\/www.visit-ulcinj.com\/blog\/2015\/01\/25\/in-memoriam-muharrem-lemo-bajrami-nga-ulqini\/\",\"name\":\"In Memoriam Muharrem Lemo Bajrami nga Ulqini - Lajme nga Ulqini\",\"isPartOf\":{\"@id\":\"https:\/\/www.visit-ulcinj.com\/blog\/#website\"},\"primaryImageOfPage\":{\"@id\":\"https:\/\/www.visit-ulcinj.com\/blog\/2015\/01\/25\/in-memoriam-muharrem-lemo-bajrami-nga-ulqini\/#primaryimage\"},\"datePublished\":\"2015-01-25T16:52:18+00:00\",\"dateModified\":\"2015-01-25T21:28:34+00:00\",\"author\":{\"@id\":\"https:\/\/www.visit-ulcinj.com\/blog\/#\/schema\/person\/dcab619c614d3038751c63bc2aadc06d\"},\"description\":\"Njoftojme te gjithe lexuesit qe n\u00eb mosh\u00ebn 62 vje\u00e7are u nda nga jeta \u00a0dhe vdes\u00a0Muharrem Lemo Bajrami nga Ulqini. Vdekja e parakohshme e Lemit \u00ebsht\u00eb nj\u00eb\",\"breadcrumb\":{\"@id\":\"https:\/\/www.visit-ulcinj.com\/blog\/2015\/01\/25\/in-memoriam-muharrem-lemo-bajrami-nga-ulqini\/#breadcrumb\"},\"inLanguage\":\"en-US\",\"potentialAction\":[{\"@type\":\"ReadAction\",\"target\":[\"https:\/\/www.visit-ulcinj.com\/blog\/2015\/01\/25\/in-memoriam-muharrem-lemo-bajrami-nga-ulqini\/\"]}]},{\"@type\":\"BreadcrumbList\",\"@id\":\"https:\/\/www.visit-ulcinj.com\/blog\/2015\/01\/25\/in-memoriam-muharrem-lemo-bajrami-nga-ulqini\/#breadcrumb\",\"itemListElement\":[{\"@type\":\"ListItem\",\"position\":1,\"name\":\"In Memoriam Muharrem Lemo Bajrami nga Ulqini\"}]},{\"@type\":\"Person\",\"@id\":\"https:\/\/www.visit-ulcinj.com\/blog\/#\/schema\/person\/dcab619c614d3038751c63bc2aadc06d\",\"name\":\"ulqini\",\"sameAs\":[\"http:\/\/www.visit-ulcinj.com\"],\"url\":\"https:\/\/www.visit-ulcinj.com\/blog\/author\/admin\/\"}]}<\/script>\n<!-- \/ Yoast SEO plugin. -->","yoast_head_json":{"title":"In Memoriam Muharrem Lemo Bajrami nga Ulqini - Lajme nga Ulqini","description":"Njoftojme te gjithe lexuesit qe n\u00eb mosh\u00ebn 62 vje\u00e7are u nda nga jeta \u00a0dhe vdes\u00a0Muharrem Lemo Bajrami nga Ulqini. Vdekja e parakohshme e Lemit \u00ebsht\u00eb nj\u00eb","robots":{"index":"index","follow":"follow","max-snippet":"max-snippet:-1","max-image-preview":"max-image-preview:large","max-video-preview":"max-video-preview:-1"},"canonical":"https:\/\/www.visit-ulcinj.com\/blog\/2015\/01\/25\/in-memoriam-muharrem-lemo-bajrami-nga-ulqini\/","og_locale":"en_US","og_type":"article","og_title":"In Memoriam Muharrem Lemo Bajrami nga Ulqini - Lajme nga Ulqini","og_description":"Njoftojme te gjithe lexuesit qe n\u00eb mosh\u00ebn 62 vje\u00e7are u nda nga jeta \u00a0dhe vdes\u00a0Muharrem Lemo Bajrami nga Ulqini. Vdekja e parakohshme e Lemit \u00ebsht\u00eb nj\u00eb","og_url":"https:\/\/www.visit-ulcinj.com\/blog\/2015\/01\/25\/in-memoriam-muharrem-lemo-bajrami-nga-ulqini\/","og_site_name":"Lajme nga Ulqini","article_published_time":"2015-01-25T16:52:18+00:00","article_modified_time":"2015-01-25T21:28:34+00:00","og_image":[{"url":"http:\/\/www.visit-ulcinj.com\/blog\/wp-content\/uploads\/2015\/01\/In-Memoriam-Lemo-Bajrami-Ulqin.jpg"}],"twitter_misc":{"Written by":"ulqini","Est. reading time":"2 minutes"},"schema":{"@context":"https:\/\/schema.org","@graph":[{"@type":"WebSite","@id":"https:\/\/www.visit-ulcinj.com\/blog\/#website","url":"https:\/\/www.visit-ulcinj.com\/blog\/","name":"Lajme nga Ulqini","description":"Lajme,Vijesti,Ulqini,Ulqin,Crna Gora,Mali i Zi","potentialAction":[{"@type":"SearchAction","target":{"@type":"EntryPoint","urlTemplate":"https:\/\/www.visit-ulcinj.com\/blog\/?s={search_term_string}"},"query-input":"required name=search_term_string"}],"inLanguage":"en-US"},{"@type":"ImageObject","inLanguage":"en-US","@id":"https:\/\/www.visit-ulcinj.com\/blog\/2015\/01\/25\/in-memoriam-muharrem-lemo-bajrami-nga-ulqini\/#primaryimage","url":"https:\/\/www.visit-ulcinj.com\/blog\/wp-content\/uploads\/2015\/01\/In-Memoriam-Lemo-Bajrami-Ulqin.jpg","contentUrl":"https:\/\/www.visit-ulcinj.com\/blog\/wp-content\/uploads\/2015\/01\/In-Memoriam-Lemo-Bajrami-Ulqin.jpg","width":640,"height":640},{"@type":"WebPage","@id":"https:\/\/www.visit-ulcinj.com\/blog\/2015\/01\/25\/in-memoriam-muharrem-lemo-bajrami-nga-ulqini\/#webpage","url":"https:\/\/www.visit-ulcinj.com\/blog\/2015\/01\/25\/in-memoriam-muharrem-lemo-bajrami-nga-ulqini\/","name":"In Memoriam Muharrem Lemo Bajrami nga Ulqini - Lajme nga Ulqini","isPartOf":{"@id":"https:\/\/www.visit-ulcinj.com\/blog\/#website"},"primaryImageOfPage":{"@id":"https:\/\/www.visit-ulcinj.com\/blog\/2015\/01\/25\/in-memoriam-muharrem-lemo-bajrami-nga-ulqini\/#primaryimage"},"datePublished":"2015-01-25T16:52:18+00:00","dateModified":"2015-01-25T21:28:34+00:00","author":{"@id":"https:\/\/www.visit-ulcinj.com\/blog\/#\/schema\/person\/dcab619c614d3038751c63bc2aadc06d"},"description":"Njoftojme te gjithe lexuesit qe n\u00eb mosh\u00ebn 62 vje\u00e7are u nda nga jeta \u00a0dhe vdes\u00a0Muharrem Lemo Bajrami nga Ulqini. Vdekja e parakohshme e Lemit \u00ebsht\u00eb nj\u00eb","breadcrumb":{"@id":"https:\/\/www.visit-ulcinj.com\/blog\/2015\/01\/25\/in-memoriam-muharrem-lemo-bajrami-nga-ulqini\/#breadcrumb"},"inLanguage":"en-US","potentialAction":[{"@type":"ReadAction","target":["https:\/\/www.visit-ulcinj.com\/blog\/2015\/01\/25\/in-memoriam-muharrem-lemo-bajrami-nga-ulqini\/"]}]},{"@type":"BreadcrumbList","@id":"https:\/\/www.visit-ulcinj.com\/blog\/2015\/01\/25\/in-memoriam-muharrem-lemo-bajrami-nga-ulqini\/#breadcrumb","itemListElement":[{"@type":"ListItem","position":1,"name":"In Memoriam Muharrem Lemo Bajrami nga Ulqini"}]},{"@type":"Person","@id":"https:\/\/www.visit-ulcinj.com\/blog\/#\/schema\/person\/dcab619c614d3038751c63bc2aadc06d","name":"ulqini","sameAs":["http:\/\/www.visit-ulcinj.com"],"url":"https:\/\/www.visit-ulcinj.com\/blog\/author\/admin\/"}]}},"jetpack_featured_media_url":"","jetpack_sharing_enabled":true,"jetpack_shortlink":"https:\/\/wp.me\/pe6lTn-mW8","_links":{"self":[{"href":"https:\/\/www.visit-ulcinj.com\/blog\/wp-json\/wp\/v2\/posts\/88172"}],"collection":[{"href":"https:\/\/www.visit-ulcinj.com\/blog\/wp-json\/wp\/v2\/posts"}],"about":[{"href":"https:\/\/www.visit-ulcinj.com\/blog\/wp-json\/wp\/v2\/types\/post"}],"author":[{"embeddable":true,"href":"https:\/\/www.visit-ulcinj.com\/blog\/wp-json\/wp\/v2\/users\/1"}],"replies":[{"embeddable":true,"href":"https:\/\/www.visit-ulcinj.com\/blog\/wp-json\/wp\/v2\/comments?post=88172"}],"version-history":[{"count":5,"href":"https:\/\/www.visit-ulcinj.com\/blog\/wp-json\/wp\/v2\/posts\/88172\/revisions"}],"predecessor-version":[{"id":88187,"href":"https:\/\/www.visit-ulcinj.com\/blog\/wp-json\/wp\/v2\/posts\/88172\/revisions\/88187"}],"wp:attachment":[{"href":"https:\/\/www.visit-ulcinj.com\/blog\/wp-json\/wp\/v2\/media?parent=88172"}],"wp:term":[{"taxonomy":"category","embeddable":true,"href":"https:\/\/www.visit-ulcinj.com\/blog\/wp-json\/wp\/v2\/categories?post=88172"},{"taxonomy":"post_tag","embeddable":true,"href":"https:\/\/www.visit-ulcinj.com\/blog\/wp-json\/wp\/v2\/tags?post=88172"}],"curies":[{"name":"wp","href":"https:\/\/api.w.org\/{rel}","templated":true}]}}