{"id":88189,"date":"2015-01-26T17:59:18","date_gmt":"2015-01-26T16:59:18","guid":{"rendered":"http:\/\/www.visit-ulcinj.com\/blog\/?p=88189"},"modified":"2015-01-31T21:10:10","modified_gmt":"2015-01-31T20:10:10","slug":"perurohet-libri-zhdukja-e-heshtur-te-autorit-hajredin-kovaci-foto","status":"publish","type":"post","link":"https:\/\/www.visit-ulcinj.com\/blog\/2015\/01\/26\/perurohet-libri-zhdukja-e-heshtur-te-autorit-hajredin-kovaci-foto\/","title":{"rendered":"P\u00ebrurohet libri  \u201cZhdukja e heshtur\u201d t\u00eb autorit Hajredin Kova\u00e7i + Foto + Video"},"content":{"rendered":"<p><a href=\"http:\/\/www.visit-ulcinj.com\/blog\/wp-content\/uploads\/2015\/01\/P\u00ebrurimi-i-librit-Zhdukja-e-heshtur-i-autorit-Hajredin-Kovaci-Ulqin.jpg\"><img loading=\"lazy\" class=\"alignleft wp-image-88190\" src=\"http:\/\/www.visit-ulcinj.com\/blog\/wp-content\/uploads\/2015\/01\/P\u00ebrurimi-i-librit-Zhdukja-e-heshtur-i-autorit-Hajredin-Kovaci-Ulqin.jpg\" alt=\"P\u00ebrurimi i librit-Zhdukja e heshtur-i-autorit Hajredin Kovaci-Ulqin\" width=\"508\" height=\"338\" srcset=\"https:\/\/www.visit-ulcinj.com\/blog\/wp-content\/uploads\/2015\/01\/P\u00ebrurimi-i-librit-Zhdukja-e-heshtur-i-autorit-Hajredin-Kovaci-Ulqin.jpg 960w, https:\/\/www.visit-ulcinj.com\/blog\/wp-content\/uploads\/2015\/01\/P\u00ebrurimi-i-librit-Zhdukja-e-heshtur-i-autorit-Hajredin-Kovaci-Ulqin-300x200.jpg 300w\" sizes=\"(max-width: 508px) 100vw, 508px\" \/><\/a>T\u00eb shtun\u00ebn, m\u00eb 24 janar 2015, Shoqata e Artist\u00ebve dhe Intelektual\u00ebve \u201cArt Club\u201d b\u00ebri p\u00ebrurimin e v\u00ebllimit me poezi \u02ddZhdukja e heshtur\u02dd t\u00eb autorit Hajredin Kova\u00e7i. P\u00ebrurimi u mbajt n\u00eb sall\u00ebn e konferencave t\u00eb hotelit \u02ddMediteran\u02dd. T\u00eb pranish\u00ebm ishin shum\u00eb personalitete t\u00eb kultur\u00ebs, autoritete t\u00eb komun\u00ebs si dhe dashamir\u00eb t\u00eb tjer\u00eb t\u00eb artit dhe fjal\u00ebs s\u00eb shkruar artistike.<\/p>\n<p><a href=\"http:\/\/www.visit-ulcinj.com\/blog\/wp-content\/uploads\/2015\/01\/P\u00ebrurimi-i-librit-Zhdukja-e-heshtur-i-autorit-Hajredin-Kovaci-Ulqin-1.jpg\"><img loading=\"lazy\" class=\"alignleft wp-image-88191\" src=\"http:\/\/www.visit-ulcinj.com\/blog\/wp-content\/uploads\/2015\/01\/P\u00ebrurimi-i-librit-Zhdukja-e-heshtur-i-autorit-Hajredin-Kovaci-Ulqin-1.jpg\" alt=\"P\u00ebrurimi i librit-Zhdukja e heshtur-i-autorit Hajredin Kovaci-Ulqin-1\" width=\"508\" height=\"338\" srcset=\"https:\/\/www.visit-ulcinj.com\/blog\/wp-content\/uploads\/2015\/01\/P\u00ebrurimi-i-librit-Zhdukja-e-heshtur-i-autorit-Hajredin-Kovaci-Ulqin-1.jpg 960w, https:\/\/www.visit-ulcinj.com\/blog\/wp-content\/uploads\/2015\/01\/P\u00ebrurimi-i-librit-Zhdukja-e-heshtur-i-autorit-Hajredin-Kovaci-Ulqin-1-300x200.jpg 300w\" sizes=\"(max-width: 508px) 100vw, 508px\" \/><\/a><br \/>\nModerator i mbr\u00ebmjes ishte z. Ismet Kallaba. P\u00ebr librin me poezi t\u00eb autorit Kova\u00e7i, fol\u00ebn poeti dhe kritiku l<span class=\"text_exposed_show\">etrar z. Haxhi Shabani dhe znj. Liridona Sinishtaj. Nd\u00ebrkaq, n\u00eb fjal\u00ebn e tij autori falenderoi redaktorin e librit Dr. Basri \u00c7apriqi, recensentin z. Jeton Kelmendi, lektorin z. Ismet Kallaba, redaktorin teknik z. Gazmend \u00c7itaku dhe autorin e ballin\u00ebs s\u00eb librit, piktorin z. Agron Ujkashi. Gjithashtu ai falenderoi donatorin kryesor t\u00eb librit, Fondin p\u00ebr Mbrojtjen dhe Realizimin e t\u00eb Drejtave t\u00eb Pakicave n\u00eb Malin e Zi. <\/span><\/p>\n<p><a href=\"http:\/\/www.visit-ulcinj.com\/blog\/wp-content\/uploads\/2015\/01\/P\u00ebrurimi-i-librit-Zhdukja-e-heshtur-i-autorit-Hajredin-Kovaci-Ulqin-3.jpg\"><img loading=\"lazy\" class=\"alignleft wp-image-88192\" src=\"http:\/\/www.visit-ulcinj.com\/blog\/wp-content\/uploads\/2015\/01\/P\u00ebrurimi-i-librit-Zhdukja-e-heshtur-i-autorit-Hajredin-Kovaci-Ulqin-3.jpg\" alt=\"P\u00ebrurimi i librit-Zhdukja e heshtur-i-autorit Hajredin Kovaci-Ulqin-3\" width=\"508\" height=\"338\" srcset=\"https:\/\/www.visit-ulcinj.com\/blog\/wp-content\/uploads\/2015\/01\/P\u00ebrurimi-i-librit-Zhdukja-e-heshtur-i-autorit-Hajredin-Kovaci-Ulqin-3.jpg 960w, https:\/\/www.visit-ulcinj.com\/blog\/wp-content\/uploads\/2015\/01\/P\u00ebrurimi-i-librit-Zhdukja-e-heshtur-i-autorit-Hajredin-Kovaci-Ulqin-3-300x200.jpg 300w\" sizes=\"(max-width: 508px) 100vw, 508px\" \/><\/a><\/p>\n<p><span class=\"text_exposed_show\">N\u00eb k\u00ebt\u00eb mbr\u00ebmje lexuan poezi nga libri, nx\u00ebn\u00ebsit Edis Luka dhe Aida Rexhepi, fitues t\u00eb \u00e7mimeve t\u00eb para n\u00eb Garat e recituesve t\u00eb rinj t\u00eb organizuara nga Fondacioni \u02ddStudenti\u02dd.<br \/>\nN\u00eb kuad\u00ebr t\u00eb p\u00ebrurimit t\u00eb librit u hap ekspozita figurative e organizuar nga grupi \u02ddYerden Y\u00fcksek arkitektur\u00eb me f\u00ebmij\u00eb\u02dd, si dhe ekspozita me fotografi t\u00eb realizuara nga Jetlir Kova\u00e7i. <\/span><\/p>\n<p><span class=\"text_exposed_show\">Grupi, i cili kishte ardhur nga Stambolli enkas p\u00ebr k\u00ebt\u00eb rast, dy dit\u00eb me radh\u00eb b\u00ebri aktivitete me f\u00ebmij\u00eb n\u00eb atelen\u00eb figurative t\u00eb piktores s\u00eb mir\u00ebnjohur Vahida Nimanbegu. P\u00ebr prezantimin e grupit dhe aktivitetet e realizuara me f\u00ebmij\u00eb foli studenti Jetlir Kova\u00e7i. <\/span><\/p>\n<p><span class=\"text_exposed_show\"><a href=\"http:\/\/www.visit-ulcinj.com\/blog\/wp-content\/uploads\/2015\/01\/P\u00ebrurimi-i-librit-Zhdukja-e-heshtur-i-autorit-Hajredin-Kovaci-Ulqin-13.jpg\"><img loading=\"lazy\" class=\"alignleft wp-image-88193\" src=\"http:\/\/www.visit-ulcinj.com\/blog\/wp-content\/uploads\/2015\/01\/P\u00ebrurimi-i-librit-Zhdukja-e-heshtur-i-autorit-Hajredin-Kovaci-Ulqin-13.jpg\" alt=\"P\u00ebrurimi i librit-Zhdukja e heshtur-i-autorit Hajredin Kovaci-Ulqin-13\" width=\"508\" height=\"338\" srcset=\"https:\/\/www.visit-ulcinj.com\/blog\/wp-content\/uploads\/2015\/01\/P\u00ebrurimi-i-librit-Zhdukja-e-heshtur-i-autorit-Hajredin-Kovaci-Ulqin-13.jpg 960w, https:\/\/www.visit-ulcinj.com\/blog\/wp-content\/uploads\/2015\/01\/P\u00ebrurimi-i-librit-Zhdukja-e-heshtur-i-autorit-Hajredin-Kovaci-Ulqin-13-300x200.jpg 300w\" sizes=\"(max-width: 508px) 100vw, 508px\" \/><\/a><br \/>\nN\u00eb fund, p\u00ebr t\u00eb gjith\u00eb t\u00eb pranishmit u shtrua nj\u00eb koktej.<\/span><br \/>\n<!--YouTube Error: bad URL entered--><\/p>\n<p><strong><a id=\"js_1l\" href=\"https:\/\/www.facebook.com\/fototeka.eulqinit?fref=photo\" data-hovercard=\"\/ajax\/hovercard\/user.php?id=100005268431061\">Fototeka E Ulqinit<\/a> Facebook<\/strong><\/p>\n\n\t\t<style type=\"text\/css\">\n\t\t\t#gallery-1 {\n\t\t\t\tmargin: auto;\n\t\t\t}\n\t\t\t#gallery-1 .gallery-item {\n\t\t\t\tfloat: left;\n\t\t\t\tmargin-top: 10px;\n\t\t\t\ttext-align: center;\n\t\t\t\twidth: 33%;\n\t\t\t}\n\t\t\t#gallery-1 img {\n\t\t\t\tborder: 2px solid #cfcfcf;\n\t\t\t}\n\t\t\t#gallery-1 .gallery-caption {\n\t\t\t\tmargin-left: 0;\n\t\t\t}\n\t\t\t\/* see gallery_shortcode() in wp-includes\/media.php *\/\n\t\t<\/style>\n\t\t<div id='gallery-1' class='gallery galleryid-88189 gallery-columns-3 gallery-size-thumbnail'><dl class='gallery-item'>\n\t\t\t<dt class='gallery-icon landscape'>\n\t\t\t\t<a href='https:\/\/www.visit-ulcinj.com\/blog\/2015\/01\/26\/perurohet-libri-zhdukja-e-heshtur-te-autorit-hajredin-kovaci-foto\/perurimi-i-librit-zhdukja-e-heshtur-i-autorit-hajredin-kovaci-ulqin\/'><img width=\"150\" height=\"150\" src=\"https:\/\/www.visit-ulcinj.com\/blog\/wp-content\/uploads\/2015\/01\/P\u00ebrurimi-i-librit-Zhdukja-e-heshtur-i-autorit-Hajredin-Kovaci-Ulqin-150x150.jpg\" class=\"attachment-thumbnail size-thumbnail\" alt=\"\" loading=\"lazy\" \/><\/a>\n\t\t\t<\/dt><\/dl><dl class='gallery-item'>\n\t\t\t<dt class='gallery-icon landscape'>\n\t\t\t\t<a href='https:\/\/www.visit-ulcinj.com\/blog\/2015\/01\/26\/perurohet-libri-zhdukja-e-heshtur-te-autorit-hajredin-kovaci-foto\/perurimi-i-librit-zhdukja-e-heshtur-i-autorit-hajredin-kovaci-ulqin-1\/'><img width=\"150\" height=\"150\" src=\"https:\/\/www.visit-ulcinj.com\/blog\/wp-content\/uploads\/2015\/01\/P\u00ebrurimi-i-librit-Zhdukja-e-heshtur-i-autorit-Hajredin-Kovaci-Ulqin-1-150x150.jpg\" class=\"attachment-thumbnail size-thumbnail\" alt=\"\" loading=\"lazy\" \/><\/a>\n\t\t\t<\/dt><\/dl><dl class='gallery-item'>\n\t\t\t<dt class='gallery-icon landscape'>\n\t\t\t\t<a href='https:\/\/www.visit-ulcinj.com\/blog\/2015\/01\/26\/perurohet-libri-zhdukja-e-heshtur-te-autorit-hajredin-kovaci-foto\/perurimi-i-librit-zhdukja-e-heshtur-i-autorit-hajredin-kovaci-ulqin-3\/'><img width=\"150\" height=\"150\" src=\"https:\/\/www.visit-ulcinj.com\/blog\/wp-content\/uploads\/2015\/01\/P\u00ebrurimi-i-librit-Zhdukja-e-heshtur-i-autorit-Hajredin-Kovaci-Ulqin-3-150x150.jpg\" class=\"attachment-thumbnail size-thumbnail\" alt=\"\" loading=\"lazy\" \/><\/a>\n\t\t\t<\/dt><\/dl><br style=\"clear: both\" \/><dl class='gallery-item'>\n\t\t\t<dt class='gallery-icon landscape'>\n\t\t\t\t<a href='https:\/\/www.visit-ulcinj.com\/blog\/2015\/01\/26\/perurohet-libri-zhdukja-e-heshtur-te-autorit-hajredin-kovaci-foto\/perurimi-i-librit-zhdukja-e-heshtur-i-autorit-hajredin-kovaci-ulqin-13\/'><img width=\"150\" height=\"150\" src=\"https:\/\/www.visit-ulcinj.com\/blog\/wp-content\/uploads\/2015\/01\/P\u00ebrurimi-i-librit-Zhdukja-e-heshtur-i-autorit-Hajredin-Kovaci-Ulqin-13-150x150.jpg\" class=\"attachment-thumbnail size-thumbnail\" alt=\"\" loading=\"lazy\" \/><\/a>\n\t\t\t<\/dt><\/dl><dl class='gallery-item'>\n\t\t\t<dt class='gallery-icon landscape'>\n\t\t\t\t<a href='https:\/\/www.visit-ulcinj.com\/blog\/2015\/01\/26\/perurohet-libri-zhdukja-e-heshtur-te-autorit-hajredin-kovaci-foto\/perurimi-i-librit-zhdukja-e-heshtur-i-autorit-hajredin-kovaci-ulqin-15\/'><img width=\"150\" height=\"150\" src=\"https:\/\/www.visit-ulcinj.com\/blog\/wp-content\/uploads\/2015\/01\/P\u00ebrurimi-i-librit-Zhdukja-e-heshtur-i-autorit-Hajredin-Kovaci-Ulqin-15-150x150.jpg\" class=\"attachment-thumbnail size-thumbnail\" alt=\"\" loading=\"lazy\" \/><\/a>\n\t\t\t<\/dt><\/dl><dl class='gallery-item'>\n\t\t\t<dt class='gallery-icon landscape'>\n\t\t\t\t<a href='https:\/\/www.visit-ulcinj.com\/blog\/2015\/01\/26\/perurohet-libri-zhdukja-e-heshtur-te-autorit-hajredin-kovaci-foto\/perurimi-i-librit-zhdukja-e-heshtur-i-autorit-hajredin-kovaci-ulqin-14\/'><img width=\"150\" height=\"150\" src=\"https:\/\/www.visit-ulcinj.com\/blog\/wp-content\/uploads\/2015\/01\/P\u00ebrurimi-i-librit-Zhdukja-e-heshtur-i-autorit-Hajredin-Kovaci-Ulqin-14-150x150.jpg\" class=\"attachment-thumbnail size-thumbnail\" alt=\"\" loading=\"lazy\" \/><\/a>\n\t\t\t<\/dt><\/dl><br style=\"clear: both\" \/><dl class='gallery-item'>\n\t\t\t<dt class='gallery-icon landscape'>\n\t\t\t\t<a href='https:\/\/www.visit-ulcinj.com\/blog\/2015\/01\/26\/perurohet-libri-zhdukja-e-heshtur-te-autorit-hajredin-kovaci-foto\/perurimi-i-librit-zhdukja-e-heshtur-i-autorit-hajredin-kovaci-ulqin-12\/'><img width=\"150\" height=\"150\" src=\"https:\/\/www.visit-ulcinj.com\/blog\/wp-content\/uploads\/2015\/01\/P\u00ebrurimi-i-librit-Zhdukja-e-heshtur-i-autorit-Hajredin-Kovaci-Ulqin-12-150x150.jpg\" class=\"attachment-thumbnail size-thumbnail\" alt=\"\" loading=\"lazy\" \/><\/a>\n\t\t\t<\/dt><\/dl><dl class='gallery-item'>\n\t\t\t<dt class='gallery-icon landscape'>\n\t\t\t\t<a href='https:\/\/www.visit-ulcinj.com\/blog\/2015\/01\/26\/perurohet-libri-zhdukja-e-heshtur-te-autorit-hajredin-kovaci-foto\/perurimi-i-librit-zhdukja-e-heshtur-i-autorit-hajredin-kovaci-ulqin-11\/'><img width=\"150\" height=\"150\" src=\"https:\/\/www.visit-ulcinj.com\/blog\/wp-content\/uploads\/2015\/01\/P\u00ebrurimi-i-librit-Zhdukja-e-heshtur-i-autorit-Hajredin-Kovaci-Ulqin-11-150x150.jpg\" class=\"attachment-thumbnail size-thumbnail\" alt=\"\" loading=\"lazy\" \/><\/a>\n\t\t\t<\/dt><\/dl><dl class='gallery-item'>\n\t\t\t<dt class='gallery-icon landscape'>\n\t\t\t\t<a href='https:\/\/www.visit-ulcinj.com\/blog\/2015\/01\/26\/perurohet-libri-zhdukja-e-heshtur-te-autorit-hajredin-kovaci-foto\/perurimi-i-librit-zhdukja-e-heshtur-i-autorit-hajredin-kovaci-ulqin-10\/'><img width=\"150\" height=\"150\" src=\"https:\/\/www.visit-ulcinj.com\/blog\/wp-content\/uploads\/2015\/01\/P\u00ebrurimi-i-librit-Zhdukja-e-heshtur-i-autorit-Hajredin-Kovaci-Ulqin-10-150x150.jpg\" class=\"attachment-thumbnail size-thumbnail\" alt=\"\" loading=\"lazy\" \/><\/a>\n\t\t\t<\/dt><\/dl><br style=\"clear: both\" \/><dl class='gallery-item'>\n\t\t\t<dt class='gallery-icon landscape'>\n\t\t\t\t<a href='https:\/\/www.visit-ulcinj.com\/blog\/2015\/01\/26\/perurohet-libri-zhdukja-e-heshtur-te-autorit-hajredin-kovaci-foto\/perurimi-i-librit-zhdukja-e-heshtur-i-autorit-hajredin-kovaci-ulqin-9\/'><img width=\"150\" height=\"150\" src=\"https:\/\/www.visit-ulcinj.com\/blog\/wp-content\/uploads\/2015\/01\/P\u00ebrurimi-i-librit-Zhdukja-e-heshtur-i-autorit-Hajredin-Kovaci-Ulqin-9-150x150.jpg\" class=\"attachment-thumbnail size-thumbnail\" alt=\"\" loading=\"lazy\" \/><\/a>\n\t\t\t<\/dt><\/dl><dl class='gallery-item'>\n\t\t\t<dt class='gallery-icon landscape'>\n\t\t\t\t<a href='https:\/\/www.visit-ulcinj.com\/blog\/2015\/01\/26\/perurohet-libri-zhdukja-e-heshtur-te-autorit-hajredin-kovaci-foto\/perurimi-i-librit-zhdukja-e-heshtur-i-autorit-hajredin-kovaci-ulqin-8\/'><img width=\"150\" height=\"150\" src=\"https:\/\/www.visit-ulcinj.com\/blog\/wp-content\/uploads\/2015\/01\/P\u00ebrurimi-i-librit-Zhdukja-e-heshtur-i-autorit-Hajredin-Kovaci-Ulqin-8-150x150.jpg\" class=\"attachment-thumbnail size-thumbnail\" alt=\"\" loading=\"lazy\" \/><\/a>\n\t\t\t<\/dt><\/dl><dl class='gallery-item'>\n\t\t\t<dt class='gallery-icon landscape'>\n\t\t\t\t<a href='https:\/\/www.visit-ulcinj.com\/blog\/2015\/01\/26\/perurohet-libri-zhdukja-e-heshtur-te-autorit-hajredin-kovaci-foto\/perurimi-i-librit-zhdukja-e-heshtur-i-autorit-hajredin-kovaci-ulqin-7\/'><img width=\"150\" height=\"150\" src=\"https:\/\/www.visit-ulcinj.com\/blog\/wp-content\/uploads\/2015\/01\/P\u00ebrurimi-i-librit-Zhdukja-e-heshtur-i-autorit-Hajredin-Kovaci-Ulqin-7-150x150.jpg\" class=\"attachment-thumbnail size-thumbnail\" alt=\"\" loading=\"lazy\" \/><\/a>\n\t\t\t<\/dt><\/dl><br style=\"clear: both\" \/><dl class='gallery-item'>\n\t\t\t<dt class='gallery-icon landscape'>\n\t\t\t\t<a href='https:\/\/www.visit-ulcinj.com\/blog\/2015\/01\/26\/perurohet-libri-zhdukja-e-heshtur-te-autorit-hajredin-kovaci-foto\/perurimi-i-librit-zhdukja-e-heshtur-i-autorit-hajredin-kovaci-ulqin-6\/'><img width=\"150\" height=\"150\" src=\"https:\/\/www.visit-ulcinj.com\/blog\/wp-content\/uploads\/2015\/01\/P\u00ebrurimi-i-librit-Zhdukja-e-heshtur-i-autorit-Hajredin-Kovaci-Ulqin-6-150x150.jpg\" class=\"attachment-thumbnail size-thumbnail\" alt=\"\" loading=\"lazy\" \/><\/a>\n\t\t\t<\/dt><\/dl><dl class='gallery-item'>\n\t\t\t<dt class='gallery-icon landscape'>\n\t\t\t\t<a href='https:\/\/www.visit-ulcinj.com\/blog\/2015\/01\/26\/perurohet-libri-zhdukja-e-heshtur-te-autorit-hajredin-kovaci-foto\/perurimi-i-librit-zhdukja-e-heshtur-i-autorit-hajredin-kovaci-ulqin-5\/'><img width=\"150\" height=\"150\" src=\"https:\/\/www.visit-ulcinj.com\/blog\/wp-content\/uploads\/2015\/01\/P\u00ebrurimi-i-librit-Zhdukja-e-heshtur-i-autorit-Hajredin-Kovaci-Ulqin-5-150x150.jpg\" class=\"attachment-thumbnail size-thumbnail\" alt=\"\" loading=\"lazy\" \/><\/a>\n\t\t\t<\/dt><\/dl><dl class='gallery-item'>\n\t\t\t<dt class='gallery-icon landscape'>\n\t\t\t\t<a href='https:\/\/www.visit-ulcinj.com\/blog\/2015\/01\/26\/perurohet-libri-zhdukja-e-heshtur-te-autorit-hajredin-kovaci-foto\/perurimi-i-librit-zhdukja-e-heshtur-i-autorit-hajredin-kovaci-ulqin-4\/'><img width=\"150\" height=\"150\" src=\"https:\/\/www.visit-ulcinj.com\/blog\/wp-content\/uploads\/2015\/01\/P\u00ebrurimi-i-librit-Zhdukja-e-heshtur-i-autorit-Hajredin-Kovaci-Ulqin-4-150x150.jpg\" class=\"attachment-thumbnail size-thumbnail\" alt=\"\" loading=\"lazy\" \/><\/a>\n\t\t\t<\/dt><\/dl><br style=\"clear: both\" \/>\n\t\t<\/div>\n\n<p>&nbsp;<\/p>\n<p>&nbsp;<\/p>\n","protected":false},"excerpt":{"rendered":"<p>T\u00eb shtun\u00ebn, m\u00eb 24 janar 2015, Shoqata e Artist\u00ebve dhe Intelektual\u00ebve \u201cArt Club\u201d b\u00ebri p\u00ebrurimin e v\u00ebllimit me poezi \u02ddZhdukja e heshtur\u02dd t\u00eb autorit Hajredin Kova\u00e7i. P\u00ebrurimi u mbajt n\u00eb sall\u00ebn e konferencave t\u00eb hotelit \u02ddMediteran\u02dd. T\u00eb pranish\u00ebm ishin shum\u00eb personalitete t\u00eb kultur\u00ebs, autoritete t\u00eb komun\u00ebs si dhe dashamir\u00eb t\u00eb tjer\u00eb t\u00eb artit dhe fjal\u00ebs [&hellip;]<\/p>\n","protected":false},"author":1,"featured_media":0,"comment_status":"closed","ping_status":"closed","sticky":false,"template":"","format":"standard","meta":{"spay_email":"","jetpack_publicize_message":"","jetpack_is_tweetstorm":false,"jetpack_publicize_feature_enabled":true},"categories":[4,1],"tags":[],"jetpack_publicize_connections":[],"yoast_head":"<!-- This site is optimized with the Yoast SEO plugin v19.1 - https:\/\/yoast.com\/wordpress\/plugins\/seo\/ -->\n<title>P\u00ebrurohet libri \u201cZhdukja e heshtur\u201d t\u00eb autorit Hajredin Kova\u00e7i + Foto + Video - Lajme nga Ulqini<\/title>\n<meta name=\"description\" content=\"T\u00eb shtun\u00ebn, m\u00eb 24 janar 2015, Shoqata e Artist\u00ebve dhe Intelektual\u00ebve \u201cArt Club\u201d b\u00ebri p\u00ebrurimin e v\u00ebllimit me poezi \u02ddZhdukja e heshtur\u02dd t\u00eb autorit Hajredin\" \/>\n<meta name=\"robots\" content=\"index, follow, max-snippet:-1, max-image-preview:large, max-video-preview:-1\" \/>\n<link rel=\"canonical\" href=\"https:\/\/www.visit-ulcinj.com\/blog\/2015\/01\/26\/perurohet-libri-zhdukja-e-heshtur-te-autorit-hajredin-kovaci-foto\/\" \/>\n<meta property=\"og:locale\" content=\"en_US\" \/>\n<meta property=\"og:type\" content=\"article\" \/>\n<meta property=\"og:title\" content=\"P\u00ebrurohet libri \u201cZhdukja e heshtur\u201d t\u00eb autorit Hajredin Kova\u00e7i + Foto + Video - Lajme nga Ulqini\" \/>\n<meta property=\"og:description\" content=\"T\u00eb shtun\u00ebn, m\u00eb 24 janar 2015, Shoqata e Artist\u00ebve dhe Intelektual\u00ebve \u201cArt Club\u201d b\u00ebri p\u00ebrurimin e v\u00ebllimit me poezi \u02ddZhdukja e heshtur\u02dd t\u00eb autorit Hajredin\" \/>\n<meta property=\"og:url\" content=\"https:\/\/www.visit-ulcinj.com\/blog\/2015\/01\/26\/perurohet-libri-zhdukja-e-heshtur-te-autorit-hajredin-kovaci-foto\/\" \/>\n<meta property=\"og:site_name\" content=\"Lajme nga Ulqini\" \/>\n<meta property=\"article:published_time\" content=\"2015-01-26T16:59:18+00:00\" \/>\n<meta property=\"article:modified_time\" content=\"2015-01-31T20:10:10+00:00\" \/>\n<meta property=\"og:image\" content=\"https:\/\/www.visit-ulcinj.com\/blog\/wp-content\/uploads\/2015\/01\/P\u00ebrurimi-i-librit-Zhdukja-e-heshtur-i-autorit-Hajredin-Kovaci-Ulqin-150x150.jpg\" \/>\n<meta name=\"twitter:label1\" content=\"Written by\" \/>\n\t<meta name=\"twitter:data1\" content=\"ulqini\" \/>\n\t<meta name=\"twitter:label2\" content=\"Est. reading time\" \/>\n\t<meta name=\"twitter:data2\" content=\"2 minutes\" \/>\n<script type=\"application\/ld+json\" class=\"yoast-schema-graph\">{\"@context\":\"https:\/\/schema.org\",\"@graph\":[{\"@type\":\"WebSite\",\"@id\":\"https:\/\/www.visit-ulcinj.com\/blog\/#website\",\"url\":\"https:\/\/www.visit-ulcinj.com\/blog\/\",\"name\":\"Lajme nga Ulqini\",\"description\":\"Lajme,Vijesti,Ulqini,Ulqin,Crna Gora,Mali i Zi\",\"potentialAction\":[{\"@type\":\"SearchAction\",\"target\":{\"@type\":\"EntryPoint\",\"urlTemplate\":\"https:\/\/www.visit-ulcinj.com\/blog\/?s={search_term_string}\"},\"query-input\":\"required name=search_term_string\"}],\"inLanguage\":\"en-US\"},{\"@type\":\"WebPage\",\"@id\":\"https:\/\/www.visit-ulcinj.com\/blog\/2015\/01\/26\/perurohet-libri-zhdukja-e-heshtur-te-autorit-hajredin-kovaci-foto\/#webpage\",\"url\":\"https:\/\/www.visit-ulcinj.com\/blog\/2015\/01\/26\/perurohet-libri-zhdukja-e-heshtur-te-autorit-hajredin-kovaci-foto\/\",\"name\":\"P\u00ebrurohet libri \u201cZhdukja e heshtur\u201d t\u00eb autorit Hajredin Kova\u00e7i + Foto + Video - Lajme nga Ulqini\",\"isPartOf\":{\"@id\":\"https:\/\/www.visit-ulcinj.com\/blog\/#website\"},\"datePublished\":\"2015-01-26T16:59:18+00:00\",\"dateModified\":\"2015-01-31T20:10:10+00:00\",\"author\":{\"@id\":\"https:\/\/www.visit-ulcinj.com\/blog\/#\/schema\/person\/dcab619c614d3038751c63bc2aadc06d\"},\"description\":\"T\u00eb shtun\u00ebn, m\u00eb 24 janar 2015, Shoqata e Artist\u00ebve dhe Intelektual\u00ebve \u201cArt Club\u201d b\u00ebri p\u00ebrurimin e v\u00ebllimit me poezi \u02ddZhdukja e heshtur\u02dd t\u00eb autorit Hajredin\",\"breadcrumb\":{\"@id\":\"https:\/\/www.visit-ulcinj.com\/blog\/2015\/01\/26\/perurohet-libri-zhdukja-e-heshtur-te-autorit-hajredin-kovaci-foto\/#breadcrumb\"},\"inLanguage\":\"en-US\",\"potentialAction\":[{\"@type\":\"ReadAction\",\"target\":[\"https:\/\/www.visit-ulcinj.com\/blog\/2015\/01\/26\/perurohet-libri-zhdukja-e-heshtur-te-autorit-hajredin-kovaci-foto\/\"]}]},{\"@type\":\"BreadcrumbList\",\"@id\":\"https:\/\/www.visit-ulcinj.com\/blog\/2015\/01\/26\/perurohet-libri-zhdukja-e-heshtur-te-autorit-hajredin-kovaci-foto\/#breadcrumb\",\"itemListElement\":[{\"@type\":\"ListItem\",\"position\":1,\"name\":\"P\u00ebrurohet libri \u201cZhdukja e heshtur\u201d t\u00eb autorit Hajredin Kova\u00e7i + Foto + Video\"}]},{\"@type\":\"Person\",\"@id\":\"https:\/\/www.visit-ulcinj.com\/blog\/#\/schema\/person\/dcab619c614d3038751c63bc2aadc06d\",\"name\":\"ulqini\",\"sameAs\":[\"http:\/\/www.visit-ulcinj.com\"],\"url\":\"https:\/\/www.visit-ulcinj.com\/blog\/author\/admin\/\"}]}<\/script>\n<!-- \/ Yoast SEO plugin. -->","yoast_head_json":{"title":"P\u00ebrurohet libri \u201cZhdukja e heshtur\u201d t\u00eb autorit Hajredin Kova\u00e7i + Foto + Video - Lajme nga Ulqini","description":"T\u00eb shtun\u00ebn, m\u00eb 24 janar 2015, Shoqata e Artist\u00ebve dhe Intelektual\u00ebve \u201cArt Club\u201d b\u00ebri p\u00ebrurimin e v\u00ebllimit me poezi \u02ddZhdukja e heshtur\u02dd t\u00eb autorit Hajredin","robots":{"index":"index","follow":"follow","max-snippet":"max-snippet:-1","max-image-preview":"max-image-preview:large","max-video-preview":"max-video-preview:-1"},"canonical":"https:\/\/www.visit-ulcinj.com\/blog\/2015\/01\/26\/perurohet-libri-zhdukja-e-heshtur-te-autorit-hajredin-kovaci-foto\/","og_locale":"en_US","og_type":"article","og_title":"P\u00ebrurohet libri \u201cZhdukja e heshtur\u201d t\u00eb autorit Hajredin Kova\u00e7i + Foto + Video - Lajme nga Ulqini","og_description":"T\u00eb shtun\u00ebn, m\u00eb 24 janar 2015, Shoqata e Artist\u00ebve dhe Intelektual\u00ebve \u201cArt Club\u201d b\u00ebri p\u00ebrurimin e v\u00ebllimit me poezi \u02ddZhdukja e heshtur\u02dd t\u00eb autorit Hajredin","og_url":"https:\/\/www.visit-ulcinj.com\/blog\/2015\/01\/26\/perurohet-libri-zhdukja-e-heshtur-te-autorit-hajredin-kovaci-foto\/","og_site_name":"Lajme nga Ulqini","article_published_time":"2015-01-26T16:59:18+00:00","article_modified_time":"2015-01-31T20:10:10+00:00","og_image":[{"url":"https:\/\/www.visit-ulcinj.com\/blog\/wp-content\/uploads\/2015\/01\/P\u00ebrurimi-i-librit-Zhdukja-e-heshtur-i-autorit-Hajredin-Kovaci-Ulqin-150x150.jpg"}],"twitter_misc":{"Written by":"ulqini","Est. reading time":"2 minutes"},"schema":{"@context":"https:\/\/schema.org","@graph":[{"@type":"WebSite","@id":"https:\/\/www.visit-ulcinj.com\/blog\/#website","url":"https:\/\/www.visit-ulcinj.com\/blog\/","name":"Lajme nga Ulqini","description":"Lajme,Vijesti,Ulqini,Ulqin,Crna Gora,Mali i Zi","potentialAction":[{"@type":"SearchAction","target":{"@type":"EntryPoint","urlTemplate":"https:\/\/www.visit-ulcinj.com\/blog\/?s={search_term_string}"},"query-input":"required name=search_term_string"}],"inLanguage":"en-US"},{"@type":"WebPage","@id":"https:\/\/www.visit-ulcinj.com\/blog\/2015\/01\/26\/perurohet-libri-zhdukja-e-heshtur-te-autorit-hajredin-kovaci-foto\/#webpage","url":"https:\/\/www.visit-ulcinj.com\/blog\/2015\/01\/26\/perurohet-libri-zhdukja-e-heshtur-te-autorit-hajredin-kovaci-foto\/","name":"P\u00ebrurohet libri \u201cZhdukja e heshtur\u201d t\u00eb autorit Hajredin Kova\u00e7i + Foto + Video - Lajme nga Ulqini","isPartOf":{"@id":"https:\/\/www.visit-ulcinj.com\/blog\/#website"},"datePublished":"2015-01-26T16:59:18+00:00","dateModified":"2015-01-31T20:10:10+00:00","author":{"@id":"https:\/\/www.visit-ulcinj.com\/blog\/#\/schema\/person\/dcab619c614d3038751c63bc2aadc06d"},"description":"T\u00eb shtun\u00ebn, m\u00eb 24 janar 2015, Shoqata e Artist\u00ebve dhe Intelektual\u00ebve \u201cArt Club\u201d b\u00ebri p\u00ebrurimin e v\u00ebllimit me poezi \u02ddZhdukja e heshtur\u02dd t\u00eb autorit Hajredin","breadcrumb":{"@id":"https:\/\/www.visit-ulcinj.com\/blog\/2015\/01\/26\/perurohet-libri-zhdukja-e-heshtur-te-autorit-hajredin-kovaci-foto\/#breadcrumb"},"inLanguage":"en-US","potentialAction":[{"@type":"ReadAction","target":["https:\/\/www.visit-ulcinj.com\/blog\/2015\/01\/26\/perurohet-libri-zhdukja-e-heshtur-te-autorit-hajredin-kovaci-foto\/"]}]},{"@type":"BreadcrumbList","@id":"https:\/\/www.visit-ulcinj.com\/blog\/2015\/01\/26\/perurohet-libri-zhdukja-e-heshtur-te-autorit-hajredin-kovaci-foto\/#breadcrumb","itemListElement":[{"@type":"ListItem","position":1,"name":"P\u00ebrurohet libri \u201cZhdukja e heshtur\u201d t\u00eb autorit Hajredin Kova\u00e7i + Foto + Video"}]},{"@type":"Person","@id":"https:\/\/www.visit-ulcinj.com\/blog\/#\/schema\/person\/dcab619c614d3038751c63bc2aadc06d","name":"ulqini","sameAs":["http:\/\/www.visit-ulcinj.com"],"url":"https:\/\/www.visit-ulcinj.com\/blog\/author\/admin\/"}]}},"jetpack_featured_media_url":"","jetpack_sharing_enabled":true,"jetpack_shortlink":"https:\/\/wp.me\/pe6lTn-mWp","_links":{"self":[{"href":"https:\/\/www.visit-ulcinj.com\/blog\/wp-json\/wp\/v2\/posts\/88189"}],"collection":[{"href":"https:\/\/www.visit-ulcinj.com\/blog\/wp-json\/wp\/v2\/posts"}],"about":[{"href":"https:\/\/www.visit-ulcinj.com\/blog\/wp-json\/wp\/v2\/types\/post"}],"author":[{"embeddable":true,"href":"https:\/\/www.visit-ulcinj.com\/blog\/wp-json\/wp\/v2\/users\/1"}],"replies":[{"embeddable":true,"href":"https:\/\/www.visit-ulcinj.com\/blog\/wp-json\/wp\/v2\/comments?post=88189"}],"version-history":[{"count":2,"href":"https:\/\/www.visit-ulcinj.com\/blog\/wp-json\/wp\/v2\/posts\/88189\/revisions"}],"predecessor-version":[{"id":88298,"href":"https:\/\/www.visit-ulcinj.com\/blog\/wp-json\/wp\/v2\/posts\/88189\/revisions\/88298"}],"wp:attachment":[{"href":"https:\/\/www.visit-ulcinj.com\/blog\/wp-json\/wp\/v2\/media?parent=88189"}],"wp:term":[{"taxonomy":"category","embeddable":true,"href":"https:\/\/www.visit-ulcinj.com\/blog\/wp-json\/wp\/v2\/categories?post=88189"},{"taxonomy":"post_tag","embeddable":true,"href":"https:\/\/www.visit-ulcinj.com\/blog\/wp-json\/wp\/v2\/tags?post=88189"}],"curies":[{"name":"wp","href":"https:\/\/api.w.org\/{rel}","templated":true}]}}