{"id":88206,"date":"2015-01-26T18:16:40","date_gmt":"2015-01-26T17:16:40","guid":{"rendered":"http:\/\/www.visit-ulcinj.com\/blog\/?p=88206"},"modified":"2015-01-27T06:15:02","modified_gmt":"2015-01-27T05:15:02","slug":"zvogelohet-numri-nxenesve-ne-shkolla-te-ulqinit","status":"publish","type":"post","link":"https:\/\/www.visit-ulcinj.com\/blog\/2015\/01\/26\/zvogelohet-numri-nxenesve-ne-shkolla-te-ulqinit\/","title":{"rendered":"Zvog\u00eblohet numri i nx\u00ebn\u00ebsve n\u00eb shkolla t\u00eb Ulqinit"},"content":{"rendered":"<p class=\"post-title\"><strong><a href=\"http:\/\/www.visit-ulcinj.com\/blog\/wp-content\/uploads\/2015\/01\/Qendra-shkollore-V\u00ebllazerim-Bashkim-Ulqin.jpg\"><img loading=\"lazy\" class=\"alignleft wp-image-88207 size-full\" src=\"http:\/\/www.visit-ulcinj.com\/blog\/wp-content\/uploads\/2015\/01\/Qendra-shkollore-V\u00ebllazerim-Bashkim-Ulqin.jpg\" alt=\"Qendra-shkollore-V\u00ebllazerim-Bashkim-Ulqin\" width=\"508\" height=\"244\" srcset=\"https:\/\/www.visit-ulcinj.com\/blog\/wp-content\/uploads\/2015\/01\/Qendra-shkollore-V\u00ebllazerim-Bashkim-Ulqin.jpg 508w, https:\/\/www.visit-ulcinj.com\/blog\/wp-content\/uploads\/2015\/01\/Qendra-shkollore-V\u00ebllazerim-Bashkim-Ulqin-300x144.jpg 300w\" sizes=\"(max-width: 508px) 100vw, 508px\" \/><\/a>Numri i nx\u00ebn\u00ebsve p\u00ebr \u00e7do vit m\u00eb i vog\u00ebl<\/strong><\/p>\n<p>Gjym\u00ebvjetori i dyt\u00eb i vitit akademik 2014\/2015 ka filluar. Nx\u00ebn\u00ebsit kishin pushim nga 30 dhjetori i vitit t\u00eb kaluar, deri me \u00a026 janar. N\u00eb Qendr\u00ebn shkollore t\u00eb kombinuar \u201c V\u00ebllaz\u00ebrim Bashkim \u201c kan\u00eb arritur gjat\u00eb k\u00ebsaj periudhe ti p\u00ebrfundojn\u00eb t\u00eb gjitha pun\u00ebt administrative duke p\u00ebrfshir\u00eb k\u00ebtu edhe analiz\u00ebn e rezultateve t\u00eb\u00a0 suksesit dhe sjelljes s\u00eb nx\u00ebn\u00ebsve, raporton Portali Tv Teuta.<\/p>\n<p>N\u00eb k\u00ebt\u00eb institucion t\u00eb mes\u00ebm arsimor, m\u00ebsimin e ndjekin 944 nx\u00ebn\u00ebs, t\u00eb ndar\u00eb n\u00eb 38 paralele,ku 12 n\u00eb gjuh\u00ebn malazeze, nd\u00ebrsa 26 paralele n\u00eb gjuh\u00ebn shqipe.<\/p>\n<p>\u201cK\u00ebt\u00eb vit kemi num\u00ebr m\u00eb t\u00eb vog\u00ebl t\u00eb nx\u00ebn\u00ebsve, sakt\u00ebsisht nj\u00eb paralele m\u00eb pak\u201d,- shprehet Katane. Ai \u00a0duke folur p\u00ebr analiz\u00ebn e suksesit shprehet se \u00ebsht\u00eb i k\u00ebnaqsh\u00ebm rezultati i nx\u00ebn\u00ebsve q\u00eb ndjekin gjimnazin e p\u00ebrgjithsh\u00ebm pasi aty kemi nx\u00ebn\u00ebs t\u00eb p\u00ebrzgjedhur, m\u00eb shum\u00eb se 60% t\u00eb tyre kan\u00eb rezultuar me sukses pozitiv,por ky rezultat \u00ebsht\u00eb shum\u00eb m\u00eb i dob\u00ebt kur\u00eb jan\u00eb drejtimet profesionale n\u00eb pyetje, ku 50% t\u00eb nx\u00ebn\u00ebsve kan\u00eb pasur rezultat negativ- shprehet drejtori Katana<\/p>\n<p>Gjat\u00eb pushimit dim\u00ebror n\u00eb Qendr\u00ebn shkollore jan\u00eb mbajtur edhe provimet me korrespodenc\u00eb p\u00ebr 43 nx\u00ebn\u00ebs. Nx\u00ebn\u00ebsit q\u00eb i n\u00ebnshtrohen provimeve t\u00eb nj\u00eb viti duhet paguar 500 euro.<\/p>\n<p>Kjo shkoll\u00eb posedon t\u00eb gjitha kabinetet e mundshme p\u00ebr zhvillim t\u00eb rregullt t\u00eb m\u00ebsimit,t\u00eb pajisur me teknik\u00ebn e nevojshme. Sa i p\u00ebrket kuadrove edhe n\u00eb k\u00ebt\u00eb aspekt jan\u00eb t\u00eb plot\u00ebsuara kriteret.<\/p>\n","protected":false},"excerpt":{"rendered":"<p>Numri i nx\u00ebn\u00ebsve p\u00ebr \u00e7do vit m\u00eb i vog\u00ebl Gjym\u00ebvjetori i dyt\u00eb i vitit akademik 2014\/2015 ka filluar. Nx\u00ebn\u00ebsit kishin pushim nga 30 dhjetori i vitit t\u00eb kaluar, deri me \u00a026 janar. N\u00eb Qendr\u00ebn shkollore t\u00eb kombinuar \u201c V\u00ebllaz\u00ebrim Bashkim \u201c kan\u00eb arritur gjat\u00eb k\u00ebsaj periudhe ti p\u00ebrfundojn\u00eb t\u00eb gjitha pun\u00ebt administrative duke p\u00ebrfshir\u00eb k\u00ebtu [&hellip;]<\/p>\n","protected":false},"author":1,"featured_media":0,"comment_status":"closed","ping_status":"closed","sticky":false,"template":"","format":"standard","meta":{"spay_email":"","jetpack_publicize_message":"","jetpack_is_tweetstorm":false,"jetpack_publicize_feature_enabled":true},"categories":[1,12],"tags":[],"jetpack_publicize_connections":[],"yoast_head":"<!-- This site is optimized with the Yoast SEO plugin v19.1 - https:\/\/yoast.com\/wordpress\/plugins\/seo\/ -->\n<title>Zvog\u00eblohet numri i nx\u00ebn\u00ebsve n\u00eb shkolla t\u00eb Ulqinit - Lajme nga Ulqini<\/title>\n<meta name=\"description\" content=\"Numri i nx\u00ebn\u00ebsve p\u00ebr \u00e7do vit m\u00eb i vog\u00ebl Gjym\u00ebvjetori i dyt\u00eb i vitit akademik 2014\/2015 ka filluar. Nx\u00ebn\u00ebsit kishin pushim nga 30 dhjetori i vitit t\u00eb\" \/>\n<meta name=\"robots\" content=\"index, follow, max-snippet:-1, max-image-preview:large, max-video-preview:-1\" \/>\n<link rel=\"canonical\" href=\"https:\/\/www.visit-ulcinj.com\/blog\/2015\/01\/26\/zvogelohet-numri-nxenesve-ne-shkolla-te-ulqinit\/\" \/>\n<meta property=\"og:locale\" content=\"en_US\" \/>\n<meta property=\"og:type\" content=\"article\" \/>\n<meta property=\"og:title\" content=\"Zvog\u00eblohet numri i nx\u00ebn\u00ebsve n\u00eb shkolla t\u00eb Ulqinit - Lajme nga Ulqini\" \/>\n<meta property=\"og:description\" content=\"Numri i nx\u00ebn\u00ebsve p\u00ebr \u00e7do vit m\u00eb i vog\u00ebl Gjym\u00ebvjetori i dyt\u00eb i vitit akademik 2014\/2015 ka filluar. Nx\u00ebn\u00ebsit kishin pushim nga 30 dhjetori i vitit t\u00eb\" \/>\n<meta property=\"og:url\" content=\"https:\/\/www.visit-ulcinj.com\/blog\/2015\/01\/26\/zvogelohet-numri-nxenesve-ne-shkolla-te-ulqinit\/\" \/>\n<meta property=\"og:site_name\" content=\"Lajme nga Ulqini\" \/>\n<meta property=\"article:published_time\" content=\"2015-01-26T17:16:40+00:00\" \/>\n<meta property=\"article:modified_time\" content=\"2015-01-27T05:15:02+00:00\" \/>\n<meta name=\"twitter:label1\" content=\"Written by\" \/>\n\t<meta name=\"twitter:data1\" content=\"ulqini\" \/>\n\t<meta name=\"twitter:label2\" content=\"Est. reading time\" \/>\n\t<meta name=\"twitter:data2\" content=\"1 minute\" \/>\n<script type=\"application\/ld+json\" class=\"yoast-schema-graph\">{\"@context\":\"https:\/\/schema.org\",\"@graph\":[{\"@type\":\"WebSite\",\"@id\":\"https:\/\/www.visit-ulcinj.com\/blog\/#website\",\"url\":\"https:\/\/www.visit-ulcinj.com\/blog\/\",\"name\":\"Lajme nga Ulqini\",\"description\":\"Lajme,Vijesti,Ulqini,Ulqin,Crna Gora,Mali i Zi\",\"potentialAction\":[{\"@type\":\"SearchAction\",\"target\":{\"@type\":\"EntryPoint\",\"urlTemplate\":\"https:\/\/www.visit-ulcinj.com\/blog\/?s={search_term_string}\"},\"query-input\":\"required name=search_term_string\"}],\"inLanguage\":\"en-US\"},{\"@type\":\"WebPage\",\"@id\":\"https:\/\/www.visit-ulcinj.com\/blog\/2015\/01\/26\/zvogelohet-numri-nxenesve-ne-shkolla-te-ulqinit\/#webpage\",\"url\":\"https:\/\/www.visit-ulcinj.com\/blog\/2015\/01\/26\/zvogelohet-numri-nxenesve-ne-shkolla-te-ulqinit\/\",\"name\":\"Zvog\u00eblohet numri i nx\u00ebn\u00ebsve n\u00eb shkolla t\u00eb Ulqinit - Lajme nga Ulqini\",\"isPartOf\":{\"@id\":\"https:\/\/www.visit-ulcinj.com\/blog\/#website\"},\"datePublished\":\"2015-01-26T17:16:40+00:00\",\"dateModified\":\"2015-01-27T05:15:02+00:00\",\"author\":{\"@id\":\"https:\/\/www.visit-ulcinj.com\/blog\/#\/schema\/person\/dcab619c614d3038751c63bc2aadc06d\"},\"description\":\"Numri i nx\u00ebn\u00ebsve p\u00ebr \u00e7do vit m\u00eb i vog\u00ebl Gjym\u00ebvjetori i dyt\u00eb i vitit akademik 2014\/2015 ka filluar. Nx\u00ebn\u00ebsit kishin pushim nga 30 dhjetori i vitit t\u00eb\",\"breadcrumb\":{\"@id\":\"https:\/\/www.visit-ulcinj.com\/blog\/2015\/01\/26\/zvogelohet-numri-nxenesve-ne-shkolla-te-ulqinit\/#breadcrumb\"},\"inLanguage\":\"en-US\",\"potentialAction\":[{\"@type\":\"ReadAction\",\"target\":[\"https:\/\/www.visit-ulcinj.com\/blog\/2015\/01\/26\/zvogelohet-numri-nxenesve-ne-shkolla-te-ulqinit\/\"]}]},{\"@type\":\"BreadcrumbList\",\"@id\":\"https:\/\/www.visit-ulcinj.com\/blog\/2015\/01\/26\/zvogelohet-numri-nxenesve-ne-shkolla-te-ulqinit\/#breadcrumb\",\"itemListElement\":[{\"@type\":\"ListItem\",\"position\":1,\"name\":\"Zvog\u00eblohet numri i nx\u00ebn\u00ebsve n\u00eb shkolla t\u00eb Ulqinit\"}]},{\"@type\":\"Person\",\"@id\":\"https:\/\/www.visit-ulcinj.com\/blog\/#\/schema\/person\/dcab619c614d3038751c63bc2aadc06d\",\"name\":\"ulqini\",\"sameAs\":[\"http:\/\/www.visit-ulcinj.com\"],\"url\":\"https:\/\/www.visit-ulcinj.com\/blog\/author\/admin\/\"}]}<\/script>\n<!-- \/ Yoast SEO plugin. -->","yoast_head_json":{"title":"Zvog\u00eblohet numri i nx\u00ebn\u00ebsve n\u00eb shkolla t\u00eb Ulqinit - Lajme nga Ulqini","description":"Numri i nx\u00ebn\u00ebsve p\u00ebr \u00e7do vit m\u00eb i vog\u00ebl Gjym\u00ebvjetori i dyt\u00eb i vitit akademik 2014\/2015 ka filluar. Nx\u00ebn\u00ebsit kishin pushim nga 30 dhjetori i vitit t\u00eb","robots":{"index":"index","follow":"follow","max-snippet":"max-snippet:-1","max-image-preview":"max-image-preview:large","max-video-preview":"max-video-preview:-1"},"canonical":"https:\/\/www.visit-ulcinj.com\/blog\/2015\/01\/26\/zvogelohet-numri-nxenesve-ne-shkolla-te-ulqinit\/","og_locale":"en_US","og_type":"article","og_title":"Zvog\u00eblohet numri i nx\u00ebn\u00ebsve n\u00eb shkolla t\u00eb Ulqinit - Lajme nga Ulqini","og_description":"Numri i nx\u00ebn\u00ebsve p\u00ebr \u00e7do vit m\u00eb i vog\u00ebl Gjym\u00ebvjetori i dyt\u00eb i vitit akademik 2014\/2015 ka filluar. Nx\u00ebn\u00ebsit kishin pushim nga 30 dhjetori i vitit t\u00eb","og_url":"https:\/\/www.visit-ulcinj.com\/blog\/2015\/01\/26\/zvogelohet-numri-nxenesve-ne-shkolla-te-ulqinit\/","og_site_name":"Lajme nga Ulqini","article_published_time":"2015-01-26T17:16:40+00:00","article_modified_time":"2015-01-27T05:15:02+00:00","twitter_misc":{"Written by":"ulqini","Est. reading time":"1 minute"},"schema":{"@context":"https:\/\/schema.org","@graph":[{"@type":"WebSite","@id":"https:\/\/www.visit-ulcinj.com\/blog\/#website","url":"https:\/\/www.visit-ulcinj.com\/blog\/","name":"Lajme nga Ulqini","description":"Lajme,Vijesti,Ulqini,Ulqin,Crna Gora,Mali i Zi","potentialAction":[{"@type":"SearchAction","target":{"@type":"EntryPoint","urlTemplate":"https:\/\/www.visit-ulcinj.com\/blog\/?s={search_term_string}"},"query-input":"required name=search_term_string"}],"inLanguage":"en-US"},{"@type":"WebPage","@id":"https:\/\/www.visit-ulcinj.com\/blog\/2015\/01\/26\/zvogelohet-numri-nxenesve-ne-shkolla-te-ulqinit\/#webpage","url":"https:\/\/www.visit-ulcinj.com\/blog\/2015\/01\/26\/zvogelohet-numri-nxenesve-ne-shkolla-te-ulqinit\/","name":"Zvog\u00eblohet numri i nx\u00ebn\u00ebsve n\u00eb shkolla t\u00eb Ulqinit - Lajme nga Ulqini","isPartOf":{"@id":"https:\/\/www.visit-ulcinj.com\/blog\/#website"},"datePublished":"2015-01-26T17:16:40+00:00","dateModified":"2015-01-27T05:15:02+00:00","author":{"@id":"https:\/\/www.visit-ulcinj.com\/blog\/#\/schema\/person\/dcab619c614d3038751c63bc2aadc06d"},"description":"Numri i nx\u00ebn\u00ebsve p\u00ebr \u00e7do vit m\u00eb i vog\u00ebl Gjym\u00ebvjetori i dyt\u00eb i vitit akademik 2014\/2015 ka filluar. Nx\u00ebn\u00ebsit kishin pushim nga 30 dhjetori i vitit t\u00eb","breadcrumb":{"@id":"https:\/\/www.visit-ulcinj.com\/blog\/2015\/01\/26\/zvogelohet-numri-nxenesve-ne-shkolla-te-ulqinit\/#breadcrumb"},"inLanguage":"en-US","potentialAction":[{"@type":"ReadAction","target":["https:\/\/www.visit-ulcinj.com\/blog\/2015\/01\/26\/zvogelohet-numri-nxenesve-ne-shkolla-te-ulqinit\/"]}]},{"@type":"BreadcrumbList","@id":"https:\/\/www.visit-ulcinj.com\/blog\/2015\/01\/26\/zvogelohet-numri-nxenesve-ne-shkolla-te-ulqinit\/#breadcrumb","itemListElement":[{"@type":"ListItem","position":1,"name":"Zvog\u00eblohet numri i nx\u00ebn\u00ebsve n\u00eb shkolla t\u00eb Ulqinit"}]},{"@type":"Person","@id":"https:\/\/www.visit-ulcinj.com\/blog\/#\/schema\/person\/dcab619c614d3038751c63bc2aadc06d","name":"ulqini","sameAs":["http:\/\/www.visit-ulcinj.com"],"url":"https:\/\/www.visit-ulcinj.com\/blog\/author\/admin\/"}]}},"jetpack_featured_media_url":"","jetpack_sharing_enabled":true,"jetpack_shortlink":"https:\/\/wp.me\/pe6lTn-mWG","_links":{"self":[{"href":"https:\/\/www.visit-ulcinj.com\/blog\/wp-json\/wp\/v2\/posts\/88206"}],"collection":[{"href":"https:\/\/www.visit-ulcinj.com\/blog\/wp-json\/wp\/v2\/posts"}],"about":[{"href":"https:\/\/www.visit-ulcinj.com\/blog\/wp-json\/wp\/v2\/types\/post"}],"author":[{"embeddable":true,"href":"https:\/\/www.visit-ulcinj.com\/blog\/wp-json\/wp\/v2\/users\/1"}],"replies":[{"embeddable":true,"href":"https:\/\/www.visit-ulcinj.com\/blog\/wp-json\/wp\/v2\/comments?post=88206"}],"version-history":[{"count":1,"href":"https:\/\/www.visit-ulcinj.com\/blog\/wp-json\/wp\/v2\/posts\/88206\/revisions"}],"predecessor-version":[{"id":88208,"href":"https:\/\/www.visit-ulcinj.com\/blog\/wp-json\/wp\/v2\/posts\/88206\/revisions\/88208"}],"wp:attachment":[{"href":"https:\/\/www.visit-ulcinj.com\/blog\/wp-json\/wp\/v2\/media?parent=88206"}],"wp:term":[{"taxonomy":"category","embeddable":true,"href":"https:\/\/www.visit-ulcinj.com\/blog\/wp-json\/wp\/v2\/categories?post=88206"},{"taxonomy":"post_tag","embeddable":true,"href":"https:\/\/www.visit-ulcinj.com\/blog\/wp-json\/wp\/v2\/tags?post=88206"}],"curies":[{"name":"wp","href":"https:\/\/api.w.org\/{rel}","templated":true}]}}