{"id":88209,"date":"2015-01-26T19:06:08","date_gmt":"2015-01-26T18:06:08","guid":{"rendered":"http:\/\/www.visit-ulcinj.com\/blog\/?p=88209"},"modified":"2015-01-26T21:23:29","modified_gmt":"2015-01-26T20:23:29","slug":"me-gropa-edhe-rruget-me-te-reja-te-qytetit-te-ulqinit-video","status":"publish","type":"post","link":"https:\/\/www.visit-ulcinj.com\/blog\/2015\/01\/26\/me-gropa-edhe-rruget-me-te-reja-te-qytetit-te-ulqinit-video\/","title":{"rendered":"Me gropa edhe rrug\u00ebt m\u00eb t\u00eb reja t\u00eb qytetit t\u00eb Ulqinit &#8211; VIdeo"},"content":{"rendered":"<p><a href=\"http:\/\/www.visit-ulcinj.com\/blog\/wp-content\/uploads\/2015\/01\/RRUGET-ME-GROPA-NE-ULQIN.jpg\"><img loading=\"lazy\" class=\"alignleft wp-image-88210\" src=\"http:\/\/www.visit-ulcinj.com\/blog\/wp-content\/uploads\/2015\/01\/RRUGET-ME-GROPA-NE-ULQIN.jpg\" alt=\"RRUGET ME GROPA NE ULQIN\" width=\"508\" height=\"283\" srcset=\"https:\/\/www.visit-ulcinj.com\/blog\/wp-content\/uploads\/2015\/01\/RRUGET-ME-GROPA-NE-ULQIN.jpg 694w, https:\/\/www.visit-ulcinj.com\/blog\/wp-content\/uploads\/2015\/01\/RRUGET-ME-GROPA-NE-ULQIN-300x167.jpg 300w\" sizes=\"(max-width: 508px) 100vw, 508px\" \/><\/a>Infrastruktura rrugore, ku prej vitesh nuk \u00ebsht\u00eb v\u00ebn\u00eb dor\u00eb, \u00ebsht\u00eb shqet\u00ebsimi m\u00eb i madh i banor\u00ebve t\u00eb Ulqinit, me t\u00eb cilin ata p\u00ebrballen sapo dalin nga sht\u00ebpit\u00eb e tyre.<\/p>\n<p>Mungesa e investimeve e ka \u00e7uar n\u00eb degradim total rrug\u00ebn n\u00eb qendr\u00ebn e Ulqinit, sikurse edhe pjesa e aksit nacional Ulqin- Sukobin\u00eb prej lagjes Kodra ku gropat\u00a0 jam prezente, ku \u00eb t\u00eb gjith\u00eb gjat\u00ebsin\u00eb dhe gjer\u00ebsin\u00eb e saj, rruga \u00ebsht\u00eb e mbushur me gropa dhe prej vitesh nuk \u00ebsht\u00eb akorduar asnj\u00eb investim p\u00ebr p\u00ebrmir\u00ebsimin e aksit ku kalojn\u00eb \u00e7do dit\u00eb mij\u00ebra automjete.<\/p>\n<p>N\u00ebp\u00ebr hap\u00ebsir\u00ebn e k\u00ebsaj rruge ka filluar t\u00eb shkap\u00ebrderdhet asfalti, jan\u00eb b\u00ebr\u00eb vrima m\u00eb t\u00eb imta, kurse ashtu si\u00e7 duket, shum\u00eb shpejt do t\u00eb hapen edhe gropa m\u00eb t\u00eb m\u00ebdha.<\/p>\n<p>D\u00ebmtime t\u00eb ngjashme rrug\u00ebsh t\u00eb asfaltuara ka edhe n\u00eb pjes\u00eb t\u00eb tjera t\u00eb qytetit sikurse n\u00eb Ran\u00eb, n\u00eb lagjen e Meraja, dhe shum\u00eb lagje n\u00eb komunen e Ulqinit, duke mos p\u00ebrjashtuar edhe rrug\u00ebn Ulqin &#8211; Kryth\u00eb.<\/p>\n<!--YouTube Error: bad URL entered-->\n","protected":false},"excerpt":{"rendered":"<p>Infrastruktura rrugore, ku prej vitesh nuk \u00ebsht\u00eb v\u00ebn\u00eb dor\u00eb, \u00ebsht\u00eb shqet\u00ebsimi m\u00eb i madh i banor\u00ebve t\u00eb Ulqinit, me t\u00eb cilin ata p\u00ebrballen sapo dalin nga sht\u00ebpit\u00eb e tyre. Mungesa e investimeve e ka \u00e7uar n\u00eb degradim total rrug\u00ebn n\u00eb qendr\u00ebn e Ulqinit, sikurse edhe pjesa e aksit nacional Ulqin- Sukobin\u00eb prej lagjes Kodra ku [&hellip;]<\/p>\n","protected":false},"author":1,"featured_media":0,"comment_status":"closed","ping_status":"closed","sticky":false,"template":"","format":"standard","meta":{"spay_email":"","jetpack_publicize_message":"","jetpack_is_tweetstorm":false,"jetpack_publicize_feature_enabled":true},"categories":[13],"tags":[],"jetpack_publicize_connections":[],"yoast_head":"<!-- This site is optimized with the Yoast SEO plugin v19.1 - https:\/\/yoast.com\/wordpress\/plugins\/seo\/ -->\n<title>Me gropa edhe rrug\u00ebt m\u00eb t\u00eb reja t\u00eb qytetit t\u00eb Ulqinit - VIdeo - Lajme nga Ulqini<\/title>\n<meta name=\"description\" content=\"Infrastruktura rrugore, ku prej vitesh nuk \u00ebsht\u00eb v\u00ebn\u00eb dor\u00eb, \u00ebsht\u00eb shqet\u00ebsimi m\u00eb i madh i banor\u00ebve t\u00eb Ulqinit, me t\u00eb cilin ata p\u00ebrballen sapo dalin nga\" \/>\n<meta name=\"robots\" content=\"index, follow, max-snippet:-1, max-image-preview:large, max-video-preview:-1\" \/>\n<link rel=\"canonical\" href=\"https:\/\/www.visit-ulcinj.com\/blog\/2015\/01\/26\/me-gropa-edhe-rruget-me-te-reja-te-qytetit-te-ulqinit-video\/\" \/>\n<meta property=\"og:locale\" content=\"en_US\" \/>\n<meta property=\"og:type\" content=\"article\" \/>\n<meta property=\"og:title\" content=\"Me gropa edhe rrug\u00ebt m\u00eb t\u00eb reja t\u00eb qytetit t\u00eb Ulqinit - VIdeo - Lajme nga Ulqini\" \/>\n<meta property=\"og:description\" content=\"Infrastruktura rrugore, ku prej vitesh nuk \u00ebsht\u00eb v\u00ebn\u00eb dor\u00eb, \u00ebsht\u00eb shqet\u00ebsimi m\u00eb i madh i banor\u00ebve t\u00eb Ulqinit, me t\u00eb cilin ata p\u00ebrballen sapo dalin nga\" \/>\n<meta property=\"og:url\" content=\"https:\/\/www.visit-ulcinj.com\/blog\/2015\/01\/26\/me-gropa-edhe-rruget-me-te-reja-te-qytetit-te-ulqinit-video\/\" \/>\n<meta property=\"og:site_name\" content=\"Lajme nga Ulqini\" \/>\n<meta property=\"article:published_time\" content=\"2015-01-26T18:06:08+00:00\" \/>\n<meta property=\"article:modified_time\" content=\"2015-01-26T20:23:29+00:00\" \/>\n<meta property=\"og:image\" content=\"http:\/\/www.visit-ulcinj.com\/blog\/wp-content\/uploads\/2015\/01\/RRUGET-ME-GROPA-NE-ULQIN.jpg\" \/>\n<meta name=\"twitter:label1\" content=\"Written by\" \/>\n\t<meta name=\"twitter:data1\" content=\"ulqini\" \/>\n\t<meta name=\"twitter:label2\" content=\"Est. reading time\" \/>\n\t<meta name=\"twitter:data2\" content=\"1 minute\" \/>\n<script type=\"application\/ld+json\" class=\"yoast-schema-graph\">{\"@context\":\"https:\/\/schema.org\",\"@graph\":[{\"@type\":\"WebSite\",\"@id\":\"https:\/\/www.visit-ulcinj.com\/blog\/#website\",\"url\":\"https:\/\/www.visit-ulcinj.com\/blog\/\",\"name\":\"Lajme nga Ulqini\",\"description\":\"Lajme,Vijesti,Ulqini,Ulqin,Crna Gora,Mali i Zi\",\"potentialAction\":[{\"@type\":\"SearchAction\",\"target\":{\"@type\":\"EntryPoint\",\"urlTemplate\":\"https:\/\/www.visit-ulcinj.com\/blog\/?s={search_term_string}\"},\"query-input\":\"required name=search_term_string\"}],\"inLanguage\":\"en-US\"},{\"@type\":\"ImageObject\",\"inLanguage\":\"en-US\",\"@id\":\"https:\/\/www.visit-ulcinj.com\/blog\/2015\/01\/26\/me-gropa-edhe-rruget-me-te-reja-te-qytetit-te-ulqinit-video\/#primaryimage\",\"url\":\"https:\/\/www.visit-ulcinj.com\/blog\/wp-content\/uploads\/2015\/01\/RRUGET-ME-GROPA-NE-ULQIN.jpg\",\"contentUrl\":\"https:\/\/www.visit-ulcinj.com\/blog\/wp-content\/uploads\/2015\/01\/RRUGET-ME-GROPA-NE-ULQIN.jpg\",\"width\":694,\"height\":387},{\"@type\":\"WebPage\",\"@id\":\"https:\/\/www.visit-ulcinj.com\/blog\/2015\/01\/26\/me-gropa-edhe-rruget-me-te-reja-te-qytetit-te-ulqinit-video\/#webpage\",\"url\":\"https:\/\/www.visit-ulcinj.com\/blog\/2015\/01\/26\/me-gropa-edhe-rruget-me-te-reja-te-qytetit-te-ulqinit-video\/\",\"name\":\"Me gropa edhe rrug\u00ebt m\u00eb t\u00eb reja t\u00eb qytetit t\u00eb Ulqinit - VIdeo - Lajme nga Ulqini\",\"isPartOf\":{\"@id\":\"https:\/\/www.visit-ulcinj.com\/blog\/#website\"},\"primaryImageOfPage\":{\"@id\":\"https:\/\/www.visit-ulcinj.com\/blog\/2015\/01\/26\/me-gropa-edhe-rruget-me-te-reja-te-qytetit-te-ulqinit-video\/#primaryimage\"},\"datePublished\":\"2015-01-26T18:06:08+00:00\",\"dateModified\":\"2015-01-26T20:23:29+00:00\",\"author\":{\"@id\":\"https:\/\/www.visit-ulcinj.com\/blog\/#\/schema\/person\/dcab619c614d3038751c63bc2aadc06d\"},\"description\":\"Infrastruktura rrugore, ku prej vitesh nuk \u00ebsht\u00eb v\u00ebn\u00eb dor\u00eb, \u00ebsht\u00eb shqet\u00ebsimi m\u00eb i madh i banor\u00ebve t\u00eb Ulqinit, me t\u00eb cilin ata p\u00ebrballen sapo dalin nga\",\"breadcrumb\":{\"@id\":\"https:\/\/www.visit-ulcinj.com\/blog\/2015\/01\/26\/me-gropa-edhe-rruget-me-te-reja-te-qytetit-te-ulqinit-video\/#breadcrumb\"},\"inLanguage\":\"en-US\",\"potentialAction\":[{\"@type\":\"ReadAction\",\"target\":[\"https:\/\/www.visit-ulcinj.com\/blog\/2015\/01\/26\/me-gropa-edhe-rruget-me-te-reja-te-qytetit-te-ulqinit-video\/\"]}]},{\"@type\":\"BreadcrumbList\",\"@id\":\"https:\/\/www.visit-ulcinj.com\/blog\/2015\/01\/26\/me-gropa-edhe-rruget-me-te-reja-te-qytetit-te-ulqinit-video\/#breadcrumb\",\"itemListElement\":[{\"@type\":\"ListItem\",\"position\":1,\"name\":\"Me gropa edhe rrug\u00ebt m\u00eb t\u00eb reja t\u00eb qytetit t\u00eb Ulqinit &#8211; VIdeo\"}]},{\"@type\":\"Person\",\"@id\":\"https:\/\/www.visit-ulcinj.com\/blog\/#\/schema\/person\/dcab619c614d3038751c63bc2aadc06d\",\"name\":\"ulqini\",\"sameAs\":[\"http:\/\/www.visit-ulcinj.com\"],\"url\":\"https:\/\/www.visit-ulcinj.com\/blog\/author\/admin\/\"}]}<\/script>\n<!-- \/ Yoast SEO plugin. -->","yoast_head_json":{"title":"Me gropa edhe rrug\u00ebt m\u00eb t\u00eb reja t\u00eb qytetit t\u00eb Ulqinit - VIdeo - Lajme nga Ulqini","description":"Infrastruktura rrugore, ku prej vitesh nuk \u00ebsht\u00eb v\u00ebn\u00eb dor\u00eb, \u00ebsht\u00eb shqet\u00ebsimi m\u00eb i madh i banor\u00ebve t\u00eb Ulqinit, me t\u00eb cilin ata p\u00ebrballen sapo dalin nga","robots":{"index":"index","follow":"follow","max-snippet":"max-snippet:-1","max-image-preview":"max-image-preview:large","max-video-preview":"max-video-preview:-1"},"canonical":"https:\/\/www.visit-ulcinj.com\/blog\/2015\/01\/26\/me-gropa-edhe-rruget-me-te-reja-te-qytetit-te-ulqinit-video\/","og_locale":"en_US","og_type":"article","og_title":"Me gropa edhe rrug\u00ebt m\u00eb t\u00eb reja t\u00eb qytetit t\u00eb Ulqinit - VIdeo - Lajme nga Ulqini","og_description":"Infrastruktura rrugore, ku prej vitesh nuk \u00ebsht\u00eb v\u00ebn\u00eb dor\u00eb, \u00ebsht\u00eb shqet\u00ebsimi m\u00eb i madh i banor\u00ebve t\u00eb Ulqinit, me t\u00eb cilin ata p\u00ebrballen sapo dalin nga","og_url":"https:\/\/www.visit-ulcinj.com\/blog\/2015\/01\/26\/me-gropa-edhe-rruget-me-te-reja-te-qytetit-te-ulqinit-video\/","og_site_name":"Lajme nga Ulqini","article_published_time":"2015-01-26T18:06:08+00:00","article_modified_time":"2015-01-26T20:23:29+00:00","og_image":[{"url":"http:\/\/www.visit-ulcinj.com\/blog\/wp-content\/uploads\/2015\/01\/RRUGET-ME-GROPA-NE-ULQIN.jpg"}],"twitter_misc":{"Written by":"ulqini","Est. reading time":"1 minute"},"schema":{"@context":"https:\/\/schema.org","@graph":[{"@type":"WebSite","@id":"https:\/\/www.visit-ulcinj.com\/blog\/#website","url":"https:\/\/www.visit-ulcinj.com\/blog\/","name":"Lajme nga Ulqini","description":"Lajme,Vijesti,Ulqini,Ulqin,Crna Gora,Mali i Zi","potentialAction":[{"@type":"SearchAction","target":{"@type":"EntryPoint","urlTemplate":"https:\/\/www.visit-ulcinj.com\/blog\/?s={search_term_string}"},"query-input":"required name=search_term_string"}],"inLanguage":"en-US"},{"@type":"ImageObject","inLanguage":"en-US","@id":"https:\/\/www.visit-ulcinj.com\/blog\/2015\/01\/26\/me-gropa-edhe-rruget-me-te-reja-te-qytetit-te-ulqinit-video\/#primaryimage","url":"https:\/\/www.visit-ulcinj.com\/blog\/wp-content\/uploads\/2015\/01\/RRUGET-ME-GROPA-NE-ULQIN.jpg","contentUrl":"https:\/\/www.visit-ulcinj.com\/blog\/wp-content\/uploads\/2015\/01\/RRUGET-ME-GROPA-NE-ULQIN.jpg","width":694,"height":387},{"@type":"WebPage","@id":"https:\/\/www.visit-ulcinj.com\/blog\/2015\/01\/26\/me-gropa-edhe-rruget-me-te-reja-te-qytetit-te-ulqinit-video\/#webpage","url":"https:\/\/www.visit-ulcinj.com\/blog\/2015\/01\/26\/me-gropa-edhe-rruget-me-te-reja-te-qytetit-te-ulqinit-video\/","name":"Me gropa edhe rrug\u00ebt m\u00eb t\u00eb reja t\u00eb qytetit t\u00eb Ulqinit - VIdeo - Lajme nga Ulqini","isPartOf":{"@id":"https:\/\/www.visit-ulcinj.com\/blog\/#website"},"primaryImageOfPage":{"@id":"https:\/\/www.visit-ulcinj.com\/blog\/2015\/01\/26\/me-gropa-edhe-rruget-me-te-reja-te-qytetit-te-ulqinit-video\/#primaryimage"},"datePublished":"2015-01-26T18:06:08+00:00","dateModified":"2015-01-26T20:23:29+00:00","author":{"@id":"https:\/\/www.visit-ulcinj.com\/blog\/#\/schema\/person\/dcab619c614d3038751c63bc2aadc06d"},"description":"Infrastruktura rrugore, ku prej vitesh nuk \u00ebsht\u00eb v\u00ebn\u00eb dor\u00eb, \u00ebsht\u00eb shqet\u00ebsimi m\u00eb i madh i banor\u00ebve t\u00eb Ulqinit, me t\u00eb cilin ata p\u00ebrballen sapo dalin nga","breadcrumb":{"@id":"https:\/\/www.visit-ulcinj.com\/blog\/2015\/01\/26\/me-gropa-edhe-rruget-me-te-reja-te-qytetit-te-ulqinit-video\/#breadcrumb"},"inLanguage":"en-US","potentialAction":[{"@type":"ReadAction","target":["https:\/\/www.visit-ulcinj.com\/blog\/2015\/01\/26\/me-gropa-edhe-rruget-me-te-reja-te-qytetit-te-ulqinit-video\/"]}]},{"@type":"BreadcrumbList","@id":"https:\/\/www.visit-ulcinj.com\/blog\/2015\/01\/26\/me-gropa-edhe-rruget-me-te-reja-te-qytetit-te-ulqinit-video\/#breadcrumb","itemListElement":[{"@type":"ListItem","position":1,"name":"Me gropa edhe rrug\u00ebt m\u00eb t\u00eb reja t\u00eb qytetit t\u00eb Ulqinit &#8211; VIdeo"}]},{"@type":"Person","@id":"https:\/\/www.visit-ulcinj.com\/blog\/#\/schema\/person\/dcab619c614d3038751c63bc2aadc06d","name":"ulqini","sameAs":["http:\/\/www.visit-ulcinj.com"],"url":"https:\/\/www.visit-ulcinj.com\/blog\/author\/admin\/"}]}},"jetpack_featured_media_url":"","jetpack_sharing_enabled":true,"jetpack_shortlink":"https:\/\/wp.me\/pe6lTn-mWJ","_links":{"self":[{"href":"https:\/\/www.visit-ulcinj.com\/blog\/wp-json\/wp\/v2\/posts\/88209"}],"collection":[{"href":"https:\/\/www.visit-ulcinj.com\/blog\/wp-json\/wp\/v2\/posts"}],"about":[{"href":"https:\/\/www.visit-ulcinj.com\/blog\/wp-json\/wp\/v2\/types\/post"}],"author":[{"embeddable":true,"href":"https:\/\/www.visit-ulcinj.com\/blog\/wp-json\/wp\/v2\/users\/1"}],"replies":[{"embeddable":true,"href":"https:\/\/www.visit-ulcinj.com\/blog\/wp-json\/wp\/v2\/comments?post=88209"}],"version-history":[{"count":2,"href":"https:\/\/www.visit-ulcinj.com\/blog\/wp-json\/wp\/v2\/posts\/88209\/revisions"}],"predecessor-version":[{"id":88212,"href":"https:\/\/www.visit-ulcinj.com\/blog\/wp-json\/wp\/v2\/posts\/88209\/revisions\/88212"}],"wp:attachment":[{"href":"https:\/\/www.visit-ulcinj.com\/blog\/wp-json\/wp\/v2\/media?parent=88209"}],"wp:term":[{"taxonomy":"category","embeddable":true,"href":"https:\/\/www.visit-ulcinj.com\/blog\/wp-json\/wp\/v2\/categories?post=88209"},{"taxonomy":"post_tag","embeddable":true,"href":"https:\/\/www.visit-ulcinj.com\/blog\/wp-json\/wp\/v2\/tags?post=88209"}],"curies":[{"name":"wp","href":"https:\/\/api.w.org\/{rel}","templated":true}]}}