{"id":88220,"date":"2015-01-26T20:03:25","date_gmt":"2015-01-26T19:03:25","guid":{"rendered":"http:\/\/www.visit-ulcinj.com\/blog\/?p=88220"},"modified":"2015-01-26T20:06:07","modified_gmt":"2015-01-26T19:06:07","slug":"ulqin-lufte-buburrecit-te-kuq-vazhdon-sperkatja-e-palmave-video","status":"publish","type":"post","link":"https:\/\/www.visit-ulcinj.com\/blog\/2015\/01\/26\/ulqin-lufte-buburrecit-te-kuq-vazhdon-sperkatja-e-palmave-video\/","title":{"rendered":"Ulqin, luft\u00eb \u201cBuburrecit t\u00eb Kuq\u201d, vazhdon sp\u00ebrkatja e palmave &#8211; Video"},"content":{"rendered":"<p><a href=\"http:\/\/www.visit-ulcinj.com\/blog\/wp-content\/uploads\/2015\/01\/Buburreci-Kuq-vazhdon-spekatja-e-palmave-Ulqin.jpg\"><img loading=\"lazy\" class=\"alignleft wp-image-88221\" src=\"http:\/\/www.visit-ulcinj.com\/blog\/wp-content\/uploads\/2015\/01\/Buburreci-Kuq-vazhdon-spekatja-e-palmave-Ulqin.jpg\" alt=\"Buburreci-Kuq, vazhdon spekatja e palmave-Ulqin\" width=\"508\" height=\"339\" srcset=\"https:\/\/www.visit-ulcinj.com\/blog\/wp-content\/uploads\/2015\/01\/Buburreci-Kuq-vazhdon-spekatja-e-palmave-Ulqin.jpg 640w, https:\/\/www.visit-ulcinj.com\/blog\/wp-content\/uploads\/2015\/01\/Buburreci-Kuq-vazhdon-spekatja-e-palmave-Ulqin-300x200.jpg 300w\" sizes=\"(max-width: 508px) 100vw, 508px\" \/><\/a>D\u00ebmtuesi i quajtur \u201cBuburreci i kuq \u201cq\u00eb ka sulmuar para dy viteve palmat n\u00eb komun\u00ebn e Ulqinit e ka zvog\u00ebluar numrin k\u00ebsaj bime tropikale p\u00ebr 28 rr\u00ebnj\u00eb. N\u00eb komun\u00ebn e Ulqinit num\u00ebrohen rreth 300 palma, raporton Portali Tv Teuta.<\/p>\n<p>Bukurin\u00eb dhe hijeshin\u00eb qytetit turistik t\u00eb Ulqinit ia japin edhe palmat, e ve\u00e7ant\u00eb n\u00eb natyr\u00ebn e gjelb\u00ebr t\u00eb k\u00ebtij qyteti.<\/p>\n<p>\u00cbsht\u00eb b\u00ebr\u00eb prerja e palmave t\u00eb d\u00ebmtuara , m\u00eb pas ndezja\u00a0 e tyre\u00a0 dhe st\u00ebrpikja e trungut me l\u00ebng\u00eb t\u00eb posa\u00e7\u00ebm kund\u00ebr k\u00ebtij buburreci me q\u00ebllim\u00a0 q\u00eb krimbi d\u00ebmtues t\u00eb mos kish mund\u00ebsi t\u00eb p\u00ebrhapej\u00a0 n\u00eb palma tjera.<\/p>\n<p>P\u00ebrfaq\u00ebsuesit e komun\u00ebs s\u00eb Ulqinit ,Nd\u00ebrmarrjes komunale \u201cPastrim Gjelb\u00ebrim\u201d kan\u00eb pasur takim pune rreth k\u00ebsaj problematike si\u00e7 kan\u00eb deklaruar ata alarmante me p\u00ebrfaq\u00ebsuesit e Ministris\u00eb s\u00eb bujq\u00ebsis\u00eb,p\u00ebrkat\u00ebsisht me Drejtorin\u00eb fito sanitare.<\/p>\n<p>Tamara Popoviq nga Ministria e bujq\u00ebsis\u00eb deklaroi se kemi nj\u00eb situat\u00eb kur\u00eb i p\u00ebrket kultivimit dhe mir\u00ebmbajtjes s\u00eb palmave alarmante. 28 palma jan\u00eb zhdukur t\u00eb cilat ishin t\u00eb prekura nga ky sulmues. Dy vitet e fundit shpenzimet e st\u00ebrpikjes i ka mbuluar Ministria e Bujq\u00ebsis\u00eb,k\u00ebt\u00eb vit shpenzimet do ti b\u00ebj\u00eb vet\u00eb komuna e Ulqinit shprehet Z .Popoviq.<\/p>\n<p>Nd\u00ebrkaq,Milazim Mustafa ,sekretar p\u00ebr ekonomi ,deklaroi se shpenzimet p\u00ebr st\u00ebrpikje jan\u00eb goxha t\u00eb m\u00ebdha ,sillen rreth 30 mij\u00eb euro,por q\u00eb t\u00eb shp\u00ebtojm\u00eb palmat procesi duhet t\u00eb kryhet. K\u00ebshilltari p\u00ebr bujq\u00ebsi pran\u00eb komun\u00ebs s\u00eb Ulqinit Gani Rexha deklaroi se trajtimi duhet kryer patjet\u00ebr,gjendja \u00ebsht\u00eb alarmante,krimbi q\u00eb sulmon k\u00ebto palma \u00ebsht\u00eb tep\u00ebr shkat\u00ebrrues, bim\u00ebn t\u00eb cil\u00ebn e sulmon ajo duhet asgj\u00ebsuar. Nj\u00ebherit ai\u00a0 apeloi tek qytetar\u00ebt tan\u00eb q\u00eb kan\u00eb palma n\u00eb oborret e veta ti paraqesin tek sekretariati p\u00ebr bujq\u00ebsi,ata jan\u00eb t\u00eb obliguar me ligj q\u00eb t\u00eb b\u00ebjn\u00eb mbrojtjen e tyre,gjegj\u00ebsisht t\u00eb b\u00ebjn\u00eb mbulimin e shpenzimeve p\u00ebr st\u00ebrpikje .<\/p>\n<!--YouTube Error: bad URL entered-->\n","protected":false},"excerpt":{"rendered":"<p>D\u00ebmtuesi i quajtur \u201cBuburreci i kuq \u201cq\u00eb ka sulmuar para dy viteve palmat n\u00eb komun\u00ebn e Ulqinit e ka zvog\u00ebluar numrin k\u00ebsaj bime tropikale p\u00ebr 28 rr\u00ebnj\u00eb. N\u00eb komun\u00ebn e Ulqinit num\u00ebrohen rreth 300 palma, raporton Portali Tv Teuta. Bukurin\u00eb dhe hijeshin\u00eb qytetit turistik t\u00eb Ulqinit ia japin edhe palmat, e ve\u00e7ant\u00eb n\u00eb natyr\u00ebn e [&hellip;]<\/p>\n","protected":false},"author":1,"featured_media":0,"comment_status":"closed","ping_status":"closed","sticky":false,"template":"","format":"standard","meta":{"spay_email":"","jetpack_publicize_message":"","jetpack_is_tweetstorm":false,"jetpack_publicize_feature_enabled":true},"categories":[15],"tags":[],"jetpack_publicize_connections":[],"yoast_head":"<!-- This site is optimized with the Yoast SEO plugin v19.1 - https:\/\/yoast.com\/wordpress\/plugins\/seo\/ -->\n<title>Ulqin, luft\u00eb \u201cBuburrecit t\u00eb Kuq\u201d, vazhdon sp\u00ebrkatja e palmave - Video - Lajme nga Ulqini<\/title>\n<meta name=\"description\" content=\"D\u00ebmtuesi i quajtur \u201cBuburreci i kuq \u201cq\u00eb ka sulmuar para dy viteve palmat n\u00eb komun\u00ebn e Ulqinit e ka zvog\u00ebluar numrin k\u00ebsaj bime tropikale p\u00ebr 28 rr\u00ebnj\u00eb. N\u00eb\" \/>\n<meta name=\"robots\" content=\"index, follow, max-snippet:-1, max-image-preview:large, max-video-preview:-1\" \/>\n<link rel=\"canonical\" href=\"https:\/\/www.visit-ulcinj.com\/blog\/2015\/01\/26\/ulqin-lufte-buburrecit-te-kuq-vazhdon-sperkatja-e-palmave-video\/\" \/>\n<meta property=\"og:locale\" content=\"en_US\" \/>\n<meta property=\"og:type\" content=\"article\" \/>\n<meta property=\"og:title\" content=\"Ulqin, luft\u00eb \u201cBuburrecit t\u00eb Kuq\u201d, vazhdon sp\u00ebrkatja e palmave - Video - Lajme nga Ulqini\" \/>\n<meta property=\"og:description\" content=\"D\u00ebmtuesi i quajtur \u201cBuburreci i kuq \u201cq\u00eb ka sulmuar para dy viteve palmat n\u00eb komun\u00ebn e Ulqinit e ka zvog\u00ebluar numrin k\u00ebsaj bime tropikale p\u00ebr 28 rr\u00ebnj\u00eb. N\u00eb\" \/>\n<meta property=\"og:url\" content=\"https:\/\/www.visit-ulcinj.com\/blog\/2015\/01\/26\/ulqin-lufte-buburrecit-te-kuq-vazhdon-sperkatja-e-palmave-video\/\" \/>\n<meta property=\"og:site_name\" content=\"Lajme nga Ulqini\" \/>\n<meta property=\"article:published_time\" content=\"2015-01-26T19:03:25+00:00\" \/>\n<meta property=\"article:modified_time\" content=\"2015-01-26T19:06:07+00:00\" \/>\n<meta property=\"og:image\" content=\"http:\/\/www.visit-ulcinj.com\/blog\/wp-content\/uploads\/2015\/01\/Buburreci-Kuq-vazhdon-spekatja-e-palmave-Ulqin.jpg\" \/>\n<meta name=\"twitter:label1\" content=\"Written by\" \/>\n\t<meta name=\"twitter:data1\" content=\"ulqini\" \/>\n\t<meta name=\"twitter:label2\" content=\"Est. reading time\" \/>\n\t<meta name=\"twitter:data2\" content=\"2 minutes\" \/>\n<script type=\"application\/ld+json\" class=\"yoast-schema-graph\">{\"@context\":\"https:\/\/schema.org\",\"@graph\":[{\"@type\":\"WebSite\",\"@id\":\"https:\/\/www.visit-ulcinj.com\/blog\/#website\",\"url\":\"https:\/\/www.visit-ulcinj.com\/blog\/\",\"name\":\"Lajme nga Ulqini\",\"description\":\"Lajme,Vijesti,Ulqini,Ulqin,Crna Gora,Mali i Zi\",\"potentialAction\":[{\"@type\":\"SearchAction\",\"target\":{\"@type\":\"EntryPoint\",\"urlTemplate\":\"https:\/\/www.visit-ulcinj.com\/blog\/?s={search_term_string}\"},\"query-input\":\"required name=search_term_string\"}],\"inLanguage\":\"en-US\"},{\"@type\":\"ImageObject\",\"inLanguage\":\"en-US\",\"@id\":\"https:\/\/www.visit-ulcinj.com\/blog\/2015\/01\/26\/ulqin-lufte-buburrecit-te-kuq-vazhdon-sperkatja-e-palmave-video\/#primaryimage\",\"url\":\"https:\/\/www.visit-ulcinj.com\/blog\/wp-content\/uploads\/2015\/01\/Buburreci-Kuq-vazhdon-spekatja-e-palmave-Ulqin.jpg\",\"contentUrl\":\"https:\/\/www.visit-ulcinj.com\/blog\/wp-content\/uploads\/2015\/01\/Buburreci-Kuq-vazhdon-spekatja-e-palmave-Ulqin.jpg\",\"width\":640,\"height\":427},{\"@type\":\"WebPage\",\"@id\":\"https:\/\/www.visit-ulcinj.com\/blog\/2015\/01\/26\/ulqin-lufte-buburrecit-te-kuq-vazhdon-sperkatja-e-palmave-video\/#webpage\",\"url\":\"https:\/\/www.visit-ulcinj.com\/blog\/2015\/01\/26\/ulqin-lufte-buburrecit-te-kuq-vazhdon-sperkatja-e-palmave-video\/\",\"name\":\"Ulqin, luft\u00eb \u201cBuburrecit t\u00eb Kuq\u201d, vazhdon sp\u00ebrkatja e palmave - Video - Lajme nga Ulqini\",\"isPartOf\":{\"@id\":\"https:\/\/www.visit-ulcinj.com\/blog\/#website\"},\"primaryImageOfPage\":{\"@id\":\"https:\/\/www.visit-ulcinj.com\/blog\/2015\/01\/26\/ulqin-lufte-buburrecit-te-kuq-vazhdon-sperkatja-e-palmave-video\/#primaryimage\"},\"datePublished\":\"2015-01-26T19:03:25+00:00\",\"dateModified\":\"2015-01-26T19:06:07+00:00\",\"author\":{\"@id\":\"https:\/\/www.visit-ulcinj.com\/blog\/#\/schema\/person\/dcab619c614d3038751c63bc2aadc06d\"},\"description\":\"D\u00ebmtuesi i quajtur \u201cBuburreci i kuq \u201cq\u00eb ka sulmuar para dy viteve palmat n\u00eb komun\u00ebn e Ulqinit e ka zvog\u00ebluar numrin k\u00ebsaj bime tropikale p\u00ebr 28 rr\u00ebnj\u00eb. N\u00eb\",\"breadcrumb\":{\"@id\":\"https:\/\/www.visit-ulcinj.com\/blog\/2015\/01\/26\/ulqin-lufte-buburrecit-te-kuq-vazhdon-sperkatja-e-palmave-video\/#breadcrumb\"},\"inLanguage\":\"en-US\",\"potentialAction\":[{\"@type\":\"ReadAction\",\"target\":[\"https:\/\/www.visit-ulcinj.com\/blog\/2015\/01\/26\/ulqin-lufte-buburrecit-te-kuq-vazhdon-sperkatja-e-palmave-video\/\"]}]},{\"@type\":\"BreadcrumbList\",\"@id\":\"https:\/\/www.visit-ulcinj.com\/blog\/2015\/01\/26\/ulqin-lufte-buburrecit-te-kuq-vazhdon-sperkatja-e-palmave-video\/#breadcrumb\",\"itemListElement\":[{\"@type\":\"ListItem\",\"position\":1,\"name\":\"Ulqin, luft\u00eb \u201cBuburrecit t\u00eb Kuq\u201d, vazhdon sp\u00ebrkatja e palmave &#8211; Video\"}]},{\"@type\":\"Person\",\"@id\":\"https:\/\/www.visit-ulcinj.com\/blog\/#\/schema\/person\/dcab619c614d3038751c63bc2aadc06d\",\"name\":\"ulqini\",\"sameAs\":[\"http:\/\/www.visit-ulcinj.com\"],\"url\":\"https:\/\/www.visit-ulcinj.com\/blog\/author\/admin\/\"}]}<\/script>\n<!-- \/ Yoast SEO plugin. -->","yoast_head_json":{"title":"Ulqin, luft\u00eb \u201cBuburrecit t\u00eb Kuq\u201d, vazhdon sp\u00ebrkatja e palmave - Video - Lajme nga Ulqini","description":"D\u00ebmtuesi i quajtur \u201cBuburreci i kuq \u201cq\u00eb ka sulmuar para dy viteve palmat n\u00eb komun\u00ebn e Ulqinit e ka zvog\u00ebluar numrin k\u00ebsaj bime tropikale p\u00ebr 28 rr\u00ebnj\u00eb. N\u00eb","robots":{"index":"index","follow":"follow","max-snippet":"max-snippet:-1","max-image-preview":"max-image-preview:large","max-video-preview":"max-video-preview:-1"},"canonical":"https:\/\/www.visit-ulcinj.com\/blog\/2015\/01\/26\/ulqin-lufte-buburrecit-te-kuq-vazhdon-sperkatja-e-palmave-video\/","og_locale":"en_US","og_type":"article","og_title":"Ulqin, luft\u00eb \u201cBuburrecit t\u00eb Kuq\u201d, vazhdon sp\u00ebrkatja e palmave - Video - Lajme nga Ulqini","og_description":"D\u00ebmtuesi i quajtur \u201cBuburreci i kuq \u201cq\u00eb ka sulmuar para dy viteve palmat n\u00eb komun\u00ebn e Ulqinit e ka zvog\u00ebluar numrin k\u00ebsaj bime tropikale p\u00ebr 28 rr\u00ebnj\u00eb. N\u00eb","og_url":"https:\/\/www.visit-ulcinj.com\/blog\/2015\/01\/26\/ulqin-lufte-buburrecit-te-kuq-vazhdon-sperkatja-e-palmave-video\/","og_site_name":"Lajme nga Ulqini","article_published_time":"2015-01-26T19:03:25+00:00","article_modified_time":"2015-01-26T19:06:07+00:00","og_image":[{"url":"http:\/\/www.visit-ulcinj.com\/blog\/wp-content\/uploads\/2015\/01\/Buburreci-Kuq-vazhdon-spekatja-e-palmave-Ulqin.jpg"}],"twitter_misc":{"Written by":"ulqini","Est. reading time":"2 minutes"},"schema":{"@context":"https:\/\/schema.org","@graph":[{"@type":"WebSite","@id":"https:\/\/www.visit-ulcinj.com\/blog\/#website","url":"https:\/\/www.visit-ulcinj.com\/blog\/","name":"Lajme nga Ulqini","description":"Lajme,Vijesti,Ulqini,Ulqin,Crna Gora,Mali i Zi","potentialAction":[{"@type":"SearchAction","target":{"@type":"EntryPoint","urlTemplate":"https:\/\/www.visit-ulcinj.com\/blog\/?s={search_term_string}"},"query-input":"required name=search_term_string"}],"inLanguage":"en-US"},{"@type":"ImageObject","inLanguage":"en-US","@id":"https:\/\/www.visit-ulcinj.com\/blog\/2015\/01\/26\/ulqin-lufte-buburrecit-te-kuq-vazhdon-sperkatja-e-palmave-video\/#primaryimage","url":"https:\/\/www.visit-ulcinj.com\/blog\/wp-content\/uploads\/2015\/01\/Buburreci-Kuq-vazhdon-spekatja-e-palmave-Ulqin.jpg","contentUrl":"https:\/\/www.visit-ulcinj.com\/blog\/wp-content\/uploads\/2015\/01\/Buburreci-Kuq-vazhdon-spekatja-e-palmave-Ulqin.jpg","width":640,"height":427},{"@type":"WebPage","@id":"https:\/\/www.visit-ulcinj.com\/blog\/2015\/01\/26\/ulqin-lufte-buburrecit-te-kuq-vazhdon-sperkatja-e-palmave-video\/#webpage","url":"https:\/\/www.visit-ulcinj.com\/blog\/2015\/01\/26\/ulqin-lufte-buburrecit-te-kuq-vazhdon-sperkatja-e-palmave-video\/","name":"Ulqin, luft\u00eb \u201cBuburrecit t\u00eb Kuq\u201d, vazhdon sp\u00ebrkatja e palmave - Video - Lajme nga Ulqini","isPartOf":{"@id":"https:\/\/www.visit-ulcinj.com\/blog\/#website"},"primaryImageOfPage":{"@id":"https:\/\/www.visit-ulcinj.com\/blog\/2015\/01\/26\/ulqin-lufte-buburrecit-te-kuq-vazhdon-sperkatja-e-palmave-video\/#primaryimage"},"datePublished":"2015-01-26T19:03:25+00:00","dateModified":"2015-01-26T19:06:07+00:00","author":{"@id":"https:\/\/www.visit-ulcinj.com\/blog\/#\/schema\/person\/dcab619c614d3038751c63bc2aadc06d"},"description":"D\u00ebmtuesi i quajtur \u201cBuburreci i kuq \u201cq\u00eb ka sulmuar para dy viteve palmat n\u00eb komun\u00ebn e Ulqinit e ka zvog\u00ebluar numrin k\u00ebsaj bime tropikale p\u00ebr 28 rr\u00ebnj\u00eb. N\u00eb","breadcrumb":{"@id":"https:\/\/www.visit-ulcinj.com\/blog\/2015\/01\/26\/ulqin-lufte-buburrecit-te-kuq-vazhdon-sperkatja-e-palmave-video\/#breadcrumb"},"inLanguage":"en-US","potentialAction":[{"@type":"ReadAction","target":["https:\/\/www.visit-ulcinj.com\/blog\/2015\/01\/26\/ulqin-lufte-buburrecit-te-kuq-vazhdon-sperkatja-e-palmave-video\/"]}]},{"@type":"BreadcrumbList","@id":"https:\/\/www.visit-ulcinj.com\/blog\/2015\/01\/26\/ulqin-lufte-buburrecit-te-kuq-vazhdon-sperkatja-e-palmave-video\/#breadcrumb","itemListElement":[{"@type":"ListItem","position":1,"name":"Ulqin, luft\u00eb \u201cBuburrecit t\u00eb Kuq\u201d, vazhdon sp\u00ebrkatja e palmave &#8211; Video"}]},{"@type":"Person","@id":"https:\/\/www.visit-ulcinj.com\/blog\/#\/schema\/person\/dcab619c614d3038751c63bc2aadc06d","name":"ulqini","sameAs":["http:\/\/www.visit-ulcinj.com"],"url":"https:\/\/www.visit-ulcinj.com\/blog\/author\/admin\/"}]}},"jetpack_featured_media_url":"","jetpack_sharing_enabled":true,"jetpack_shortlink":"https:\/\/wp.me\/pe6lTn-mWU","_links":{"self":[{"href":"https:\/\/www.visit-ulcinj.com\/blog\/wp-json\/wp\/v2\/posts\/88220"}],"collection":[{"href":"https:\/\/www.visit-ulcinj.com\/blog\/wp-json\/wp\/v2\/posts"}],"about":[{"href":"https:\/\/www.visit-ulcinj.com\/blog\/wp-json\/wp\/v2\/types\/post"}],"author":[{"embeddable":true,"href":"https:\/\/www.visit-ulcinj.com\/blog\/wp-json\/wp\/v2\/users\/1"}],"replies":[{"embeddable":true,"href":"https:\/\/www.visit-ulcinj.com\/blog\/wp-json\/wp\/v2\/comments?post=88220"}],"version-history":[{"count":2,"href":"https:\/\/www.visit-ulcinj.com\/blog\/wp-json\/wp\/v2\/posts\/88220\/revisions"}],"predecessor-version":[{"id":88223,"href":"https:\/\/www.visit-ulcinj.com\/blog\/wp-json\/wp\/v2\/posts\/88220\/revisions\/88223"}],"wp:attachment":[{"href":"https:\/\/www.visit-ulcinj.com\/blog\/wp-json\/wp\/v2\/media?parent=88220"}],"wp:term":[{"taxonomy":"category","embeddable":true,"href":"https:\/\/www.visit-ulcinj.com\/blog\/wp-json\/wp\/v2\/categories?post=88220"},{"taxonomy":"post_tag","embeddable":true,"href":"https:\/\/www.visit-ulcinj.com\/blog\/wp-json\/wp\/v2\/tags?post=88220"}],"curies":[{"name":"wp","href":"https:\/\/api.w.org\/{rel}","templated":true}]}}