{"id":88229,"date":"2015-01-26T20:42:26","date_gmt":"2015-01-26T19:42:26","guid":{"rendered":"http:\/\/www.visit-ulcinj.com\/blog\/?p=88229"},"modified":"2015-01-26T20:42:26","modified_gmt":"2015-01-26T19:42:26","slug":"tenderi-radio-televizionit-te-ulqinit-ka-deshtuar","status":"publish","type":"post","link":"https:\/\/www.visit-ulcinj.com\/blog\/2015\/01\/26\/tenderi-radio-televizionit-te-ulqinit-ka-deshtuar\/","title":{"rendered":"Tenderi i Radio Televizionit te Ulqinit ka d\u00ebshtuar"},"content":{"rendered":"<p><a href=\"http:\/\/www.visit-ulcinj.com\/blog\/wp-content\/uploads\/2015\/01\/Tenderi-i-Radio-Televizionit-te-Ulqinit.jpg\"><img loading=\"lazy\" class=\"alignleft wp-image-88230\" src=\"http:\/\/www.visit-ulcinj.com\/blog\/wp-content\/uploads\/2015\/01\/Tenderi-i-Radio-Televizionit-te-Ulqinit.jpg\" alt=\"Tenderi i Radio Televizionit te Ulqinit\" width=\"508\" height=\"363\" srcset=\"https:\/\/www.visit-ulcinj.com\/blog\/wp-content\/uploads\/2015\/01\/Tenderi-i-Radio-Televizionit-te-Ulqinit.jpg 504w, https:\/\/www.visit-ulcinj.com\/blog\/wp-content\/uploads\/2015\/01\/Tenderi-i-Radio-Televizionit-te-Ulqinit-300x214.jpg 300w\" sizes=\"(max-width: 508px) 100vw, 508px\" \/><\/a>Tenderi p\u00ebr kabllimin dhe blerjen e pajisjeve p\u00ebr Radio Televizionin e Ulqinit ka d\u00ebshtuar. Ky \u00ebsht\u00eb konstatimi i Komisionit p\u00ebr zbatimin e tenderit, pasi q\u00eb vet\u00ebm nj\u00eb kompani kishte b\u00ebr\u00eb oferten e saj, raporton Portali Lajm.me.<\/p>\n<p>Komisioni vler\u00ebsoi se oferta e k\u00ebsaj kompanie nuk i plot\u00ebson kushtet q\u00eb parashikon tenderi dhe si e till\u00eb nuk mund t\u00eb merret parasysh.<\/p>\n<p>I kontaktuar nga portali yn\u00eb, kryetari i K\u00ebshillit Drejtues t\u00eb RTV Ulqinit Arben Llunji, deklaroi se tani p\u00ebr tani nuk ka nj\u00eb plan t\u00eb qart\u00eb se si do t\u00eb ecet m\u00eb tej.<\/p>\n<p>I pyetur n\u00ebse do te hapet tenderi i ri, ai u p\u00ebrgjigj se hapi i par\u00eb \u00ebsht\u00eb thirrja e mbledhje s\u00eb\u00a0K\u00ebshillit\u00a0Drejtues e\u00a0pastaj do t\u00eb vendoset p\u00ebr hapat e m\u00ebtejsh\u00ebm.<\/p>\n<p>Nd\u00ebrmarrja e RTV Ulqinit punon m\u00eb shum\u00eb v\u00ebshtir\u00ebsi dhe u detyrohet pun\u00ebtoreve 9 rroga t\u00eb prapambetura, kurse kontributet nuk jan\u00eb paguar n\u00eb m\u00eb se dy vjet.<\/p>\n","protected":false},"excerpt":{"rendered":"<p>Tenderi p\u00ebr kabllimin dhe blerjen e pajisjeve p\u00ebr Radio Televizionin e Ulqinit ka d\u00ebshtuar. Ky \u00ebsht\u00eb konstatimi i Komisionit p\u00ebr zbatimin e tenderit, pasi q\u00eb vet\u00ebm nj\u00eb kompani kishte b\u00ebr\u00eb oferten e saj, raporton Portali Lajm.me. Komisioni vler\u00ebsoi se oferta e k\u00ebsaj kompanie nuk i plot\u00ebson kushtet q\u00eb parashikon tenderi dhe si e till\u00eb nuk [&hellip;]<\/p>\n","protected":false},"author":1,"featured_media":0,"comment_status":"closed","ping_status":"closed","sticky":false,"template":"","format":"standard","meta":{"spay_email":"","jetpack_publicize_message":"","jetpack_is_tweetstorm":false,"jetpack_publicize_feature_enabled":true},"categories":[6950],"tags":[],"jetpack_publicize_connections":[],"yoast_head":"<!-- This site is optimized with the Yoast SEO plugin v19.1 - https:\/\/yoast.com\/wordpress\/plugins\/seo\/ -->\n<title>Tenderi i Radio Televizionit te Ulqinit ka d\u00ebshtuar - Lajme nga Ulqini<\/title>\n<meta name=\"description\" content=\"Tenderi p\u00ebr kabllimin dhe blerjen e pajisjeve p\u00ebr Radio Televizionin e Ulqinit ka d\u00ebshtuar. Ky \u00ebsht\u00eb konstatimi i Komisionit p\u00ebr zbatimin e tenderit, pasi\" \/>\n<meta name=\"robots\" content=\"index, follow, max-snippet:-1, max-image-preview:large, max-video-preview:-1\" \/>\n<link rel=\"canonical\" href=\"https:\/\/www.visit-ulcinj.com\/blog\/2015\/01\/26\/tenderi-radio-televizionit-te-ulqinit-ka-deshtuar\/\" \/>\n<meta property=\"og:locale\" content=\"en_US\" \/>\n<meta property=\"og:type\" content=\"article\" \/>\n<meta property=\"og:title\" content=\"Tenderi i Radio Televizionit te Ulqinit ka d\u00ebshtuar - Lajme nga Ulqini\" \/>\n<meta property=\"og:description\" content=\"Tenderi p\u00ebr kabllimin dhe blerjen e pajisjeve p\u00ebr Radio Televizionin e Ulqinit ka d\u00ebshtuar. Ky \u00ebsht\u00eb konstatimi i Komisionit p\u00ebr zbatimin e tenderit, pasi\" \/>\n<meta property=\"og:url\" content=\"https:\/\/www.visit-ulcinj.com\/blog\/2015\/01\/26\/tenderi-radio-televizionit-te-ulqinit-ka-deshtuar\/\" \/>\n<meta property=\"og:site_name\" content=\"Lajme nga Ulqini\" \/>\n<meta property=\"article:published_time\" content=\"2015-01-26T19:42:26+00:00\" \/>\n<meta property=\"og:image\" content=\"http:\/\/www.visit-ulcinj.com\/blog\/wp-content\/uploads\/2015\/01\/Tenderi-i-Radio-Televizionit-te-Ulqinit.jpg\" \/>\n<meta name=\"twitter:label1\" content=\"Written by\" \/>\n\t<meta name=\"twitter:data1\" content=\"ulqini\" \/>\n\t<meta name=\"twitter:label2\" content=\"Est. reading time\" \/>\n\t<meta name=\"twitter:data2\" content=\"1 minute\" \/>\n<script type=\"application\/ld+json\" class=\"yoast-schema-graph\">{\"@context\":\"https:\/\/schema.org\",\"@graph\":[{\"@type\":\"WebSite\",\"@id\":\"https:\/\/www.visit-ulcinj.com\/blog\/#website\",\"url\":\"https:\/\/www.visit-ulcinj.com\/blog\/\",\"name\":\"Lajme nga Ulqini\",\"description\":\"Lajme,Vijesti,Ulqini,Ulqin,Crna Gora,Mali i Zi\",\"potentialAction\":[{\"@type\":\"SearchAction\",\"target\":{\"@type\":\"EntryPoint\",\"urlTemplate\":\"https:\/\/www.visit-ulcinj.com\/blog\/?s={search_term_string}\"},\"query-input\":\"required name=search_term_string\"}],\"inLanguage\":\"en-US\"},{\"@type\":\"ImageObject\",\"inLanguage\":\"en-US\",\"@id\":\"https:\/\/www.visit-ulcinj.com\/blog\/2015\/01\/26\/tenderi-radio-televizionit-te-ulqinit-ka-deshtuar\/#primaryimage\",\"url\":\"https:\/\/www.visit-ulcinj.com\/blog\/wp-content\/uploads\/2015\/01\/Tenderi-i-Radio-Televizionit-te-Ulqinit.jpg\",\"contentUrl\":\"https:\/\/www.visit-ulcinj.com\/blog\/wp-content\/uploads\/2015\/01\/Tenderi-i-Radio-Televizionit-te-Ulqinit.jpg\",\"width\":504,\"height\":360},{\"@type\":\"WebPage\",\"@id\":\"https:\/\/www.visit-ulcinj.com\/blog\/2015\/01\/26\/tenderi-radio-televizionit-te-ulqinit-ka-deshtuar\/#webpage\",\"url\":\"https:\/\/www.visit-ulcinj.com\/blog\/2015\/01\/26\/tenderi-radio-televizionit-te-ulqinit-ka-deshtuar\/\",\"name\":\"Tenderi i Radio Televizionit te Ulqinit ka d\u00ebshtuar - Lajme nga Ulqini\",\"isPartOf\":{\"@id\":\"https:\/\/www.visit-ulcinj.com\/blog\/#website\"},\"primaryImageOfPage\":{\"@id\":\"https:\/\/www.visit-ulcinj.com\/blog\/2015\/01\/26\/tenderi-radio-televizionit-te-ulqinit-ka-deshtuar\/#primaryimage\"},\"datePublished\":\"2015-01-26T19:42:26+00:00\",\"dateModified\":\"2015-01-26T19:42:26+00:00\",\"author\":{\"@id\":\"https:\/\/www.visit-ulcinj.com\/blog\/#\/schema\/person\/dcab619c614d3038751c63bc2aadc06d\"},\"description\":\"Tenderi p\u00ebr kabllimin dhe blerjen e pajisjeve p\u00ebr Radio Televizionin e Ulqinit ka d\u00ebshtuar. Ky \u00ebsht\u00eb konstatimi i Komisionit p\u00ebr zbatimin e tenderit, pasi\",\"breadcrumb\":{\"@id\":\"https:\/\/www.visit-ulcinj.com\/blog\/2015\/01\/26\/tenderi-radio-televizionit-te-ulqinit-ka-deshtuar\/#breadcrumb\"},\"inLanguage\":\"en-US\",\"potentialAction\":[{\"@type\":\"ReadAction\",\"target\":[\"https:\/\/www.visit-ulcinj.com\/blog\/2015\/01\/26\/tenderi-radio-televizionit-te-ulqinit-ka-deshtuar\/\"]}]},{\"@type\":\"BreadcrumbList\",\"@id\":\"https:\/\/www.visit-ulcinj.com\/blog\/2015\/01\/26\/tenderi-radio-televizionit-te-ulqinit-ka-deshtuar\/#breadcrumb\",\"itemListElement\":[{\"@type\":\"ListItem\",\"position\":1,\"name\":\"Tenderi i Radio Televizionit te Ulqinit ka d\u00ebshtuar\"}]},{\"@type\":\"Person\",\"@id\":\"https:\/\/www.visit-ulcinj.com\/blog\/#\/schema\/person\/dcab619c614d3038751c63bc2aadc06d\",\"name\":\"ulqini\",\"sameAs\":[\"http:\/\/www.visit-ulcinj.com\"],\"url\":\"https:\/\/www.visit-ulcinj.com\/blog\/author\/admin\/\"}]}<\/script>\n<!-- \/ Yoast SEO plugin. -->","yoast_head_json":{"title":"Tenderi i Radio Televizionit te Ulqinit ka d\u00ebshtuar - Lajme nga Ulqini","description":"Tenderi p\u00ebr kabllimin dhe blerjen e pajisjeve p\u00ebr Radio Televizionin e Ulqinit ka d\u00ebshtuar. Ky \u00ebsht\u00eb konstatimi i Komisionit p\u00ebr zbatimin e tenderit, pasi","robots":{"index":"index","follow":"follow","max-snippet":"max-snippet:-1","max-image-preview":"max-image-preview:large","max-video-preview":"max-video-preview:-1"},"canonical":"https:\/\/www.visit-ulcinj.com\/blog\/2015\/01\/26\/tenderi-radio-televizionit-te-ulqinit-ka-deshtuar\/","og_locale":"en_US","og_type":"article","og_title":"Tenderi i Radio Televizionit te Ulqinit ka d\u00ebshtuar - Lajme nga Ulqini","og_description":"Tenderi p\u00ebr kabllimin dhe blerjen e pajisjeve p\u00ebr Radio Televizionin e Ulqinit ka d\u00ebshtuar. Ky \u00ebsht\u00eb konstatimi i Komisionit p\u00ebr zbatimin e tenderit, pasi","og_url":"https:\/\/www.visit-ulcinj.com\/blog\/2015\/01\/26\/tenderi-radio-televizionit-te-ulqinit-ka-deshtuar\/","og_site_name":"Lajme nga Ulqini","article_published_time":"2015-01-26T19:42:26+00:00","og_image":[{"url":"http:\/\/www.visit-ulcinj.com\/blog\/wp-content\/uploads\/2015\/01\/Tenderi-i-Radio-Televizionit-te-Ulqinit.jpg"}],"twitter_misc":{"Written by":"ulqini","Est. reading time":"1 minute"},"schema":{"@context":"https:\/\/schema.org","@graph":[{"@type":"WebSite","@id":"https:\/\/www.visit-ulcinj.com\/blog\/#website","url":"https:\/\/www.visit-ulcinj.com\/blog\/","name":"Lajme nga Ulqini","description":"Lajme,Vijesti,Ulqini,Ulqin,Crna Gora,Mali i Zi","potentialAction":[{"@type":"SearchAction","target":{"@type":"EntryPoint","urlTemplate":"https:\/\/www.visit-ulcinj.com\/blog\/?s={search_term_string}"},"query-input":"required name=search_term_string"}],"inLanguage":"en-US"},{"@type":"ImageObject","inLanguage":"en-US","@id":"https:\/\/www.visit-ulcinj.com\/blog\/2015\/01\/26\/tenderi-radio-televizionit-te-ulqinit-ka-deshtuar\/#primaryimage","url":"https:\/\/www.visit-ulcinj.com\/blog\/wp-content\/uploads\/2015\/01\/Tenderi-i-Radio-Televizionit-te-Ulqinit.jpg","contentUrl":"https:\/\/www.visit-ulcinj.com\/blog\/wp-content\/uploads\/2015\/01\/Tenderi-i-Radio-Televizionit-te-Ulqinit.jpg","width":504,"height":360},{"@type":"WebPage","@id":"https:\/\/www.visit-ulcinj.com\/blog\/2015\/01\/26\/tenderi-radio-televizionit-te-ulqinit-ka-deshtuar\/#webpage","url":"https:\/\/www.visit-ulcinj.com\/blog\/2015\/01\/26\/tenderi-radio-televizionit-te-ulqinit-ka-deshtuar\/","name":"Tenderi i Radio Televizionit te Ulqinit ka d\u00ebshtuar - Lajme nga Ulqini","isPartOf":{"@id":"https:\/\/www.visit-ulcinj.com\/blog\/#website"},"primaryImageOfPage":{"@id":"https:\/\/www.visit-ulcinj.com\/blog\/2015\/01\/26\/tenderi-radio-televizionit-te-ulqinit-ka-deshtuar\/#primaryimage"},"datePublished":"2015-01-26T19:42:26+00:00","dateModified":"2015-01-26T19:42:26+00:00","author":{"@id":"https:\/\/www.visit-ulcinj.com\/blog\/#\/schema\/person\/dcab619c614d3038751c63bc2aadc06d"},"description":"Tenderi p\u00ebr kabllimin dhe blerjen e pajisjeve p\u00ebr Radio Televizionin e Ulqinit ka d\u00ebshtuar. Ky \u00ebsht\u00eb konstatimi i Komisionit p\u00ebr zbatimin e tenderit, pasi","breadcrumb":{"@id":"https:\/\/www.visit-ulcinj.com\/blog\/2015\/01\/26\/tenderi-radio-televizionit-te-ulqinit-ka-deshtuar\/#breadcrumb"},"inLanguage":"en-US","potentialAction":[{"@type":"ReadAction","target":["https:\/\/www.visit-ulcinj.com\/blog\/2015\/01\/26\/tenderi-radio-televizionit-te-ulqinit-ka-deshtuar\/"]}]},{"@type":"BreadcrumbList","@id":"https:\/\/www.visit-ulcinj.com\/blog\/2015\/01\/26\/tenderi-radio-televizionit-te-ulqinit-ka-deshtuar\/#breadcrumb","itemListElement":[{"@type":"ListItem","position":1,"name":"Tenderi i Radio Televizionit te Ulqinit ka d\u00ebshtuar"}]},{"@type":"Person","@id":"https:\/\/www.visit-ulcinj.com\/blog\/#\/schema\/person\/dcab619c614d3038751c63bc2aadc06d","name":"ulqini","sameAs":["http:\/\/www.visit-ulcinj.com"],"url":"https:\/\/www.visit-ulcinj.com\/blog\/author\/admin\/"}]}},"jetpack_featured_media_url":"","jetpack_sharing_enabled":true,"jetpack_shortlink":"https:\/\/wp.me\/pe6lTn-mX3","_links":{"self":[{"href":"https:\/\/www.visit-ulcinj.com\/blog\/wp-json\/wp\/v2\/posts\/88229"}],"collection":[{"href":"https:\/\/www.visit-ulcinj.com\/blog\/wp-json\/wp\/v2\/posts"}],"about":[{"href":"https:\/\/www.visit-ulcinj.com\/blog\/wp-json\/wp\/v2\/types\/post"}],"author":[{"embeddable":true,"href":"https:\/\/www.visit-ulcinj.com\/blog\/wp-json\/wp\/v2\/users\/1"}],"replies":[{"embeddable":true,"href":"https:\/\/www.visit-ulcinj.com\/blog\/wp-json\/wp\/v2\/comments?post=88229"}],"version-history":[{"count":1,"href":"https:\/\/www.visit-ulcinj.com\/blog\/wp-json\/wp\/v2\/posts\/88229\/revisions"}],"predecessor-version":[{"id":88231,"href":"https:\/\/www.visit-ulcinj.com\/blog\/wp-json\/wp\/v2\/posts\/88229\/revisions\/88231"}],"wp:attachment":[{"href":"https:\/\/www.visit-ulcinj.com\/blog\/wp-json\/wp\/v2\/media?parent=88229"}],"wp:term":[{"taxonomy":"category","embeddable":true,"href":"https:\/\/www.visit-ulcinj.com\/blog\/wp-json\/wp\/v2\/categories?post=88229"},{"taxonomy":"post_tag","embeddable":true,"href":"https:\/\/www.visit-ulcinj.com\/blog\/wp-json\/wp\/v2\/tags?post=88229"}],"curies":[{"name":"wp","href":"https:\/\/api.w.org\/{rel}","templated":true}]}}