{"id":88244,"date":"2015-01-27T06:28:36","date_gmt":"2015-01-27T05:28:36","guid":{"rendered":"http:\/\/www.visit-ulcinj.com\/blog\/?p=88244"},"modified":"2015-01-27T06:28:36","modified_gmt":"2015-01-27T05:28:36","slug":"objekti-shkrete-ne-kalan-e-ulqinit","status":"publish","type":"post","link":"https:\/\/www.visit-ulcinj.com\/blog\/2015\/01\/27\/objekti-shkrete-ne-kalan-e-ulqinit\/","title":{"rendered":"Objekti i \u201cshkret\u00eb\u201c n\u00eb kalan e Ulqinit"},"content":{"rendered":"<p><a href=\"http:\/\/www.visit-ulcinj.com\/blog\/wp-content\/uploads\/2015\/01\/Objekti-i-shkret\u00eb-n\u00eb-kalan-e-Ulqinit.jpg\"><img loading=\"lazy\" class=\"alignleft wp-image-88245\" src=\"http:\/\/www.visit-ulcinj.com\/blog\/wp-content\/uploads\/2015\/01\/Objekti-i-shkret\u00eb-n\u00eb-kalan-e-Ulqinit.jpg\" alt=\"Objekti i shkret\u00eb n\u00eb kalan e Ulqinit\" width=\"508\" height=\"278\" srcset=\"https:\/\/www.visit-ulcinj.com\/blog\/wp-content\/uploads\/2015\/01\/Objekti-i-shkret\u00eb-n\u00eb-kalan-e-Ulqinit.jpg 1000w, https:\/\/www.visit-ulcinj.com\/blog\/wp-content\/uploads\/2015\/01\/Objekti-i-shkret\u00eb-n\u00eb-kalan-e-Ulqinit-300x164.jpg 300w\" sizes=\"(max-width: 508px) 100vw, 508px\" \/><\/a>Drejtoria p\u00ebr mbrojtjen e t\u00eb pasuris\u00eb kulturore nga Cetina ka ftuar kompanin\u00eb \u201cUlcinj resort\u201d t\u00eb p\u00ebrfundoj\u00eb nd\u00ebrtimin e objektit n\u00eb pjes\u00ebn jugore t\u00eb Kalas\u00eb, n\u00eb pajtim me projektin kryesor nga viti 2002, i cili ka p\u00eblqimin konservues, shkruan \u201cVijesti\u201d, raporton Portali Ul.info.<\/p>\n<p>Nga Drejtoria pohojn\u00eb se gjat\u00eb nd\u00ebrtimit kjo kompani nuk ka respektuar gati asnj\u00eb pik\u00eb t\u00eb projektit i cili morri p\u00eblqimin e Entit t\u00eb at\u00ebhersh\u00ebm p\u00ebr mbrojtjen e monumenteve t\u00eb kultur\u00ebs.<\/p>\n<p><a href=\"http:\/\/www.visit-ulcinj.com\/blog\/wp-content\/uploads\/2015\/01\/Objekti-i-shkret\u00eb-n\u00eb-kalan-e-Ulqinit-1.jpg\"><img loading=\"lazy\" class=\"alignleft wp-image-88246\" src=\"http:\/\/www.visit-ulcinj.com\/blog\/wp-content\/uploads\/2015\/01\/Objekti-i-shkret\u00eb-n\u00eb-kalan-e-Ulqinit-1.jpg\" alt=\"Objekti i shkret\u00eb n\u00eb kalan e Ulqinit-1\" width=\"508\" height=\"286\" srcset=\"https:\/\/www.visit-ulcinj.com\/blog\/wp-content\/uploads\/2015\/01\/Objekti-i-shkret\u00eb-n\u00eb-kalan-e-Ulqinit-1.jpg 640w, https:\/\/www.visit-ulcinj.com\/blog\/wp-content\/uploads\/2015\/01\/Objekti-i-shkret\u00eb-n\u00eb-kalan-e-Ulqinit-1-300x169.jpg 300w\" sizes=\"(max-width: 508px) 100vw, 508px\" \/><\/a><\/p>\n<p>Ky objekt, si\u00e7 shkruan kjo gazet\u00eb, tash disa vite paraqet rrezik potencial p\u00ebr f\u00ebmij\u00ebt dhe turist\u00ebt. Objekti prej koh\u00ebsh \u00ebsht\u00eb i l\u00ebshuar, edhe pse \u00ebsht\u00eb detyrim ligjor, p\u00ebrreth tij, nuk shkruan emri i pronarit, investitorit, por as afati i p\u00ebrfundimit t\u00eb punimeve.<\/p>\n<p>\u201cLe ta nd\u00ebrtojn\u00eb ose ta heqin, k\u00ebshtu m\u00eb nuk ec\u00ebn. \u00cbsht\u00eb b\u00ebr\u00eb e neveritshme t\u2019i shpjegohet turist\u00ebve pse ky objekt \u00ebsht\u00eb pik\u00ebrisht aty\u201d, tha kryetari i Shoqat\u00ebs \u201cKalaja\u201d Ismet Karamanaga.<\/p>\n","protected":false},"excerpt":{"rendered":"<p>Drejtoria p\u00ebr mbrojtjen e t\u00eb pasuris\u00eb kulturore nga Cetina ka ftuar kompanin\u00eb \u201cUlcinj resort\u201d t\u00eb p\u00ebrfundoj\u00eb nd\u00ebrtimin e objektit n\u00eb pjes\u00ebn jugore t\u00eb Kalas\u00eb, n\u00eb pajtim me projektin kryesor nga viti 2002, i cili ka p\u00eblqimin konservues, shkruan \u201cVijesti\u201d, raporton Portali Ul.info. Nga Drejtoria pohojn\u00eb se gjat\u00eb nd\u00ebrtimit kjo kompani nuk ka respektuar gati asnj\u00eb [&hellip;]<\/p>\n","protected":false},"author":1,"featured_media":0,"comment_status":"closed","ping_status":"closed","sticky":false,"template":"","format":"standard","meta":{"spay_email":"","jetpack_publicize_message":"","jetpack_is_tweetstorm":false,"jetpack_publicize_feature_enabled":true},"categories":[2451],"tags":[],"jetpack_publicize_connections":[],"yoast_head":"<!-- This site is optimized with the Yoast SEO plugin v19.1 - https:\/\/yoast.com\/wordpress\/plugins\/seo\/ -->\n<title>Objekti i \u201cshkret\u00eb\u201c n\u00eb kalan e Ulqinit - Lajme nga Ulqini<\/title>\n<meta name=\"description\" content=\"Drejtoria p\u00ebr mbrojtjen e t\u00eb pasuris\u00eb kulturore nga Cetina ka ftuar kompanin\u00eb \u201cUlcinj resort\u201d t\u00eb p\u00ebrfundoj\u00eb nd\u00ebrtimin e objektit n\u00eb pjes\u00ebn jugore t\u00eb\" \/>\n<meta name=\"robots\" content=\"index, follow, max-snippet:-1, max-image-preview:large, max-video-preview:-1\" \/>\n<link rel=\"canonical\" href=\"https:\/\/www.visit-ulcinj.com\/blog\/2015\/01\/27\/objekti-shkrete-ne-kalan-e-ulqinit\/\" \/>\n<meta property=\"og:locale\" content=\"en_US\" \/>\n<meta property=\"og:type\" content=\"article\" \/>\n<meta property=\"og:title\" content=\"Objekti i \u201cshkret\u00eb\u201c n\u00eb kalan e Ulqinit - Lajme nga Ulqini\" \/>\n<meta property=\"og:description\" content=\"Drejtoria p\u00ebr mbrojtjen e t\u00eb pasuris\u00eb kulturore nga Cetina ka ftuar kompanin\u00eb \u201cUlcinj resort\u201d t\u00eb p\u00ebrfundoj\u00eb nd\u00ebrtimin e objektit n\u00eb pjes\u00ebn jugore t\u00eb\" \/>\n<meta property=\"og:url\" content=\"https:\/\/www.visit-ulcinj.com\/blog\/2015\/01\/27\/objekti-shkrete-ne-kalan-e-ulqinit\/\" \/>\n<meta property=\"og:site_name\" content=\"Lajme nga Ulqini\" \/>\n<meta property=\"article:published_time\" content=\"2015-01-27T05:28:36+00:00\" \/>\n<meta name=\"twitter:label1\" content=\"Written by\" \/>\n\t<meta name=\"twitter:data1\" content=\"ulqini\" \/>\n\t<meta name=\"twitter:label2\" content=\"Est. reading time\" \/>\n\t<meta name=\"twitter:data2\" content=\"1 minute\" \/>\n<script type=\"application\/ld+json\" class=\"yoast-schema-graph\">{\"@context\":\"https:\/\/schema.org\",\"@graph\":[{\"@type\":\"WebSite\",\"@id\":\"https:\/\/www.visit-ulcinj.com\/blog\/#website\",\"url\":\"https:\/\/www.visit-ulcinj.com\/blog\/\",\"name\":\"Lajme nga Ulqini\",\"description\":\"Lajme,Vijesti,Ulqini,Ulqin,Crna Gora,Mali i Zi\",\"potentialAction\":[{\"@type\":\"SearchAction\",\"target\":{\"@type\":\"EntryPoint\",\"urlTemplate\":\"https:\/\/www.visit-ulcinj.com\/blog\/?s={search_term_string}\"},\"query-input\":\"required name=search_term_string\"}],\"inLanguage\":\"en-US\"},{\"@type\":\"WebPage\",\"@id\":\"https:\/\/www.visit-ulcinj.com\/blog\/2015\/01\/27\/objekti-shkrete-ne-kalan-e-ulqinit\/#webpage\",\"url\":\"https:\/\/www.visit-ulcinj.com\/blog\/2015\/01\/27\/objekti-shkrete-ne-kalan-e-ulqinit\/\",\"name\":\"Objekti i \u201cshkret\u00eb\u201c n\u00eb kalan e Ulqinit - Lajme nga Ulqini\",\"isPartOf\":{\"@id\":\"https:\/\/www.visit-ulcinj.com\/blog\/#website\"},\"datePublished\":\"2015-01-27T05:28:36+00:00\",\"dateModified\":\"2015-01-27T05:28:36+00:00\",\"author\":{\"@id\":\"https:\/\/www.visit-ulcinj.com\/blog\/#\/schema\/person\/dcab619c614d3038751c63bc2aadc06d\"},\"description\":\"Drejtoria p\u00ebr mbrojtjen e t\u00eb pasuris\u00eb kulturore nga Cetina ka ftuar kompanin\u00eb \u201cUlcinj resort\u201d t\u00eb p\u00ebrfundoj\u00eb nd\u00ebrtimin e objektit n\u00eb pjes\u00ebn jugore t\u00eb\",\"breadcrumb\":{\"@id\":\"https:\/\/www.visit-ulcinj.com\/blog\/2015\/01\/27\/objekti-shkrete-ne-kalan-e-ulqinit\/#breadcrumb\"},\"inLanguage\":\"en-US\",\"potentialAction\":[{\"@type\":\"ReadAction\",\"target\":[\"https:\/\/www.visit-ulcinj.com\/blog\/2015\/01\/27\/objekti-shkrete-ne-kalan-e-ulqinit\/\"]}]},{\"@type\":\"BreadcrumbList\",\"@id\":\"https:\/\/www.visit-ulcinj.com\/blog\/2015\/01\/27\/objekti-shkrete-ne-kalan-e-ulqinit\/#breadcrumb\",\"itemListElement\":[{\"@type\":\"ListItem\",\"position\":1,\"name\":\"Objekti i \u201cshkret\u00eb\u201c n\u00eb kalan e Ulqinit\"}]},{\"@type\":\"Person\",\"@id\":\"https:\/\/www.visit-ulcinj.com\/blog\/#\/schema\/person\/dcab619c614d3038751c63bc2aadc06d\",\"name\":\"ulqini\",\"sameAs\":[\"http:\/\/www.visit-ulcinj.com\"],\"url\":\"https:\/\/www.visit-ulcinj.com\/blog\/author\/admin\/\"}]}<\/script>\n<!-- \/ Yoast SEO plugin. -->","yoast_head_json":{"title":"Objekti i \u201cshkret\u00eb\u201c n\u00eb kalan e Ulqinit - Lajme nga Ulqini","description":"Drejtoria p\u00ebr mbrojtjen e t\u00eb pasuris\u00eb kulturore nga Cetina ka ftuar kompanin\u00eb \u201cUlcinj resort\u201d t\u00eb p\u00ebrfundoj\u00eb nd\u00ebrtimin e objektit n\u00eb pjes\u00ebn jugore t\u00eb","robots":{"index":"index","follow":"follow","max-snippet":"max-snippet:-1","max-image-preview":"max-image-preview:large","max-video-preview":"max-video-preview:-1"},"canonical":"https:\/\/www.visit-ulcinj.com\/blog\/2015\/01\/27\/objekti-shkrete-ne-kalan-e-ulqinit\/","og_locale":"en_US","og_type":"article","og_title":"Objekti i \u201cshkret\u00eb\u201c n\u00eb kalan e Ulqinit - Lajme nga Ulqini","og_description":"Drejtoria p\u00ebr mbrojtjen e t\u00eb pasuris\u00eb kulturore nga Cetina ka ftuar kompanin\u00eb \u201cUlcinj resort\u201d t\u00eb p\u00ebrfundoj\u00eb nd\u00ebrtimin e objektit n\u00eb pjes\u00ebn jugore t\u00eb","og_url":"https:\/\/www.visit-ulcinj.com\/blog\/2015\/01\/27\/objekti-shkrete-ne-kalan-e-ulqinit\/","og_site_name":"Lajme nga Ulqini","article_published_time":"2015-01-27T05:28:36+00:00","twitter_misc":{"Written by":"ulqini","Est. reading time":"1 minute"},"schema":{"@context":"https:\/\/schema.org","@graph":[{"@type":"WebSite","@id":"https:\/\/www.visit-ulcinj.com\/blog\/#website","url":"https:\/\/www.visit-ulcinj.com\/blog\/","name":"Lajme nga Ulqini","description":"Lajme,Vijesti,Ulqini,Ulqin,Crna Gora,Mali i Zi","potentialAction":[{"@type":"SearchAction","target":{"@type":"EntryPoint","urlTemplate":"https:\/\/www.visit-ulcinj.com\/blog\/?s={search_term_string}"},"query-input":"required name=search_term_string"}],"inLanguage":"en-US"},{"@type":"WebPage","@id":"https:\/\/www.visit-ulcinj.com\/blog\/2015\/01\/27\/objekti-shkrete-ne-kalan-e-ulqinit\/#webpage","url":"https:\/\/www.visit-ulcinj.com\/blog\/2015\/01\/27\/objekti-shkrete-ne-kalan-e-ulqinit\/","name":"Objekti i \u201cshkret\u00eb\u201c n\u00eb kalan e Ulqinit - Lajme nga Ulqini","isPartOf":{"@id":"https:\/\/www.visit-ulcinj.com\/blog\/#website"},"datePublished":"2015-01-27T05:28:36+00:00","dateModified":"2015-01-27T05:28:36+00:00","author":{"@id":"https:\/\/www.visit-ulcinj.com\/blog\/#\/schema\/person\/dcab619c614d3038751c63bc2aadc06d"},"description":"Drejtoria p\u00ebr mbrojtjen e t\u00eb pasuris\u00eb kulturore nga Cetina ka ftuar kompanin\u00eb \u201cUlcinj resort\u201d t\u00eb p\u00ebrfundoj\u00eb nd\u00ebrtimin e objektit n\u00eb pjes\u00ebn jugore t\u00eb","breadcrumb":{"@id":"https:\/\/www.visit-ulcinj.com\/blog\/2015\/01\/27\/objekti-shkrete-ne-kalan-e-ulqinit\/#breadcrumb"},"inLanguage":"en-US","potentialAction":[{"@type":"ReadAction","target":["https:\/\/www.visit-ulcinj.com\/blog\/2015\/01\/27\/objekti-shkrete-ne-kalan-e-ulqinit\/"]}]},{"@type":"BreadcrumbList","@id":"https:\/\/www.visit-ulcinj.com\/blog\/2015\/01\/27\/objekti-shkrete-ne-kalan-e-ulqinit\/#breadcrumb","itemListElement":[{"@type":"ListItem","position":1,"name":"Objekti i \u201cshkret\u00eb\u201c n\u00eb kalan e Ulqinit"}]},{"@type":"Person","@id":"https:\/\/www.visit-ulcinj.com\/blog\/#\/schema\/person\/dcab619c614d3038751c63bc2aadc06d","name":"ulqini","sameAs":["http:\/\/www.visit-ulcinj.com"],"url":"https:\/\/www.visit-ulcinj.com\/blog\/author\/admin\/"}]}},"jetpack_featured_media_url":"","jetpack_sharing_enabled":true,"jetpack_shortlink":"https:\/\/wp.me\/pe6lTn-mXi","_links":{"self":[{"href":"https:\/\/www.visit-ulcinj.com\/blog\/wp-json\/wp\/v2\/posts\/88244"}],"collection":[{"href":"https:\/\/www.visit-ulcinj.com\/blog\/wp-json\/wp\/v2\/posts"}],"about":[{"href":"https:\/\/www.visit-ulcinj.com\/blog\/wp-json\/wp\/v2\/types\/post"}],"author":[{"embeddable":true,"href":"https:\/\/www.visit-ulcinj.com\/blog\/wp-json\/wp\/v2\/users\/1"}],"replies":[{"embeddable":true,"href":"https:\/\/www.visit-ulcinj.com\/blog\/wp-json\/wp\/v2\/comments?post=88244"}],"version-history":[{"count":1,"href":"https:\/\/www.visit-ulcinj.com\/blog\/wp-json\/wp\/v2\/posts\/88244\/revisions"}],"predecessor-version":[{"id":88247,"href":"https:\/\/www.visit-ulcinj.com\/blog\/wp-json\/wp\/v2\/posts\/88244\/revisions\/88247"}],"wp:attachment":[{"href":"https:\/\/www.visit-ulcinj.com\/blog\/wp-json\/wp\/v2\/media?parent=88244"}],"wp:term":[{"taxonomy":"category","embeddable":true,"href":"https:\/\/www.visit-ulcinj.com\/blog\/wp-json\/wp\/v2\/categories?post=88244"},{"taxonomy":"post_tag","embeddable":true,"href":"https:\/\/www.visit-ulcinj.com\/blog\/wp-json\/wp\/v2\/tags?post=88244"}],"curies":[{"name":"wp","href":"https:\/\/api.w.org\/{rel}","templated":true}]}}