{"id":88256,"date":"2015-01-28T10:56:37","date_gmt":"2015-01-28T09:56:37","guid":{"rendered":"http:\/\/www.visit-ulcinj.com\/blog\/?p=88256"},"modified":"2015-01-28T19:59:32","modified_gmt":"2015-01-28T18:59:32","slug":"ne-ulqin-mbahet-sonte-kongresi-pare-lqshi","status":"publish","type":"post","link":"https:\/\/www.visit-ulcinj.com\/blog\/2015\/01\/28\/ne-ulqin-mbahet-sonte-kongresi-pare-lqshi\/","title":{"rendered":"N\u00eb Ulqin mbahet sonte Kongresi i Par\u00eb i LQSHI"},"content":{"rendered":"<div class=\"entry\">\n<p><a href=\"http:\/\/www.visit-ulcinj.com\/blog\/wp-content\/uploads\/2015\/01\/Isat-Jakupi-LQSHI-Ulqin.jpg\"><img loading=\"lazy\" class=\"alignleft wp-image-88257\" src=\"http:\/\/www.visit-ulcinj.com\/blog\/wp-content\/uploads\/2015\/01\/Isat-Jakupi-LQSHI-Ulqin.jpg\" alt=\"Isat-Jakupi-LQSHI-Ulqin\" width=\"508\" height=\"305\" srcset=\"https:\/\/www.visit-ulcinj.com\/blog\/wp-content\/uploads\/2015\/01\/Isat-Jakupi-LQSHI-Ulqin.jpg 960w, https:\/\/www.visit-ulcinj.com\/blog\/wp-content\/uploads\/2015\/01\/Isat-Jakupi-LQSHI-Ulqin-300x180.jpg 300w\" sizes=\"(max-width: 508px) 100vw, 508px\" \/><\/a>N\u00eb Ulqin sonte do t\u00eb mbahet Kongresi themelues i partis\u00eb s\u00eb re, L\u00ebvizjes qendrore shqiptare p\u00ebr integrime (LQSHI), raporton Portali Ul.info.<\/p>\n<p>Si\u00e7 \u00ebsht\u00eb deklaruar p\u00ebr Portalin Ul-info, n\u00eb k\u00ebt\u00eb tubim do t\u00eb marrin pjes\u00eb rreth 100 delegat\u00eb, t\u00eb cil\u00ebt do t\u00eb zgjedhin K\u00ebshillin qendror, kryetarin dhe n\u00ebnkryetar\u00ebt e partis\u00eb.<\/p>\n<p>Kandidati kryesor p\u00ebr lider t\u00eb k\u00ebsaj parti \u00ebsht\u00eb dr Isat Jakupi, mjek n\u00eb Sht\u00ebpin\u00eb e sh\u00ebndetit n\u00eb Ulqin.<\/p>\n<\/div>\n","protected":false},"excerpt":{"rendered":"<p>N\u00eb Ulqin sonte do t\u00eb mbahet Kongresi themelues i partis\u00eb s\u00eb re, L\u00ebvizjes qendrore shqiptare p\u00ebr integrime (LQSHI), raporton Portali Ul.info. Si\u00e7 \u00ebsht\u00eb deklaruar p\u00ebr Portalin Ul-info, n\u00eb k\u00ebt\u00eb tubim do t\u00eb marrin pjes\u00eb rreth 100 delegat\u00eb, t\u00eb cil\u00ebt do t\u00eb zgjedhin K\u00ebshillin qendror, kryetarin dhe n\u00ebnkryetar\u00ebt e partis\u00eb. Kandidati kryesor p\u00ebr lider t\u00eb k\u00ebsaj [&hellip;]<\/p>\n","protected":false},"author":1,"featured_media":0,"comment_status":"closed","ping_status":"closed","sticky":false,"template":"","format":"standard","meta":{"spay_email":"","jetpack_publicize_message":"","jetpack_is_tweetstorm":false,"jetpack_publicize_feature_enabled":true},"categories":[1,12],"tags":[],"jetpack_publicize_connections":[],"yoast_head":"<!-- This site is optimized with the Yoast SEO plugin v19.1 - https:\/\/yoast.com\/wordpress\/plugins\/seo\/ -->\n<title>N\u00eb Ulqin mbahet sonte Kongresi i Par\u00eb i LQSHI - Lajme nga Ulqini<\/title>\n<meta name=\"description\" content=\"N\u00eb Ulqin sonte do t\u00eb mbahet Kongresi themelues i partis\u00eb s\u00eb re, L\u00ebvizjes qendrore shqiptare p\u00ebr integrime (LQSHI), raporton Portali Ul.info. Si\u00e7 \u00ebsht\u00eb\" \/>\n<meta name=\"robots\" content=\"index, follow, max-snippet:-1, max-image-preview:large, max-video-preview:-1\" \/>\n<link rel=\"canonical\" href=\"https:\/\/www.visit-ulcinj.com\/blog\/2015\/01\/28\/ne-ulqin-mbahet-sonte-kongresi-pare-lqshi\/\" \/>\n<meta property=\"og:locale\" content=\"en_US\" \/>\n<meta property=\"og:type\" content=\"article\" \/>\n<meta property=\"og:title\" content=\"N\u00eb Ulqin mbahet sonte Kongresi i Par\u00eb i LQSHI - Lajme nga Ulqini\" \/>\n<meta property=\"og:description\" content=\"N\u00eb Ulqin sonte do t\u00eb mbahet Kongresi themelues i partis\u00eb s\u00eb re, L\u00ebvizjes qendrore shqiptare p\u00ebr integrime (LQSHI), raporton Portali Ul.info. Si\u00e7 \u00ebsht\u00eb\" \/>\n<meta property=\"og:url\" content=\"https:\/\/www.visit-ulcinj.com\/blog\/2015\/01\/28\/ne-ulqin-mbahet-sonte-kongresi-pare-lqshi\/\" \/>\n<meta property=\"og:site_name\" content=\"Lajme nga Ulqini\" \/>\n<meta property=\"article:published_time\" content=\"2015-01-28T09:56:37+00:00\" \/>\n<meta property=\"article:modified_time\" content=\"2015-01-28T18:59:32+00:00\" \/>\n<meta property=\"og:image\" content=\"http:\/\/www.visit-ulcinj.com\/blog\/wp-content\/uploads\/2015\/01\/Isat-Jakupi-LQSHI-Ulqin.jpg\" \/>\n<meta name=\"twitter:label1\" content=\"Written by\" \/>\n\t<meta name=\"twitter:data1\" content=\"ulqini\" \/>\n<script type=\"application\/ld+json\" class=\"yoast-schema-graph\">{\"@context\":\"https:\/\/schema.org\",\"@graph\":[{\"@type\":\"WebSite\",\"@id\":\"https:\/\/www.visit-ulcinj.com\/blog\/#website\",\"url\":\"https:\/\/www.visit-ulcinj.com\/blog\/\",\"name\":\"Lajme nga Ulqini\",\"description\":\"Lajme,Vijesti,Ulqini,Ulqin,Crna Gora,Mali i Zi\",\"potentialAction\":[{\"@type\":\"SearchAction\",\"target\":{\"@type\":\"EntryPoint\",\"urlTemplate\":\"https:\/\/www.visit-ulcinj.com\/blog\/?s={search_term_string}\"},\"query-input\":\"required name=search_term_string\"}],\"inLanguage\":\"en-US\"},{\"@type\":\"ImageObject\",\"inLanguage\":\"en-US\",\"@id\":\"https:\/\/www.visit-ulcinj.com\/blog\/2015\/01\/28\/ne-ulqin-mbahet-sonte-kongresi-pare-lqshi\/#primaryimage\",\"url\":\"https:\/\/www.visit-ulcinj.com\/blog\/wp-content\/uploads\/2015\/01\/Isat-Jakupi-LQSHI-Ulqin.jpg\",\"contentUrl\":\"https:\/\/www.visit-ulcinj.com\/blog\/wp-content\/uploads\/2015\/01\/Isat-Jakupi-LQSHI-Ulqin.jpg\",\"width\":960,\"height\":576},{\"@type\":\"WebPage\",\"@id\":\"https:\/\/www.visit-ulcinj.com\/blog\/2015\/01\/28\/ne-ulqin-mbahet-sonte-kongresi-pare-lqshi\/#webpage\",\"url\":\"https:\/\/www.visit-ulcinj.com\/blog\/2015\/01\/28\/ne-ulqin-mbahet-sonte-kongresi-pare-lqshi\/\",\"name\":\"N\u00eb Ulqin mbahet sonte Kongresi i Par\u00eb i LQSHI - Lajme nga Ulqini\",\"isPartOf\":{\"@id\":\"https:\/\/www.visit-ulcinj.com\/blog\/#website\"},\"primaryImageOfPage\":{\"@id\":\"https:\/\/www.visit-ulcinj.com\/blog\/2015\/01\/28\/ne-ulqin-mbahet-sonte-kongresi-pare-lqshi\/#primaryimage\"},\"datePublished\":\"2015-01-28T09:56:37+00:00\",\"dateModified\":\"2015-01-28T18:59:32+00:00\",\"author\":{\"@id\":\"https:\/\/www.visit-ulcinj.com\/blog\/#\/schema\/person\/dcab619c614d3038751c63bc2aadc06d\"},\"description\":\"N\u00eb Ulqin sonte do t\u00eb mbahet Kongresi themelues i partis\u00eb s\u00eb re, L\u00ebvizjes qendrore shqiptare p\u00ebr integrime (LQSHI), raporton Portali Ul.info. Si\u00e7 \u00ebsht\u00eb\",\"breadcrumb\":{\"@id\":\"https:\/\/www.visit-ulcinj.com\/blog\/2015\/01\/28\/ne-ulqin-mbahet-sonte-kongresi-pare-lqshi\/#breadcrumb\"},\"inLanguage\":\"en-US\",\"potentialAction\":[{\"@type\":\"ReadAction\",\"target\":[\"https:\/\/www.visit-ulcinj.com\/blog\/2015\/01\/28\/ne-ulqin-mbahet-sonte-kongresi-pare-lqshi\/\"]}]},{\"@type\":\"BreadcrumbList\",\"@id\":\"https:\/\/www.visit-ulcinj.com\/blog\/2015\/01\/28\/ne-ulqin-mbahet-sonte-kongresi-pare-lqshi\/#breadcrumb\",\"itemListElement\":[{\"@type\":\"ListItem\",\"position\":1,\"name\":\"N\u00eb Ulqin mbahet sonte Kongresi i Par\u00eb i LQSHI\"}]},{\"@type\":\"Person\",\"@id\":\"https:\/\/www.visit-ulcinj.com\/blog\/#\/schema\/person\/dcab619c614d3038751c63bc2aadc06d\",\"name\":\"ulqini\",\"sameAs\":[\"http:\/\/www.visit-ulcinj.com\"],\"url\":\"https:\/\/www.visit-ulcinj.com\/blog\/author\/admin\/\"}]}<\/script>\n<!-- \/ Yoast SEO plugin. -->","yoast_head_json":{"title":"N\u00eb Ulqin mbahet sonte Kongresi i Par\u00eb i LQSHI - Lajme nga Ulqini","description":"N\u00eb Ulqin sonte do t\u00eb mbahet Kongresi themelues i partis\u00eb s\u00eb re, L\u00ebvizjes qendrore shqiptare p\u00ebr integrime (LQSHI), raporton Portali Ul.info. Si\u00e7 \u00ebsht\u00eb","robots":{"index":"index","follow":"follow","max-snippet":"max-snippet:-1","max-image-preview":"max-image-preview:large","max-video-preview":"max-video-preview:-1"},"canonical":"https:\/\/www.visit-ulcinj.com\/blog\/2015\/01\/28\/ne-ulqin-mbahet-sonte-kongresi-pare-lqshi\/","og_locale":"en_US","og_type":"article","og_title":"N\u00eb Ulqin mbahet sonte Kongresi i Par\u00eb i LQSHI - Lajme nga Ulqini","og_description":"N\u00eb Ulqin sonte do t\u00eb mbahet Kongresi themelues i partis\u00eb s\u00eb re, L\u00ebvizjes qendrore shqiptare p\u00ebr integrime (LQSHI), raporton Portali Ul.info. Si\u00e7 \u00ebsht\u00eb","og_url":"https:\/\/www.visit-ulcinj.com\/blog\/2015\/01\/28\/ne-ulqin-mbahet-sonte-kongresi-pare-lqshi\/","og_site_name":"Lajme nga Ulqini","article_published_time":"2015-01-28T09:56:37+00:00","article_modified_time":"2015-01-28T18:59:32+00:00","og_image":[{"url":"http:\/\/www.visit-ulcinj.com\/blog\/wp-content\/uploads\/2015\/01\/Isat-Jakupi-LQSHI-Ulqin.jpg"}],"twitter_misc":{"Written by":"ulqini"},"schema":{"@context":"https:\/\/schema.org","@graph":[{"@type":"WebSite","@id":"https:\/\/www.visit-ulcinj.com\/blog\/#website","url":"https:\/\/www.visit-ulcinj.com\/blog\/","name":"Lajme nga Ulqini","description":"Lajme,Vijesti,Ulqini,Ulqin,Crna Gora,Mali i Zi","potentialAction":[{"@type":"SearchAction","target":{"@type":"EntryPoint","urlTemplate":"https:\/\/www.visit-ulcinj.com\/blog\/?s={search_term_string}"},"query-input":"required name=search_term_string"}],"inLanguage":"en-US"},{"@type":"ImageObject","inLanguage":"en-US","@id":"https:\/\/www.visit-ulcinj.com\/blog\/2015\/01\/28\/ne-ulqin-mbahet-sonte-kongresi-pare-lqshi\/#primaryimage","url":"https:\/\/www.visit-ulcinj.com\/blog\/wp-content\/uploads\/2015\/01\/Isat-Jakupi-LQSHI-Ulqin.jpg","contentUrl":"https:\/\/www.visit-ulcinj.com\/blog\/wp-content\/uploads\/2015\/01\/Isat-Jakupi-LQSHI-Ulqin.jpg","width":960,"height":576},{"@type":"WebPage","@id":"https:\/\/www.visit-ulcinj.com\/blog\/2015\/01\/28\/ne-ulqin-mbahet-sonte-kongresi-pare-lqshi\/#webpage","url":"https:\/\/www.visit-ulcinj.com\/blog\/2015\/01\/28\/ne-ulqin-mbahet-sonte-kongresi-pare-lqshi\/","name":"N\u00eb Ulqin mbahet sonte Kongresi i Par\u00eb i LQSHI - Lajme nga Ulqini","isPartOf":{"@id":"https:\/\/www.visit-ulcinj.com\/blog\/#website"},"primaryImageOfPage":{"@id":"https:\/\/www.visit-ulcinj.com\/blog\/2015\/01\/28\/ne-ulqin-mbahet-sonte-kongresi-pare-lqshi\/#primaryimage"},"datePublished":"2015-01-28T09:56:37+00:00","dateModified":"2015-01-28T18:59:32+00:00","author":{"@id":"https:\/\/www.visit-ulcinj.com\/blog\/#\/schema\/person\/dcab619c614d3038751c63bc2aadc06d"},"description":"N\u00eb Ulqin sonte do t\u00eb mbahet Kongresi themelues i partis\u00eb s\u00eb re, L\u00ebvizjes qendrore shqiptare p\u00ebr integrime (LQSHI), raporton Portali Ul.info. Si\u00e7 \u00ebsht\u00eb","breadcrumb":{"@id":"https:\/\/www.visit-ulcinj.com\/blog\/2015\/01\/28\/ne-ulqin-mbahet-sonte-kongresi-pare-lqshi\/#breadcrumb"},"inLanguage":"en-US","potentialAction":[{"@type":"ReadAction","target":["https:\/\/www.visit-ulcinj.com\/blog\/2015\/01\/28\/ne-ulqin-mbahet-sonte-kongresi-pare-lqshi\/"]}]},{"@type":"BreadcrumbList","@id":"https:\/\/www.visit-ulcinj.com\/blog\/2015\/01\/28\/ne-ulqin-mbahet-sonte-kongresi-pare-lqshi\/#breadcrumb","itemListElement":[{"@type":"ListItem","position":1,"name":"N\u00eb Ulqin mbahet sonte Kongresi i Par\u00eb i LQSHI"}]},{"@type":"Person","@id":"https:\/\/www.visit-ulcinj.com\/blog\/#\/schema\/person\/dcab619c614d3038751c63bc2aadc06d","name":"ulqini","sameAs":["http:\/\/www.visit-ulcinj.com"],"url":"https:\/\/www.visit-ulcinj.com\/blog\/author\/admin\/"}]}},"jetpack_featured_media_url":"","jetpack_sharing_enabled":true,"jetpack_shortlink":"https:\/\/wp.me\/pe6lTn-mXu","_links":{"self":[{"href":"https:\/\/www.visit-ulcinj.com\/blog\/wp-json\/wp\/v2\/posts\/88256"}],"collection":[{"href":"https:\/\/www.visit-ulcinj.com\/blog\/wp-json\/wp\/v2\/posts"}],"about":[{"href":"https:\/\/www.visit-ulcinj.com\/blog\/wp-json\/wp\/v2\/types\/post"}],"author":[{"embeddable":true,"href":"https:\/\/www.visit-ulcinj.com\/blog\/wp-json\/wp\/v2\/users\/1"}],"replies":[{"embeddable":true,"href":"https:\/\/www.visit-ulcinj.com\/blog\/wp-json\/wp\/v2\/comments?post=88256"}],"version-history":[{"count":1,"href":"https:\/\/www.visit-ulcinj.com\/blog\/wp-json\/wp\/v2\/posts\/88256\/revisions"}],"predecessor-version":[{"id":88258,"href":"https:\/\/www.visit-ulcinj.com\/blog\/wp-json\/wp\/v2\/posts\/88256\/revisions\/88258"}],"wp:attachment":[{"href":"https:\/\/www.visit-ulcinj.com\/blog\/wp-json\/wp\/v2\/media?parent=88256"}],"wp:term":[{"taxonomy":"category","embeddable":true,"href":"https:\/\/www.visit-ulcinj.com\/blog\/wp-json\/wp\/v2\/categories?post=88256"},{"taxonomy":"post_tag","embeddable":true,"href":"https:\/\/www.visit-ulcinj.com\/blog\/wp-json\/wp\/v2\/tags?post=88256"}],"curies":[{"name":"wp","href":"https:\/\/api.w.org\/{rel}","templated":true}]}}