{"id":88259,"date":"2015-01-28T11:18:22","date_gmt":"2015-01-28T10:18:22","guid":{"rendered":"http:\/\/www.visit-ulcinj.com\/blog\/?p=88259"},"modified":"2015-01-31T21:13:32","modified_gmt":"2015-01-31T20:13:32","slug":"dr-mar%c2%adni%c2%adko%c2%adviq-rekomandohet-vaksinimi-kunder-fruthit-mmr","status":"publish","type":"post","link":"https:\/\/www.visit-ulcinj.com\/blog\/2015\/01\/28\/dr-mar%c2%adni%c2%adko%c2%adviq-rekomandohet-vaksinimi-kunder-fruthit-mmr\/","title":{"rendered":"Dr Mar\u00adni\u00adko\u00adviq: Rekomandohet Vaksinimi kund\u00ebr fruthit (MMR) + Video"},"content":{"rendered":"<p><a href=\"http:\/\/www.visit-ulcinj.com\/blog\/wp-content\/uploads\/2015\/01\/Pavle-Marnikovic-Pal\u00eb-Marnikoviq-Ulcinj-Ulqin.jpg\"><img loading=\"lazy\" class=\"alignleft wp-image-88260\" src=\"http:\/\/www.visit-ulcinj.com\/blog\/wp-content\/uploads\/2015\/01\/Pavle-Marnikovic-Pal\u00eb-Marnikoviq-Ulcinj-Ulqin.jpg\" alt=\"Pavle-Marnikovic-Pal\u00eb-Marnikoviq-Ulcinj-Ulqin\" width=\"508\" height=\"380\" srcset=\"https:\/\/www.visit-ulcinj.com\/blog\/wp-content\/uploads\/2015\/01\/Pavle-Marnikovic-Pal\u00eb-Marnikoviq-Ulcinj-Ulqin.jpg 523w, https:\/\/www.visit-ulcinj.com\/blog\/wp-content\/uploads\/2015\/01\/Pavle-Marnikovic-Pal\u00eb-Marnikoviq-Ulcinj-Ulqin-300x224.jpg 300w\" sizes=\"(max-width: 508px) 100vw, 508px\" \/><\/a>Koh\u00ebve t\u00eb fundit jan\u00eb shum\u00eb paragjykime p\u00ebr marrjen e vaksin\u00ebs MMR, ku sipas disa eksperteve bot\u00ebror mund t\u00eb jet\u00eb shkak I autizmit tek f\u00ebmij\u00ebt. DR Marnikoviq i hedh posht k\u00ebto akuza dhe \u00ebsht\u00eb kategorik n\u00eb marrjen e vaksin\u00ebs MMR, raporton Portali Tv Teuta.<\/p>\n<p>R\u00ebnia e temperaturave dhe paq\u00ebndrueshm\u00ebria e motit ndikon n\u00eb sh\u00ebndetin ton\u00eb, por sidomos tek mosha e vog\u00ebl. Mjeku pediat\u00ebr Pal\u00eb Marnikoviq deklaroi q\u00eb gjat\u00eb dite\u00a0 n\u00eb repartin e pediatris\u00eb ndihm\u00eb mjek\u00ebsore k\u00ebrkojn\u00eb 100 deri 120 f\u00ebmij\u00eb, q\u00eb sipas dr Marnikoviq nuk \u00ebsht\u00eb nj\u00eb num\u00ebr i madh pasi kemi t\u00eb b\u00ebjm\u00eb me viroz\u00ebt e stin\u00ebs.\u00a0 \u201cPushimi dim\u00ebror i shkollave ka ndikuar sigurisht q\u00eb mos t\u00eb kemi nj\u00eb p\u00ebrhapje t\u00eb virusit,andaj q\u00eb n\u00eb k\u00ebt\u00eb muaj presim fluks m\u00eb t\u00eb madh\u201d-shprehet Marnikoviq. Mosha m\u00eb delikate sipas Dr Marnikoviq \u00ebsht\u00eb mosha n\u00ebn dy vje\u00e7, te t\u00eb cil\u00ebt me shum\u00eb v\u00ebshtir\u00ebsi identifikohen simptomat q\u00eb zakonisht jan\u00eb: temperatura, kolla dhe teshtima.<\/p>\n<p>N\u00eb rast se nuk ka nd\u00ebrlikime, simptomat e gripit mund t\u00eb largohen brenda jav\u00ebs, n\u00eb rast se tregohemi t\u00eb v\u00ebmendsh\u00ebm me regjimin dhe me ushqimin. Sipas mjekut m\u00ebnyra m\u00eb e mir\u00eb p\u00ebr t\u00eb parandaluar gripin \u00ebsht\u00eb ruajtja e nj\u00eb higjiene t\u00eb mir\u00eb personale, dhe shmangia e vendeve shum\u00eb t\u00eb \u00a0frkuentuara.<\/p>\n<p>P\u00ebr f\u00ebmij\u00ebt me s\u00ebmundje kronike raspiratore, apo me imunitet t\u00eb dob\u00ebt ,vaksina kund\u00ebr gripit \u00ebsht\u00eb e domosdoshme.<\/p>\n<p>Ai, nj\u00ebherit i b\u00ebri \u00a0apel prind\u00ebrve q\u00eb t\u00eb vaksinojn\u00eb f\u00ebmij\u00ebt e tyre me vaksin\u00ebn MMR q\u00eb \u00ebsht\u00eb vaksin\u00eb e cila mbron nga Morbil, Mups,dhe rubela, kjo e para \u00ebsht\u00eb aktualisht tejet e p\u00ebrhapur n\u00eb Bosnj\u00eb ,andaj duhet treguar t\u00eb kujdessh\u00ebm. Koh\u00ebve t\u00eb fundit jan\u00eb shum\u00eb paragjykime p\u00ebr marrjen e vaksin\u00ebs MMR, ku sipas disa eksperteve bot\u00ebror mund t\u00eb jet\u00eb shkak I autizmit tek f\u00ebmij\u00ebt. DR. Marnikoviq i hedh posht k\u00ebto akuza dhe \u00ebsht\u00eb kategorik n\u00eb marrjen e vaksin\u00ebs MMR.<\/p>\n<!--YouTube Error: bad URL entered-->\n","protected":false},"excerpt":{"rendered":"<p>Koh\u00ebve t\u00eb fundit jan\u00eb shum\u00eb paragjykime p\u00ebr marrjen e vaksin\u00ebs MMR, ku sipas disa eksperteve bot\u00ebror mund t\u00eb jet\u00eb shkak I autizmit tek f\u00ebmij\u00ebt. DR Marnikoviq i hedh posht k\u00ebto akuza dhe \u00ebsht\u00eb kategorik n\u00eb marrjen e vaksin\u00ebs MMR, raporton Portali Tv Teuta. R\u00ebnia e temperaturave dhe paq\u00ebndrueshm\u00ebria e motit ndikon n\u00eb sh\u00ebndetin ton\u00eb, por [&hellip;]<\/p>\n","protected":false},"author":1,"featured_media":0,"comment_status":"closed","ping_status":"closed","sticky":false,"template":"","format":"standard","meta":{"spay_email":"","jetpack_publicize_message":"","jetpack_is_tweetstorm":false,"jetpack_publicize_feature_enabled":true},"categories":[11],"tags":[],"jetpack_publicize_connections":[],"yoast_head":"<!-- This site is optimized with the Yoast SEO plugin v19.1 - https:\/\/yoast.com\/wordpress\/plugins\/seo\/ -->\n<title>Dr Mar\u00adni\u00adko\u00adviq: Rekomandohet Vaksinimi kund\u00ebr fruthit (MMR) + Video - Lajme nga Ulqini<\/title>\n<meta name=\"description\" content=\"Koh\u00ebve t\u00eb fundit jan\u00eb shum\u00eb paragjykime p\u00ebr marrjen e vaksin\u00ebs MMR, ku sipas disa eksperteve bot\u00ebror mund t\u00eb jet\u00eb shkak I autizmit tek f\u00ebmij\u00ebt. DR\" \/>\n<meta name=\"robots\" content=\"index, follow, max-snippet:-1, max-image-preview:large, max-video-preview:-1\" \/>\n<link rel=\"canonical\" href=\"https:\/\/www.visit-ulcinj.com\/blog\/2015\/01\/28\/dr-mar\u00adni\u00adko\u00adviq-rekomandohet-vaksinimi-kunder-fruthit-mmr\/\" \/>\n<meta property=\"og:locale\" content=\"en_US\" \/>\n<meta property=\"og:type\" content=\"article\" \/>\n<meta property=\"og:title\" content=\"Dr Mar\u00adni\u00adko\u00adviq: Rekomandohet Vaksinimi kund\u00ebr fruthit (MMR) + Video - Lajme nga Ulqini\" \/>\n<meta property=\"og:description\" content=\"Koh\u00ebve t\u00eb fundit jan\u00eb shum\u00eb paragjykime p\u00ebr marrjen e vaksin\u00ebs MMR, ku sipas disa eksperteve bot\u00ebror mund t\u00eb jet\u00eb shkak I autizmit tek f\u00ebmij\u00ebt. DR\" \/>\n<meta property=\"og:url\" content=\"https:\/\/www.visit-ulcinj.com\/blog\/2015\/01\/28\/dr-mar\u00adni\u00adko\u00adviq-rekomandohet-vaksinimi-kunder-fruthit-mmr\/\" \/>\n<meta property=\"og:site_name\" content=\"Lajme nga Ulqini\" \/>\n<meta property=\"article:published_time\" content=\"2015-01-28T10:18:22+00:00\" \/>\n<meta property=\"article:modified_time\" content=\"2015-01-31T20:13:32+00:00\" \/>\n<meta name=\"twitter:label1\" content=\"Written by\" \/>\n\t<meta name=\"twitter:data1\" content=\"ulqini\" \/>\n\t<meta name=\"twitter:label2\" content=\"Est. reading time\" \/>\n\t<meta name=\"twitter:data2\" content=\"2 minutes\" \/>\n<script type=\"application\/ld+json\" class=\"yoast-schema-graph\">{\"@context\":\"https:\/\/schema.org\",\"@graph\":[{\"@type\":\"WebSite\",\"@id\":\"https:\/\/www.visit-ulcinj.com\/blog\/#website\",\"url\":\"https:\/\/www.visit-ulcinj.com\/blog\/\",\"name\":\"Lajme nga Ulqini\",\"description\":\"Lajme,Vijesti,Ulqini,Ulqin,Crna Gora,Mali i Zi\",\"potentialAction\":[{\"@type\":\"SearchAction\",\"target\":{\"@type\":\"EntryPoint\",\"urlTemplate\":\"https:\/\/www.visit-ulcinj.com\/blog\/?s={search_term_string}\"},\"query-input\":\"required name=search_term_string\"}],\"inLanguage\":\"en-US\"},{\"@type\":\"WebPage\",\"@id\":\"https:\/\/www.visit-ulcinj.com\/blog\/2015\/01\/28\/dr-mar%c2%adni%c2%adko%c2%adviq-rekomandohet-vaksinimi-kunder-fruthit-mmr\/#webpage\",\"url\":\"https:\/\/www.visit-ulcinj.com\/blog\/2015\/01\/28\/dr-mar%c2%adni%c2%adko%c2%adviq-rekomandohet-vaksinimi-kunder-fruthit-mmr\/\",\"name\":\"Dr Mar\u00adni\u00adko\u00adviq: Rekomandohet Vaksinimi kund\u00ebr fruthit (MMR) + Video - Lajme nga Ulqini\",\"isPartOf\":{\"@id\":\"https:\/\/www.visit-ulcinj.com\/blog\/#website\"},\"datePublished\":\"2015-01-28T10:18:22+00:00\",\"dateModified\":\"2015-01-31T20:13:32+00:00\",\"author\":{\"@id\":\"https:\/\/www.visit-ulcinj.com\/blog\/#\/schema\/person\/dcab619c614d3038751c63bc2aadc06d\"},\"description\":\"Koh\u00ebve t\u00eb fundit jan\u00eb shum\u00eb paragjykime p\u00ebr marrjen e vaksin\u00ebs MMR, ku sipas disa eksperteve bot\u00ebror mund t\u00eb jet\u00eb shkak I autizmit tek f\u00ebmij\u00ebt. DR\",\"breadcrumb\":{\"@id\":\"https:\/\/www.visit-ulcinj.com\/blog\/2015\/01\/28\/dr-mar%c2%adni%c2%adko%c2%adviq-rekomandohet-vaksinimi-kunder-fruthit-mmr\/#breadcrumb\"},\"inLanguage\":\"en-US\",\"potentialAction\":[{\"@type\":\"ReadAction\",\"target\":[\"https:\/\/www.visit-ulcinj.com\/blog\/2015\/01\/28\/dr-mar%c2%adni%c2%adko%c2%adviq-rekomandohet-vaksinimi-kunder-fruthit-mmr\/\"]}]},{\"@type\":\"BreadcrumbList\",\"@id\":\"https:\/\/www.visit-ulcinj.com\/blog\/2015\/01\/28\/dr-mar%c2%adni%c2%adko%c2%adviq-rekomandohet-vaksinimi-kunder-fruthit-mmr\/#breadcrumb\",\"itemListElement\":[{\"@type\":\"ListItem\",\"position\":1,\"name\":\"Dr Mar\u00adni\u00adko\u00adviq: Rekomandohet Vaksinimi kund\u00ebr fruthit (MMR) + Video\"}]},{\"@type\":\"Person\",\"@id\":\"https:\/\/www.visit-ulcinj.com\/blog\/#\/schema\/person\/dcab619c614d3038751c63bc2aadc06d\",\"name\":\"ulqini\",\"sameAs\":[\"http:\/\/www.visit-ulcinj.com\"],\"url\":\"https:\/\/www.visit-ulcinj.com\/blog\/author\/admin\/\"}]}<\/script>\n<!-- \/ Yoast SEO plugin. -->","yoast_head_json":{"title":"Dr Mar\u00adni\u00adko\u00adviq: Rekomandohet Vaksinimi kund\u00ebr fruthit (MMR) + Video - Lajme nga Ulqini","description":"Koh\u00ebve t\u00eb fundit jan\u00eb shum\u00eb paragjykime p\u00ebr marrjen e vaksin\u00ebs MMR, ku sipas disa eksperteve bot\u00ebror mund t\u00eb jet\u00eb shkak I autizmit tek f\u00ebmij\u00ebt. DR","robots":{"index":"index","follow":"follow","max-snippet":"max-snippet:-1","max-image-preview":"max-image-preview:large","max-video-preview":"max-video-preview:-1"},"canonical":"https:\/\/www.visit-ulcinj.com\/blog\/2015\/01\/28\/dr-mar\u00adni\u00adko\u00adviq-rekomandohet-vaksinimi-kunder-fruthit-mmr\/","og_locale":"en_US","og_type":"article","og_title":"Dr Mar\u00adni\u00adko\u00adviq: Rekomandohet Vaksinimi kund\u00ebr fruthit (MMR) + Video - Lajme nga Ulqini","og_description":"Koh\u00ebve t\u00eb fundit jan\u00eb shum\u00eb paragjykime p\u00ebr marrjen e vaksin\u00ebs MMR, ku sipas disa eksperteve bot\u00ebror mund t\u00eb jet\u00eb shkak I autizmit tek f\u00ebmij\u00ebt. DR","og_url":"https:\/\/www.visit-ulcinj.com\/blog\/2015\/01\/28\/dr-mar\u00adni\u00adko\u00adviq-rekomandohet-vaksinimi-kunder-fruthit-mmr\/","og_site_name":"Lajme nga Ulqini","article_published_time":"2015-01-28T10:18:22+00:00","article_modified_time":"2015-01-31T20:13:32+00:00","twitter_misc":{"Written by":"ulqini","Est. reading time":"2 minutes"},"schema":{"@context":"https:\/\/schema.org","@graph":[{"@type":"WebSite","@id":"https:\/\/www.visit-ulcinj.com\/blog\/#website","url":"https:\/\/www.visit-ulcinj.com\/blog\/","name":"Lajme nga Ulqini","description":"Lajme,Vijesti,Ulqini,Ulqin,Crna Gora,Mali i Zi","potentialAction":[{"@type":"SearchAction","target":{"@type":"EntryPoint","urlTemplate":"https:\/\/www.visit-ulcinj.com\/blog\/?s={search_term_string}"},"query-input":"required name=search_term_string"}],"inLanguage":"en-US"},{"@type":"WebPage","@id":"https:\/\/www.visit-ulcinj.com\/blog\/2015\/01\/28\/dr-mar%c2%adni%c2%adko%c2%adviq-rekomandohet-vaksinimi-kunder-fruthit-mmr\/#webpage","url":"https:\/\/www.visit-ulcinj.com\/blog\/2015\/01\/28\/dr-mar%c2%adni%c2%adko%c2%adviq-rekomandohet-vaksinimi-kunder-fruthit-mmr\/","name":"Dr Mar\u00adni\u00adko\u00adviq: Rekomandohet Vaksinimi kund\u00ebr fruthit (MMR) + Video - Lajme nga Ulqini","isPartOf":{"@id":"https:\/\/www.visit-ulcinj.com\/blog\/#website"},"datePublished":"2015-01-28T10:18:22+00:00","dateModified":"2015-01-31T20:13:32+00:00","author":{"@id":"https:\/\/www.visit-ulcinj.com\/blog\/#\/schema\/person\/dcab619c614d3038751c63bc2aadc06d"},"description":"Koh\u00ebve t\u00eb fundit jan\u00eb shum\u00eb paragjykime p\u00ebr marrjen e vaksin\u00ebs MMR, ku sipas disa eksperteve bot\u00ebror mund t\u00eb jet\u00eb shkak I autizmit tek f\u00ebmij\u00ebt. DR","breadcrumb":{"@id":"https:\/\/www.visit-ulcinj.com\/blog\/2015\/01\/28\/dr-mar%c2%adni%c2%adko%c2%adviq-rekomandohet-vaksinimi-kunder-fruthit-mmr\/#breadcrumb"},"inLanguage":"en-US","potentialAction":[{"@type":"ReadAction","target":["https:\/\/www.visit-ulcinj.com\/blog\/2015\/01\/28\/dr-mar%c2%adni%c2%adko%c2%adviq-rekomandohet-vaksinimi-kunder-fruthit-mmr\/"]}]},{"@type":"BreadcrumbList","@id":"https:\/\/www.visit-ulcinj.com\/blog\/2015\/01\/28\/dr-mar%c2%adni%c2%adko%c2%adviq-rekomandohet-vaksinimi-kunder-fruthit-mmr\/#breadcrumb","itemListElement":[{"@type":"ListItem","position":1,"name":"Dr Mar\u00adni\u00adko\u00adviq: Rekomandohet Vaksinimi kund\u00ebr fruthit (MMR) + Video"}]},{"@type":"Person","@id":"https:\/\/www.visit-ulcinj.com\/blog\/#\/schema\/person\/dcab619c614d3038751c63bc2aadc06d","name":"ulqini","sameAs":["http:\/\/www.visit-ulcinj.com"],"url":"https:\/\/www.visit-ulcinj.com\/blog\/author\/admin\/"}]}},"jetpack_featured_media_url":"","jetpack_sharing_enabled":true,"jetpack_shortlink":"https:\/\/wp.me\/pe6lTn-mXx","_links":{"self":[{"href":"https:\/\/www.visit-ulcinj.com\/blog\/wp-json\/wp\/v2\/posts\/88259"}],"collection":[{"href":"https:\/\/www.visit-ulcinj.com\/blog\/wp-json\/wp\/v2\/posts"}],"about":[{"href":"https:\/\/www.visit-ulcinj.com\/blog\/wp-json\/wp\/v2\/types\/post"}],"author":[{"embeddable":true,"href":"https:\/\/www.visit-ulcinj.com\/blog\/wp-json\/wp\/v2\/users\/1"}],"replies":[{"embeddable":true,"href":"https:\/\/www.visit-ulcinj.com\/blog\/wp-json\/wp\/v2\/comments?post=88259"}],"version-history":[{"count":2,"href":"https:\/\/www.visit-ulcinj.com\/blog\/wp-json\/wp\/v2\/posts\/88259\/revisions"}],"predecessor-version":[{"id":88300,"href":"https:\/\/www.visit-ulcinj.com\/blog\/wp-json\/wp\/v2\/posts\/88259\/revisions\/88300"}],"wp:attachment":[{"href":"https:\/\/www.visit-ulcinj.com\/blog\/wp-json\/wp\/v2\/media?parent=88259"}],"wp:term":[{"taxonomy":"category","embeddable":true,"href":"https:\/\/www.visit-ulcinj.com\/blog\/wp-json\/wp\/v2\/categories?post=88259"},{"taxonomy":"post_tag","embeddable":true,"href":"https:\/\/www.visit-ulcinj.com\/blog\/wp-json\/wp\/v2\/tags?post=88259"}],"curies":[{"name":"wp","href":"https:\/\/api.w.org\/{rel}","templated":true}]}}