{"id":88262,"date":"2015-01-28T19:56:21","date_gmt":"2015-01-28T18:56:21","guid":{"rendered":"http:\/\/www.visit-ulcinj.com\/blog\/?p=88262"},"modified":"2015-01-29T18:05:53","modified_gmt":"2015-01-29T17:05:53","slug":"nika-komuna-e-ulqinit-perseri-e-bllokuar","status":"publish","type":"post","link":"https:\/\/www.visit-ulcinj.com\/blog\/2015\/01\/28\/nika-komuna-e-ulqinit-perseri-e-bllokuar\/","title":{"rendered":"Nika: Komuna e Ulqinit p\u00ebrs\u00ebri e bllokuar"},"content":{"rendered":"<p><strong><a href=\"http:\/\/www.visit-ulcinj.com\/blog\/wp-content\/uploads\/2015\/01\/Parking-Hotel-Galeb-Ulqin.jpg\"><img loading=\"lazy\" class=\"alignleft wp-image-88264\" src=\"http:\/\/www.visit-ulcinj.com\/blog\/wp-content\/uploads\/2015\/01\/Parking-Hotel-Galeb-Ulqin.jpg\" alt=\"Parking-Hotel-Galeb-Ulqin\" width=\"508\" height=\"247\" \/><\/a>Shkruan Muhamet Nika<\/strong>:<\/p>\n<p><strong> (cik\u00ebl shkrimesh anti korrupsion n\u00eb vazhdime&#8230;)<\/strong><\/p>\n<p>N\u00eb regjistrin e l\u00ebnd\u00ebve t\u00eb humbura n\u00eb gjyq, p\u00ebr t\u00eb cilat pritet t\u00eb ekzekutohen n\u00eb vazhdim, aktualisht ka filluar ekzekutimi i nj\u00ebr\u00ebs nga ato ku padit\u00ebs \u00ebsht\u00eb Dejan Stojanoviq, i cili padit\u00eb komun\u00ebn p\u00ebr shum\u00ebn prej 2qind e 94 mij\u00eb e di\u00e7ka euro. D\u00ebshmohet se ai padit\u00eb komun\u00ebn, duke k\u00ebrkuar cenimin e t\u00eb drejt\u00ebs n\u00eb pron\u00ebsi, dhe k\u00ebrkon kompensim t\u00eb d\u00ebmit t\u00eb shkaktuar ndaj tij nga Komuna e Ulqinit p\u00ebr borxhin q\u00eb u shkaktua , gjat\u00eb nd\u00ebrtimit t\u00eb Hotelit Galeb. Nga se komuna i kish marr\u00eb atij pa t\u00eb drejt\u00eb juridike tok\u00ebn q\u00eb p\u00ebrcaktohet nga dokumenti i transkriptuar si m\u00eb posht\u00eb. Kurse l\u00ebnda gjendej n\u00eb procedur\u00eb, q\u00eb prej vitit 1998, shih dokumentin:<\/p>\n<ul>\n<li><a href=\"http:\/\/www.visit-ulcinj.com\/blog\/wp-content\/uploads\/2015\/01\/Padija-e-Stojanoviqit-Ulqin.jpg\"><img loading=\"lazy\" class=\"alignleft wp-image-88263\" src=\"http:\/\/www.visit-ulcinj.com\/blog\/wp-content\/uploads\/2015\/01\/Padija-e-Stojanoviqit-Ulqin.jpg\" alt=\"Padija-e-Stojanoviqit-Ulqin\" width=\"508\" height=\"113\" srcset=\"https:\/\/www.visit-ulcinj.com\/blog\/wp-content\/uploads\/2015\/01\/Padija-e-Stojanoviqit-Ulqin.jpg 627w, https:\/\/www.visit-ulcinj.com\/blog\/wp-content\/uploads\/2015\/01\/Padija-e-Stojanoviqit-Ulqin-300x67.jpg 300w\" sizes=\"(max-width: 508px) 100vw, 508px\" \/><\/a><br \/>\nDisa pyetje q\u00eb k\u00ebrkojn\u00eb p\u00ebrgjigje p\u00ebr rastin Stojanoviq<br \/>\n\u2022 P\u00ebrse kjo l\u00ebnd\u00eb ekzekutohet nga gjykata, jasht\u00eb praktik\u00ebs s\u00eb deri tashme , kur ata aktivizoheshin n\u00eb fillim t\u00eb ver\u00ebs, kur edhe komuna kish derdhje t\u00eb hollave n\u00eb ark\u00ebn e saj- P\u00ebrgjigje : Nga nj\u00eb deklarat\u00eb dh\u00ebn\u00eb televizionit Teuta, sekretari p\u00ebr buxhet(Forc\u00eb) , tha se ishin marr\u00eb vesh me pal\u00ebn se si ti kthehen k\u00ebto mjete nga komuna me t\u00eb mir\u00eb, p\u00ebrmes kisteve(ratave), mbrojtjen e l\u00ebnd\u00ebs e b\u00ebri sekretari nga radh\u00ebt e Forc\u00ebs.<br \/>\n\u2022 P\u00ebrse paditet komuna , nga Stojanoviq, kur parcelat urbanistike t\u00eb marra n\u00eb at\u00eb koh\u00eb tash m\u00eb n\u00eb kadast\u00ebr jan\u00eb pron\u00ebsi e Rrok SHpedit&#8230;?!!! A e pengon rast\u00ebsisht komuna at\u00eb t\u00eb hyj\u00eb n\u00eb parcel\u00ebn q\u00eb k\u00ebrkon dhe a mundet sikur t\u00eb donte&#8230;?!!!<br \/>\n\u2022 P\u00ebrse hesht kryeadministratori dhe k\u00ebt\u00eb l\u00ebnd\u00eb bashk\u00eb me tjerat nuk e ul n\u00eb Kuvend, i cili e ka em\u00ebruar at\u00eb dhe kontrollon pun\u00ebn e sekretarit p\u00ebr mbrojtje t\u00eb pasuris\u00eb&#8230;?!!!<br \/>\n\u2022 A do t\u00eb urdh\u00ebroj\u00eb sekretarin p\u00ebrkat\u00ebs , q\u00eb pavar\u00ebsisht nga kjo t\u00eb vazhdoj\u00eb me ankes\u00eb n\u00eb gjykat\u00ebn e shkall\u00ebs s\u00eb tret\u00eb?!<br \/>\n\u2022 P\u00ebrse , nuk u shfryt\u00ebzuan t\u00eb gjitha mjetet juridike t\u00eb ankesave, nga eksperti i Forc\u00ebs- duke mos u ankuar fare n\u00eb gjykat\u00ebn e p\u00ebrmendur&#8230;?!!<br \/>\n\u2022 \u00c7far\u00eb \u00ebsht\u00eb duke ndodhur me fatin e ankes\u00ebs s\u00eb Rrok Shpedit ndaj komun\u00ebs , i cili padit\u00eb komun\u00ebn (koha Cungut) , p\u00ebr pezullim t\u00eb nd\u00ebrtimit t\u00eb hotelit pa t\u00eb drejt\u00eb pasi kish leje ministrie.Vlera e padis\u00eb identike me d\u00ebmin q\u00eb k\u00ebrkon Stojanoviq..?!!<br \/>\n\u2022 Edhe m\u00eb qart\u00eb :Duam t\u00eb themi , \u00e7ka ndodh n\u00ebse supozojm\u00eb q\u00eb Stojanoviq e humb gjyqin me Ne(komun\u00ebn), n\u00eb shkall\u00ebn e tret\u00eb dhe ne k\u00ebrkojm\u00eb t\u00eb na kthehen parat\u00eb e marra pa t\u00eb drejt\u00eb, por n\u00eb at\u00eb moment, paraqitet Rroku me l\u00ebnd\u00eb t\u00eb fituar n\u00eb gjykat\u00eb ndaj neve dhe me vendim, p\u00ebr ekzekutim t\u00eb d\u00ebnimit n\u00eb shum\u00ebn e paguar q\u00eb b\u00ebm\u00eb ne ndaj Stojanoviqit- t\u00eb cilit ligj\u00ebrish dhe moralisht ai i detyrohet p\u00ebr tok\u00eb e jo komuna&#8230;?!!! Rezultati si mund\u00ebsi \u00ebsht\u00eb barazim n\u00eb form\u00eb t\u00eb transsakcioneve ekonomike q\u00eb i njeh edhe ligji..?!!\u2022 A mos po hapen me k\u00ebto barazime t\u00eb ekzekutivit praktika t\u00eb d\u00ebmshme dhe t\u00eb pa ligjshme. Komuna dhe politika nuk ka t\u00eb drejt\u00eb t\u00eb paragjykoj\u00eb gjykatat n\u00eb pun\u00ebn e vet dh se k\u00ebto jan\u00eb veprime t\u00eb nxituara..?!<br \/>\nShkrimin n\u00eb situat\u00ebn konkrete edhe pse , ndoshta dikush mund ta kuptoj\u00eb si kritik\u00eb ( q\u00eb n\u00eb t\u00eb v\u00ebrtet\u00eb edhe \u00ebsht\u00eb), ai p\u00ebrs\u00ebri anon m\u00eb tep\u00ebr t\u00eb sensibilizoj\u00eb \u2013tu hap\u00eb syt\u00eb, zyrtar\u00ebve lokal\u00eb , q\u00eb n\u00eb m\u00ebnyr\u00ebn m\u00eb t\u00eb(pa) vet\u00ebdijshme , mund tu kryejn\u00eb veprime grupeve t\u00eb ve\u00e7anta , t\u00eb cil\u00ebt jan\u00eb t\u00eb specializuara p\u00ebr k\u00ebto pun\u00eb&#8230;?\u201d<\/li>\n<\/ul>\n<p><strong> Vazhdon&#8230;<\/strong><\/p>\n","protected":false},"excerpt":{"rendered":"<p>Shkruan Muhamet Nika: (cik\u00ebl shkrimesh anti korrupsion n\u00eb vazhdime&#8230;) N\u00eb regjistrin e l\u00ebnd\u00ebve t\u00eb humbura n\u00eb gjyq, p\u00ebr t\u00eb cilat pritet t\u00eb ekzekutohen n\u00eb vazhdim, aktualisht ka filluar ekzekutimi i nj\u00ebr\u00ebs nga ato ku padit\u00ebs \u00ebsht\u00eb Dejan Stojanoviq, i cili padit\u00eb komun\u00ebn p\u00ebr shum\u00ebn prej 2qind e 94 mij\u00eb e di\u00e7ka euro. D\u00ebshmohet se ai [&hellip;]<\/p>\n","protected":false},"author":1,"featured_media":0,"comment_status":"closed","ping_status":"closed","sticky":false,"template":"","format":"standard","meta":{"spay_email":"","jetpack_publicize_message":"","jetpack_is_tweetstorm":false,"jetpack_publicize_feature_enabled":true},"categories":[1,14249],"tags":[],"jetpack_publicize_connections":[],"yoast_head":"<!-- This site is optimized with the Yoast SEO plugin v19.1 - https:\/\/yoast.com\/wordpress\/plugins\/seo\/ -->\n<title>Nika: Komuna e Ulqinit p\u00ebrs\u00ebri e bllokuar - Lajme nga Ulqini<\/title>\n<meta name=\"description\" content=\"Shkruan Muhamet Nika: (cik\u00ebl shkrimesh anti korrupsion n\u00eb vazhdime...) N\u00eb regjistrin e l\u00ebnd\u00ebve t\u00eb humbura n\u00eb gjyq, p\u00ebr t\u00eb cilat pritet t\u00eb ekzekutohen n\u00eb\" \/>\n<meta name=\"robots\" content=\"index, follow, max-snippet:-1, max-image-preview:large, max-video-preview:-1\" \/>\n<link rel=\"canonical\" href=\"https:\/\/www.visit-ulcinj.com\/blog\/2015\/01\/28\/nika-komuna-e-ulqinit-perseri-e-bllokuar\/\" \/>\n<meta property=\"og:locale\" content=\"en_US\" \/>\n<meta property=\"og:type\" content=\"article\" \/>\n<meta property=\"og:title\" content=\"Nika: Komuna e Ulqinit p\u00ebrs\u00ebri e bllokuar - Lajme nga Ulqini\" \/>\n<meta property=\"og:description\" content=\"Shkruan Muhamet Nika: (cik\u00ebl shkrimesh anti korrupsion n\u00eb vazhdime...) N\u00eb regjistrin e l\u00ebnd\u00ebve t\u00eb humbura n\u00eb gjyq, p\u00ebr t\u00eb cilat pritet t\u00eb ekzekutohen n\u00eb\" \/>\n<meta property=\"og:url\" content=\"https:\/\/www.visit-ulcinj.com\/blog\/2015\/01\/28\/nika-komuna-e-ulqinit-perseri-e-bllokuar\/\" \/>\n<meta property=\"og:site_name\" content=\"Lajme nga Ulqini\" \/>\n<meta property=\"article:published_time\" content=\"2015-01-28T18:56:21+00:00\" \/>\n<meta property=\"article:modified_time\" content=\"2015-01-29T17:05:53+00:00\" \/>\n<meta property=\"og:image\" content=\"http:\/\/www.visit-ulcinj.com\/blog\/wp-content\/uploads\/2015\/01\/Parking-Hotel-Galeb-Ulqin.jpg\" \/>\n<meta name=\"twitter:label1\" content=\"Written by\" \/>\n\t<meta name=\"twitter:data1\" content=\"ulqini\" \/>\n\t<meta name=\"twitter:label2\" content=\"Est. reading time\" \/>\n\t<meta name=\"twitter:data2\" content=\"3 minutes\" \/>\n<script type=\"application\/ld+json\" class=\"yoast-schema-graph\">{\"@context\":\"https:\/\/schema.org\",\"@graph\":[{\"@type\":\"WebSite\",\"@id\":\"https:\/\/www.visit-ulcinj.com\/blog\/#website\",\"url\":\"https:\/\/www.visit-ulcinj.com\/blog\/\",\"name\":\"Lajme nga Ulqini\",\"description\":\"Lajme,Vijesti,Ulqini,Ulqin,Crna Gora,Mali i Zi\",\"potentialAction\":[{\"@type\":\"SearchAction\",\"target\":{\"@type\":\"EntryPoint\",\"urlTemplate\":\"https:\/\/www.visit-ulcinj.com\/blog\/?s={search_term_string}\"},\"query-input\":\"required name=search_term_string\"}],\"inLanguage\":\"en-US\"},{\"@type\":\"ImageObject\",\"inLanguage\":\"en-US\",\"@id\":\"https:\/\/www.visit-ulcinj.com\/blog\/2015\/01\/28\/nika-komuna-e-ulqinit-perseri-e-bllokuar\/#primaryimage\",\"url\":\"http:\/\/www.visit-ulcinj.com\/blog\/wp-content\/uploads\/2015\/01\/Parking-Hotel-Galeb-Ulqin.jpg\",\"contentUrl\":\"http:\/\/www.visit-ulcinj.com\/blog\/wp-content\/uploads\/2015\/01\/Parking-Hotel-Galeb-Ulqin.jpg\"},{\"@type\":\"WebPage\",\"@id\":\"https:\/\/www.visit-ulcinj.com\/blog\/2015\/01\/28\/nika-komuna-e-ulqinit-perseri-e-bllokuar\/#webpage\",\"url\":\"https:\/\/www.visit-ulcinj.com\/blog\/2015\/01\/28\/nika-komuna-e-ulqinit-perseri-e-bllokuar\/\",\"name\":\"Nika: Komuna e Ulqinit p\u00ebrs\u00ebri e bllokuar - Lajme nga Ulqini\",\"isPartOf\":{\"@id\":\"https:\/\/www.visit-ulcinj.com\/blog\/#website\"},\"primaryImageOfPage\":{\"@id\":\"https:\/\/www.visit-ulcinj.com\/blog\/2015\/01\/28\/nika-komuna-e-ulqinit-perseri-e-bllokuar\/#primaryimage\"},\"datePublished\":\"2015-01-28T18:56:21+00:00\",\"dateModified\":\"2015-01-29T17:05:53+00:00\",\"author\":{\"@id\":\"https:\/\/www.visit-ulcinj.com\/blog\/#\/schema\/person\/dcab619c614d3038751c63bc2aadc06d\"},\"description\":\"Shkruan Muhamet Nika: (cik\u00ebl shkrimesh anti korrupsion n\u00eb vazhdime...) N\u00eb regjistrin e l\u00ebnd\u00ebve t\u00eb humbura n\u00eb gjyq, p\u00ebr t\u00eb cilat pritet t\u00eb ekzekutohen n\u00eb\",\"breadcrumb\":{\"@id\":\"https:\/\/www.visit-ulcinj.com\/blog\/2015\/01\/28\/nika-komuna-e-ulqinit-perseri-e-bllokuar\/#breadcrumb\"},\"inLanguage\":\"en-US\",\"potentialAction\":[{\"@type\":\"ReadAction\",\"target\":[\"https:\/\/www.visit-ulcinj.com\/blog\/2015\/01\/28\/nika-komuna-e-ulqinit-perseri-e-bllokuar\/\"]}]},{\"@type\":\"BreadcrumbList\",\"@id\":\"https:\/\/www.visit-ulcinj.com\/blog\/2015\/01\/28\/nika-komuna-e-ulqinit-perseri-e-bllokuar\/#breadcrumb\",\"itemListElement\":[{\"@type\":\"ListItem\",\"position\":1,\"name\":\"Nika: Komuna e Ulqinit p\u00ebrs\u00ebri e bllokuar\"}]},{\"@type\":\"Person\",\"@id\":\"https:\/\/www.visit-ulcinj.com\/blog\/#\/schema\/person\/dcab619c614d3038751c63bc2aadc06d\",\"name\":\"ulqini\",\"sameAs\":[\"http:\/\/www.visit-ulcinj.com\"],\"url\":\"https:\/\/www.visit-ulcinj.com\/blog\/author\/admin\/\"}]}<\/script>\n<!-- \/ Yoast SEO plugin. -->","yoast_head_json":{"title":"Nika: Komuna e Ulqinit p\u00ebrs\u00ebri e bllokuar - Lajme nga Ulqini","description":"Shkruan Muhamet Nika: (cik\u00ebl shkrimesh anti korrupsion n\u00eb vazhdime...) N\u00eb regjistrin e l\u00ebnd\u00ebve t\u00eb humbura n\u00eb gjyq, p\u00ebr t\u00eb cilat pritet t\u00eb ekzekutohen n\u00eb","robots":{"index":"index","follow":"follow","max-snippet":"max-snippet:-1","max-image-preview":"max-image-preview:large","max-video-preview":"max-video-preview:-1"},"canonical":"https:\/\/www.visit-ulcinj.com\/blog\/2015\/01\/28\/nika-komuna-e-ulqinit-perseri-e-bllokuar\/","og_locale":"en_US","og_type":"article","og_title":"Nika: Komuna e Ulqinit p\u00ebrs\u00ebri e bllokuar - Lajme nga Ulqini","og_description":"Shkruan Muhamet Nika: (cik\u00ebl shkrimesh anti korrupsion n\u00eb vazhdime...) N\u00eb regjistrin e l\u00ebnd\u00ebve t\u00eb humbura n\u00eb gjyq, p\u00ebr t\u00eb cilat pritet t\u00eb ekzekutohen n\u00eb","og_url":"https:\/\/www.visit-ulcinj.com\/blog\/2015\/01\/28\/nika-komuna-e-ulqinit-perseri-e-bllokuar\/","og_site_name":"Lajme nga Ulqini","article_published_time":"2015-01-28T18:56:21+00:00","article_modified_time":"2015-01-29T17:05:53+00:00","og_image":[{"url":"http:\/\/www.visit-ulcinj.com\/blog\/wp-content\/uploads\/2015\/01\/Parking-Hotel-Galeb-Ulqin.jpg"}],"twitter_misc":{"Written by":"ulqini","Est. reading time":"3 minutes"},"schema":{"@context":"https:\/\/schema.org","@graph":[{"@type":"WebSite","@id":"https:\/\/www.visit-ulcinj.com\/blog\/#website","url":"https:\/\/www.visit-ulcinj.com\/blog\/","name":"Lajme nga Ulqini","description":"Lajme,Vijesti,Ulqini,Ulqin,Crna Gora,Mali i Zi","potentialAction":[{"@type":"SearchAction","target":{"@type":"EntryPoint","urlTemplate":"https:\/\/www.visit-ulcinj.com\/blog\/?s={search_term_string}"},"query-input":"required name=search_term_string"}],"inLanguage":"en-US"},{"@type":"ImageObject","inLanguage":"en-US","@id":"https:\/\/www.visit-ulcinj.com\/blog\/2015\/01\/28\/nika-komuna-e-ulqinit-perseri-e-bllokuar\/#primaryimage","url":"http:\/\/www.visit-ulcinj.com\/blog\/wp-content\/uploads\/2015\/01\/Parking-Hotel-Galeb-Ulqin.jpg","contentUrl":"http:\/\/www.visit-ulcinj.com\/blog\/wp-content\/uploads\/2015\/01\/Parking-Hotel-Galeb-Ulqin.jpg"},{"@type":"WebPage","@id":"https:\/\/www.visit-ulcinj.com\/blog\/2015\/01\/28\/nika-komuna-e-ulqinit-perseri-e-bllokuar\/#webpage","url":"https:\/\/www.visit-ulcinj.com\/blog\/2015\/01\/28\/nika-komuna-e-ulqinit-perseri-e-bllokuar\/","name":"Nika: Komuna e Ulqinit p\u00ebrs\u00ebri e bllokuar - Lajme nga Ulqini","isPartOf":{"@id":"https:\/\/www.visit-ulcinj.com\/blog\/#website"},"primaryImageOfPage":{"@id":"https:\/\/www.visit-ulcinj.com\/blog\/2015\/01\/28\/nika-komuna-e-ulqinit-perseri-e-bllokuar\/#primaryimage"},"datePublished":"2015-01-28T18:56:21+00:00","dateModified":"2015-01-29T17:05:53+00:00","author":{"@id":"https:\/\/www.visit-ulcinj.com\/blog\/#\/schema\/person\/dcab619c614d3038751c63bc2aadc06d"},"description":"Shkruan Muhamet Nika: (cik\u00ebl shkrimesh anti korrupsion n\u00eb vazhdime...) N\u00eb regjistrin e l\u00ebnd\u00ebve t\u00eb humbura n\u00eb gjyq, p\u00ebr t\u00eb cilat pritet t\u00eb ekzekutohen n\u00eb","breadcrumb":{"@id":"https:\/\/www.visit-ulcinj.com\/blog\/2015\/01\/28\/nika-komuna-e-ulqinit-perseri-e-bllokuar\/#breadcrumb"},"inLanguage":"en-US","potentialAction":[{"@type":"ReadAction","target":["https:\/\/www.visit-ulcinj.com\/blog\/2015\/01\/28\/nika-komuna-e-ulqinit-perseri-e-bllokuar\/"]}]},{"@type":"BreadcrumbList","@id":"https:\/\/www.visit-ulcinj.com\/blog\/2015\/01\/28\/nika-komuna-e-ulqinit-perseri-e-bllokuar\/#breadcrumb","itemListElement":[{"@type":"ListItem","position":1,"name":"Nika: Komuna e Ulqinit p\u00ebrs\u00ebri e bllokuar"}]},{"@type":"Person","@id":"https:\/\/www.visit-ulcinj.com\/blog\/#\/schema\/person\/dcab619c614d3038751c63bc2aadc06d","name":"ulqini","sameAs":["http:\/\/www.visit-ulcinj.com"],"url":"https:\/\/www.visit-ulcinj.com\/blog\/author\/admin\/"}]}},"jetpack_featured_media_url":"","jetpack_sharing_enabled":true,"jetpack_shortlink":"https:\/\/wp.me\/pe6lTn-mXA","_links":{"self":[{"href":"https:\/\/www.visit-ulcinj.com\/blog\/wp-json\/wp\/v2\/posts\/88262"}],"collection":[{"href":"https:\/\/www.visit-ulcinj.com\/blog\/wp-json\/wp\/v2\/posts"}],"about":[{"href":"https:\/\/www.visit-ulcinj.com\/blog\/wp-json\/wp\/v2\/types\/post"}],"author":[{"embeddable":true,"href":"https:\/\/www.visit-ulcinj.com\/blog\/wp-json\/wp\/v2\/users\/1"}],"replies":[{"embeddable":true,"href":"https:\/\/www.visit-ulcinj.com\/blog\/wp-json\/wp\/v2\/comments?post=88262"}],"version-history":[{"count":1,"href":"https:\/\/www.visit-ulcinj.com\/blog\/wp-json\/wp\/v2\/posts\/88262\/revisions"}],"predecessor-version":[{"id":88265,"href":"https:\/\/www.visit-ulcinj.com\/blog\/wp-json\/wp\/v2\/posts\/88262\/revisions\/88265"}],"wp:attachment":[{"href":"https:\/\/www.visit-ulcinj.com\/blog\/wp-json\/wp\/v2\/media?parent=88262"}],"wp:term":[{"taxonomy":"category","embeddable":true,"href":"https:\/\/www.visit-ulcinj.com\/blog\/wp-json\/wp\/v2\/categories?post=88262"},{"taxonomy":"post_tag","embeddable":true,"href":"https:\/\/www.visit-ulcinj.com\/blog\/wp-json\/wp\/v2\/tags?post=88262"}],"curies":[{"name":"wp","href":"https:\/\/api.w.org\/{rel}","templated":true}]}}