{"id":88278,"date":"2015-01-29T19:26:22","date_gmt":"2015-01-29T18:26:22","guid":{"rendered":"http:\/\/www.visit-ulcinj.com\/blog\/?p=88278"},"modified":"2015-01-29T19:26:22","modified_gmt":"2015-01-29T18:26:22","slug":"ulcinj-na-sajmu-u-bratislavi-2015","status":"publish","type":"post","link":"https:\/\/www.visit-ulcinj.com\/blog\/2015\/01\/29\/ulcinj-na-sajmu-u-bratislavi-2015\/","title":{"rendered":"TO Ulcinj na sajmu u Bratislavi 2015"},"content":{"rendered":"<p><strong><a href=\"http:\/\/www.visit-ulcinj.com\/blog\/wp-content\/uploads\/2015\/01\/OT-ULQIN-TO-ULCINJ-1.jpg\"><img loading=\"lazy\" class=\"alignleft wp-image-88275\" src=\"http:\/\/www.visit-ulcinj.com\/blog\/wp-content\/uploads\/2015\/01\/OT-ULQIN-TO-ULCINJ-1.jpg\" alt=\"OT-ULQIN-TO-ULCINJ-1\" width=\"508\" height=\"286\" srcset=\"https:\/\/www.visit-ulcinj.com\/blog\/wp-content\/uploads\/2015\/01\/OT-ULQIN-TO-ULCINJ-1.jpg 999w, https:\/\/www.visit-ulcinj.com\/blog\/wp-content\/uploads\/2015\/01\/OT-ULQIN-TO-ULCINJ-1-300x169.jpg 300w\" sizes=\"(max-width: 508px) 100vw, 508px\" \/><\/a>Sajam u Bratislavi 2015<\/strong><\/p>\n<p>Turisti\u010dka organizacija Ulcinj u saradnji sa lokalnim organizacijama Bara, Tivta, Budve, Cetinja i Kotora nastupaju na zajedni\u010dkom \u0161tandu na sajmu turizma u Bratislavi *ITF Slovakia* koji je ujedno jedan od najve\u0107ih sajmova turizma u Slova\u010dkoj a koji se ove godine odr\u017eava od 29.januara do 01.februara 2015.godine.<\/p>\n<p><a href=\"http:\/\/www.visit-ulcinj.com\/blog\/wp-content\/uploads\/2015\/01\/OT-ULQIN-TO-ULCINJ.jpg\"><img loading=\"lazy\" class=\"alignleft wp-image-88276 size-medium\" src=\"http:\/\/www.visit-ulcinj.com\/blog\/wp-content\/uploads\/2015\/01\/OT-ULQIN-TO-ULCINJ-169x300.jpg\" alt=\"OT-ULQIN-TO-ULCINJ\" width=\"169\" height=\"300\" srcset=\"https:\/\/www.visit-ulcinj.com\/blog\/wp-content\/uploads\/2015\/01\/OT-ULQIN-TO-ULCINJ-169x300.jpg 169w, https:\/\/www.visit-ulcinj.com\/blog\/wp-content\/uploads\/2015\/01\/OT-ULQIN-TO-ULCINJ.jpg 280w\" sizes=\"(max-width: 169px) 100vw, 169px\" \/><\/a>Prvog dana sajma posjeta je izuzetno velika a prema procjenama organizatora na sajmu svoju turisti\u010dku ponudu predstavlja preko 300 izlaga\u010da iz preko 20 zemalja, dok isti o\u010dekuju da \u0107e sajam do kraja posjetiti preko 75.000 kako profesionalaca iz oblasti turizma tako i individualnih turista koji tra\u017ee destinaciju za odmor. Tako\u0111e na zajedni\u010dkom \u0161tandu Crne Gore prvog dana su odr\u017eani brojni poslovni susreti sa predstavnicima turisti\u010dkih agencija i turoperatora uz najavu nastavka dobre saradnje . Posjetiocima na\u0161eg standa je ponu\u0111en raznovrstan materijal uz pomo\u0107 kojeg se na engleskom jeziku posjetioci mogu informisati o ponudi kako Ulcinja tako i cijele Crne Gore u 2015.godini.<br \/>\nPored aktivnog u\u010de\u0161\u0107a Turisti\u010dke Organizacije Ulcinj koja \u0107e grad promovisati kroz razne kataloge, Ulcinj \u0107e tako\u0111e biti promovisan kao jedna od najpo\u017eeljnijih primorskih destinacija u Crnoj Gori za provo\u0111enje aktivnog odmora kao \u0161to su Kite i wind surfing, ronjenje, pje\u0161a\u010denje, posmatranje ptica itd.<\/p>\n<p>Stru\u010dna slu\u017eba TO Ulcinj<\/p>\n","protected":false},"excerpt":{"rendered":"<p>Sajam u Bratislavi 2015 Turisti\u010dka organizacija Ulcinj u saradnji sa lokalnim organizacijama Bara, Tivta, Budve, Cetinja i Kotora nastupaju na zajedni\u010dkom \u0161tandu na sajmu turizma u Bratislavi *ITF Slovakia* koji je ujedno jedan od najve\u0107ih sajmova turizma u Slova\u010dkoj a koji se ove godine odr\u017eava od 29.januara do 01.februara 2015.godine. Prvog dana sajma posjeta je [&hellip;]<\/p>\n","protected":false},"author":1,"featured_media":0,"comment_status":"closed","ping_status":"closed","sticky":false,"template":"","format":"standard","meta":{"spay_email":"","jetpack_publicize_message":"","jetpack_is_tweetstorm":false,"jetpack_publicize_feature_enabled":true},"categories":[8337],"tags":[],"jetpack_publicize_connections":[],"yoast_head":"<!-- This site is optimized with the Yoast SEO plugin v19.1 - https:\/\/yoast.com\/wordpress\/plugins\/seo\/ -->\n<title>TO Ulcinj na sajmu u Bratislavi 2015 - Lajme nga Ulqini<\/title>\n<meta name=\"description\" content=\"Sajam u Bratislavi 2015 Turisti\u010dka organizacija Ulcinj u saradnji sa lokalnim organizacijama Bara, Tivta, Budve, Cetinja i Kotora nastupaju na zajedni\u010dkom\" \/>\n<meta name=\"robots\" content=\"index, follow, max-snippet:-1, max-image-preview:large, max-video-preview:-1\" \/>\n<link rel=\"canonical\" href=\"https:\/\/www.visit-ulcinj.com\/blog\/2015\/01\/29\/ulcinj-na-sajmu-u-bratislavi-2015\/\" \/>\n<meta property=\"og:locale\" content=\"en_US\" \/>\n<meta property=\"og:type\" content=\"article\" \/>\n<meta property=\"og:title\" content=\"TO Ulcinj na sajmu u Bratislavi 2015 - Lajme nga Ulqini\" \/>\n<meta property=\"og:description\" content=\"Sajam u Bratislavi 2015 Turisti\u010dka organizacija Ulcinj u saradnji sa lokalnim organizacijama Bara, Tivta, Budve, Cetinja i Kotora nastupaju na zajedni\u010dkom\" \/>\n<meta property=\"og:url\" content=\"https:\/\/www.visit-ulcinj.com\/blog\/2015\/01\/29\/ulcinj-na-sajmu-u-bratislavi-2015\/\" \/>\n<meta property=\"og:site_name\" content=\"Lajme nga Ulqini\" \/>\n<meta property=\"article:published_time\" content=\"2015-01-29T18:26:22+00:00\" \/>\n<meta property=\"og:image\" content=\"http:\/\/www.visit-ulcinj.com\/blog\/wp-content\/uploads\/2015\/01\/OT-ULQIN-TO-ULCINJ-1.jpg\" \/>\n<meta name=\"twitter:label1\" content=\"Written by\" \/>\n\t<meta name=\"twitter:data1\" content=\"ulqini\" \/>\n\t<meta name=\"twitter:label2\" content=\"Est. reading time\" \/>\n\t<meta name=\"twitter:data2\" content=\"1 minute\" \/>\n<script type=\"application\/ld+json\" class=\"yoast-schema-graph\">{\"@context\":\"https:\/\/schema.org\",\"@graph\":[{\"@type\":\"WebSite\",\"@id\":\"https:\/\/www.visit-ulcinj.com\/blog\/#website\",\"url\":\"https:\/\/www.visit-ulcinj.com\/blog\/\",\"name\":\"Lajme nga Ulqini\",\"description\":\"Lajme,Vijesti,Ulqini,Ulqin,Crna Gora,Mali i Zi\",\"potentialAction\":[{\"@type\":\"SearchAction\",\"target\":{\"@type\":\"EntryPoint\",\"urlTemplate\":\"https:\/\/www.visit-ulcinj.com\/blog\/?s={search_term_string}\"},\"query-input\":\"required name=search_term_string\"}],\"inLanguage\":\"en-US\"},{\"@type\":\"ImageObject\",\"inLanguage\":\"en-US\",\"@id\":\"https:\/\/www.visit-ulcinj.com\/blog\/2015\/01\/29\/ulcinj-na-sajmu-u-bratislavi-2015\/#primaryimage\",\"url\":\"https:\/\/www.visit-ulcinj.com\/blog\/wp-content\/uploads\/2015\/01\/OT-ULQIN-TO-ULCINJ-1.jpg\",\"contentUrl\":\"https:\/\/www.visit-ulcinj.com\/blog\/wp-content\/uploads\/2015\/01\/OT-ULQIN-TO-ULCINJ-1.jpg\",\"width\":999,\"height\":562},{\"@type\":\"WebPage\",\"@id\":\"https:\/\/www.visit-ulcinj.com\/blog\/2015\/01\/29\/ulcinj-na-sajmu-u-bratislavi-2015\/#webpage\",\"url\":\"https:\/\/www.visit-ulcinj.com\/blog\/2015\/01\/29\/ulcinj-na-sajmu-u-bratislavi-2015\/\",\"name\":\"TO Ulcinj na sajmu u Bratislavi 2015 - Lajme nga Ulqini\",\"isPartOf\":{\"@id\":\"https:\/\/www.visit-ulcinj.com\/blog\/#website\"},\"primaryImageOfPage\":{\"@id\":\"https:\/\/www.visit-ulcinj.com\/blog\/2015\/01\/29\/ulcinj-na-sajmu-u-bratislavi-2015\/#primaryimage\"},\"datePublished\":\"2015-01-29T18:26:22+00:00\",\"dateModified\":\"2015-01-29T18:26:22+00:00\",\"author\":{\"@id\":\"https:\/\/www.visit-ulcinj.com\/blog\/#\/schema\/person\/dcab619c614d3038751c63bc2aadc06d\"},\"description\":\"Sajam u Bratislavi 2015 Turisti\u010dka organizacija Ulcinj u saradnji sa lokalnim organizacijama Bara, Tivta, Budve, Cetinja i Kotora nastupaju na zajedni\u010dkom\",\"breadcrumb\":{\"@id\":\"https:\/\/www.visit-ulcinj.com\/blog\/2015\/01\/29\/ulcinj-na-sajmu-u-bratislavi-2015\/#breadcrumb\"},\"inLanguage\":\"en-US\",\"potentialAction\":[{\"@type\":\"ReadAction\",\"target\":[\"https:\/\/www.visit-ulcinj.com\/blog\/2015\/01\/29\/ulcinj-na-sajmu-u-bratislavi-2015\/\"]}]},{\"@type\":\"BreadcrumbList\",\"@id\":\"https:\/\/www.visit-ulcinj.com\/blog\/2015\/01\/29\/ulcinj-na-sajmu-u-bratislavi-2015\/#breadcrumb\",\"itemListElement\":[{\"@type\":\"ListItem\",\"position\":1,\"name\":\"TO Ulcinj na sajmu u Bratislavi 2015\"}]},{\"@type\":\"Person\",\"@id\":\"https:\/\/www.visit-ulcinj.com\/blog\/#\/schema\/person\/dcab619c614d3038751c63bc2aadc06d\",\"name\":\"ulqini\",\"sameAs\":[\"http:\/\/www.visit-ulcinj.com\"],\"url\":\"https:\/\/www.visit-ulcinj.com\/blog\/author\/admin\/\"}]}<\/script>\n<!-- \/ Yoast SEO plugin. -->","yoast_head_json":{"title":"TO Ulcinj na sajmu u Bratislavi 2015 - Lajme nga Ulqini","description":"Sajam u Bratislavi 2015 Turisti\u010dka organizacija Ulcinj u saradnji sa lokalnim organizacijama Bara, Tivta, Budve, Cetinja i Kotora nastupaju na zajedni\u010dkom","robots":{"index":"index","follow":"follow","max-snippet":"max-snippet:-1","max-image-preview":"max-image-preview:large","max-video-preview":"max-video-preview:-1"},"canonical":"https:\/\/www.visit-ulcinj.com\/blog\/2015\/01\/29\/ulcinj-na-sajmu-u-bratislavi-2015\/","og_locale":"en_US","og_type":"article","og_title":"TO Ulcinj na sajmu u Bratislavi 2015 - Lajme nga Ulqini","og_description":"Sajam u Bratislavi 2015 Turisti\u010dka organizacija Ulcinj u saradnji sa lokalnim organizacijama Bara, Tivta, Budve, Cetinja i Kotora nastupaju na zajedni\u010dkom","og_url":"https:\/\/www.visit-ulcinj.com\/blog\/2015\/01\/29\/ulcinj-na-sajmu-u-bratislavi-2015\/","og_site_name":"Lajme nga Ulqini","article_published_time":"2015-01-29T18:26:22+00:00","og_image":[{"url":"http:\/\/www.visit-ulcinj.com\/blog\/wp-content\/uploads\/2015\/01\/OT-ULQIN-TO-ULCINJ-1.jpg"}],"twitter_misc":{"Written by":"ulqini","Est. reading time":"1 minute"},"schema":{"@context":"https:\/\/schema.org","@graph":[{"@type":"WebSite","@id":"https:\/\/www.visit-ulcinj.com\/blog\/#website","url":"https:\/\/www.visit-ulcinj.com\/blog\/","name":"Lajme nga Ulqini","description":"Lajme,Vijesti,Ulqini,Ulqin,Crna Gora,Mali i Zi","potentialAction":[{"@type":"SearchAction","target":{"@type":"EntryPoint","urlTemplate":"https:\/\/www.visit-ulcinj.com\/blog\/?s={search_term_string}"},"query-input":"required name=search_term_string"}],"inLanguage":"en-US"},{"@type":"ImageObject","inLanguage":"en-US","@id":"https:\/\/www.visit-ulcinj.com\/blog\/2015\/01\/29\/ulcinj-na-sajmu-u-bratislavi-2015\/#primaryimage","url":"https:\/\/www.visit-ulcinj.com\/blog\/wp-content\/uploads\/2015\/01\/OT-ULQIN-TO-ULCINJ-1.jpg","contentUrl":"https:\/\/www.visit-ulcinj.com\/blog\/wp-content\/uploads\/2015\/01\/OT-ULQIN-TO-ULCINJ-1.jpg","width":999,"height":562},{"@type":"WebPage","@id":"https:\/\/www.visit-ulcinj.com\/blog\/2015\/01\/29\/ulcinj-na-sajmu-u-bratislavi-2015\/#webpage","url":"https:\/\/www.visit-ulcinj.com\/blog\/2015\/01\/29\/ulcinj-na-sajmu-u-bratislavi-2015\/","name":"TO Ulcinj na sajmu u Bratislavi 2015 - Lajme nga Ulqini","isPartOf":{"@id":"https:\/\/www.visit-ulcinj.com\/blog\/#website"},"primaryImageOfPage":{"@id":"https:\/\/www.visit-ulcinj.com\/blog\/2015\/01\/29\/ulcinj-na-sajmu-u-bratislavi-2015\/#primaryimage"},"datePublished":"2015-01-29T18:26:22+00:00","dateModified":"2015-01-29T18:26:22+00:00","author":{"@id":"https:\/\/www.visit-ulcinj.com\/blog\/#\/schema\/person\/dcab619c614d3038751c63bc2aadc06d"},"description":"Sajam u Bratislavi 2015 Turisti\u010dka organizacija Ulcinj u saradnji sa lokalnim organizacijama Bara, Tivta, Budve, Cetinja i Kotora nastupaju na zajedni\u010dkom","breadcrumb":{"@id":"https:\/\/www.visit-ulcinj.com\/blog\/2015\/01\/29\/ulcinj-na-sajmu-u-bratislavi-2015\/#breadcrumb"},"inLanguage":"en-US","potentialAction":[{"@type":"ReadAction","target":["https:\/\/www.visit-ulcinj.com\/blog\/2015\/01\/29\/ulcinj-na-sajmu-u-bratislavi-2015\/"]}]},{"@type":"BreadcrumbList","@id":"https:\/\/www.visit-ulcinj.com\/blog\/2015\/01\/29\/ulcinj-na-sajmu-u-bratislavi-2015\/#breadcrumb","itemListElement":[{"@type":"ListItem","position":1,"name":"TO Ulcinj na sajmu u Bratislavi 2015"}]},{"@type":"Person","@id":"https:\/\/www.visit-ulcinj.com\/blog\/#\/schema\/person\/dcab619c614d3038751c63bc2aadc06d","name":"ulqini","sameAs":["http:\/\/www.visit-ulcinj.com"],"url":"https:\/\/www.visit-ulcinj.com\/blog\/author\/admin\/"}]}},"jetpack_featured_media_url":"","jetpack_sharing_enabled":true,"jetpack_shortlink":"https:\/\/wp.me\/pe6lTn-mXQ","_links":{"self":[{"href":"https:\/\/www.visit-ulcinj.com\/blog\/wp-json\/wp\/v2\/posts\/88278"}],"collection":[{"href":"https:\/\/www.visit-ulcinj.com\/blog\/wp-json\/wp\/v2\/posts"}],"about":[{"href":"https:\/\/www.visit-ulcinj.com\/blog\/wp-json\/wp\/v2\/types\/post"}],"author":[{"embeddable":true,"href":"https:\/\/www.visit-ulcinj.com\/blog\/wp-json\/wp\/v2\/users\/1"}],"replies":[{"embeddable":true,"href":"https:\/\/www.visit-ulcinj.com\/blog\/wp-json\/wp\/v2\/comments?post=88278"}],"version-history":[{"count":1,"href":"https:\/\/www.visit-ulcinj.com\/blog\/wp-json\/wp\/v2\/posts\/88278\/revisions"}],"predecessor-version":[{"id":88279,"href":"https:\/\/www.visit-ulcinj.com\/blog\/wp-json\/wp\/v2\/posts\/88278\/revisions\/88279"}],"wp:attachment":[{"href":"https:\/\/www.visit-ulcinj.com\/blog\/wp-json\/wp\/v2\/media?parent=88278"}],"wp:term":[{"taxonomy":"category","embeddable":true,"href":"https:\/\/www.visit-ulcinj.com\/blog\/wp-json\/wp\/v2\/categories?post=88278"},{"taxonomy":"post_tag","embeddable":true,"href":"https:\/\/www.visit-ulcinj.com\/blog\/wp-json\/wp\/v2\/tags?post=88278"}],"curies":[{"name":"wp","href":"https:\/\/api.w.org\/{rel}","templated":true}]}}