{"id":88294,"date":"2015-01-31T00:16:22","date_gmt":"2015-01-30T23:16:22","guid":{"rendered":"http:\/\/www.visit-ulcinj.com\/blog\/?p=88294"},"modified":"2015-02-01T11:28:43","modified_gmt":"2015-02-01T10:28:43","slug":"shi-rrembyshem-ere-te-fuqishme-kaploi-ulqinin","status":"publish","type":"post","link":"https:\/\/www.visit-ulcinj.com\/blog\/2015\/01\/31\/shi-rrembyshem-ere-te-fuqishme-kaploi-ulqinin\/","title":{"rendered":"Shi i rr\u00ebmbysh\u00ebm me er\u00eb t\u00eb fuqishme kaploi Ulqinin"},"content":{"rendered":"<p><a href=\"http:\/\/www.visit-ulcinj.com\/blog\/wp-content\/uploads\/2015\/01\/Jako-nevreme-zahvatilo-Ulcinj.jpg\"><img loading=\"lazy\" class=\"alignleft wp-image-88292\" src=\"http:\/\/www.visit-ulcinj.com\/blog\/wp-content\/uploads\/2015\/01\/Jako-nevreme-zahvatilo-Ulcinj.jpg\" alt=\"Jako nevreme  zahvatilo Ulcinj\" width=\"508\" height=\"381\" srcset=\"https:\/\/www.visit-ulcinj.com\/blog\/wp-content\/uploads\/2015\/01\/Jako-nevreme-zahvatilo-Ulcinj.jpg 960w, https:\/\/www.visit-ulcinj.com\/blog\/wp-content\/uploads\/2015\/01\/Jako-nevreme-zahvatilo-Ulcinj-300x225.jpg 300w\" sizes=\"(max-width: 508px) 100vw, 508px\" \/><\/a>Moti i keq me er\u00eb t\u00eb fuqishme ka shkaktuar shum\u00eb probleme qytetar\u00ebve, nd\u00ebrsa shum\u00eb pun\u00eb kishte edhe Sh\u00ebrbimi i mbrojtjes dhe shp\u00ebtimit.<\/p>\n<p>Si\u00e7 \u00ebsht\u00eb njoftuar p\u00ebr Portalin UL-info, prej or\u00ebs 18 kan\u00eb filluar thirrjet p\u00ebr intervenime n\u00eb disa lokalitete t\u00eb ndryshme. Fillimisht \u00ebsht\u00eb bllokuar rruga Kodra-Kripore, ku era rr\u00ebzoj\u00eb mbi nj\u00ebzet pisha, nd\u00ebrsa ka edhe makina t\u00eb d\u00ebmtuara. Poashtu, theksohet q\u00eb \u00ebsht\u00eb nd\u00ebrprer\u00eb linja e transmetimit t\u00eb rrym\u00ebs.<\/p>\n<p>Nj\u00eb dru ka r\u00ebn\u00eb edhe tek hoteli \u201cImperial\u201d n\u00eb Plazhin e madh, n\u00eb Mal t\u00eb bardh nj\u00eb pish ka r\u00ebn\u00eb n\u00eb lindjen e transmetimit t\u00eb energjis\u00eb elektrike, nd\u00ebrsa dy pisha kan\u00eb nd\u00ebrprer\u00eb rrug\u00ebn kah \u201cAlbatrosi\u201d.<\/p>\n<p>Me p\u00ebrpjekjet e pjes\u00ebtar\u00ebve t\u00eb Sh\u00ebrbimit, t\u00eb cil\u00ebt ndodhen n\u00eb terren, t\u00eb gjith\u00eb drunjt\u00eb jan\u00eb larguar nga rruga dhe nga linja e transmetimit.<\/p>\n<p>Shtohet q\u00eb era ka ngritur nj\u00eb pjes\u00eb t\u00eb pullazit t\u00eb nj\u00eb sht\u00ebpie n\u00eb af\u00ebrsi t\u00eb furr\u00ebs s\u00eb buk\u00ebs \u201cJadran\u201d.<\/p>\n<p>\u201cEra e stuhishme vazhdon t\u00eb fryj\u00eb, k\u00ebshtu q\u00eb na pret nj\u00eb nat\u00eb e trazuar. P\u00ebr k\u00ebt\u00eb arsye do t\u00eb jen\u00eb kujdestar dhe n\u00eb terren t\u00eb gjith\u00eb p\u00ebrfaq\u00ebsuesit e Sh\u00ebrbimit t\u00eb mbrojtjes dhe shp\u00ebtimit\u201d, thon\u00eb nga ky institucion.<\/p>\n","protected":false},"excerpt":{"rendered":"<p>Moti i keq me er\u00eb t\u00eb fuqishme ka shkaktuar shum\u00eb probleme qytetar\u00ebve, nd\u00ebrsa shum\u00eb pun\u00eb kishte edhe Sh\u00ebrbimi i mbrojtjes dhe shp\u00ebtimit. Si\u00e7 \u00ebsht\u00eb njoftuar p\u00ebr Portalin UL-info, prej or\u00ebs 18 kan\u00eb filluar thirrjet p\u00ebr intervenime n\u00eb disa lokalitete t\u00eb ndryshme. Fillimisht \u00ebsht\u00eb bllokuar rruga Kodra-Kripore, ku era rr\u00ebzoj\u00eb mbi nj\u00ebzet pisha, nd\u00ebrsa ka edhe [&hellip;]<\/p>\n","protected":false},"author":1,"featured_media":0,"comment_status":"closed","ping_status":"closed","sticky":false,"template":"","format":"standard","meta":{"spay_email":"","jetpack_publicize_message":"","jetpack_is_tweetstorm":false,"jetpack_publicize_feature_enabled":true},"categories":[1,6950],"tags":[],"jetpack_publicize_connections":[],"yoast_head":"<!-- This site is optimized with the Yoast SEO plugin v19.1 - https:\/\/yoast.com\/wordpress\/plugins\/seo\/ -->\n<title>Shi i rr\u00ebmbysh\u00ebm me er\u00eb t\u00eb fuqishme kaploi Ulqinin - Lajme nga Ulqini<\/title>\n<meta name=\"description\" content=\"Moti i keq me er\u00eb t\u00eb fuqishme ka shkaktuar shum\u00eb probleme qytetar\u00ebve, nd\u00ebrsa shum\u00eb pun\u00eb kishte edhe Sh\u00ebrbimi i mbrojtjes dhe shp\u00ebtimit. Si\u00e7 \u00ebsht\u00eb njoftuar\" \/>\n<meta name=\"robots\" content=\"index, follow, max-snippet:-1, max-image-preview:large, max-video-preview:-1\" \/>\n<link rel=\"canonical\" href=\"https:\/\/www.visit-ulcinj.com\/blog\/2015\/01\/31\/shi-rrembyshem-ere-te-fuqishme-kaploi-ulqinin\/\" \/>\n<meta property=\"og:locale\" content=\"en_US\" \/>\n<meta property=\"og:type\" content=\"article\" \/>\n<meta property=\"og:title\" content=\"Shi i rr\u00ebmbysh\u00ebm me er\u00eb t\u00eb fuqishme kaploi Ulqinin - Lajme nga Ulqini\" \/>\n<meta property=\"og:description\" content=\"Moti i keq me er\u00eb t\u00eb fuqishme ka shkaktuar shum\u00eb probleme qytetar\u00ebve, nd\u00ebrsa shum\u00eb pun\u00eb kishte edhe Sh\u00ebrbimi i mbrojtjes dhe shp\u00ebtimit. Si\u00e7 \u00ebsht\u00eb njoftuar\" \/>\n<meta property=\"og:url\" content=\"https:\/\/www.visit-ulcinj.com\/blog\/2015\/01\/31\/shi-rrembyshem-ere-te-fuqishme-kaploi-ulqinin\/\" \/>\n<meta property=\"og:site_name\" content=\"Lajme nga Ulqini\" \/>\n<meta property=\"article:published_time\" content=\"2015-01-30T23:16:22+00:00\" \/>\n<meta property=\"article:modified_time\" content=\"2015-02-01T10:28:43+00:00\" \/>\n<meta property=\"og:image\" content=\"http:\/\/www.visit-ulcinj.com\/blog\/wp-content\/uploads\/2015\/01\/Jako-nevreme-zahvatilo-Ulcinj.jpg\" \/>\n<meta name=\"twitter:label1\" content=\"Written by\" \/>\n\t<meta name=\"twitter:data1\" content=\"ulqini\" \/>\n\t<meta name=\"twitter:label2\" content=\"Est. reading time\" \/>\n\t<meta name=\"twitter:data2\" content=\"1 minute\" \/>\n<script type=\"application\/ld+json\" class=\"yoast-schema-graph\">{\"@context\":\"https:\/\/schema.org\",\"@graph\":[{\"@type\":\"WebSite\",\"@id\":\"https:\/\/www.visit-ulcinj.com\/blog\/#website\",\"url\":\"https:\/\/www.visit-ulcinj.com\/blog\/\",\"name\":\"Lajme nga Ulqini\",\"description\":\"Lajme,Vijesti,Ulqini,Ulqin,Crna Gora,Mali i Zi\",\"potentialAction\":[{\"@type\":\"SearchAction\",\"target\":{\"@type\":\"EntryPoint\",\"urlTemplate\":\"https:\/\/www.visit-ulcinj.com\/blog\/?s={search_term_string}\"},\"query-input\":\"required name=search_term_string\"}],\"inLanguage\":\"en-US\"},{\"@type\":\"ImageObject\",\"inLanguage\":\"en-US\",\"@id\":\"https:\/\/www.visit-ulcinj.com\/blog\/2015\/01\/31\/shi-rrembyshem-ere-te-fuqishme-kaploi-ulqinin\/#primaryimage\",\"url\":\"https:\/\/www.visit-ulcinj.com\/blog\/wp-content\/uploads\/2015\/01\/Jako-nevreme-zahvatilo-Ulcinj.jpg\",\"contentUrl\":\"https:\/\/www.visit-ulcinj.com\/blog\/wp-content\/uploads\/2015\/01\/Jako-nevreme-zahvatilo-Ulcinj.jpg\",\"width\":960,\"height\":720},{\"@type\":\"WebPage\",\"@id\":\"https:\/\/www.visit-ulcinj.com\/blog\/2015\/01\/31\/shi-rrembyshem-ere-te-fuqishme-kaploi-ulqinin\/#webpage\",\"url\":\"https:\/\/www.visit-ulcinj.com\/blog\/2015\/01\/31\/shi-rrembyshem-ere-te-fuqishme-kaploi-ulqinin\/\",\"name\":\"Shi i rr\u00ebmbysh\u00ebm me er\u00eb t\u00eb fuqishme kaploi Ulqinin - Lajme nga Ulqini\",\"isPartOf\":{\"@id\":\"https:\/\/www.visit-ulcinj.com\/blog\/#website\"},\"primaryImageOfPage\":{\"@id\":\"https:\/\/www.visit-ulcinj.com\/blog\/2015\/01\/31\/shi-rrembyshem-ere-te-fuqishme-kaploi-ulqinin\/#primaryimage\"},\"datePublished\":\"2015-01-30T23:16:22+00:00\",\"dateModified\":\"2015-02-01T10:28:43+00:00\",\"author\":{\"@id\":\"https:\/\/www.visit-ulcinj.com\/blog\/#\/schema\/person\/dcab619c614d3038751c63bc2aadc06d\"},\"description\":\"Moti i keq me er\u00eb t\u00eb fuqishme ka shkaktuar shum\u00eb probleme qytetar\u00ebve, nd\u00ebrsa shum\u00eb pun\u00eb kishte edhe Sh\u00ebrbimi i mbrojtjes dhe shp\u00ebtimit. Si\u00e7 \u00ebsht\u00eb njoftuar\",\"breadcrumb\":{\"@id\":\"https:\/\/www.visit-ulcinj.com\/blog\/2015\/01\/31\/shi-rrembyshem-ere-te-fuqishme-kaploi-ulqinin\/#breadcrumb\"},\"inLanguage\":\"en-US\",\"potentialAction\":[{\"@type\":\"ReadAction\",\"target\":[\"https:\/\/www.visit-ulcinj.com\/blog\/2015\/01\/31\/shi-rrembyshem-ere-te-fuqishme-kaploi-ulqinin\/\"]}]},{\"@type\":\"BreadcrumbList\",\"@id\":\"https:\/\/www.visit-ulcinj.com\/blog\/2015\/01\/31\/shi-rrembyshem-ere-te-fuqishme-kaploi-ulqinin\/#breadcrumb\",\"itemListElement\":[{\"@type\":\"ListItem\",\"position\":1,\"name\":\"Shi i rr\u00ebmbysh\u00ebm me er\u00eb t\u00eb fuqishme kaploi Ulqinin\"}]},{\"@type\":\"Person\",\"@id\":\"https:\/\/www.visit-ulcinj.com\/blog\/#\/schema\/person\/dcab619c614d3038751c63bc2aadc06d\",\"name\":\"ulqini\",\"sameAs\":[\"http:\/\/www.visit-ulcinj.com\"],\"url\":\"https:\/\/www.visit-ulcinj.com\/blog\/author\/admin\/\"}]}<\/script>\n<!-- \/ Yoast SEO plugin. -->","yoast_head_json":{"title":"Shi i rr\u00ebmbysh\u00ebm me er\u00eb t\u00eb fuqishme kaploi Ulqinin - Lajme nga Ulqini","description":"Moti i keq me er\u00eb t\u00eb fuqishme ka shkaktuar shum\u00eb probleme qytetar\u00ebve, nd\u00ebrsa shum\u00eb pun\u00eb kishte edhe Sh\u00ebrbimi i mbrojtjes dhe shp\u00ebtimit. Si\u00e7 \u00ebsht\u00eb njoftuar","robots":{"index":"index","follow":"follow","max-snippet":"max-snippet:-1","max-image-preview":"max-image-preview:large","max-video-preview":"max-video-preview:-1"},"canonical":"https:\/\/www.visit-ulcinj.com\/blog\/2015\/01\/31\/shi-rrembyshem-ere-te-fuqishme-kaploi-ulqinin\/","og_locale":"en_US","og_type":"article","og_title":"Shi i rr\u00ebmbysh\u00ebm me er\u00eb t\u00eb fuqishme kaploi Ulqinin - Lajme nga Ulqini","og_description":"Moti i keq me er\u00eb t\u00eb fuqishme ka shkaktuar shum\u00eb probleme qytetar\u00ebve, nd\u00ebrsa shum\u00eb pun\u00eb kishte edhe Sh\u00ebrbimi i mbrojtjes dhe shp\u00ebtimit. Si\u00e7 \u00ebsht\u00eb njoftuar","og_url":"https:\/\/www.visit-ulcinj.com\/blog\/2015\/01\/31\/shi-rrembyshem-ere-te-fuqishme-kaploi-ulqinin\/","og_site_name":"Lajme nga Ulqini","article_published_time":"2015-01-30T23:16:22+00:00","article_modified_time":"2015-02-01T10:28:43+00:00","og_image":[{"url":"http:\/\/www.visit-ulcinj.com\/blog\/wp-content\/uploads\/2015\/01\/Jako-nevreme-zahvatilo-Ulcinj.jpg"}],"twitter_misc":{"Written by":"ulqini","Est. reading time":"1 minute"},"schema":{"@context":"https:\/\/schema.org","@graph":[{"@type":"WebSite","@id":"https:\/\/www.visit-ulcinj.com\/blog\/#website","url":"https:\/\/www.visit-ulcinj.com\/blog\/","name":"Lajme nga Ulqini","description":"Lajme,Vijesti,Ulqini,Ulqin,Crna Gora,Mali i Zi","potentialAction":[{"@type":"SearchAction","target":{"@type":"EntryPoint","urlTemplate":"https:\/\/www.visit-ulcinj.com\/blog\/?s={search_term_string}"},"query-input":"required name=search_term_string"}],"inLanguage":"en-US"},{"@type":"ImageObject","inLanguage":"en-US","@id":"https:\/\/www.visit-ulcinj.com\/blog\/2015\/01\/31\/shi-rrembyshem-ere-te-fuqishme-kaploi-ulqinin\/#primaryimage","url":"https:\/\/www.visit-ulcinj.com\/blog\/wp-content\/uploads\/2015\/01\/Jako-nevreme-zahvatilo-Ulcinj.jpg","contentUrl":"https:\/\/www.visit-ulcinj.com\/blog\/wp-content\/uploads\/2015\/01\/Jako-nevreme-zahvatilo-Ulcinj.jpg","width":960,"height":720},{"@type":"WebPage","@id":"https:\/\/www.visit-ulcinj.com\/blog\/2015\/01\/31\/shi-rrembyshem-ere-te-fuqishme-kaploi-ulqinin\/#webpage","url":"https:\/\/www.visit-ulcinj.com\/blog\/2015\/01\/31\/shi-rrembyshem-ere-te-fuqishme-kaploi-ulqinin\/","name":"Shi i rr\u00ebmbysh\u00ebm me er\u00eb t\u00eb fuqishme kaploi Ulqinin - Lajme nga Ulqini","isPartOf":{"@id":"https:\/\/www.visit-ulcinj.com\/blog\/#website"},"primaryImageOfPage":{"@id":"https:\/\/www.visit-ulcinj.com\/blog\/2015\/01\/31\/shi-rrembyshem-ere-te-fuqishme-kaploi-ulqinin\/#primaryimage"},"datePublished":"2015-01-30T23:16:22+00:00","dateModified":"2015-02-01T10:28:43+00:00","author":{"@id":"https:\/\/www.visit-ulcinj.com\/blog\/#\/schema\/person\/dcab619c614d3038751c63bc2aadc06d"},"description":"Moti i keq me er\u00eb t\u00eb fuqishme ka shkaktuar shum\u00eb probleme qytetar\u00ebve, nd\u00ebrsa shum\u00eb pun\u00eb kishte edhe Sh\u00ebrbimi i mbrojtjes dhe shp\u00ebtimit. Si\u00e7 \u00ebsht\u00eb njoftuar","breadcrumb":{"@id":"https:\/\/www.visit-ulcinj.com\/blog\/2015\/01\/31\/shi-rrembyshem-ere-te-fuqishme-kaploi-ulqinin\/#breadcrumb"},"inLanguage":"en-US","potentialAction":[{"@type":"ReadAction","target":["https:\/\/www.visit-ulcinj.com\/blog\/2015\/01\/31\/shi-rrembyshem-ere-te-fuqishme-kaploi-ulqinin\/"]}]},{"@type":"BreadcrumbList","@id":"https:\/\/www.visit-ulcinj.com\/blog\/2015\/01\/31\/shi-rrembyshem-ere-te-fuqishme-kaploi-ulqinin\/#breadcrumb","itemListElement":[{"@type":"ListItem","position":1,"name":"Shi i rr\u00ebmbysh\u00ebm me er\u00eb t\u00eb fuqishme kaploi Ulqinin"}]},{"@type":"Person","@id":"https:\/\/www.visit-ulcinj.com\/blog\/#\/schema\/person\/dcab619c614d3038751c63bc2aadc06d","name":"ulqini","sameAs":["http:\/\/www.visit-ulcinj.com"],"url":"https:\/\/www.visit-ulcinj.com\/blog\/author\/admin\/"}]}},"jetpack_featured_media_url":"","jetpack_sharing_enabled":true,"jetpack_shortlink":"https:\/\/wp.me\/pe6lTn-mY6","_links":{"self":[{"href":"https:\/\/www.visit-ulcinj.com\/blog\/wp-json\/wp\/v2\/posts\/88294"}],"collection":[{"href":"https:\/\/www.visit-ulcinj.com\/blog\/wp-json\/wp\/v2\/posts"}],"about":[{"href":"https:\/\/www.visit-ulcinj.com\/blog\/wp-json\/wp\/v2\/types\/post"}],"author":[{"embeddable":true,"href":"https:\/\/www.visit-ulcinj.com\/blog\/wp-json\/wp\/v2\/users\/1"}],"replies":[{"embeddable":true,"href":"https:\/\/www.visit-ulcinj.com\/blog\/wp-json\/wp\/v2\/comments?post=88294"}],"version-history":[{"count":1,"href":"https:\/\/www.visit-ulcinj.com\/blog\/wp-json\/wp\/v2\/posts\/88294\/revisions"}],"predecessor-version":[{"id":88295,"href":"https:\/\/www.visit-ulcinj.com\/blog\/wp-json\/wp\/v2\/posts\/88294\/revisions\/88295"}],"wp:attachment":[{"href":"https:\/\/www.visit-ulcinj.com\/blog\/wp-json\/wp\/v2\/media?parent=88294"}],"wp:term":[{"taxonomy":"category","embeddable":true,"href":"https:\/\/www.visit-ulcinj.com\/blog\/wp-json\/wp\/v2\/categories?post=88294"},{"taxonomy":"post_tag","embeddable":true,"href":"https:\/\/www.visit-ulcinj.com\/blog\/wp-json\/wp\/v2\/tags?post=88294"}],"curies":[{"name":"wp","href":"https:\/\/api.w.org\/{rel}","templated":true}]}}