{"id":88307,"date":"2015-02-01T11:11:40","date_gmt":"2015-02-01T10:11:40","guid":{"rendered":"http:\/\/www.visit-ulcinj.com\/blog\/?p=88307"},"modified":"2015-02-02T13:57:37","modified_gmt":"2015-02-02T12:57:37","slug":"pse-po-vuan-ekonomia-e-ulqinit-video","status":"publish","type":"post","link":"https:\/\/www.visit-ulcinj.com\/blog\/2015\/02\/01\/pse-po-vuan-ekonomia-e-ulqinit-video\/","title":{"rendered":"Pse po vuan ekonomia e Ulqinit &#8211; Video"},"content":{"rendered":"<p><strong><a href=\"http:\/\/www.visit-ulcinj.com\/blog\/wp-content\/uploads\/2015\/02\/Mans-Propala-ekonomija-Ulcinja.jpg\"><img loading=\"lazy\" class=\"alignleft wp-image-88302\" src=\"http:\/\/www.visit-ulcinj.com\/blog\/wp-content\/uploads\/2015\/02\/Mans-Propala-ekonomija-Ulcinja.jpg\" alt=\"Mans-Propala-ekonomija-Ulcinja\" width=\"508\" height=\"243\" srcset=\"https:\/\/www.visit-ulcinj.com\/blog\/wp-content\/uploads\/2015\/02\/Mans-Propala-ekonomija-Ulcinja.jpg 1024w, https:\/\/www.visit-ulcinj.com\/blog\/wp-content\/uploads\/2015\/02\/Mans-Propala-ekonomija-Ulcinja-300x143.jpg 300w\" sizes=\"(max-width: 508px) 100vw, 508px\" \/><\/a><\/strong>\u201cSi u zhduk ekonomija malazeze\u201d ka qen\u00eb titulli i performanc\u00ebs t\u00eb mbajtur n\u00eb Ulqin organizuar nga rrjeti p\u00ebr afirmimin e sektorit joqeveritar MANS me p\u00ebrkrahjen e Mogulit. Fotografit e nd\u00ebrmarrjeve t\u00eb cilat nuk ekzistojn\u00eb m\u00eb dhe t\u00eb gjigand\u00ebve t\u00eb dikursh\u00ebm ekonomik\u00a0 n\u00eb Ulqin i ka marr\u00eb era dhe n\u00eb m\u00ebnyr\u00eb simbolike \u00ebsht\u00eb ekspozuar r\u00ebnia e tyra , dhe me k\u00ebt\u00eb azgj\u00ebsimim i ekonomis\u00eb s\u00eb Ulqinit.<\/p>\n<p><strong><span class=\"st\">Analiza dhe materiale tjera informative nga Suzana Ganiq &#8211; TV Teuta &#8211; Video<em><br \/>\n<\/em><\/span><\/strong><\/p>\n<p><iframe loading=\"lazy\" src=\"https:\/\/www.youtube.com\/embed\/sOVX4MyNYlM\" width=\"508\" height=\"330\" frameborder=\"0\" allowfullscreen=\"allowfullscreen\"><\/iframe><\/p>\n","protected":false},"excerpt":{"rendered":"<p>\u201cSi u zhduk ekonomija malazeze\u201d ka qen\u00eb titulli i performanc\u00ebs t\u00eb mbajtur n\u00eb Ulqin organizuar nga rrjeti p\u00ebr afirmimin e sektorit joqeveritar MANS me p\u00ebrkrahjen e Mogulit. Fotografit e nd\u00ebrmarrjeve t\u00eb cilat nuk ekzistojn\u00eb m\u00eb dhe t\u00eb gjigand\u00ebve t\u00eb dikursh\u00ebm ekonomik\u00a0 n\u00eb Ulqin i ka marr\u00eb era dhe n\u00eb m\u00ebnyr\u00eb simbolike \u00ebsht\u00eb ekspozuar r\u00ebnia e [&hellip;]<\/p>\n","protected":false},"author":1,"featured_media":0,"comment_status":"closed","ping_status":"closed","sticky":false,"template":"","format":"standard","meta":{"spay_email":"","jetpack_publicize_message":"","jetpack_is_tweetstorm":false,"jetpack_publicize_feature_enabled":true},"categories":[1,2451],"tags":[],"jetpack_publicize_connections":[],"yoast_head":"<!-- This site is optimized with the Yoast SEO plugin v19.1 - https:\/\/yoast.com\/wordpress\/plugins\/seo\/ -->\n<title>Pse po vuan ekonomia e Ulqinit - Video - Lajme nga Ulqini<\/title>\n<meta name=\"description\" content=\"\u201cSi u zhduk ekonomija malazeze\u201d ka qen\u00eb titulli i performanc\u00ebs t\u00eb mbajtur n\u00eb Ulqin organizuar nga rrjeti p\u00ebr afirmimin e sektorit joqeveritar MANS me\" \/>\n<meta name=\"robots\" content=\"index, follow, max-snippet:-1, max-image-preview:large, max-video-preview:-1\" \/>\n<link rel=\"canonical\" href=\"https:\/\/www.visit-ulcinj.com\/blog\/2015\/02\/01\/pse-po-vuan-ekonomia-e-ulqinit-video\/\" \/>\n<meta property=\"og:locale\" content=\"en_US\" \/>\n<meta property=\"og:type\" content=\"article\" \/>\n<meta property=\"og:title\" content=\"Pse po vuan ekonomia e Ulqinit - Video - Lajme nga Ulqini\" \/>\n<meta property=\"og:description\" content=\"\u201cSi u zhduk ekonomija malazeze\u201d ka qen\u00eb titulli i performanc\u00ebs t\u00eb mbajtur n\u00eb Ulqin organizuar nga rrjeti p\u00ebr afirmimin e sektorit joqeveritar MANS me\" \/>\n<meta property=\"og:url\" content=\"https:\/\/www.visit-ulcinj.com\/blog\/2015\/02\/01\/pse-po-vuan-ekonomia-e-ulqinit-video\/\" \/>\n<meta property=\"og:site_name\" content=\"Lajme nga Ulqini\" \/>\n<meta property=\"article:published_time\" content=\"2015-02-01T10:11:40+00:00\" \/>\n<meta property=\"article:modified_time\" content=\"2015-02-02T12:57:37+00:00\" \/>\n<meta property=\"og:image\" content=\"http:\/\/www.visit-ulcinj.com\/blog\/wp-content\/uploads\/2015\/02\/Mans-Propala-ekonomija-Ulcinja.jpg\" \/>\n<meta name=\"twitter:label1\" content=\"Written by\" \/>\n\t<meta name=\"twitter:data1\" content=\"ulqini\" \/>\n<script type=\"application\/ld+json\" class=\"yoast-schema-graph\">{\"@context\":\"https:\/\/schema.org\",\"@graph\":[{\"@type\":\"WebSite\",\"@id\":\"https:\/\/www.visit-ulcinj.com\/blog\/#website\",\"url\":\"https:\/\/www.visit-ulcinj.com\/blog\/\",\"name\":\"Lajme nga Ulqini\",\"description\":\"Lajme,Vijesti,Ulqini,Ulqin,Crna Gora,Mali i Zi\",\"potentialAction\":[{\"@type\":\"SearchAction\",\"target\":{\"@type\":\"EntryPoint\",\"urlTemplate\":\"https:\/\/www.visit-ulcinj.com\/blog\/?s={search_term_string}\"},\"query-input\":\"required name=search_term_string\"}],\"inLanguage\":\"en-US\"},{\"@type\":\"ImageObject\",\"inLanguage\":\"en-US\",\"@id\":\"https:\/\/www.visit-ulcinj.com\/blog\/2015\/02\/01\/pse-po-vuan-ekonomia-e-ulqinit-video\/#primaryimage\",\"url\":\"https:\/\/www.visit-ulcinj.com\/blog\/wp-content\/uploads\/2015\/02\/Mans-Propala-ekonomija-Ulcinja.jpg\",\"contentUrl\":\"https:\/\/www.visit-ulcinj.com\/blog\/wp-content\/uploads\/2015\/02\/Mans-Propala-ekonomija-Ulcinja.jpg\",\"width\":1024,\"height\":489},{\"@type\":\"WebPage\",\"@id\":\"https:\/\/www.visit-ulcinj.com\/blog\/2015\/02\/01\/pse-po-vuan-ekonomia-e-ulqinit-video\/#webpage\",\"url\":\"https:\/\/www.visit-ulcinj.com\/blog\/2015\/02\/01\/pse-po-vuan-ekonomia-e-ulqinit-video\/\",\"name\":\"Pse po vuan ekonomia e Ulqinit - Video - Lajme nga Ulqini\",\"isPartOf\":{\"@id\":\"https:\/\/www.visit-ulcinj.com\/blog\/#website\"},\"primaryImageOfPage\":{\"@id\":\"https:\/\/www.visit-ulcinj.com\/blog\/2015\/02\/01\/pse-po-vuan-ekonomia-e-ulqinit-video\/#primaryimage\"},\"datePublished\":\"2015-02-01T10:11:40+00:00\",\"dateModified\":\"2015-02-02T12:57:37+00:00\",\"author\":{\"@id\":\"https:\/\/www.visit-ulcinj.com\/blog\/#\/schema\/person\/dcab619c614d3038751c63bc2aadc06d\"},\"description\":\"\u201cSi u zhduk ekonomija malazeze\u201d ka qen\u00eb titulli i performanc\u00ebs t\u00eb mbajtur n\u00eb Ulqin organizuar nga rrjeti p\u00ebr afirmimin e sektorit joqeveritar MANS me\",\"breadcrumb\":{\"@id\":\"https:\/\/www.visit-ulcinj.com\/blog\/2015\/02\/01\/pse-po-vuan-ekonomia-e-ulqinit-video\/#breadcrumb\"},\"inLanguage\":\"en-US\",\"potentialAction\":[{\"@type\":\"ReadAction\",\"target\":[\"https:\/\/www.visit-ulcinj.com\/blog\/2015\/02\/01\/pse-po-vuan-ekonomia-e-ulqinit-video\/\"]}]},{\"@type\":\"BreadcrumbList\",\"@id\":\"https:\/\/www.visit-ulcinj.com\/blog\/2015\/02\/01\/pse-po-vuan-ekonomia-e-ulqinit-video\/#breadcrumb\",\"itemListElement\":[{\"@type\":\"ListItem\",\"position\":1,\"name\":\"Pse po vuan ekonomia e Ulqinit &#8211; Video\"}]},{\"@type\":\"Person\",\"@id\":\"https:\/\/www.visit-ulcinj.com\/blog\/#\/schema\/person\/dcab619c614d3038751c63bc2aadc06d\",\"name\":\"ulqini\",\"sameAs\":[\"http:\/\/www.visit-ulcinj.com\"],\"url\":\"https:\/\/www.visit-ulcinj.com\/blog\/author\/admin\/\"}]}<\/script>\n<!-- \/ Yoast SEO plugin. -->","yoast_head_json":{"title":"Pse po vuan ekonomia e Ulqinit - Video - Lajme nga Ulqini","description":"\u201cSi u zhduk ekonomija malazeze\u201d ka qen\u00eb titulli i performanc\u00ebs t\u00eb mbajtur n\u00eb Ulqin organizuar nga rrjeti p\u00ebr afirmimin e sektorit joqeveritar MANS me","robots":{"index":"index","follow":"follow","max-snippet":"max-snippet:-1","max-image-preview":"max-image-preview:large","max-video-preview":"max-video-preview:-1"},"canonical":"https:\/\/www.visit-ulcinj.com\/blog\/2015\/02\/01\/pse-po-vuan-ekonomia-e-ulqinit-video\/","og_locale":"en_US","og_type":"article","og_title":"Pse po vuan ekonomia e Ulqinit - Video - Lajme nga Ulqini","og_description":"\u201cSi u zhduk ekonomija malazeze\u201d ka qen\u00eb titulli i performanc\u00ebs t\u00eb mbajtur n\u00eb Ulqin organizuar nga rrjeti p\u00ebr afirmimin e sektorit joqeveritar MANS me","og_url":"https:\/\/www.visit-ulcinj.com\/blog\/2015\/02\/01\/pse-po-vuan-ekonomia-e-ulqinit-video\/","og_site_name":"Lajme nga Ulqini","article_published_time":"2015-02-01T10:11:40+00:00","article_modified_time":"2015-02-02T12:57:37+00:00","og_image":[{"url":"http:\/\/www.visit-ulcinj.com\/blog\/wp-content\/uploads\/2015\/02\/Mans-Propala-ekonomija-Ulcinja.jpg"}],"twitter_misc":{"Written by":"ulqini"},"schema":{"@context":"https:\/\/schema.org","@graph":[{"@type":"WebSite","@id":"https:\/\/www.visit-ulcinj.com\/blog\/#website","url":"https:\/\/www.visit-ulcinj.com\/blog\/","name":"Lajme nga Ulqini","description":"Lajme,Vijesti,Ulqini,Ulqin,Crna Gora,Mali i Zi","potentialAction":[{"@type":"SearchAction","target":{"@type":"EntryPoint","urlTemplate":"https:\/\/www.visit-ulcinj.com\/blog\/?s={search_term_string}"},"query-input":"required name=search_term_string"}],"inLanguage":"en-US"},{"@type":"ImageObject","inLanguage":"en-US","@id":"https:\/\/www.visit-ulcinj.com\/blog\/2015\/02\/01\/pse-po-vuan-ekonomia-e-ulqinit-video\/#primaryimage","url":"https:\/\/www.visit-ulcinj.com\/blog\/wp-content\/uploads\/2015\/02\/Mans-Propala-ekonomija-Ulcinja.jpg","contentUrl":"https:\/\/www.visit-ulcinj.com\/blog\/wp-content\/uploads\/2015\/02\/Mans-Propala-ekonomija-Ulcinja.jpg","width":1024,"height":489},{"@type":"WebPage","@id":"https:\/\/www.visit-ulcinj.com\/blog\/2015\/02\/01\/pse-po-vuan-ekonomia-e-ulqinit-video\/#webpage","url":"https:\/\/www.visit-ulcinj.com\/blog\/2015\/02\/01\/pse-po-vuan-ekonomia-e-ulqinit-video\/","name":"Pse po vuan ekonomia e Ulqinit - Video - Lajme nga Ulqini","isPartOf":{"@id":"https:\/\/www.visit-ulcinj.com\/blog\/#website"},"primaryImageOfPage":{"@id":"https:\/\/www.visit-ulcinj.com\/blog\/2015\/02\/01\/pse-po-vuan-ekonomia-e-ulqinit-video\/#primaryimage"},"datePublished":"2015-02-01T10:11:40+00:00","dateModified":"2015-02-02T12:57:37+00:00","author":{"@id":"https:\/\/www.visit-ulcinj.com\/blog\/#\/schema\/person\/dcab619c614d3038751c63bc2aadc06d"},"description":"\u201cSi u zhduk ekonomija malazeze\u201d ka qen\u00eb titulli i performanc\u00ebs t\u00eb mbajtur n\u00eb Ulqin organizuar nga rrjeti p\u00ebr afirmimin e sektorit joqeveritar MANS me","breadcrumb":{"@id":"https:\/\/www.visit-ulcinj.com\/blog\/2015\/02\/01\/pse-po-vuan-ekonomia-e-ulqinit-video\/#breadcrumb"},"inLanguage":"en-US","potentialAction":[{"@type":"ReadAction","target":["https:\/\/www.visit-ulcinj.com\/blog\/2015\/02\/01\/pse-po-vuan-ekonomia-e-ulqinit-video\/"]}]},{"@type":"BreadcrumbList","@id":"https:\/\/www.visit-ulcinj.com\/blog\/2015\/02\/01\/pse-po-vuan-ekonomia-e-ulqinit-video\/#breadcrumb","itemListElement":[{"@type":"ListItem","position":1,"name":"Pse po vuan ekonomia e Ulqinit &#8211; Video"}]},{"@type":"Person","@id":"https:\/\/www.visit-ulcinj.com\/blog\/#\/schema\/person\/dcab619c614d3038751c63bc2aadc06d","name":"ulqini","sameAs":["http:\/\/www.visit-ulcinj.com"],"url":"https:\/\/www.visit-ulcinj.com\/blog\/author\/admin\/"}]}},"jetpack_featured_media_url":"","jetpack_sharing_enabled":true,"jetpack_shortlink":"https:\/\/wp.me\/pe6lTn-mYj","_links":{"self":[{"href":"https:\/\/www.visit-ulcinj.com\/blog\/wp-json\/wp\/v2\/posts\/88307"}],"collection":[{"href":"https:\/\/www.visit-ulcinj.com\/blog\/wp-json\/wp\/v2\/posts"}],"about":[{"href":"https:\/\/www.visit-ulcinj.com\/blog\/wp-json\/wp\/v2\/types\/post"}],"author":[{"embeddable":true,"href":"https:\/\/www.visit-ulcinj.com\/blog\/wp-json\/wp\/v2\/users\/1"}],"replies":[{"embeddable":true,"href":"https:\/\/www.visit-ulcinj.com\/blog\/wp-json\/wp\/v2\/comments?post=88307"}],"version-history":[{"count":2,"href":"https:\/\/www.visit-ulcinj.com\/blog\/wp-json\/wp\/v2\/posts\/88307\/revisions"}],"predecessor-version":[{"id":88309,"href":"https:\/\/www.visit-ulcinj.com\/blog\/wp-json\/wp\/v2\/posts\/88307\/revisions\/88309"}],"wp:attachment":[{"href":"https:\/\/www.visit-ulcinj.com\/blog\/wp-json\/wp\/v2\/media?parent=88307"}],"wp:term":[{"taxonomy":"category","embeddable":true,"href":"https:\/\/www.visit-ulcinj.com\/blog\/wp-json\/wp\/v2\/categories?post=88307"},{"taxonomy":"post_tag","embeddable":true,"href":"https:\/\/www.visit-ulcinj.com\/blog\/wp-json\/wp\/v2\/tags?post=88307"}],"curies":[{"name":"wp","href":"https:\/\/api.w.org\/{rel}","templated":true}]}}