{"id":88333,"date":"2015-02-02T14:43:14","date_gmt":"2015-02-02T13:43:14","guid":{"rendered":"http:\/\/www.visit-ulcinj.com\/blog\/?p=88333"},"modified":"2015-02-04T16:13:13","modified_gmt":"2015-02-04T15:13:13","slug":"nika-cjane-keto-cadra-te-shejtanit-zanafilla-e-korrupsionit-ne-ulqin","status":"publish","type":"post","link":"https:\/\/www.visit-ulcinj.com\/blog\/2015\/02\/02\/nika-cjane-keto-cadra-te-shejtanit-zanafilla-e-korrupsionit-ne-ulqin\/","title":{"rendered":"Nika: \u201c\u00c7\u2019jan\u00eb k\u00ebto \u00e7adra t\u00eb  shejtanit\u201d&#8230;?! &#8211; Zanafilla e korrupsionit n\u00eb Ulqin"},"content":{"rendered":"<p><strong><a href=\"http:\/\/www.visit-ulcinj.com\/blog\/wp-content\/uploads\/2014\/11\/Muhamet-Nika.jpg\"><img loading=\"lazy\" class=\"alignleft wp-image-86143 size-full\" src=\"http:\/\/www.visit-ulcinj.com\/blog\/wp-content\/uploads\/2014\/11\/Muhamet-Nika.jpg\" alt=\"Muhamet Nika\" width=\"256\" height=\"319\" srcset=\"https:\/\/www.visit-ulcinj.com\/blog\/wp-content\/uploads\/2014\/11\/Muhamet-Nika.jpg 256w, https:\/\/www.visit-ulcinj.com\/blog\/wp-content\/uploads\/2014\/11\/Muhamet-Nika-240x300.jpg 240w\" sizes=\"(max-width: 256px) 100vw, 256px\" \/><\/a>Shkruan Muhamet Nika<\/strong><\/p>\n<p><strong>( nj\u00eb cik\u00ebl shkrimesh anti -korrupsion n\u00eb vazhdime&#8230;)<\/strong><\/p>\n<p>Pasi deri m\u00eb tash fol\u00ebm mjaftuesh\u00ebm p\u00ebr korrupsion, duke e faktuar at\u00eb n\u00eb koh\u00ebn e tashme- po themi t\u00eb k\u00ebtyre 3-4 viteve t\u00eb fundit, mendoj se tashti, p\u00ebr mos tu dukur t\u00eb nj\u00eb ansh\u00ebm \u00ebsht\u00eb momenti t\u00eb hidhemi nj\u00eb \u00e7ik\u00eb n\u00eb t\u00eb shkuar\u00ebn duke kuptuar t\u00eb tanishmen .<\/p>\n<p>Mbase duket e pa besueshme, por nga do q\u00eb ta nis\u00ebsh historin\u00eb e problemit , ai t\u00eb \u00e7on te\u00a0\u00a0 pushtetet e Lidhjes dhe t\u00eb koh\u00ebs s\u00eb Unionit. Se \u00ebsht\u00eb k\u00ebshtu, p\u00ebr t\u00eb argumentuar duke krahasuar, le t\u00eb kujtojm\u00eb akuzat e nd\u00ebrsjella t\u00eb ish- n\u00ebnkryetar Selim Resulbegut dhe ish kryetarit t\u00eb komun\u00ebs N.Cungut , q\u00eb b\u00ebri ai , n\u00eb m\u00ebnyr\u00eb teatrale para kamerave t\u00eb Teutes, kur akuzoi k\u00ebt\u00eb, se\u00a0\u00a0 deri sa ish kryetari i komun\u00ebs , kish p\u00ebrvet\u00ebsuar disa mij\u00ebra metra katror\u00eb, kryesisht liqe&#8230; , p\u00ebr llogari t\u00eb lokacionit turistik buz\u00eb Liqenit t\u00eb Shasit&#8230;?!! Nd\u00ebrsa ai mbrohej se si Selimi, kish b\u00ebr\u00eb t\u00eb tijin gjysm\u00ebn e Limanit?!!<\/p>\n<p>Prap\u00eb se prap\u00eb akuza disi dukej tep\u00ebr e vog\u00ebl , po t\u00eb krahasohej me akuz\u00ebn e Andrija Cetkoviqit, k\u00ebshilltar i SNP-s\u00eb , q\u00eb po n\u00eb k\u00ebt\u00eb emision akuzonte pushtetet e m\u00eb parshme, p\u00ebr 20 milion\u00eb metra katror\u00eb t\u00eb uzurpuara e tjet\u00ebrsuara( me sekser\u00eb e pa sekser\u00eb- gjeometrash e dilerash&#8230; v\u00ebrejtja jon\u00eb)?!, n\u00eb komun\u00ebn e Ulqinit&#8230;?!!!<\/p>\n<p>Madje , ma<a href=\"http:\/\/www.visit-ulcinj.com\/blog\/wp-content\/uploads\/2012\/07\/Selim-Resulbegovic_Nazif-Cungu_Ulcinj.jpg\"><img loading=\"lazy\" class=\"alignleft wp-image-62054\" src=\"http:\/\/www.visit-ulcinj.com\/blog\/wp-content\/uploads\/2012\/07\/Selim-Resulbegovic_Nazif-Cungu_Ulcinj.jpg\" alt=\"Selim Resulbegovic_Nazif Cungu_Ulcinj\" width=\"508\" height=\"366\" srcset=\"https:\/\/www.visit-ulcinj.com\/blog\/wp-content\/uploads\/2012\/07\/Selim-Resulbegovic_Nazif-Cungu_Ulcinj.jpg 566w, https:\/\/www.visit-ulcinj.com\/blog\/wp-content\/uploads\/2012\/07\/Selim-Resulbegovic_Nazif-Cungu_Ulcinj-300x216.jpg 300w\" sizes=\"(max-width: 508px) 100vw, 508px\" \/><\/a>je po t\u00eb mos ishin th\u00ebn\u00eb nga ai , akuzat, n\u00eb k\u00ebt\u00eb emision q\u00eb kish karakter ballafaqimi, po n\u00eb rrug\u00eb ose n\u00eb kafene&#8230; , njeriu edhe nuk do ta kish besuar , mir\u00eb po, ja q\u00eb \u00ebsht\u00eb fare e v\u00ebrtet\u00eb dhe p\u00ebr t\u00eb cilat do t\u00eb flasim n\u00eb vazhdim, duke ve\u00e7uar fillimisht nj\u00ebrin si shembull, kuptohet m\u00eb t\u00eb voglit&#8230;.?!!!<\/p>\n<p>&nbsp;<\/p>\n<p><strong>Skandali i njohur si \u00c7adrat e shejtanit \u201c I OBJEKTEVE PARA SUPIT\u201d , nj\u00eb shembull tipik i korrupsionit t\u00eb koh\u00ebs.<\/strong><\/p>\n<p><strong><em>&#8211; <\/em><\/strong>Ja disa\u00a0\u00a0 l\u00ebshime ligjore q\u00eb i hapen m\u00eb von\u00eb rrug\u00eb atij t\u00eb p\u00ebrmasave t\u00eb m\u00ebdha ?!!!<\/p>\n<ul>\n<li>Objektet u nd\u00ebrtuan n\u00eb hap\u00ebsirat t\u00eb cilat , sipas planit detal( projektit ideor \u2013punues e zbatues, ishin t\u00eb destinuara p\u00ebr hap\u00ebsir\u00eb publike \u2013parkingje, q\u00eb parashiheshin p\u00ebr tu siguruar, p\u00ebr 600 makina t\u00eb objektit t\u00eb kultur\u00ebs dhe objekteve tjera p\u00ebr rreth&#8230;.?!!!<\/li>\n<li>Miratimi i planit t\u00eb tyre , nuk u b\u00eb fare n\u00eb kuvend(q\u00eb do t\u00eb duhej sipas ligjit), por u nxor n\u00eb nj\u00eb vendim t\u00eb koh\u00ebs s\u00eb kolegjiumit t\u00eb kryetar Bardhit( mbase n\u00eb parim), dhe i cili u vazhdua n\u00eb praktik\u00eb n\u00eb koh\u00ebn e Osman Rexh\u00ebs . Ky i fundit, \u00e7\u00ebshtjen doemos do duhej ta kish kaluar n\u00ebp\u00ebr Kuvend&#8230;?!!! N\u00eb k\u00ebt\u00eb koh\u00eb urbanizmi , nd\u00ebrtimin e arsyetonte me vendimin e kuvendit q\u00eb ekzistonte p\u00ebr objekte t\u00eb p\u00ebrkohshme, q\u00eb mund t\u00eb ishin kompetenc\u00eb e kryetarit t\u00eb komun\u00ebs, por ata , u pa se nuk u futen n\u00eb programin e tyre t\u00eb miratuar n\u00eb kuvend,duke g\u00ebzuar nj\u00eb tretman fare t\u00eb posa\u00e7\u00ebm( jasht\u00eb kuvendit) dhe her\u00eb paguanin e her\u00eb nuk paguanin taks\u00ebn vjetore si t\u00eb tilla&#8230;?!!!<\/li>\n<li>Tjet\u00ebr, ka mbetur fare e pa qart\u00eb , se si e fitoi tenderin shefi i punimeve t\u00eb nd\u00ebrtimit t\u00eb dyqaneve t\u00eb at\u00ebhershme, i cili sipas praktik\u00ebs s\u00eb korrupsionit,do t\u00eb duhej t\u00eb ket\u00eb qen\u00eb nj\u00eb i af\u00ebrt ose i njohur i kryetarit t\u00eb komun\u00ebs .<\/li>\n<li>Mbetet fare e pa njohur se si u dhan\u00eb n\u00eb shfryt\u00ebzim t\u00eb p\u00ebrkohsh\u00ebm dhe kush e financoi projektin- kush e b\u00ebri kontrollin e investimit si dhe mos ndoshta dikush i ra t\u00eb ishte n\u00eb konflikt t\u00eb interesit n\u00ebse u b\u00eb edhe pronar i ndo nj\u00ebrit nga objektet&#8230;.?!!!<\/li>\n<li>Kush i shiti m\u00eb pas ata dhe si u b\u00ebn\u00eb disa pronar\u00eb t\u00eb tyre.<\/li>\n<\/ul>\n<p>K\u00ebto objekte shum\u00eb t\u00eb dyshuara , p\u00ebr sa i p\u00ebrket transparenc\u00ebs s\u00eb nxjerrjes s\u00eb vendimit p\u00ebr nd\u00ebrtim t\u00eb tyre , ishin fare t\u00eb pa p\u00ebrfolura nga gazetaria e koh\u00ebs &#8211; p\u00ebr ve\u00e7 Mustafa Cank\u00ebs, q\u00eb i pat em\u00ebrtuar n\u00eb gazet\u00ebn lokale Kronika, me fjal\u00ebt<strong>: \u00c7\u2019jan\u00eb k\u00ebto \u00e7adra t\u00eb shejtanit&#8230;?!<\/strong> Themi se sipas islamit &#8211; shejtan\u00ebt, jan\u00eb bota e pa dukshme paralele e njer\u00ebzve , q\u00eb ndajn\u00eb pushtetin me ne n\u00eb tok\u00eb&#8230;.?!!<\/p>\n<p><a href=\"http:\/\/www.visit-ulcinj.com\/blog\/wp-content\/uploads\/2015\/02\/Mehmet-Bardhi-Osman-Rexha-Ulqin.jpg\"><img loading=\"lazy\" class=\"alignleft wp-image-88334\" src=\"http:\/\/www.visit-ulcinj.com\/blog\/wp-content\/uploads\/2015\/02\/Mehmet-Bardhi-Osman-Rexha-Ulqin.jpg\" alt=\"Mehmet-Bardhi-Osman-Rexha-Ulqin\" width=\"508\" height=\"315\" srcset=\"https:\/\/www.visit-ulcinj.com\/blog\/wp-content\/uploads\/2015\/02\/Mehmet-Bardhi-Osman-Rexha-Ulqin.jpg 597w, https:\/\/www.visit-ulcinj.com\/blog\/wp-content\/uploads\/2015\/02\/Mehmet-Bardhi-Osman-Rexha-Ulqin-300x186.jpg 300w\" sizes=\"(max-width: 508px) 100vw, 508px\" \/><\/a><\/p>\n<p>Deri sa isha edhe vet kryetar i Kuvendit, pati intenca , q\u00eb puna e tyre t\u00eb legalizohej n\u00eb kuvend edhe nga ndonj\u00eb k\u00ebshilltar\u00eb i koalicionit q\u00eb nuk vinte n\u00eb mbledhje\u201d pa ia kryer pun\u00ebn e legalizimit t\u00eb objekteve t\u00eb p\u00ebrmendura ..\u201d, pasi i binte t\u00eb ishte i 17?!!! N\u00eb k\u00ebto situata, m\u00eb imponohej t\u00eb b\u00ebja kuorum me k\u00ebshilltar\u00eb t\u00eb opozit\u00ebs , q\u00eb pranonin t\u00eb vinin n\u00eb mbledhje edhe kur dikush d\u00ebshironte t\u00eb kusht\u00ebzonte..<\/p>\n<p><strong>Vazhdon &gt;&gt;&gt;&gt;<\/strong><\/p>\n","protected":false},"excerpt":{"rendered":"<p>Shkruan Muhamet Nika ( nj\u00eb cik\u00ebl shkrimesh anti -korrupsion n\u00eb vazhdime&#8230;) Pasi deri m\u00eb tash fol\u00ebm mjaftuesh\u00ebm p\u00ebr korrupsion, duke e faktuar at\u00eb n\u00eb koh\u00ebn e tashme- po themi t\u00eb k\u00ebtyre 3-4 viteve t\u00eb fundit, mendoj se tashti, p\u00ebr mos tu dukur t\u00eb nj\u00eb ansh\u00ebm \u00ebsht\u00eb momenti t\u00eb hidhemi nj\u00eb \u00e7ik\u00eb n\u00eb t\u00eb shkuar\u00ebn duke [&hellip;]<\/p>\n","protected":false},"author":1,"featured_media":0,"comment_status":"closed","ping_status":"closed","sticky":false,"template":"","format":"standard","meta":{"spay_email":"","jetpack_publicize_message":"","jetpack_is_tweetstorm":false,"jetpack_publicize_feature_enabled":true},"categories":[1,14249,6],"tags":[],"jetpack_publicize_connections":[],"yoast_head":"<!-- This site is optimized with the Yoast SEO plugin v19.1 - https:\/\/yoast.com\/wordpress\/plugins\/seo\/ -->\n<title>Nika: \u201c\u00c7\u2019jan\u00eb k\u00ebto \u00e7adra t\u00eb shejtanit\u201d...?! - Zanafilla e korrupsionit n\u00eb Ulqin - Lajme nga Ulqini<\/title>\n<meta name=\"description\" content=\"Shkruan Muhamet Nika ( nj\u00eb cik\u00ebl shkrimesh anti -korrupsion n\u00eb vazhdime...) Pasi deri m\u00eb tash fol\u00ebm mjaftuesh\u00ebm p\u00ebr korrupsion, duke e faktuar at\u00eb n\u00eb\" \/>\n<meta name=\"robots\" content=\"index, follow, max-snippet:-1, max-image-preview:large, max-video-preview:-1\" \/>\n<link rel=\"canonical\" href=\"https:\/\/www.visit-ulcinj.com\/blog\/2015\/02\/02\/nika-cjane-keto-cadra-te-shejtanit-zanafilla-e-korrupsionit-ne-ulqin\/\" \/>\n<meta property=\"og:locale\" content=\"en_US\" \/>\n<meta property=\"og:type\" content=\"article\" \/>\n<meta property=\"og:title\" content=\"Nika: \u201c\u00c7\u2019jan\u00eb k\u00ebto \u00e7adra t\u00eb shejtanit\u201d...?! - Zanafilla e korrupsionit n\u00eb Ulqin - Lajme nga Ulqini\" \/>\n<meta property=\"og:description\" content=\"Shkruan Muhamet Nika ( nj\u00eb cik\u00ebl shkrimesh anti -korrupsion n\u00eb vazhdime...) Pasi deri m\u00eb tash fol\u00ebm mjaftuesh\u00ebm p\u00ebr korrupsion, duke e faktuar at\u00eb n\u00eb\" \/>\n<meta property=\"og:url\" content=\"https:\/\/www.visit-ulcinj.com\/blog\/2015\/02\/02\/nika-cjane-keto-cadra-te-shejtanit-zanafilla-e-korrupsionit-ne-ulqin\/\" \/>\n<meta property=\"og:site_name\" content=\"Lajme nga Ulqini\" \/>\n<meta property=\"article:published_time\" content=\"2015-02-02T13:43:14+00:00\" \/>\n<meta property=\"article:modified_time\" content=\"2015-02-04T15:13:13+00:00\" \/>\n<meta property=\"og:image\" content=\"http:\/\/www.visit-ulcinj.com\/blog\/wp-content\/uploads\/2014\/11\/Muhamet-Nika.jpg\" \/>\n<meta name=\"twitter:label1\" content=\"Written by\" \/>\n\t<meta name=\"twitter:data1\" content=\"ulqini\" \/>\n\t<meta name=\"twitter:label2\" content=\"Est. reading time\" \/>\n\t<meta name=\"twitter:data2\" content=\"4 minutes\" \/>\n<script type=\"application\/ld+json\" class=\"yoast-schema-graph\">{\"@context\":\"https:\/\/schema.org\",\"@graph\":[{\"@type\":\"WebSite\",\"@id\":\"https:\/\/www.visit-ulcinj.com\/blog\/#website\",\"url\":\"https:\/\/www.visit-ulcinj.com\/blog\/\",\"name\":\"Lajme nga Ulqini\",\"description\":\"Lajme,Vijesti,Ulqini,Ulqin,Crna Gora,Mali i Zi\",\"potentialAction\":[{\"@type\":\"SearchAction\",\"target\":{\"@type\":\"EntryPoint\",\"urlTemplate\":\"https:\/\/www.visit-ulcinj.com\/blog\/?s={search_term_string}\"},\"query-input\":\"required name=search_term_string\"}],\"inLanguage\":\"en-US\"},{\"@type\":\"ImageObject\",\"inLanguage\":\"en-US\",\"@id\":\"https:\/\/www.visit-ulcinj.com\/blog\/2015\/02\/02\/nika-cjane-keto-cadra-te-shejtanit-zanafilla-e-korrupsionit-ne-ulqin\/#primaryimage\",\"url\":\"https:\/\/www.visit-ulcinj.com\/blog\/wp-content\/uploads\/2014\/11\/Muhamet-Nika.jpg\",\"contentUrl\":\"https:\/\/www.visit-ulcinj.com\/blog\/wp-content\/uploads\/2014\/11\/Muhamet-Nika.jpg\",\"width\":256,\"height\":319},{\"@type\":\"WebPage\",\"@id\":\"https:\/\/www.visit-ulcinj.com\/blog\/2015\/02\/02\/nika-cjane-keto-cadra-te-shejtanit-zanafilla-e-korrupsionit-ne-ulqin\/#webpage\",\"url\":\"https:\/\/www.visit-ulcinj.com\/blog\/2015\/02\/02\/nika-cjane-keto-cadra-te-shejtanit-zanafilla-e-korrupsionit-ne-ulqin\/\",\"name\":\"Nika: \u201c\u00c7\u2019jan\u00eb k\u00ebto \u00e7adra t\u00eb shejtanit\u201d...?! - Zanafilla e korrupsionit n\u00eb Ulqin - Lajme nga Ulqini\",\"isPartOf\":{\"@id\":\"https:\/\/www.visit-ulcinj.com\/blog\/#website\"},\"primaryImageOfPage\":{\"@id\":\"https:\/\/www.visit-ulcinj.com\/blog\/2015\/02\/02\/nika-cjane-keto-cadra-te-shejtanit-zanafilla-e-korrupsionit-ne-ulqin\/#primaryimage\"},\"datePublished\":\"2015-02-02T13:43:14+00:00\",\"dateModified\":\"2015-02-04T15:13:13+00:00\",\"author\":{\"@id\":\"https:\/\/www.visit-ulcinj.com\/blog\/#\/schema\/person\/dcab619c614d3038751c63bc2aadc06d\"},\"description\":\"Shkruan Muhamet Nika ( nj\u00eb cik\u00ebl shkrimesh anti -korrupsion n\u00eb vazhdime...) Pasi deri m\u00eb tash fol\u00ebm mjaftuesh\u00ebm p\u00ebr korrupsion, duke e faktuar at\u00eb n\u00eb\",\"breadcrumb\":{\"@id\":\"https:\/\/www.visit-ulcinj.com\/blog\/2015\/02\/02\/nika-cjane-keto-cadra-te-shejtanit-zanafilla-e-korrupsionit-ne-ulqin\/#breadcrumb\"},\"inLanguage\":\"en-US\",\"potentialAction\":[{\"@type\":\"ReadAction\",\"target\":[\"https:\/\/www.visit-ulcinj.com\/blog\/2015\/02\/02\/nika-cjane-keto-cadra-te-shejtanit-zanafilla-e-korrupsionit-ne-ulqin\/\"]}]},{\"@type\":\"BreadcrumbList\",\"@id\":\"https:\/\/www.visit-ulcinj.com\/blog\/2015\/02\/02\/nika-cjane-keto-cadra-te-shejtanit-zanafilla-e-korrupsionit-ne-ulqin\/#breadcrumb\",\"itemListElement\":[{\"@type\":\"ListItem\",\"position\":1,\"name\":\"Nika: \u201c\u00c7\u2019jan\u00eb k\u00ebto \u00e7adra t\u00eb shejtanit\u201d&#8230;?! &#8211; Zanafilla e korrupsionit n\u00eb Ulqin\"}]},{\"@type\":\"Person\",\"@id\":\"https:\/\/www.visit-ulcinj.com\/blog\/#\/schema\/person\/dcab619c614d3038751c63bc2aadc06d\",\"name\":\"ulqini\",\"sameAs\":[\"http:\/\/www.visit-ulcinj.com\"],\"url\":\"https:\/\/www.visit-ulcinj.com\/blog\/author\/admin\/\"}]}<\/script>\n<!-- \/ Yoast SEO plugin. -->","yoast_head_json":{"title":"Nika: \u201c\u00c7\u2019jan\u00eb k\u00ebto \u00e7adra t\u00eb shejtanit\u201d...?! - Zanafilla e korrupsionit n\u00eb Ulqin - Lajme nga Ulqini","description":"Shkruan Muhamet Nika ( nj\u00eb cik\u00ebl shkrimesh anti -korrupsion n\u00eb vazhdime...) Pasi deri m\u00eb tash fol\u00ebm mjaftuesh\u00ebm p\u00ebr korrupsion, duke e faktuar at\u00eb n\u00eb","robots":{"index":"index","follow":"follow","max-snippet":"max-snippet:-1","max-image-preview":"max-image-preview:large","max-video-preview":"max-video-preview:-1"},"canonical":"https:\/\/www.visit-ulcinj.com\/blog\/2015\/02\/02\/nika-cjane-keto-cadra-te-shejtanit-zanafilla-e-korrupsionit-ne-ulqin\/","og_locale":"en_US","og_type":"article","og_title":"Nika: \u201c\u00c7\u2019jan\u00eb k\u00ebto \u00e7adra t\u00eb shejtanit\u201d...?! - Zanafilla e korrupsionit n\u00eb Ulqin - Lajme nga Ulqini","og_description":"Shkruan Muhamet Nika ( nj\u00eb cik\u00ebl shkrimesh anti -korrupsion n\u00eb vazhdime...) Pasi deri m\u00eb tash fol\u00ebm mjaftuesh\u00ebm p\u00ebr korrupsion, duke e faktuar at\u00eb n\u00eb","og_url":"https:\/\/www.visit-ulcinj.com\/blog\/2015\/02\/02\/nika-cjane-keto-cadra-te-shejtanit-zanafilla-e-korrupsionit-ne-ulqin\/","og_site_name":"Lajme nga Ulqini","article_published_time":"2015-02-02T13:43:14+00:00","article_modified_time":"2015-02-04T15:13:13+00:00","og_image":[{"url":"http:\/\/www.visit-ulcinj.com\/blog\/wp-content\/uploads\/2014\/11\/Muhamet-Nika.jpg"}],"twitter_misc":{"Written by":"ulqini","Est. reading time":"4 minutes"},"schema":{"@context":"https:\/\/schema.org","@graph":[{"@type":"WebSite","@id":"https:\/\/www.visit-ulcinj.com\/blog\/#website","url":"https:\/\/www.visit-ulcinj.com\/blog\/","name":"Lajme nga Ulqini","description":"Lajme,Vijesti,Ulqini,Ulqin,Crna Gora,Mali i Zi","potentialAction":[{"@type":"SearchAction","target":{"@type":"EntryPoint","urlTemplate":"https:\/\/www.visit-ulcinj.com\/blog\/?s={search_term_string}"},"query-input":"required name=search_term_string"}],"inLanguage":"en-US"},{"@type":"ImageObject","inLanguage":"en-US","@id":"https:\/\/www.visit-ulcinj.com\/blog\/2015\/02\/02\/nika-cjane-keto-cadra-te-shejtanit-zanafilla-e-korrupsionit-ne-ulqin\/#primaryimage","url":"https:\/\/www.visit-ulcinj.com\/blog\/wp-content\/uploads\/2014\/11\/Muhamet-Nika.jpg","contentUrl":"https:\/\/www.visit-ulcinj.com\/blog\/wp-content\/uploads\/2014\/11\/Muhamet-Nika.jpg","width":256,"height":319},{"@type":"WebPage","@id":"https:\/\/www.visit-ulcinj.com\/blog\/2015\/02\/02\/nika-cjane-keto-cadra-te-shejtanit-zanafilla-e-korrupsionit-ne-ulqin\/#webpage","url":"https:\/\/www.visit-ulcinj.com\/blog\/2015\/02\/02\/nika-cjane-keto-cadra-te-shejtanit-zanafilla-e-korrupsionit-ne-ulqin\/","name":"Nika: \u201c\u00c7\u2019jan\u00eb k\u00ebto \u00e7adra t\u00eb shejtanit\u201d...?! - Zanafilla e korrupsionit n\u00eb Ulqin - Lajme nga Ulqini","isPartOf":{"@id":"https:\/\/www.visit-ulcinj.com\/blog\/#website"},"primaryImageOfPage":{"@id":"https:\/\/www.visit-ulcinj.com\/blog\/2015\/02\/02\/nika-cjane-keto-cadra-te-shejtanit-zanafilla-e-korrupsionit-ne-ulqin\/#primaryimage"},"datePublished":"2015-02-02T13:43:14+00:00","dateModified":"2015-02-04T15:13:13+00:00","author":{"@id":"https:\/\/www.visit-ulcinj.com\/blog\/#\/schema\/person\/dcab619c614d3038751c63bc2aadc06d"},"description":"Shkruan Muhamet Nika ( nj\u00eb cik\u00ebl shkrimesh anti -korrupsion n\u00eb vazhdime...) Pasi deri m\u00eb tash fol\u00ebm mjaftuesh\u00ebm p\u00ebr korrupsion, duke e faktuar at\u00eb n\u00eb","breadcrumb":{"@id":"https:\/\/www.visit-ulcinj.com\/blog\/2015\/02\/02\/nika-cjane-keto-cadra-te-shejtanit-zanafilla-e-korrupsionit-ne-ulqin\/#breadcrumb"},"inLanguage":"en-US","potentialAction":[{"@type":"ReadAction","target":["https:\/\/www.visit-ulcinj.com\/blog\/2015\/02\/02\/nika-cjane-keto-cadra-te-shejtanit-zanafilla-e-korrupsionit-ne-ulqin\/"]}]},{"@type":"BreadcrumbList","@id":"https:\/\/www.visit-ulcinj.com\/blog\/2015\/02\/02\/nika-cjane-keto-cadra-te-shejtanit-zanafilla-e-korrupsionit-ne-ulqin\/#breadcrumb","itemListElement":[{"@type":"ListItem","position":1,"name":"Nika: \u201c\u00c7\u2019jan\u00eb k\u00ebto \u00e7adra t\u00eb shejtanit\u201d&#8230;?! &#8211; Zanafilla e korrupsionit n\u00eb Ulqin"}]},{"@type":"Person","@id":"https:\/\/www.visit-ulcinj.com\/blog\/#\/schema\/person\/dcab619c614d3038751c63bc2aadc06d","name":"ulqini","sameAs":["http:\/\/www.visit-ulcinj.com"],"url":"https:\/\/www.visit-ulcinj.com\/blog\/author\/admin\/"}]}},"jetpack_featured_media_url":"","jetpack_sharing_enabled":true,"jetpack_shortlink":"https:\/\/wp.me\/pe6lTn-mYJ","_links":{"self":[{"href":"https:\/\/www.visit-ulcinj.com\/blog\/wp-json\/wp\/v2\/posts\/88333"}],"collection":[{"href":"https:\/\/www.visit-ulcinj.com\/blog\/wp-json\/wp\/v2\/posts"}],"about":[{"href":"https:\/\/www.visit-ulcinj.com\/blog\/wp-json\/wp\/v2\/types\/post"}],"author":[{"embeddable":true,"href":"https:\/\/www.visit-ulcinj.com\/blog\/wp-json\/wp\/v2\/users\/1"}],"replies":[{"embeddable":true,"href":"https:\/\/www.visit-ulcinj.com\/blog\/wp-json\/wp\/v2\/comments?post=88333"}],"version-history":[{"count":3,"href":"https:\/\/www.visit-ulcinj.com\/blog\/wp-json\/wp\/v2\/posts\/88333\/revisions"}],"predecessor-version":[{"id":88337,"href":"https:\/\/www.visit-ulcinj.com\/blog\/wp-json\/wp\/v2\/posts\/88333\/revisions\/88337"}],"wp:attachment":[{"href":"https:\/\/www.visit-ulcinj.com\/blog\/wp-json\/wp\/v2\/media?parent=88333"}],"wp:term":[{"taxonomy":"category","embeddable":true,"href":"https:\/\/www.visit-ulcinj.com\/blog\/wp-json\/wp\/v2\/categories?post=88333"},{"taxonomy":"post_tag","embeddable":true,"href":"https:\/\/www.visit-ulcinj.com\/blog\/wp-json\/wp\/v2\/tags?post=88333"}],"curies":[{"name":"wp","href":"https:\/\/api.w.org\/{rel}","templated":true}]}}