{"id":88344,"date":"2015-02-02T19:49:13","date_gmt":"2015-02-02T18:49:13","guid":{"rendered":"http:\/\/www.visit-ulcinj.com\/blog\/?p=88344"},"modified":"2015-02-03T16:11:03","modified_gmt":"2015-02-03T15:11:03","slug":"mbahet-mbledhja-e-keshillit-kombetar-shqiptareve-ne-mal-te-zi","status":"publish","type":"post","link":"https:\/\/www.visit-ulcinj.com\/blog\/2015\/02\/02\/mbahet-mbledhja-e-keshillit-kombetar-shqiptareve-ne-mal-te-zi\/","title":{"rendered":"Mbahet mbledhja e K\u00ebshillit Komb\u00ebtar i Shqiptar\u00ebve n\u00eb Mal t\u00eb Zi"},"content":{"rendered":"<p><a href=\"http:\/\/www.visit-ulcinj.com\/blog\/wp-content\/uploads\/2015\/02\/mbledhja-e-K\u00ebshillit-Komb\u00ebtar-i-Shqiptar\u00ebve-n\u00eb-Mal-t\u00eb-Zi.jpg\"><img loading=\"lazy\" class=\"alignleft wp-image-88345\" src=\"http:\/\/www.visit-ulcinj.com\/blog\/wp-content\/uploads\/2015\/02\/mbledhja-e-K\u00ebshillit-Komb\u00ebtar-i-Shqiptar\u00ebve-n\u00eb-Mal-t\u00eb-Zi.jpg\" alt=\"mbledhja e K\u00ebshillit Komb\u00ebtar i Shqiptar\u00ebve n\u00eb Mal t\u00eb Zi\" width=\"508\" height=\"279\" srcset=\"https:\/\/www.visit-ulcinj.com\/blog\/wp-content\/uploads\/2015\/02\/mbledhja-e-K\u00ebshillit-Komb\u00ebtar-i-Shqiptar\u00ebve-n\u00eb-Mal-t\u00eb-Zi.jpg 827w, https:\/\/www.visit-ulcinj.com\/blog\/wp-content\/uploads\/2015\/02\/mbledhja-e-K\u00ebshillit-Komb\u00ebtar-i-Shqiptar\u00ebve-n\u00eb-Mal-t\u00eb-Zi-300x165.jpg 300w\" sizes=\"(max-width: 508px) 100vw, 508px\" \/><\/a>K\u00ebshilli Komb\u00ebtar i Shqiptar\u00ebve n\u00eb Mal t\u00eb Zi mbajti mbledhjen e radh\u00ebs, me \u00e7\u2019rast u b\u00eb zgjedhja e n\u00ebnkryetar\u00ebve t\u00eb KKSH-s\u00eb dhe e kryetar\u00ebve e an\u00ebtar\u00ebve t\u00eb komisioneve t\u00eb p\u00ebrhershme t\u00eb KKSH-s\u00eb. An\u00ebtar\u00ebt e KKSH-s\u00eb votuan Programin e Pun\u00ebs dhe Planin Financiar p\u00ebr vitin 2015 dhe dhan\u00eb mendimin p\u00ebr em\u00ebrimin e drejtor\u00ebve t\u00eb shkollave n\u00eb gjuh\u00ebn shqipe. N\u00ebnkryetar t\u00eb KKSH-s\u00eb u zgjodh\u00ebn Pal\u00eb Dreshaj nga Tuzi dhe Bujar Hasangjekaj nga Plav\u00eb-Gucia. K\u00ebshillit Komb\u00ebtar mori p\u00ebrsip\u00ebr q\u00eb prej vitit 2015 t\u00eb botoj\u00eb revist\u00ebn e vetme n\u00eb gjuh\u00ebn shqipe n\u00eb Malin e Zi \u201cKoha Javore\u201d.<\/p>\n<p>K\u00ebshilli do t\u00eb em\u00ebroi K\u00ebshillin programor, i cili do t\u00eb mbik\u00ebqyr\u00eb funksionimin dhe botimin e revist\u00ebs. Sa i p\u00ebrket Programit t\u00eb pun\u00ebs vlen t\u00eb ve\u00e7ohet se gjat\u00eb vitit 2015 K\u00ebshilli do t\u00eb p\u00ebrcjell\u00eb implementimin e t\u00eb drejtave t\u00eb popullit shqiptar n\u00eb l\u00ebmin e p\u00ebrdorimit zyrtar t\u00eb gjuh\u00ebs, t\u00eb shkrimit, arsimimit, dhe informimit n\u00eb gjuh\u00ebn shqipe, t\u00eb kultur\u00ebs si dhe n\u00eb fushat tjera t\u00eb cilat jan\u00eb me interes jet\u00ebsor p\u00ebr shqiptar\u00ebt n\u00eb Malin e Zi. Poashtu me iniciativ\u00eb t\u00eb an\u00ebtar\u00ebve nga Mal\u00ebsia dhe Plav\u00eb-Gucia n\u00eb Propozim Programin p\u00ebr vitin 2015 hyri edhe iniciativa p\u00ebr hapjen e zyrave koordinuese t\u00eb KKSH-s\u00eb, n\u00eb Tuz-Mal\u00ebsi dhe Plav\u00eb-Guci.<\/p>\n<p>RTCG<\/p>\n","protected":false},"excerpt":{"rendered":"<p>K\u00ebshilli Komb\u00ebtar i Shqiptar\u00ebve n\u00eb Mal t\u00eb Zi mbajti mbledhjen e radh\u00ebs, me \u00e7\u2019rast u b\u00eb zgjedhja e n\u00ebnkryetar\u00ebve t\u00eb KKSH-s\u00eb dhe e kryetar\u00ebve e an\u00ebtar\u00ebve t\u00eb komisioneve t\u00eb p\u00ebrhershme t\u00eb KKSH-s\u00eb. An\u00ebtar\u00ebt e KKSH-s\u00eb votuan Programin e Pun\u00ebs dhe Planin Financiar p\u00ebr vitin 2015 dhe dhan\u00eb mendimin p\u00ebr em\u00ebrimin e drejtor\u00ebve t\u00eb shkollave n\u00eb [&hellip;]<\/p>\n","protected":false},"author":1,"featured_media":0,"comment_status":"closed","ping_status":"closed","sticky":false,"template":"","format":"standard","meta":{"spay_email":"","jetpack_publicize_message":"","jetpack_is_tweetstorm":false,"jetpack_publicize_feature_enabled":true},"categories":[14,13],"tags":[],"jetpack_publicize_connections":[],"yoast_head":"<!-- This site is optimized with the Yoast SEO plugin v19.1 - https:\/\/yoast.com\/wordpress\/plugins\/seo\/ -->\n<title>Mbahet mbledhja e K\u00ebshillit Komb\u00ebtar i Shqiptar\u00ebve n\u00eb Mal t\u00eb Zi - Lajme nga Ulqini<\/title>\n<meta name=\"description\" content=\"K\u00ebshilli Komb\u00ebtar i Shqiptar\u00ebve n\u00eb Mal t\u00eb Zi mbajti mbledhjen e radh\u00ebs, me \u00e7\u2019rast u b\u00eb zgjedhja e n\u00ebnkryetar\u00ebve t\u00eb KKSH-s\u00eb dhe e kryetar\u00ebve e an\u00ebtar\u00ebve t\u00eb\" \/>\n<meta name=\"robots\" content=\"index, follow, max-snippet:-1, max-image-preview:large, max-video-preview:-1\" \/>\n<link rel=\"canonical\" href=\"https:\/\/www.visit-ulcinj.com\/blog\/2015\/02\/02\/mbahet-mbledhja-e-keshillit-kombetar-shqiptareve-ne-mal-te-zi\/\" \/>\n<meta property=\"og:locale\" content=\"en_US\" \/>\n<meta property=\"og:type\" content=\"article\" \/>\n<meta property=\"og:title\" content=\"Mbahet mbledhja e K\u00ebshillit Komb\u00ebtar i Shqiptar\u00ebve n\u00eb Mal t\u00eb Zi - Lajme nga Ulqini\" \/>\n<meta property=\"og:description\" content=\"K\u00ebshilli Komb\u00ebtar i Shqiptar\u00ebve n\u00eb Mal t\u00eb Zi mbajti mbledhjen e radh\u00ebs, me \u00e7\u2019rast u b\u00eb zgjedhja e n\u00ebnkryetar\u00ebve t\u00eb KKSH-s\u00eb dhe e kryetar\u00ebve e an\u00ebtar\u00ebve t\u00eb\" \/>\n<meta property=\"og:url\" content=\"https:\/\/www.visit-ulcinj.com\/blog\/2015\/02\/02\/mbahet-mbledhja-e-keshillit-kombetar-shqiptareve-ne-mal-te-zi\/\" \/>\n<meta property=\"og:site_name\" content=\"Lajme nga Ulqini\" \/>\n<meta property=\"article:published_time\" content=\"2015-02-02T18:49:13+00:00\" \/>\n<meta property=\"article:modified_time\" content=\"2015-02-03T15:11:03+00:00\" \/>\n<meta name=\"twitter:label1\" content=\"Written by\" \/>\n\t<meta name=\"twitter:data1\" content=\"ulqini\" \/>\n\t<meta name=\"twitter:label2\" content=\"Est. reading time\" \/>\n\t<meta name=\"twitter:data2\" content=\"1 minute\" \/>\n<script type=\"application\/ld+json\" class=\"yoast-schema-graph\">{\"@context\":\"https:\/\/schema.org\",\"@graph\":[{\"@type\":\"WebSite\",\"@id\":\"https:\/\/www.visit-ulcinj.com\/blog\/#website\",\"url\":\"https:\/\/www.visit-ulcinj.com\/blog\/\",\"name\":\"Lajme nga Ulqini\",\"description\":\"Lajme,Vijesti,Ulqini,Ulqin,Crna Gora,Mali i Zi\",\"potentialAction\":[{\"@type\":\"SearchAction\",\"target\":{\"@type\":\"EntryPoint\",\"urlTemplate\":\"https:\/\/www.visit-ulcinj.com\/blog\/?s={search_term_string}\"},\"query-input\":\"required name=search_term_string\"}],\"inLanguage\":\"en-US\"},{\"@type\":\"WebPage\",\"@id\":\"https:\/\/www.visit-ulcinj.com\/blog\/2015\/02\/02\/mbahet-mbledhja-e-keshillit-kombetar-shqiptareve-ne-mal-te-zi\/#webpage\",\"url\":\"https:\/\/www.visit-ulcinj.com\/blog\/2015\/02\/02\/mbahet-mbledhja-e-keshillit-kombetar-shqiptareve-ne-mal-te-zi\/\",\"name\":\"Mbahet mbledhja e K\u00ebshillit Komb\u00ebtar i Shqiptar\u00ebve n\u00eb Mal t\u00eb Zi - Lajme nga Ulqini\",\"isPartOf\":{\"@id\":\"https:\/\/www.visit-ulcinj.com\/blog\/#website\"},\"datePublished\":\"2015-02-02T18:49:13+00:00\",\"dateModified\":\"2015-02-03T15:11:03+00:00\",\"author\":{\"@id\":\"https:\/\/www.visit-ulcinj.com\/blog\/#\/schema\/person\/dcab619c614d3038751c63bc2aadc06d\"},\"description\":\"K\u00ebshilli Komb\u00ebtar i Shqiptar\u00ebve n\u00eb Mal t\u00eb Zi mbajti mbledhjen e radh\u00ebs, me \u00e7\u2019rast u b\u00eb zgjedhja e n\u00ebnkryetar\u00ebve t\u00eb KKSH-s\u00eb dhe e kryetar\u00ebve e an\u00ebtar\u00ebve t\u00eb\",\"breadcrumb\":{\"@id\":\"https:\/\/www.visit-ulcinj.com\/blog\/2015\/02\/02\/mbahet-mbledhja-e-keshillit-kombetar-shqiptareve-ne-mal-te-zi\/#breadcrumb\"},\"inLanguage\":\"en-US\",\"potentialAction\":[{\"@type\":\"ReadAction\",\"target\":[\"https:\/\/www.visit-ulcinj.com\/blog\/2015\/02\/02\/mbahet-mbledhja-e-keshillit-kombetar-shqiptareve-ne-mal-te-zi\/\"]}]},{\"@type\":\"BreadcrumbList\",\"@id\":\"https:\/\/www.visit-ulcinj.com\/blog\/2015\/02\/02\/mbahet-mbledhja-e-keshillit-kombetar-shqiptareve-ne-mal-te-zi\/#breadcrumb\",\"itemListElement\":[{\"@type\":\"ListItem\",\"position\":1,\"name\":\"Mbahet mbledhja e K\u00ebshillit Komb\u00ebtar i Shqiptar\u00ebve n\u00eb Mal t\u00eb Zi\"}]},{\"@type\":\"Person\",\"@id\":\"https:\/\/www.visit-ulcinj.com\/blog\/#\/schema\/person\/dcab619c614d3038751c63bc2aadc06d\",\"name\":\"ulqini\",\"sameAs\":[\"http:\/\/www.visit-ulcinj.com\"],\"url\":\"https:\/\/www.visit-ulcinj.com\/blog\/author\/admin\/\"}]}<\/script>\n<!-- \/ Yoast SEO plugin. -->","yoast_head_json":{"title":"Mbahet mbledhja e K\u00ebshillit Komb\u00ebtar i Shqiptar\u00ebve n\u00eb Mal t\u00eb Zi - Lajme nga Ulqini","description":"K\u00ebshilli Komb\u00ebtar i Shqiptar\u00ebve n\u00eb Mal t\u00eb Zi mbajti mbledhjen e radh\u00ebs, me \u00e7\u2019rast u b\u00eb zgjedhja e n\u00ebnkryetar\u00ebve t\u00eb KKSH-s\u00eb dhe e kryetar\u00ebve e an\u00ebtar\u00ebve t\u00eb","robots":{"index":"index","follow":"follow","max-snippet":"max-snippet:-1","max-image-preview":"max-image-preview:large","max-video-preview":"max-video-preview:-1"},"canonical":"https:\/\/www.visit-ulcinj.com\/blog\/2015\/02\/02\/mbahet-mbledhja-e-keshillit-kombetar-shqiptareve-ne-mal-te-zi\/","og_locale":"en_US","og_type":"article","og_title":"Mbahet mbledhja e K\u00ebshillit Komb\u00ebtar i Shqiptar\u00ebve n\u00eb Mal t\u00eb Zi - Lajme nga Ulqini","og_description":"K\u00ebshilli Komb\u00ebtar i Shqiptar\u00ebve n\u00eb Mal t\u00eb Zi mbajti mbledhjen e radh\u00ebs, me \u00e7\u2019rast u b\u00eb zgjedhja e n\u00ebnkryetar\u00ebve t\u00eb KKSH-s\u00eb dhe e kryetar\u00ebve e an\u00ebtar\u00ebve t\u00eb","og_url":"https:\/\/www.visit-ulcinj.com\/blog\/2015\/02\/02\/mbahet-mbledhja-e-keshillit-kombetar-shqiptareve-ne-mal-te-zi\/","og_site_name":"Lajme nga Ulqini","article_published_time":"2015-02-02T18:49:13+00:00","article_modified_time":"2015-02-03T15:11:03+00:00","twitter_misc":{"Written by":"ulqini","Est. reading time":"1 minute"},"schema":{"@context":"https:\/\/schema.org","@graph":[{"@type":"WebSite","@id":"https:\/\/www.visit-ulcinj.com\/blog\/#website","url":"https:\/\/www.visit-ulcinj.com\/blog\/","name":"Lajme nga Ulqini","description":"Lajme,Vijesti,Ulqini,Ulqin,Crna Gora,Mali i Zi","potentialAction":[{"@type":"SearchAction","target":{"@type":"EntryPoint","urlTemplate":"https:\/\/www.visit-ulcinj.com\/blog\/?s={search_term_string}"},"query-input":"required name=search_term_string"}],"inLanguage":"en-US"},{"@type":"WebPage","@id":"https:\/\/www.visit-ulcinj.com\/blog\/2015\/02\/02\/mbahet-mbledhja-e-keshillit-kombetar-shqiptareve-ne-mal-te-zi\/#webpage","url":"https:\/\/www.visit-ulcinj.com\/blog\/2015\/02\/02\/mbahet-mbledhja-e-keshillit-kombetar-shqiptareve-ne-mal-te-zi\/","name":"Mbahet mbledhja e K\u00ebshillit Komb\u00ebtar i Shqiptar\u00ebve n\u00eb Mal t\u00eb Zi - Lajme nga Ulqini","isPartOf":{"@id":"https:\/\/www.visit-ulcinj.com\/blog\/#website"},"datePublished":"2015-02-02T18:49:13+00:00","dateModified":"2015-02-03T15:11:03+00:00","author":{"@id":"https:\/\/www.visit-ulcinj.com\/blog\/#\/schema\/person\/dcab619c614d3038751c63bc2aadc06d"},"description":"K\u00ebshilli Komb\u00ebtar i Shqiptar\u00ebve n\u00eb Mal t\u00eb Zi mbajti mbledhjen e radh\u00ebs, me \u00e7\u2019rast u b\u00eb zgjedhja e n\u00ebnkryetar\u00ebve t\u00eb KKSH-s\u00eb dhe e kryetar\u00ebve e an\u00ebtar\u00ebve t\u00eb","breadcrumb":{"@id":"https:\/\/www.visit-ulcinj.com\/blog\/2015\/02\/02\/mbahet-mbledhja-e-keshillit-kombetar-shqiptareve-ne-mal-te-zi\/#breadcrumb"},"inLanguage":"en-US","potentialAction":[{"@type":"ReadAction","target":["https:\/\/www.visit-ulcinj.com\/blog\/2015\/02\/02\/mbahet-mbledhja-e-keshillit-kombetar-shqiptareve-ne-mal-te-zi\/"]}]},{"@type":"BreadcrumbList","@id":"https:\/\/www.visit-ulcinj.com\/blog\/2015\/02\/02\/mbahet-mbledhja-e-keshillit-kombetar-shqiptareve-ne-mal-te-zi\/#breadcrumb","itemListElement":[{"@type":"ListItem","position":1,"name":"Mbahet mbledhja e K\u00ebshillit Komb\u00ebtar i Shqiptar\u00ebve n\u00eb Mal t\u00eb Zi"}]},{"@type":"Person","@id":"https:\/\/www.visit-ulcinj.com\/blog\/#\/schema\/person\/dcab619c614d3038751c63bc2aadc06d","name":"ulqini","sameAs":["http:\/\/www.visit-ulcinj.com"],"url":"https:\/\/www.visit-ulcinj.com\/blog\/author\/admin\/"}]}},"jetpack_featured_media_url":"","jetpack_sharing_enabled":true,"jetpack_shortlink":"https:\/\/wp.me\/pe6lTn-mYU","_links":{"self":[{"href":"https:\/\/www.visit-ulcinj.com\/blog\/wp-json\/wp\/v2\/posts\/88344"}],"collection":[{"href":"https:\/\/www.visit-ulcinj.com\/blog\/wp-json\/wp\/v2\/posts"}],"about":[{"href":"https:\/\/www.visit-ulcinj.com\/blog\/wp-json\/wp\/v2\/types\/post"}],"author":[{"embeddable":true,"href":"https:\/\/www.visit-ulcinj.com\/blog\/wp-json\/wp\/v2\/users\/1"}],"replies":[{"embeddable":true,"href":"https:\/\/www.visit-ulcinj.com\/blog\/wp-json\/wp\/v2\/comments?post=88344"}],"version-history":[{"count":1,"href":"https:\/\/www.visit-ulcinj.com\/blog\/wp-json\/wp\/v2\/posts\/88344\/revisions"}],"predecessor-version":[{"id":88346,"href":"https:\/\/www.visit-ulcinj.com\/blog\/wp-json\/wp\/v2\/posts\/88344\/revisions\/88346"}],"wp:attachment":[{"href":"https:\/\/www.visit-ulcinj.com\/blog\/wp-json\/wp\/v2\/media?parent=88344"}],"wp:term":[{"taxonomy":"category","embeddable":true,"href":"https:\/\/www.visit-ulcinj.com\/blog\/wp-json\/wp\/v2\/categories?post=88344"},{"taxonomy":"post_tag","embeddable":true,"href":"https:\/\/www.visit-ulcinj.com\/blog\/wp-json\/wp\/v2\/tags?post=88344"}],"curies":[{"name":"wp","href":"https:\/\/api.w.org\/{rel}","templated":true}]}}