{"id":88363,"date":"2015-02-03T16:11:15","date_gmt":"2015-02-03T15:11:15","guid":{"rendered":"http:\/\/www.visit-ulcinj.com\/blog\/?p=88363"},"modified":"2015-02-03T16:11:15","modified_gmt":"2015-02-03T15:11:15","slug":"kosova-e-mali-zi-tregojne-interes-per-fqinjesi-te-mire","status":"publish","type":"post","link":"https:\/\/www.visit-ulcinj.com\/blog\/2015\/02\/03\/kosova-e-mali-zi-tregojne-interes-per-fqinjesi-te-mire\/","title":{"rendered":"Kosova e Mali i Zi tregojn\u00eb interes p\u00ebr fqinj\u00ebsi t\u00eb mir\u00eb"},"content":{"rendered":"<p><a href=\"http:\/\/www.visit-ulcinj.com\/blog\/wp-content\/uploads\/2015\/02\/Radovan-Miljaniq-Kadri-Veseli.jpg\"><img loading=\"lazy\" class=\"alignleft wp-image-88364\" src=\"http:\/\/www.visit-ulcinj.com\/blog\/wp-content\/uploads\/2015\/02\/Radovan-Miljaniq-Kadri-Veseli.jpg\" alt=\"Radovan-Miljaniq-Kadri-Veseli\" width=\"508\" height=\"361\" srcset=\"https:\/\/www.visit-ulcinj.com\/blog\/wp-content\/uploads\/2015\/02\/Radovan-Miljaniq-Kadri-Veseli.jpg 520w, https:\/\/www.visit-ulcinj.com\/blog\/wp-content\/uploads\/2015\/02\/Radovan-Miljaniq-Kadri-Veseli-300x213.jpg 300w\" sizes=\"(max-width: 508px) 100vw, 508px\" \/><\/a>Kryetari i Kuvendit t\u00eb Republik\u00ebs s\u00eb Kosov\u00ebs, Kadri Veseli, zhvilloi sot nj\u00eb takim me ambasadorin e Malit t\u00eb Zi n\u00eb Kosov\u00eb, Radovan Miljani\u00e7, Sipas njoftimit, n\u00eb k\u00ebt\u00eb takim u diskutuan tema t\u00eb interesit reciprok t\u00eb t\u00eb dyja vendeve dhe parlamenteve t\u00eb tyre.<\/p>\n<p>Ambasadori malazez i p\u00ebrcolli kryeparlamentarit Veseli p\u00ebrsh\u00ebndetjet e kryetarit t\u00eb Parlamentit t\u00eb Malit t\u00eb Zi, Ranko Krivokapi\u00e7 dhe presidentit Filip Vujanovi\u00e7, t\u00eb cil\u00ebt konfirmojn\u00eb gatishm\u00ebrin\u00eb e shtetit malazez p\u00ebr thellimin e bashk\u00ebpunimit e t\u00eb raporteve fqinj\u00ebsore, me interes p\u00ebr t\u00eb dyja vendet.<\/p>\n<p>Kryetari Veseli vler\u00ebsoi lart bashk\u00ebpunimin e deritash\u00ebm q\u00eb Prishtina dhe Podgorica kan\u00eb kultivuar nd\u00ebrmjet tyre n\u00eb shum\u00eb fusha, nd\u00ebrsa potencoi pritjet e tij q\u00eb ky bashk\u00ebpunim n\u00eb rrafshin parlamentar t\u00eb avancohet edhe m\u00eb tej. N\u00eb k\u00ebt\u00eb drejtim, kryeparlamentari Veseli shprehu besimin se k\u00ebmbimet e vizitave t\u00eb komisioneve t\u00eb ndryshme parlamentare si dhe vizitat e kryetar\u00ebve t\u00eb parlamenteve n\u00eb kryeqendrat respektive, do t\u00eb ishin n\u00eb funksion t\u00eb k\u00ebmbimit t\u00eb p\u00ebrvojave dhe begatonin agjendat kuvendore n\u00eb rrug\u00ebn e integrimeve evropiane.<\/p>\n<p>T\u00eb dy bashk\u00ebbiseduesit u dakorduan se pakicat respektive duhet t\u00eb jen\u00eb t\u00eb integruara n\u00eb shtetet p\u00ebrkat\u00ebse dhe nj\u00ebher\u00ebsh t\u00eb sh\u00ebrbejn\u00eb si ur\u00eb lidh\u00ebse nd\u00ebrmjet dy shteteve. <strong>\/Albeu.com\/<\/strong><\/p>\n","protected":false},"excerpt":{"rendered":"<p>Kryetari i Kuvendit t\u00eb Republik\u00ebs s\u00eb Kosov\u00ebs, Kadri Veseli, zhvilloi sot nj\u00eb takim me ambasadorin e Malit t\u00eb Zi n\u00eb Kosov\u00eb, Radovan Miljani\u00e7, Sipas njoftimit, n\u00eb k\u00ebt\u00eb takim u diskutuan tema t\u00eb interesit reciprok t\u00eb t\u00eb dyja vendeve dhe parlamenteve t\u00eb tyre. Ambasadori malazez i p\u00ebrcolli kryeparlamentarit Veseli p\u00ebrsh\u00ebndetjet e kryetarit t\u00eb Parlamentit t\u00eb Malit [&hellip;]<\/p>\n","protected":false},"author":1,"featured_media":0,"comment_status":"closed","ping_status":"closed","sticky":false,"template":"","format":"standard","meta":{"spay_email":"","jetpack_publicize_message":"","jetpack_is_tweetstorm":false,"jetpack_publicize_feature_enabled":true},"categories":[14],"tags":[],"jetpack_publicize_connections":[],"yoast_head":"<!-- This site is optimized with the Yoast SEO plugin v19.1 - https:\/\/yoast.com\/wordpress\/plugins\/seo\/ -->\n<title>Kosova e Mali i Zi tregojn\u00eb interes p\u00ebr fqinj\u00ebsi t\u00eb mir\u00eb - Lajme nga Ulqini<\/title>\n<meta name=\"description\" content=\"Kryetari i Kuvendit t\u00eb Republik\u00ebs s\u00eb Kosov\u00ebs, Kadri Veseli, zhvilloi sot nj\u00eb takim me ambasadorin e Malit t\u00eb Zi n\u00eb Kosov\u00eb, Radovan Miljani\u00e7, Sipas\" \/>\n<meta name=\"robots\" content=\"index, follow, max-snippet:-1, max-image-preview:large, max-video-preview:-1\" \/>\n<link rel=\"canonical\" href=\"https:\/\/www.visit-ulcinj.com\/blog\/2015\/02\/03\/kosova-e-mali-zi-tregojne-interes-per-fqinjesi-te-mire\/\" \/>\n<meta property=\"og:locale\" content=\"en_US\" \/>\n<meta property=\"og:type\" content=\"article\" \/>\n<meta property=\"og:title\" content=\"Kosova e Mali i Zi tregojn\u00eb interes p\u00ebr fqinj\u00ebsi t\u00eb mir\u00eb - Lajme nga Ulqini\" \/>\n<meta property=\"og:description\" content=\"Kryetari i Kuvendit t\u00eb Republik\u00ebs s\u00eb Kosov\u00ebs, Kadri Veseli, zhvilloi sot nj\u00eb takim me ambasadorin e Malit t\u00eb Zi n\u00eb Kosov\u00eb, Radovan Miljani\u00e7, Sipas\" \/>\n<meta property=\"og:url\" content=\"https:\/\/www.visit-ulcinj.com\/blog\/2015\/02\/03\/kosova-e-mali-zi-tregojne-interes-per-fqinjesi-te-mire\/\" \/>\n<meta property=\"og:site_name\" content=\"Lajme nga Ulqini\" \/>\n<meta property=\"article:published_time\" content=\"2015-02-03T15:11:15+00:00\" \/>\n<meta property=\"og:image\" content=\"http:\/\/www.visit-ulcinj.com\/blog\/wp-content\/uploads\/2015\/02\/Radovan-Miljaniq-Kadri-Veseli.jpg\" \/>\n<meta name=\"twitter:label1\" content=\"Written by\" \/>\n\t<meta name=\"twitter:data1\" content=\"ulqini\" \/>\n\t<meta name=\"twitter:label2\" content=\"Est. reading time\" \/>\n\t<meta name=\"twitter:data2\" content=\"1 minute\" \/>\n<script type=\"application\/ld+json\" class=\"yoast-schema-graph\">{\"@context\":\"https:\/\/schema.org\",\"@graph\":[{\"@type\":\"WebSite\",\"@id\":\"https:\/\/www.visit-ulcinj.com\/blog\/#website\",\"url\":\"https:\/\/www.visit-ulcinj.com\/blog\/\",\"name\":\"Lajme nga Ulqini\",\"description\":\"Lajme,Vijesti,Ulqini,Ulqin,Crna Gora,Mali i Zi\",\"potentialAction\":[{\"@type\":\"SearchAction\",\"target\":{\"@type\":\"EntryPoint\",\"urlTemplate\":\"https:\/\/www.visit-ulcinj.com\/blog\/?s={search_term_string}\"},\"query-input\":\"required name=search_term_string\"}],\"inLanguage\":\"en-US\"},{\"@type\":\"ImageObject\",\"inLanguage\":\"en-US\",\"@id\":\"https:\/\/www.visit-ulcinj.com\/blog\/2015\/02\/03\/kosova-e-mali-zi-tregojne-interes-per-fqinjesi-te-mire\/#primaryimage\",\"url\":\"https:\/\/www.visit-ulcinj.com\/blog\/wp-content\/uploads\/2015\/02\/Radovan-Miljaniq-Kadri-Veseli.jpg\",\"contentUrl\":\"https:\/\/www.visit-ulcinj.com\/blog\/wp-content\/uploads\/2015\/02\/Radovan-Miljaniq-Kadri-Veseli.jpg\",\"width\":520,\"height\":370},{\"@type\":\"WebPage\",\"@id\":\"https:\/\/www.visit-ulcinj.com\/blog\/2015\/02\/03\/kosova-e-mali-zi-tregojne-interes-per-fqinjesi-te-mire\/#webpage\",\"url\":\"https:\/\/www.visit-ulcinj.com\/blog\/2015\/02\/03\/kosova-e-mali-zi-tregojne-interes-per-fqinjesi-te-mire\/\",\"name\":\"Kosova e Mali i Zi tregojn\u00eb interes p\u00ebr fqinj\u00ebsi t\u00eb mir\u00eb - Lajme nga Ulqini\",\"isPartOf\":{\"@id\":\"https:\/\/www.visit-ulcinj.com\/blog\/#website\"},\"primaryImageOfPage\":{\"@id\":\"https:\/\/www.visit-ulcinj.com\/blog\/2015\/02\/03\/kosova-e-mali-zi-tregojne-interes-per-fqinjesi-te-mire\/#primaryimage\"},\"datePublished\":\"2015-02-03T15:11:15+00:00\",\"dateModified\":\"2015-02-03T15:11:15+00:00\",\"author\":{\"@id\":\"https:\/\/www.visit-ulcinj.com\/blog\/#\/schema\/person\/dcab619c614d3038751c63bc2aadc06d\"},\"description\":\"Kryetari i Kuvendit t\u00eb Republik\u00ebs s\u00eb Kosov\u00ebs, Kadri Veseli, zhvilloi sot nj\u00eb takim me ambasadorin e Malit t\u00eb Zi n\u00eb Kosov\u00eb, Radovan Miljani\u00e7, Sipas\",\"breadcrumb\":{\"@id\":\"https:\/\/www.visit-ulcinj.com\/blog\/2015\/02\/03\/kosova-e-mali-zi-tregojne-interes-per-fqinjesi-te-mire\/#breadcrumb\"},\"inLanguage\":\"en-US\",\"potentialAction\":[{\"@type\":\"ReadAction\",\"target\":[\"https:\/\/www.visit-ulcinj.com\/blog\/2015\/02\/03\/kosova-e-mali-zi-tregojne-interes-per-fqinjesi-te-mire\/\"]}]},{\"@type\":\"BreadcrumbList\",\"@id\":\"https:\/\/www.visit-ulcinj.com\/blog\/2015\/02\/03\/kosova-e-mali-zi-tregojne-interes-per-fqinjesi-te-mire\/#breadcrumb\",\"itemListElement\":[{\"@type\":\"ListItem\",\"position\":1,\"name\":\"Kosova e Mali i Zi tregojn\u00eb interes p\u00ebr fqinj\u00ebsi t\u00eb mir\u00eb\"}]},{\"@type\":\"Person\",\"@id\":\"https:\/\/www.visit-ulcinj.com\/blog\/#\/schema\/person\/dcab619c614d3038751c63bc2aadc06d\",\"name\":\"ulqini\",\"sameAs\":[\"http:\/\/www.visit-ulcinj.com\"],\"url\":\"https:\/\/www.visit-ulcinj.com\/blog\/author\/admin\/\"}]}<\/script>\n<!-- \/ Yoast SEO plugin. -->","yoast_head_json":{"title":"Kosova e Mali i Zi tregojn\u00eb interes p\u00ebr fqinj\u00ebsi t\u00eb mir\u00eb - Lajme nga Ulqini","description":"Kryetari i Kuvendit t\u00eb Republik\u00ebs s\u00eb Kosov\u00ebs, Kadri Veseli, zhvilloi sot nj\u00eb takim me ambasadorin e Malit t\u00eb Zi n\u00eb Kosov\u00eb, Radovan Miljani\u00e7, Sipas","robots":{"index":"index","follow":"follow","max-snippet":"max-snippet:-1","max-image-preview":"max-image-preview:large","max-video-preview":"max-video-preview:-1"},"canonical":"https:\/\/www.visit-ulcinj.com\/blog\/2015\/02\/03\/kosova-e-mali-zi-tregojne-interes-per-fqinjesi-te-mire\/","og_locale":"en_US","og_type":"article","og_title":"Kosova e Mali i Zi tregojn\u00eb interes p\u00ebr fqinj\u00ebsi t\u00eb mir\u00eb - Lajme nga Ulqini","og_description":"Kryetari i Kuvendit t\u00eb Republik\u00ebs s\u00eb Kosov\u00ebs, Kadri Veseli, zhvilloi sot nj\u00eb takim me ambasadorin e Malit t\u00eb Zi n\u00eb Kosov\u00eb, Radovan Miljani\u00e7, Sipas","og_url":"https:\/\/www.visit-ulcinj.com\/blog\/2015\/02\/03\/kosova-e-mali-zi-tregojne-interes-per-fqinjesi-te-mire\/","og_site_name":"Lajme nga Ulqini","article_published_time":"2015-02-03T15:11:15+00:00","og_image":[{"url":"http:\/\/www.visit-ulcinj.com\/blog\/wp-content\/uploads\/2015\/02\/Radovan-Miljaniq-Kadri-Veseli.jpg"}],"twitter_misc":{"Written by":"ulqini","Est. reading time":"1 minute"},"schema":{"@context":"https:\/\/schema.org","@graph":[{"@type":"WebSite","@id":"https:\/\/www.visit-ulcinj.com\/blog\/#website","url":"https:\/\/www.visit-ulcinj.com\/blog\/","name":"Lajme nga Ulqini","description":"Lajme,Vijesti,Ulqini,Ulqin,Crna Gora,Mali i Zi","potentialAction":[{"@type":"SearchAction","target":{"@type":"EntryPoint","urlTemplate":"https:\/\/www.visit-ulcinj.com\/blog\/?s={search_term_string}"},"query-input":"required name=search_term_string"}],"inLanguage":"en-US"},{"@type":"ImageObject","inLanguage":"en-US","@id":"https:\/\/www.visit-ulcinj.com\/blog\/2015\/02\/03\/kosova-e-mali-zi-tregojne-interes-per-fqinjesi-te-mire\/#primaryimage","url":"https:\/\/www.visit-ulcinj.com\/blog\/wp-content\/uploads\/2015\/02\/Radovan-Miljaniq-Kadri-Veseli.jpg","contentUrl":"https:\/\/www.visit-ulcinj.com\/blog\/wp-content\/uploads\/2015\/02\/Radovan-Miljaniq-Kadri-Veseli.jpg","width":520,"height":370},{"@type":"WebPage","@id":"https:\/\/www.visit-ulcinj.com\/blog\/2015\/02\/03\/kosova-e-mali-zi-tregojne-interes-per-fqinjesi-te-mire\/#webpage","url":"https:\/\/www.visit-ulcinj.com\/blog\/2015\/02\/03\/kosova-e-mali-zi-tregojne-interes-per-fqinjesi-te-mire\/","name":"Kosova e Mali i Zi tregojn\u00eb interes p\u00ebr fqinj\u00ebsi t\u00eb mir\u00eb - Lajme nga Ulqini","isPartOf":{"@id":"https:\/\/www.visit-ulcinj.com\/blog\/#website"},"primaryImageOfPage":{"@id":"https:\/\/www.visit-ulcinj.com\/blog\/2015\/02\/03\/kosova-e-mali-zi-tregojne-interes-per-fqinjesi-te-mire\/#primaryimage"},"datePublished":"2015-02-03T15:11:15+00:00","dateModified":"2015-02-03T15:11:15+00:00","author":{"@id":"https:\/\/www.visit-ulcinj.com\/blog\/#\/schema\/person\/dcab619c614d3038751c63bc2aadc06d"},"description":"Kryetari i Kuvendit t\u00eb Republik\u00ebs s\u00eb Kosov\u00ebs, Kadri Veseli, zhvilloi sot nj\u00eb takim me ambasadorin e Malit t\u00eb Zi n\u00eb Kosov\u00eb, Radovan Miljani\u00e7, Sipas","breadcrumb":{"@id":"https:\/\/www.visit-ulcinj.com\/blog\/2015\/02\/03\/kosova-e-mali-zi-tregojne-interes-per-fqinjesi-te-mire\/#breadcrumb"},"inLanguage":"en-US","potentialAction":[{"@type":"ReadAction","target":["https:\/\/www.visit-ulcinj.com\/blog\/2015\/02\/03\/kosova-e-mali-zi-tregojne-interes-per-fqinjesi-te-mire\/"]}]},{"@type":"BreadcrumbList","@id":"https:\/\/www.visit-ulcinj.com\/blog\/2015\/02\/03\/kosova-e-mali-zi-tregojne-interes-per-fqinjesi-te-mire\/#breadcrumb","itemListElement":[{"@type":"ListItem","position":1,"name":"Kosova e Mali i Zi tregojn\u00eb interes p\u00ebr fqinj\u00ebsi t\u00eb mir\u00eb"}]},{"@type":"Person","@id":"https:\/\/www.visit-ulcinj.com\/blog\/#\/schema\/person\/dcab619c614d3038751c63bc2aadc06d","name":"ulqini","sameAs":["http:\/\/www.visit-ulcinj.com"],"url":"https:\/\/www.visit-ulcinj.com\/blog\/author\/admin\/"}]}},"jetpack_featured_media_url":"","jetpack_sharing_enabled":true,"jetpack_shortlink":"https:\/\/wp.me\/pe6lTn-mZd","_links":{"self":[{"href":"https:\/\/www.visit-ulcinj.com\/blog\/wp-json\/wp\/v2\/posts\/88363"}],"collection":[{"href":"https:\/\/www.visit-ulcinj.com\/blog\/wp-json\/wp\/v2\/posts"}],"about":[{"href":"https:\/\/www.visit-ulcinj.com\/blog\/wp-json\/wp\/v2\/types\/post"}],"author":[{"embeddable":true,"href":"https:\/\/www.visit-ulcinj.com\/blog\/wp-json\/wp\/v2\/users\/1"}],"replies":[{"embeddable":true,"href":"https:\/\/www.visit-ulcinj.com\/blog\/wp-json\/wp\/v2\/comments?post=88363"}],"version-history":[{"count":1,"href":"https:\/\/www.visit-ulcinj.com\/blog\/wp-json\/wp\/v2\/posts\/88363\/revisions"}],"predecessor-version":[{"id":88365,"href":"https:\/\/www.visit-ulcinj.com\/blog\/wp-json\/wp\/v2\/posts\/88363\/revisions\/88365"}],"wp:attachment":[{"href":"https:\/\/www.visit-ulcinj.com\/blog\/wp-json\/wp\/v2\/media?parent=88363"}],"wp:term":[{"taxonomy":"category","embeddable":true,"href":"https:\/\/www.visit-ulcinj.com\/blog\/wp-json\/wp\/v2\/categories?post=88363"},{"taxonomy":"post_tag","embeddable":true,"href":"https:\/\/www.visit-ulcinj.com\/blog\/wp-json\/wp\/v2\/tags?post=88363"}],"curies":[{"name":"wp","href":"https:\/\/api.w.org\/{rel}","templated":true}]}}