{"id":88388,"date":"2015-02-04T16:34:05","date_gmt":"2015-02-04T15:34:05","guid":{"rendered":"http:\/\/www.visit-ulcinj.com\/blog\/?p=88388"},"modified":"2015-02-04T16:34:05","modified_gmt":"2015-02-04T15:34:05","slug":"instituti-idea-muaji-janar-ndihma-per-skamnoret-ne-komunen-e-ulqinit","status":"publish","type":"post","link":"https:\/\/www.visit-ulcinj.com\/blog\/2015\/02\/04\/instituti-idea-muaji-janar-ndihma-per-skamnoret-ne-komunen-e-ulqinit\/","title":{"rendered":"Instituti IDEA: muaji Janar, ndihma p\u00ebr skamnor\u00ebt n\u00eb komun\u00ebn e Ulqinit"},"content":{"rendered":"<p><a href=\"http:\/\/www.visit-ulcinj.com\/blog\/wp-content\/uploads\/2015\/02\/Insitituti-IDEA-Ulqin.jpg\"><img loading=\"lazy\" class=\"alignleft wp-image-88389\" src=\"http:\/\/www.visit-ulcinj.com\/blog\/wp-content\/uploads\/2015\/02\/Insitituti-IDEA-Ulqin.jpg\" alt=\"Insitituti IDEA-Ulqin\" width=\"508\" height=\"109\" srcset=\"https:\/\/www.visit-ulcinj.com\/blog\/wp-content\/uploads\/2015\/02\/Insitituti-IDEA-Ulqin.jpg 1024w, https:\/\/www.visit-ulcinj.com\/blog\/wp-content\/uploads\/2015\/02\/Insitituti-IDEA-Ulqin-300x64.jpg 300w\" sizes=\"(max-width: 508px) 100vw, 508px\" \/><\/a>N\u00eb vazhd\u00ebn e aktiviteteve humanitare, Instituti p\u00ebr Drejt\u00ebsi, Edukim dhe Arsim \u2013 IDEA, si fillim t\u00eb vitit 2015, gjat\u00eb muajit Janar\u00eb shp\u00ebrndau ndihma p\u00ebr skamnor\u00ebt e Komun\u00ebs s\u00eb Ulqinit me rrethin\u00eb.<\/p>\n<p>Fal\u00eb atyre q\u00eb din\u00eb t\u00eb zgjasin dor\u00ebn e ndihm\u00ebs, Instituti IDEA arriti t\u00eb p\u00ebrgatis pako me artikuj ushqimor\u00eb dhe t\u2019ua shp\u00ebrndaj\u00eb skamnor\u00ebve nga Komuna e Ulqinit dhe, shpresojm\u00eb se sado pak do t\u2019i zbusim hallet e bashk\u00ebqytetar\u00ebve tan\u00eb.<\/p>\n<p>Ky aksion do t\u00eb vazhdoj gjat\u00eb t\u00ebr\u00eb vitit si\u00e7 kemi b\u00ebr\u00eb edhe viteve t\u00eb kaluara, andaj \u00e7do kush q\u00eb d\u00ebshiron q\u00eb t\u00eb jet\u00eb bashk\u00ebveprues dhe t\u00eb shtrij\u00eb dor\u00ebn e solidaritetit dhe t\u00eb ndihm\u00ebs, at\u00ebher\u00eb ndihma juaj \u00ebsht\u00eb e mir\u00ebpritur, na kontaktoni n\u00eb k\u00ebto t\u00eb dh\u00ebna duke <strong>klikuar K\u00cbTU, www.idea-ul.com<\/strong> ose duke na kontaktuar p\u00ebrmes rubrik\u00ebs n\u00eb portalin ton\u00eb <strong>www.idea-ul.com<\/strong>.<\/p>\n<p>Instituti IDEA u \u00ebsht\u00eb mir\u00ebnjoh\u00ebse t\u00eb gjith\u00eb atyre q\u00eb kontribuan n\u00eb realizimin e k\u00ebtij projekti dhe e lusim Krijuesin ton\u00eb Fuqiplot\u00eb q\u00eb t\u2019i pranoj\u00eb sakrificat dhe kontributet e \u00e7donj\u00ebrit, duke i shp\u00ebrblyer me t\u00eb mirat e Tij n\u00eb t\u00eb dy bot\u00ebrat.<\/p>\n","protected":false},"excerpt":{"rendered":"<p>N\u00eb vazhd\u00ebn e aktiviteteve humanitare, Instituti p\u00ebr Drejt\u00ebsi, Edukim dhe Arsim \u2013 IDEA, si fillim t\u00eb vitit 2015, gjat\u00eb muajit Janar\u00eb shp\u00ebrndau ndihma p\u00ebr skamnor\u00ebt e Komun\u00ebs s\u00eb Ulqinit me rrethin\u00eb. Fal\u00eb atyre q\u00eb din\u00eb t\u00eb zgjasin dor\u00ebn e ndihm\u00ebs, Instituti IDEA arriti t\u00eb p\u00ebrgatis pako me artikuj ushqimor\u00eb dhe t\u2019ua shp\u00ebrndaj\u00eb skamnor\u00ebve nga Komuna [&hellip;]<\/p>\n","protected":false},"author":1,"featured_media":0,"comment_status":"closed","ping_status":"closed","sticky":false,"template":"","format":"standard","meta":{"spay_email":"","jetpack_publicize_message":"","jetpack_is_tweetstorm":false,"jetpack_publicize_feature_enabled":true},"categories":[6950],"tags":[],"jetpack_publicize_connections":[],"yoast_head":"<!-- This site is optimized with the Yoast SEO plugin v19.1 - https:\/\/yoast.com\/wordpress\/plugins\/seo\/ -->\n<title>Instituti IDEA: muaji Janar, ndihma p\u00ebr skamnor\u00ebt n\u00eb komun\u00ebn e Ulqinit - Lajme nga Ulqini<\/title>\n<meta name=\"description\" content=\"N\u00eb vazhd\u00ebn e aktiviteteve humanitare, Instituti p\u00ebr Drejt\u00ebsi, Edukim dhe Arsim \u2013 IDEA, si fillim t\u00eb vitit 2015, gjat\u00eb muajit Janar\u00eb shp\u00ebrndau ndihma p\u00ebr\" \/>\n<meta name=\"robots\" content=\"index, follow, max-snippet:-1, max-image-preview:large, max-video-preview:-1\" \/>\n<link rel=\"canonical\" href=\"https:\/\/www.visit-ulcinj.com\/blog\/2015\/02\/04\/instituti-idea-muaji-janar-ndihma-per-skamnoret-ne-komunen-e-ulqinit\/\" \/>\n<meta property=\"og:locale\" content=\"en_US\" \/>\n<meta property=\"og:type\" content=\"article\" \/>\n<meta property=\"og:title\" content=\"Instituti IDEA: muaji Janar, ndihma p\u00ebr skamnor\u00ebt n\u00eb komun\u00ebn e Ulqinit - Lajme nga Ulqini\" \/>\n<meta property=\"og:description\" content=\"N\u00eb vazhd\u00ebn e aktiviteteve humanitare, Instituti p\u00ebr Drejt\u00ebsi, Edukim dhe Arsim \u2013 IDEA, si fillim t\u00eb vitit 2015, gjat\u00eb muajit Janar\u00eb shp\u00ebrndau ndihma p\u00ebr\" \/>\n<meta property=\"og:url\" content=\"https:\/\/www.visit-ulcinj.com\/blog\/2015\/02\/04\/instituti-idea-muaji-janar-ndihma-per-skamnoret-ne-komunen-e-ulqinit\/\" \/>\n<meta property=\"og:site_name\" content=\"Lajme nga Ulqini\" \/>\n<meta property=\"article:published_time\" content=\"2015-02-04T15:34:05+00:00\" \/>\n<meta property=\"og:image\" content=\"http:\/\/www.visit-ulcinj.com\/blog\/wp-content\/uploads\/2015\/02\/Insitituti-IDEA-Ulqin.jpg\" \/>\n<meta name=\"twitter:label1\" content=\"Written by\" \/>\n\t<meta name=\"twitter:data1\" content=\"ulqini\" \/>\n\t<meta name=\"twitter:label2\" content=\"Est. reading time\" \/>\n\t<meta name=\"twitter:data2\" content=\"1 minute\" \/>\n<script type=\"application\/ld+json\" class=\"yoast-schema-graph\">{\"@context\":\"https:\/\/schema.org\",\"@graph\":[{\"@type\":\"WebSite\",\"@id\":\"https:\/\/www.visit-ulcinj.com\/blog\/#website\",\"url\":\"https:\/\/www.visit-ulcinj.com\/blog\/\",\"name\":\"Lajme nga Ulqini\",\"description\":\"Lajme,Vijesti,Ulqini,Ulqin,Crna Gora,Mali i Zi\",\"potentialAction\":[{\"@type\":\"SearchAction\",\"target\":{\"@type\":\"EntryPoint\",\"urlTemplate\":\"https:\/\/www.visit-ulcinj.com\/blog\/?s={search_term_string}\"},\"query-input\":\"required name=search_term_string\"}],\"inLanguage\":\"en-US\"},{\"@type\":\"ImageObject\",\"inLanguage\":\"en-US\",\"@id\":\"https:\/\/www.visit-ulcinj.com\/blog\/2015\/02\/04\/instituti-idea-muaji-janar-ndihma-per-skamnoret-ne-komunen-e-ulqinit\/#primaryimage\",\"url\":\"https:\/\/www.visit-ulcinj.com\/blog\/wp-content\/uploads\/2015\/02\/Insitituti-IDEA-Ulqin.jpg\",\"contentUrl\":\"https:\/\/www.visit-ulcinj.com\/blog\/wp-content\/uploads\/2015\/02\/Insitituti-IDEA-Ulqin.jpg\",\"width\":1024,\"height\":219},{\"@type\":\"WebPage\",\"@id\":\"https:\/\/www.visit-ulcinj.com\/blog\/2015\/02\/04\/instituti-idea-muaji-janar-ndihma-per-skamnoret-ne-komunen-e-ulqinit\/#webpage\",\"url\":\"https:\/\/www.visit-ulcinj.com\/blog\/2015\/02\/04\/instituti-idea-muaji-janar-ndihma-per-skamnoret-ne-komunen-e-ulqinit\/\",\"name\":\"Instituti IDEA: muaji Janar, ndihma p\u00ebr skamnor\u00ebt n\u00eb komun\u00ebn e Ulqinit - Lajme nga Ulqini\",\"isPartOf\":{\"@id\":\"https:\/\/www.visit-ulcinj.com\/blog\/#website\"},\"primaryImageOfPage\":{\"@id\":\"https:\/\/www.visit-ulcinj.com\/blog\/2015\/02\/04\/instituti-idea-muaji-janar-ndihma-per-skamnoret-ne-komunen-e-ulqinit\/#primaryimage\"},\"datePublished\":\"2015-02-04T15:34:05+00:00\",\"dateModified\":\"2015-02-04T15:34:05+00:00\",\"author\":{\"@id\":\"https:\/\/www.visit-ulcinj.com\/blog\/#\/schema\/person\/dcab619c614d3038751c63bc2aadc06d\"},\"description\":\"N\u00eb vazhd\u00ebn e aktiviteteve humanitare, Instituti p\u00ebr Drejt\u00ebsi, Edukim dhe Arsim \u2013 IDEA, si fillim t\u00eb vitit 2015, gjat\u00eb muajit Janar\u00eb shp\u00ebrndau ndihma p\u00ebr\",\"breadcrumb\":{\"@id\":\"https:\/\/www.visit-ulcinj.com\/blog\/2015\/02\/04\/instituti-idea-muaji-janar-ndihma-per-skamnoret-ne-komunen-e-ulqinit\/#breadcrumb\"},\"inLanguage\":\"en-US\",\"potentialAction\":[{\"@type\":\"ReadAction\",\"target\":[\"https:\/\/www.visit-ulcinj.com\/blog\/2015\/02\/04\/instituti-idea-muaji-janar-ndihma-per-skamnoret-ne-komunen-e-ulqinit\/\"]}]},{\"@type\":\"BreadcrumbList\",\"@id\":\"https:\/\/www.visit-ulcinj.com\/blog\/2015\/02\/04\/instituti-idea-muaji-janar-ndihma-per-skamnoret-ne-komunen-e-ulqinit\/#breadcrumb\",\"itemListElement\":[{\"@type\":\"ListItem\",\"position\":1,\"name\":\"Instituti IDEA: muaji Janar, ndihma p\u00ebr skamnor\u00ebt n\u00eb komun\u00ebn e Ulqinit\"}]},{\"@type\":\"Person\",\"@id\":\"https:\/\/www.visit-ulcinj.com\/blog\/#\/schema\/person\/dcab619c614d3038751c63bc2aadc06d\",\"name\":\"ulqini\",\"sameAs\":[\"http:\/\/www.visit-ulcinj.com\"],\"url\":\"https:\/\/www.visit-ulcinj.com\/blog\/author\/admin\/\"}]}<\/script>\n<!-- \/ Yoast SEO plugin. -->","yoast_head_json":{"title":"Instituti IDEA: muaji Janar, ndihma p\u00ebr skamnor\u00ebt n\u00eb komun\u00ebn e Ulqinit - Lajme nga Ulqini","description":"N\u00eb vazhd\u00ebn e aktiviteteve humanitare, Instituti p\u00ebr Drejt\u00ebsi, Edukim dhe Arsim \u2013 IDEA, si fillim t\u00eb vitit 2015, gjat\u00eb muajit Janar\u00eb shp\u00ebrndau ndihma p\u00ebr","robots":{"index":"index","follow":"follow","max-snippet":"max-snippet:-1","max-image-preview":"max-image-preview:large","max-video-preview":"max-video-preview:-1"},"canonical":"https:\/\/www.visit-ulcinj.com\/blog\/2015\/02\/04\/instituti-idea-muaji-janar-ndihma-per-skamnoret-ne-komunen-e-ulqinit\/","og_locale":"en_US","og_type":"article","og_title":"Instituti IDEA: muaji Janar, ndihma p\u00ebr skamnor\u00ebt n\u00eb komun\u00ebn e Ulqinit - Lajme nga Ulqini","og_description":"N\u00eb vazhd\u00ebn e aktiviteteve humanitare, Instituti p\u00ebr Drejt\u00ebsi, Edukim dhe Arsim \u2013 IDEA, si fillim t\u00eb vitit 2015, gjat\u00eb muajit Janar\u00eb shp\u00ebrndau ndihma p\u00ebr","og_url":"https:\/\/www.visit-ulcinj.com\/blog\/2015\/02\/04\/instituti-idea-muaji-janar-ndihma-per-skamnoret-ne-komunen-e-ulqinit\/","og_site_name":"Lajme nga Ulqini","article_published_time":"2015-02-04T15:34:05+00:00","og_image":[{"url":"http:\/\/www.visit-ulcinj.com\/blog\/wp-content\/uploads\/2015\/02\/Insitituti-IDEA-Ulqin.jpg"}],"twitter_misc":{"Written by":"ulqini","Est. reading time":"1 minute"},"schema":{"@context":"https:\/\/schema.org","@graph":[{"@type":"WebSite","@id":"https:\/\/www.visit-ulcinj.com\/blog\/#website","url":"https:\/\/www.visit-ulcinj.com\/blog\/","name":"Lajme nga Ulqini","description":"Lajme,Vijesti,Ulqini,Ulqin,Crna Gora,Mali i Zi","potentialAction":[{"@type":"SearchAction","target":{"@type":"EntryPoint","urlTemplate":"https:\/\/www.visit-ulcinj.com\/blog\/?s={search_term_string}"},"query-input":"required name=search_term_string"}],"inLanguage":"en-US"},{"@type":"ImageObject","inLanguage":"en-US","@id":"https:\/\/www.visit-ulcinj.com\/blog\/2015\/02\/04\/instituti-idea-muaji-janar-ndihma-per-skamnoret-ne-komunen-e-ulqinit\/#primaryimage","url":"https:\/\/www.visit-ulcinj.com\/blog\/wp-content\/uploads\/2015\/02\/Insitituti-IDEA-Ulqin.jpg","contentUrl":"https:\/\/www.visit-ulcinj.com\/blog\/wp-content\/uploads\/2015\/02\/Insitituti-IDEA-Ulqin.jpg","width":1024,"height":219},{"@type":"WebPage","@id":"https:\/\/www.visit-ulcinj.com\/blog\/2015\/02\/04\/instituti-idea-muaji-janar-ndihma-per-skamnoret-ne-komunen-e-ulqinit\/#webpage","url":"https:\/\/www.visit-ulcinj.com\/blog\/2015\/02\/04\/instituti-idea-muaji-janar-ndihma-per-skamnoret-ne-komunen-e-ulqinit\/","name":"Instituti IDEA: muaji Janar, ndihma p\u00ebr skamnor\u00ebt n\u00eb komun\u00ebn e Ulqinit - Lajme nga Ulqini","isPartOf":{"@id":"https:\/\/www.visit-ulcinj.com\/blog\/#website"},"primaryImageOfPage":{"@id":"https:\/\/www.visit-ulcinj.com\/blog\/2015\/02\/04\/instituti-idea-muaji-janar-ndihma-per-skamnoret-ne-komunen-e-ulqinit\/#primaryimage"},"datePublished":"2015-02-04T15:34:05+00:00","dateModified":"2015-02-04T15:34:05+00:00","author":{"@id":"https:\/\/www.visit-ulcinj.com\/blog\/#\/schema\/person\/dcab619c614d3038751c63bc2aadc06d"},"description":"N\u00eb vazhd\u00ebn e aktiviteteve humanitare, Instituti p\u00ebr Drejt\u00ebsi, Edukim dhe Arsim \u2013 IDEA, si fillim t\u00eb vitit 2015, gjat\u00eb muajit Janar\u00eb shp\u00ebrndau ndihma p\u00ebr","breadcrumb":{"@id":"https:\/\/www.visit-ulcinj.com\/blog\/2015\/02\/04\/instituti-idea-muaji-janar-ndihma-per-skamnoret-ne-komunen-e-ulqinit\/#breadcrumb"},"inLanguage":"en-US","potentialAction":[{"@type":"ReadAction","target":["https:\/\/www.visit-ulcinj.com\/blog\/2015\/02\/04\/instituti-idea-muaji-janar-ndihma-per-skamnoret-ne-komunen-e-ulqinit\/"]}]},{"@type":"BreadcrumbList","@id":"https:\/\/www.visit-ulcinj.com\/blog\/2015\/02\/04\/instituti-idea-muaji-janar-ndihma-per-skamnoret-ne-komunen-e-ulqinit\/#breadcrumb","itemListElement":[{"@type":"ListItem","position":1,"name":"Instituti IDEA: muaji Janar, ndihma p\u00ebr skamnor\u00ebt n\u00eb komun\u00ebn e Ulqinit"}]},{"@type":"Person","@id":"https:\/\/www.visit-ulcinj.com\/blog\/#\/schema\/person\/dcab619c614d3038751c63bc2aadc06d","name":"ulqini","sameAs":["http:\/\/www.visit-ulcinj.com"],"url":"https:\/\/www.visit-ulcinj.com\/blog\/author\/admin\/"}]}},"jetpack_featured_media_url":"","jetpack_sharing_enabled":true,"jetpack_shortlink":"https:\/\/wp.me\/pe6lTn-mZC","_links":{"self":[{"href":"https:\/\/www.visit-ulcinj.com\/blog\/wp-json\/wp\/v2\/posts\/88388"}],"collection":[{"href":"https:\/\/www.visit-ulcinj.com\/blog\/wp-json\/wp\/v2\/posts"}],"about":[{"href":"https:\/\/www.visit-ulcinj.com\/blog\/wp-json\/wp\/v2\/types\/post"}],"author":[{"embeddable":true,"href":"https:\/\/www.visit-ulcinj.com\/blog\/wp-json\/wp\/v2\/users\/1"}],"replies":[{"embeddable":true,"href":"https:\/\/www.visit-ulcinj.com\/blog\/wp-json\/wp\/v2\/comments?post=88388"}],"version-history":[{"count":1,"href":"https:\/\/www.visit-ulcinj.com\/blog\/wp-json\/wp\/v2\/posts\/88388\/revisions"}],"predecessor-version":[{"id":88390,"href":"https:\/\/www.visit-ulcinj.com\/blog\/wp-json\/wp\/v2\/posts\/88388\/revisions\/88390"}],"wp:attachment":[{"href":"https:\/\/www.visit-ulcinj.com\/blog\/wp-json\/wp\/v2\/media?parent=88388"}],"wp:term":[{"taxonomy":"category","embeddable":true,"href":"https:\/\/www.visit-ulcinj.com\/blog\/wp-json\/wp\/v2\/categories?post=88388"},{"taxonomy":"post_tag","embeddable":true,"href":"https:\/\/www.visit-ulcinj.com\/blog\/wp-json\/wp\/v2\/tags?post=88388"}],"curies":[{"name":"wp","href":"https:\/\/api.w.org\/{rel}","templated":true}]}}